{"id":39195,"date":"2012-05-12T17:27:14","date_gmt":"2012-05-12T15:27:14","guid":{"rendered":"https:\/\/sandzakpress.net\/arhiva\/?p=39195"},"modified":"2012-05-12T17:27:39","modified_gmt":"2012-05-12T15:27:39","slug":"ugljanin-i-ljajic-zajedno-promovisu-tadica","status":"publish","type":"post","link":"https:\/\/sandzakpress.net\/arhiva\/ugljanin-i-ljajic-zajedno-promovisu-tadica\/","title":{"rendered":"Ugljanin i Ljaji\u0107 zajedno promovi\u0161u Tadi\u0107a"},"content":{"rendered":"<h6><a href=\"https:\/\/sandzakpress.net\/arhiva\/wp-content\/uploads\/2012\/05\/rasim-i-suljo-zajedno.jpg\"><img loading=\"lazy\" decoding=\"async\" class=\"alignleft size-medium wp-image-39196\" title=\"rasim-i-suljo-zajedno\" src=\"https:\/\/sandzakpress.net\/arhiva\/wp-content\/uploads\/2012\/05\/rasim-i-suljo-zajedno-300x186.jpg\" alt=\"\" width=\"300\" height=\"186\" \/><\/a>Sjeverni Sand\u017eak &#8211; Predsjedni\u010dki kandidat Demokratske stranke Boris Tadi\u0107, predsjednik  Socijaldemokratske partije Srbije Rasim Ljaji\u0107 i predsjednik Stranke  demokratske akcije Sulejman Ugljanin poru\u010dili su u petak uve\u010de da u  Sand\u017eaku vi\u0161e ne\u0107e biti medjustrana\u010dkih sukoba.<\/h6>\n<p>Oni  su na predizbornom skupu pred drugi krug izbora za predsjednika Srbije  gradjanima u Pe\u0161a\u010dkoj zoni Novog Pazara najavili i zajedni\u010dko formiranje  organa lokalne samouprave u ve\u0107ini sand\u017ea\u010dkih gradova.<\/p>\n<p>Ljaji\u0107 i Ugljanin su najavili i svoje u\u010de\u0161\u0107e u budu\u0107oj vladi, &#8220;gdje \u0107e se boriti za razvoj Sand\u017eaka&#8221;.<\/p>\n<p>&#8220;Ovo je potvrda zajedni\u010dke pobjede SDA i SDP (Sand\u017ea\u010dke demokratske  partije, koju je Ljaji\u0107 prethodno osnovao), prekid svih neprijateljstava  i dokaz demokratske utakmice&#8221;, rekao je Ljaji\u0107, pozivaju\u0107i gradjane da  20. maja glasaju za Tadi\u0107a.<\/p>\n<p>Na ovom skupu su se prvi put zajedni\u010dki vijorile zastave SDP, SDA, DS i SDPS.<\/p>\n<p>Predsjedni\u010dki kandidat DS-a je naglasio da je u proteklih dvadesetak  godina Srbija pro\u0161la te\u017eak put na kojem su demokratske snage uvijek  ra\u010dunale na podr\u0161ku sand\u017ea\u010dkih Bo\u0161njaka.<\/p>\n<p>&#8220;Bez va\u0161e podr\u0161ke ne bismo postigli to \u0161to jesmo. Bo\u0161nja\u010dka kultura i  tradicija, kao i identitet svih zajednica u Srbiji, zaslu\u017euju svaku  podr\u0161ku dr\u017eave. Uvijek \u0107u se boriti za to pravo&#8221;, rekao je Boris Tadi\u0107.<\/p>\n<p>On je ocijenio da Srbija 20. maja bila izmedju investicija, mira i  regionalne saradnje i &#8220;vra\u0107anja u 90-te godine&#8221;, \u0161to nudi njegov  protivkandidat.<\/p>\n<p>Tadi\u0107 je ponovio svoje obe\u0107anje dato na istom mjestu prije prvog kruga  izbora 6. maja da ne\u0107e odustati od dovodjenja makar jednog velikog  investitora u Novi Pazar.<\/p>\n<p>Na skupu u Novom Pazaru govorili su i predsjednik Lige socijaldemokrata  Vojvodine Nenad \u010canak i potpredsjednik DS-a Dragan \u0160utanovac.<\/p>\n<p>Izvor: <strong>Naslovi.net<\/strong><\/p>\n","protected":false},"excerpt":{"rendered":"<p>Sjeverni Sand\u017eak &#8211; Predsjedni\u010dki kandidat Demokratske stranke Boris Tadi\u0107, predsjednik Socijaldemokratske partije Srbije Rasim Ljaji\u0107 i predsjednik Stranke demokratske akcije Sulejman Ugljanin poru\u010dili su u petak uve\u010de da u Sand\u017eaku vi\u0161e ne\u0107e biti medjustrana\u010dkih sukoba. Oni su na predizbornom skupu pred drugi krug izbora za predsjednika Srbije gradjanima u Pe\u0161a\u010dkoj zoni Novog Pazara najavili i [&hellip;]<\/p>\n","protected":false},"author":14,"featured_media":39196,"comment_status":"open","ping_status":"open","sticky":false,"template":"","format":"standard","meta":{"footnotes":""},"categories":[72,1,52,327,392,393,394,16],"tags":[],"class_list":{"0":"post-39195","1":"post","2":"type-post","3":"status-publish","4":"format-standard","5":"has-post-thumbnail","7":"category-novi-pazar","8":"category-politika","9":"category-sjenica","10":"category-tutin","11":"category-prijepolje_","12":"category-priboj","13":"category-nova-varos","14":"category-novine"},"yoast_head":"<!-- This site is optimized with the Yoast SEO Premium plugin v23.1 (Yoast SEO v24.9) - https:\/\/yoast.com\/wordpress\/plugins\/seo\/ -->\n<title>Ugljanin i Ljaji\u0107 zajedno promovi\u0161u Tadi\u0107a<\/title>\n<meta name=\"robots\" content=\"index, follow, max-snippet:-1, max-image-preview:large, max-video-preview:-1\" \/>\n<link rel=\"canonical\" href=\"https:\/\/sandzakpress.net\/arhiva\/ugljanin-i-ljajic-zajedno-promovisu-tadica\/\" \/>\n<meta property=\"og:locale\" content=\"bs_BA\" \/>\n<meta property=\"og:type\" content=\"article\" \/>\n<meta property=\"og:title\" content=\"Ugljanin i Ljaji\u0107 zajedno promovi\u0161u Tadi\u0107a\" \/>\n<meta property=\"og:description\" content=\"Sjeverni Sand\u017eak &#8211; Predsjedni\u010dki kandidat Demokratske stranke Boris Tadi\u0107, predsjednik Socijaldemokratske partije Srbije Rasim Ljaji\u0107 i predsjednik Stranke demokratske akcije Sulejman Ugljanin poru\u010dili su u petak uve\u010de da u Sand\u017eaku vi\u0161e ne\u0107e biti medjustrana\u010dkih sukoba. Oni su na predizbornom skupu pred drugi krug izbora za predsjednika Srbije gradjanima u Pe\u0161a\u010dkoj zoni Novog Pazara najavili i [&hellip;]\" \/>\n<meta property=\"og:url\" content=\"https:\/\/sandzakpress.net\/arhiva\/ugljanin-i-ljajic-zajedno-promovisu-tadica\/\" \/>\n<meta property=\"og:site_name\" content=\"Sand\u017eak PRESS\" \/>\n<meta property=\"article:published_time\" content=\"2012-05-12T15:27:14+00:00\" \/>\n<meta property=\"article:modified_time\" content=\"2012-05-12T15:27:39+00:00\" \/>\n<meta property=\"og:image\" content=\"https:\/\/sandzakpress.net\/arhiva\/wp-content\/uploads\/2012\/05\/rasim-i-suljo-zajedno.jpg\" \/>\n\t<meta property=\"og:image:width\" content=\"616\" \/>\n\t<meta property=\"og:image:height\" content=\"384\" \/>\n\t<meta property=\"og:image:type\" content=\"image\/jpeg\" \/>\n<meta name=\"twitter:card\" content=\"summary_large_image\" \/>\n<meta name=\"twitter:label1\" content=\"Written by\" \/>\n\t<meta name=\"twitter:data1\" content=\"\" \/>\n\t<meta name=\"twitter:label2\" content=\"Est. reading time\" \/>\n\t<meta name=\"twitter:data2\" content=\"2 minute\" \/>\n<script type=\"application\/ld+json\" class=\"yoast-schema-graph\">{\"@context\":\"https:\/\/schema.org\",\"@graph\":[{\"@type\":\"Article\",\"@id\":\"https:\/\/sandzakpress.net\/arhiva\/ugljanin-i-ljajic-zajedno-promovisu-tadica\/#article\",\"isPartOf\":{\"@id\":\"https:\/\/sandzakpress.net\/arhiva\/ugljanin-i-ljajic-zajedno-promovisu-tadica\/\"},\"author\":{\"name\":\"\",\"@id\":\"\"},\"headline\":\"Ugljanin i Ljaji\u0107 zajedno promovi\u0161u Tadi\u0107a\",\"datePublished\":\"2012-05-12T15:27:14+00:00\",\"dateModified\":\"2012-05-12T15:27:39+00:00\",\"mainEntityOfPage\":{\"@id\":\"https:\/\/sandzakpress.net\/arhiva\/ugljanin-i-ljajic-zajedno-promovisu-tadica\/\"},\"wordCount\":311,\"commentCount\":26,\"publisher\":{\"@id\":\"https:\/\/sandzakpress.net\/arhiva\/#\/schema\/person\/6e72b67d6e51910a1117b3b483ba20bd\"},\"image\":{\"@id\":\"https:\/\/sandzakpress.net\/arhiva\/ugljanin-i-ljajic-zajedno-promovisu-tadica\/#primaryimage\"},\"thumbnailUrl\":\"https:\/\/sandzakpress.net\/arhiva\/wp-content\/uploads\/2012\/05\/rasim-i-suljo-zajedno.jpg\",\"articleSection\":[\"Novi Pazar\",\"Politika\",\"Sjenica\",\"Tutin\",\"Prijepolje\",\"Priboj\",\"Nova Varo\u0161\",\"Novine\"],\"inLanguage\":\"bs-BA\",\"potentialAction\":[{\"@type\":\"CommentAction\",\"name\":\"Comment\",\"target\":[\"https:\/\/sandzakpress.net\/arhiva\/ugljanin-i-ljajic-zajedno-promovisu-tadica\/#respond\"]}]},{\"@type\":\"WebPage\",\"@id\":\"https:\/\/sandzakpress.net\/arhiva\/ugljanin-i-ljajic-zajedno-promovisu-tadica\/\",\"url\":\"https:\/\/sandzakpress.net\/arhiva\/ugljanin-i-ljajic-zajedno-promovisu-tadica\/\",\"name\":\"Ugljanin i Ljaji\u0107 zajedno promovi\u0161u Tadi\u0107a\",\"isPartOf\":{\"@id\":\"https:\/\/sandzakpress.net\/arhiva\/#website\"},\"primaryImageOfPage\":{\"@id\":\"https:\/\/sandzakpress.net\/arhiva\/ugljanin-i-ljajic-zajedno-promovisu-tadica\/#primaryimage\"},\"image\":{\"@id\":\"https:\/\/sandzakpress.net\/arhiva\/ugljanin-i-ljajic-zajedno-promovisu-tadica\/#primaryimage\"},\"thumbnailUrl\":\"https:\/\/sandzakpress.net\/arhiva\/wp-content\/uploads\/2012\/05\/rasim-i-suljo-zajedno.jpg\",\"datePublished\":\"2012-05-12T15:27:14+00:00\",\"dateModified\":\"2012-05-12T15:27:39+00:00\",\"breadcrumb\":{\"@id\":\"https:\/\/sandzakpress.net\/arhiva\/ugljanin-i-ljajic-zajedno-promovisu-tadica\/#breadcrumb\"},\"inLanguage\":\"bs-BA\",\"potentialAction\":[{\"@type\":\"ReadAction\",\"target\":[\"https:\/\/sandzakpress.net\/arhiva\/ugljanin-i-ljajic-zajedno-promovisu-tadica\/\"]}]},{\"@type\":\"ImageObject\",\"inLanguage\":\"bs-BA\",\"@id\":\"https:\/\/sandzakpress.net\/arhiva\/ugljanin-i-ljajic-zajedno-promovisu-tadica\/#primaryimage\",\"url\":\"https:\/\/sandzakpress.net\/arhiva\/wp-content\/uploads\/2012\/05\/rasim-i-suljo-zajedno.jpg\",\"contentUrl\":\"https:\/\/sandzakpress.net\/arhiva\/wp-content\/uploads\/2012\/05\/rasim-i-suljo-zajedno.jpg\",\"width\":616,\"height\":384},{\"@type\":\"BreadcrumbList\",\"@id\":\"https:\/\/sandzakpress.net\/arhiva\/ugljanin-i-ljajic-zajedno-promovisu-tadica\/#breadcrumb\",\"itemListElement\":[{\"@type\":\"ListItem\",\"position\":1,\"name\":\"Home\",\"item\":\"https:\/\/sandzakpress.net\/arhiva\/\"},{\"@type\":\"ListItem\",\"position\":2,\"name\":\"Ugljanin i Ljaji\u0107 zajedno promovi\u0161u Tadi\u0107a\"}]},{\"@type\":\"WebSite\",\"@id\":\"https:\/\/sandzakpress.net\/arhiva\/#website\",\"url\":\"https:\/\/sandzakpress.net\/arhiva\/\",\"name\":\"Sand\u017eak PRESS\",\"description\":\"Prve elektronske novine u Sand\u017eaku\",\"publisher\":{\"@id\":\"https:\/\/sandzakpress.net\/arhiva\/#\/schema\/person\/6e72b67d6e51910a1117b3b483ba20bd\"},\"potentialAction\":[{\"@type\":\"SearchAction\",\"target\":{\"@type\":\"EntryPoint\",\"urlTemplate\":\"https:\/\/sandzakpress.net\/arhiva\/?s={search_term_string}\"},\"query-input\":{\"@type\":\"PropertyValueSpecification\",\"valueRequired\":true,\"valueName\":\"search_term_string\"}}],\"inLanguage\":\"bs-BA\"},{\"@type\":[\"Person\",\"Organization\"],\"@id\":\"https:\/\/sandzakpress.net\/arhiva\/#\/schema\/person\/6e72b67d6e51910a1117b3b483ba20bd\",\"name\":\"Kul\",\"image\":{\"@type\":\"ImageObject\",\"inLanguage\":\"bs-BA\",\"@id\":\"https:\/\/sandzakpress.net\/arhiva\/#\/schema\/person\/image\/\",\"url\":\"https:\/\/secure.gravatar.com\/avatar\/42263f39aa27ac04c43cab85c280eb2e?s=96&d=mm&r=pg\",\"contentUrl\":\"https:\/\/secure.gravatar.com\/avatar\/42263f39aa27ac04c43cab85c280eb2e?s=96&d=mm&r=pg\",\"caption\":\"Kul\"},\"logo\":{\"@id\":\"https:\/\/sandzakpress.net\/arhiva\/#\/schema\/person\/image\/\"}},{\"@type\":\"Person\",\"@id\":\"\",\"url\":\"https:\/\/sandzakpress.net\/arhiva\/author\/\"}]}<\/script>\n<!-- \/ Yoast SEO Premium plugin. -->","yoast_head_json":{"title":"Ugljanin i Ljaji\u0107 zajedno promovi\u0161u Tadi\u0107a","robots":{"index":"index","follow":"follow","max-snippet":"max-snippet:-1","max-image-preview":"max-image-preview:large","max-video-preview":"max-video-preview:-1"},"canonical":"https:\/\/sandzakpress.net\/arhiva\/ugljanin-i-ljajic-zajedno-promovisu-tadica\/","og_locale":"bs_BA","og_type":"article","og_title":"Ugljanin i Ljaji\u0107 zajedno promovi\u0161u Tadi\u0107a","og_description":"Sjeverni Sand\u017eak &#8211; Predsjedni\u010dki kandidat Demokratske stranke Boris Tadi\u0107, predsjednik Socijaldemokratske partije Srbije Rasim Ljaji\u0107 i predsjednik Stranke demokratske akcije Sulejman Ugljanin poru\u010dili su u petak uve\u010de da u Sand\u017eaku vi\u0161e ne\u0107e biti medjustrana\u010dkih sukoba. Oni su na predizbornom skupu pred drugi krug izbora za predsjednika Srbije gradjanima u Pe\u0161a\u010dkoj zoni Novog Pazara najavili i [&hellip;]","og_url":"https:\/\/sandzakpress.net\/arhiva\/ugljanin-i-ljajic-zajedno-promovisu-tadica\/","og_site_name":"Sand\u017eak PRESS","article_published_time":"2012-05-12T15:27:14+00:00","article_modified_time":"2012-05-12T15:27:39+00:00","og_image":[{"width":616,"height":384,"url":"https:\/\/sandzakpress.net\/arhiva\/wp-content\/uploads\/2012\/05\/rasim-i-suljo-zajedno.jpg","type":"image\/jpeg"}],"twitter_card":"summary_large_image","twitter_misc":{"Written by":"","Est. reading time":"2 minute"},"schema":{"@context":"https:\/\/schema.org","@graph":[{"@type":"Article","@id":"https:\/\/sandzakpress.net\/arhiva\/ugljanin-i-ljajic-zajedno-promovisu-tadica\/#article","isPartOf":{"@id":"https:\/\/sandzakpress.net\/arhiva\/ugljanin-i-ljajic-zajedno-promovisu-tadica\/"},"author":{"name":"","@id":""},"headline":"Ugljanin i Ljaji\u0107 zajedno promovi\u0161u Tadi\u0107a","datePublished":"2012-05-12T15:27:14+00:00","dateModified":"2012-05-12T15:27:39+00:00","mainEntityOfPage":{"@id":"https:\/\/sandzakpress.net\/arhiva\/ugljanin-i-ljajic-zajedno-promovisu-tadica\/"},"wordCount":311,"commentCount":26,"publisher":{"@id":"https:\/\/sandzakpress.net\/arhiva\/#\/schema\/person\/6e72b67d6e51910a1117b3b483ba20bd"},"image":{"@id":"https:\/\/sandzakpress.net\/arhiva\/ugljanin-i-ljajic-zajedno-promovisu-tadica\/#primaryimage"},"thumbnailUrl":"https:\/\/sandzakpress.net\/arhiva\/wp-content\/uploads\/2012\/05\/rasim-i-suljo-zajedno.jpg","articleSection":["Novi Pazar","Politika","Sjenica","Tutin","Prijepolje","Priboj","Nova Varo\u0161","Novine"],"inLanguage":"bs-BA","potentialAction":[{"@type":"CommentAction","name":"Comment","target":["https:\/\/sandzakpress.net\/arhiva\/ugljanin-i-ljajic-zajedno-promovisu-tadica\/#respond"]}]},{"@type":"WebPage","@id":"https:\/\/sandzakpress.net\/arhiva\/ugljanin-i-ljajic-zajedno-promovisu-tadica\/","url":"https:\/\/sandzakpress.net\/arhiva\/ugljanin-i-ljajic-zajedno-promovisu-tadica\/","name":"Ugljanin i Ljaji\u0107 zajedno promovi\u0161u Tadi\u0107a","isPartOf":{"@id":"https:\/\/sandzakpress.net\/arhiva\/#website"},"primaryImageOfPage":{"@id":"https:\/\/sandzakpress.net\/arhiva\/ugljanin-i-ljajic-zajedno-promovisu-tadica\/#primaryimage"},"image":{"@id":"https:\/\/sandzakpress.net\/arhiva\/ugljanin-i-ljajic-zajedno-promovisu-tadica\/#primaryimage"},"thumbnailUrl":"https:\/\/sandzakpress.net\/arhiva\/wp-content\/uploads\/2012\/05\/rasim-i-suljo-zajedno.jpg","datePublished":"2012-05-12T15:27:14+00:00","dateModified":"2012-05-12T15:27:39+00:00","breadcrumb":{"@id":"https:\/\/sandzakpress.net\/arhiva\/ugljanin-i-ljajic-zajedno-promovisu-tadica\/#breadcrumb"},"inLanguage":"bs-BA","potentialAction":[{"@type":"ReadAction","target":["https:\/\/sandzakpress.net\/arhiva\/ugljanin-i-ljajic-zajedno-promovisu-tadica\/"]}]},{"@type":"ImageObject","inLanguage":"bs-BA","@id":"https:\/\/sandzakpress.net\/arhiva\/ugljanin-i-ljajic-zajedno-promovisu-tadica\/#primaryimage","url":"https:\/\/sandzakpress.net\/arhiva\/wp-content\/uploads\/2012\/05\/rasim-i-suljo-zajedno.jpg","contentUrl":"https:\/\/sandzakpress.net\/arhiva\/wp-content\/uploads\/2012\/05\/rasim-i-suljo-zajedno.jpg","width":616,"height":384},{"@type":"BreadcrumbList","@id":"https:\/\/sandzakpress.net\/arhiva\/ugljanin-i-ljajic-zajedno-promovisu-tadica\/#breadcrumb","itemListElement":[{"@type":"ListItem","position":1,"name":"Home","item":"https:\/\/sandzakpress.net\/arhiva\/"},{"@type":"ListItem","position":2,"name":"Ugljanin i Ljaji\u0107 zajedno promovi\u0161u Tadi\u0107a"}]},{"@type":"WebSite","@id":"https:\/\/sandzakpress.net\/arhiva\/#website","url":"https:\/\/sandzakpress.net\/arhiva\/","name":"Sand\u017eak PRESS","description":"Prve elektronske novine u Sand\u017eaku","publisher":{"@id":"https:\/\/sandzakpress.net\/arhiva\/#\/schema\/person\/6e72b67d6e51910a1117b3b483ba20bd"},"potentialAction":[{"@type":"SearchAction","target":{"@type":"EntryPoint","urlTemplate":"https:\/\/sandzakpress.net\/arhiva\/?s={search_term_string}"},"query-input":{"@type":"PropertyValueSpecification","valueRequired":true,"valueName":"search_term_string"}}],"inLanguage":"bs-BA"},{"@type":["Person","Organization"],"@id":"https:\/\/sandzakpress.net\/arhiva\/#\/schema\/person\/6e72b67d6e51910a1117b3b483ba20bd","name":"Kul","image":{"@type":"ImageObject","inLanguage":"bs-BA","@id":"https:\/\/sandzakpress.net\/arhiva\/#\/schema\/person\/image\/","url":"https:\/\/secure.gravatar.com\/avatar\/42263f39aa27ac04c43cab85c280eb2e?s=96&d=mm&r=pg","contentUrl":"https:\/\/secure.gravatar.com\/avatar\/42263f39aa27ac04c43cab85c280eb2e?s=96&d=mm&r=pg","caption":"Kul"},"logo":{"@id":"https:\/\/sandzakpress.net\/arhiva\/#\/schema\/person\/image\/"}},{"@type":"Person","@id":"","url":"https:\/\/sandzakpress.net\/arhiva\/author\/"}]}},"_links":{"self":[{"href":"https:\/\/sandzakpress.net\/arhiva\/wp-json\/wp\/v2\/posts\/39195"}],"collection":[{"href":"https:\/\/sandzakpress.net\/arhiva\/wp-json\/wp\/v2\/posts"}],"about":[{"href":"https:\/\/sandzakpress.net\/arhiva\/wp-json\/wp\/v2\/types\/post"}],"author":[{"embeddable":true,"href":"https:\/\/sandzakpress.net\/arhiva\/wp-json\/wp\/v2\/users\/14"}],"replies":[{"embeddable":true,"href":"https:\/\/sandzakpress.net\/arhiva\/wp-json\/wp\/v2\/comments?post=39195"}],"version-history":[{"count":0,"href":"https:\/\/sandzakpress.net\/arhiva\/wp-json\/wp\/v2\/posts\/39195\/revisions"}],"wp:featuredmedia":[{"embeddable":true,"href":"https:\/\/sandzakpress.net\/arhiva\/wp-json\/wp\/v2\/media\/39196"}],"wp:attachment":[{"href":"https:\/\/sandzakpress.net\/arhiva\/wp-json\/wp\/v2\/media?parent=39195"}],"wp:term":[{"taxonomy":"category","embeddable":true,"href":"https:\/\/sandzakpress.net\/arhiva\/wp-json\/wp\/v2\/categories?post=39195"},{"taxonomy":"post_tag","embeddable":true,"href":"https:\/\/sandzakpress.net\/arhiva\/wp-json\/wp\/v2\/tags?post=39195"}],"curies":[{"name":"wp","href":"https:\/\/api.w.org\/{rel}","templated":true}]}}