{"id":38646,"date":"2012-05-03T15:35:12","date_gmt":"2012-05-03T13:35:12","guid":{"rendered":"https:\/\/sandzakpress.net\/arhiva\/?p=38646"},"modified":"2012-05-05T15:38:00","modified_gmt":"2012-05-05T13:38:00","slug":"bkz-u-makedoniji-poziva-bosnjake-da-glasaju-muftiju","status":"publish","type":"post","link":"https:\/\/sandzakpress.net\/arhiva\/bkz-u-makedoniji-poziva-bosnjake-da-glasaju-muftiju\/","title":{"rendered":"BKZ u Makedoniji poziva Bo\u0161njake da glasaju Muftiju"},"content":{"rendered":"<p><a href=\"https:\/\/sandzakpress.net\/arhiva\/wp-content\/uploads\/2012\/05\/BKZ-logo-sivi.jpg\"><img loading=\"lazy\" decoding=\"async\" class=\"alignleft size-medium wp-image-38648\" title=\"BKZ-logo-sivi\" src=\"https:\/\/sandzakpress.net\/arhiva\/wp-content\/uploads\/2012\/05\/BKZ-logo-sivi-300x202.jpg\" alt=\"\" width=\"300\" height=\"202\" \/><\/a>Bosnja\u010dka kulturna zajednica &#8211; Makedonije poziva sve svoje \u010dlanove i sve Bo\u0161njake koji imaju dvojno dr\u017eavljanstvo da se odazovu na predstojnim izborima u Srbiji 06\/05\/2012 godine i iskoriste svoje gra\u0111ansko pravo glasanja. <!--more-->Sa tim \u0107e legitimizirati izbornu volju bo\u0161nja\u010dkog glasa\u010dkog tijela i pomo\u0107i u profilaciji pravih predstavnika bo\u0161nja\u010dkog naroda u organima uprave Srbije. Posebno \u017eelimo da naglasimo da BKZ- Makedonije smatra sve kandidate za lokalne i parlamentarne izbore legitimnim predstavnicima Bo\u0161njaka i da svaki glasa\u010d prema svojim procjenama i savjesti glasa na ovim izborima. Ali, tako\u0111er\u00a0 se mora voditi ra\u010duna da se glasovi ne rasipaju na partije koji ne zastupaju originalne bo\u0161nja\u010dke interese i da se oni koncentri\u0161u na prave programe koji \u0107e donijeti boljitak i pobolj\u0161anje pozicije Bo\u0161njaka na Sand\u017eaku i Srbiji.<\/p>\n<p>Sa pravom\u00a0 BKZ- Makedonije poziva i o\u010dekuje da ce bo\u0161nja\u010dki glasa\u010di bez razlike na partijsku pripadnost za predsjedni\u010dke izbore podr\u017eati kandidaturu jedinog bo\u0161nja\u010dkog predstavnika gosp. Muftiju Muamera Zukorli\u0107a jer se on svojim dosada\u0161njim radom na razli\u010ditim nivoima dokazao kao istinski borac za ljudska prava, a u tom kontekstu, prvenstveno i prava Bo\u0161njaka.<\/p>\n<p>Svoje glasa\u010dko pravo mo\u017eete iskoristi na izbornim mjestima gde se vodite u Srbiji ili u diplomatsko-konzularnim institucijama \u00a0Srbije u Republici Makedoniji.<\/p>\n<p style=\"text-align: right;\"><strong>predsjednik BKZ- Makedonija<\/strong><\/p>\n<p style=\"text-align: right;\"><strong>prof. dr.\u00a0 Dzemil Bektovic<\/strong><\/p>\n","protected":false},"excerpt":{"rendered":"<p>Bosnja\u010dka kulturna zajednica &#8211; Makedonije poziva sve svoje \u010dlanove i sve Bo\u0161njake koji imaju dvojno dr\u017eavljanstvo da se odazovu na predstojnim izborima u Srbiji 06\/05\/2012 godine i iskoriste svoje gra\u0111ansko pravo glasanja.<\/p>\n","protected":false},"author":83,"featured_media":38648,"comment_status":"open","ping_status":"open","sticky":false,"template":"","format":"standard","meta":{"footnotes":""},"categories":[800,2691],"tags":[],"class_list":{"0":"post-38646","1":"post","2":"type-post","3":"status-publish","4":"format-standard","5":"has-post-thumbnail","7":"category-nacija","8":"category-makedonija"},"yoast_head":"<!-- This site is optimized with the Yoast SEO Premium plugin v23.1 (Yoast SEO v24.9) - https:\/\/yoast.com\/wordpress\/plugins\/seo\/ -->\n<title>BKZ u Makedoniji poziva Bo\u0161njake da glasaju Muftiju<\/title>\n<meta name=\"robots\" content=\"index, follow, max-snippet:-1, max-image-preview:large, max-video-preview:-1\" \/>\n<link rel=\"canonical\" href=\"https:\/\/sandzakpress.net\/arhiva\/bkz-u-makedoniji-poziva-bosnjake-da-glasaju-muftiju\/\" \/>\n<meta property=\"og:locale\" content=\"bs_BA\" \/>\n<meta property=\"og:type\" content=\"article\" \/>\n<meta property=\"og:title\" content=\"BKZ u Makedoniji poziva Bo\u0161njake da glasaju Muftiju\" \/>\n<meta property=\"og:description\" content=\"Bosnja\u010dka kulturna zajednica &#8211; Makedonije poziva sve svoje \u010dlanove i sve Bo\u0161njake koji imaju dvojno dr\u017eavljanstvo da se odazovu na predstojnim izborima u Srbiji 06\/05\/2012 godine i iskoriste svoje gra\u0111ansko pravo glasanja.\" \/>\n<meta property=\"og:url\" content=\"https:\/\/sandzakpress.net\/arhiva\/bkz-u-makedoniji-poziva-bosnjake-da-glasaju-muftiju\/\" \/>\n<meta property=\"og:site_name\" content=\"Sand\u017eak PRESS\" \/>\n<meta property=\"article:published_time\" content=\"2012-05-03T13:35:12+00:00\" \/>\n<meta property=\"article:modified_time\" content=\"2012-05-05T13:38:00+00:00\" \/>\n<meta property=\"og:image\" content=\"https:\/\/sandzakpress.net\/arhiva\/wp-content\/uploads\/2012\/05\/BKZ-logo-sivi.jpg\" \/>\n\t<meta property=\"og:image:width\" content=\"447\" \/>\n\t<meta property=\"og:image:height\" content=\"302\" \/>\n\t<meta property=\"og:image:type\" content=\"image\/jpeg\" \/>\n<meta name=\"author\" content=\"bosniak\" \/>\n<meta name=\"twitter:card\" content=\"summary_large_image\" \/>\n<meta name=\"twitter:label1\" content=\"Written by\" \/>\n\t<meta name=\"twitter:data1\" content=\"bosniak\" \/>\n\t<meta name=\"twitter:label2\" content=\"Est. reading time\" \/>\n\t<meta name=\"twitter:data2\" content=\"1 minuta\" \/>\n<script type=\"application\/ld+json\" class=\"yoast-schema-graph\">{\"@context\":\"https:\/\/schema.org\",\"@graph\":[{\"@type\":\"Article\",\"@id\":\"https:\/\/sandzakpress.net\/arhiva\/bkz-u-makedoniji-poziva-bosnjake-da-glasaju-muftiju\/#article\",\"isPartOf\":{\"@id\":\"https:\/\/sandzakpress.net\/arhiva\/bkz-u-makedoniji-poziva-bosnjake-da-glasaju-muftiju\/\"},\"author\":{\"name\":\"bosniak\",\"@id\":\"https:\/\/sandzakpress.net\/arhiva\/#\/schema\/person\/c8baee722073534b583ea7bdb2e36c02\"},\"headline\":\"BKZ u Makedoniji poziva Bo\u0161njake da glasaju Muftiju\",\"datePublished\":\"2012-05-03T13:35:12+00:00\",\"dateModified\":\"2012-05-05T13:38:00+00:00\",\"mainEntityOfPage\":{\"@id\":\"https:\/\/sandzakpress.net\/arhiva\/bkz-u-makedoniji-poziva-bosnjake-da-glasaju-muftiju\/\"},\"wordCount\":244,\"commentCount\":0,\"publisher\":{\"@id\":\"https:\/\/sandzakpress.net\/arhiva\/#\/schema\/person\/6e72b67d6e51910a1117b3b483ba20bd\"},\"image\":{\"@id\":\"https:\/\/sandzakpress.net\/arhiva\/bkz-u-makedoniji-poziva-bosnjake-da-glasaju-muftiju\/#primaryimage\"},\"thumbnailUrl\":\"https:\/\/sandzakpress.net\/arhiva\/wp-content\/uploads\/2012\/05\/BKZ-logo-sivi.jpg\",\"articleSection\":[\"Nacija\",\"Makedonija\"],\"inLanguage\":\"bs-BA\",\"potentialAction\":[{\"@type\":\"CommentAction\",\"name\":\"Comment\",\"target\":[\"https:\/\/sandzakpress.net\/arhiva\/bkz-u-makedoniji-poziva-bosnjake-da-glasaju-muftiju\/#respond\"]}]},{\"@type\":\"WebPage\",\"@id\":\"https:\/\/sandzakpress.net\/arhiva\/bkz-u-makedoniji-poziva-bosnjake-da-glasaju-muftiju\/\",\"url\":\"https:\/\/sandzakpress.net\/arhiva\/bkz-u-makedoniji-poziva-bosnjake-da-glasaju-muftiju\/\",\"name\":\"BKZ u Makedoniji poziva Bo\u0161njake da glasaju Muftiju\",\"isPartOf\":{\"@id\":\"https:\/\/sandzakpress.net\/arhiva\/#website\"},\"primaryImageOfPage\":{\"@id\":\"https:\/\/sandzakpress.net\/arhiva\/bkz-u-makedoniji-poziva-bosnjake-da-glasaju-muftiju\/#primaryimage\"},\"image\":{\"@id\":\"https:\/\/sandzakpress.net\/arhiva\/bkz-u-makedoniji-poziva-bosnjake-da-glasaju-muftiju\/#primaryimage\"},\"thumbnailUrl\":\"https:\/\/sandzakpress.net\/arhiva\/wp-content\/uploads\/2012\/05\/BKZ-logo-sivi.jpg\",\"datePublished\":\"2012-05-03T13:35:12+00:00\",\"dateModified\":\"2012-05-05T13:38:00+00:00\",\"breadcrumb\":{\"@id\":\"https:\/\/sandzakpress.net\/arhiva\/bkz-u-makedoniji-poziva-bosnjake-da-glasaju-muftiju\/#breadcrumb\"},\"inLanguage\":\"bs-BA\",\"potentialAction\":[{\"@type\":\"ReadAction\",\"target\":[\"https:\/\/sandzakpress.net\/arhiva\/bkz-u-makedoniji-poziva-bosnjake-da-glasaju-muftiju\/\"]}]},{\"@type\":\"ImageObject\",\"inLanguage\":\"bs-BA\",\"@id\":\"https:\/\/sandzakpress.net\/arhiva\/bkz-u-makedoniji-poziva-bosnjake-da-glasaju-muftiju\/#primaryimage\",\"url\":\"https:\/\/sandzakpress.net\/arhiva\/wp-content\/uploads\/2012\/05\/BKZ-logo-sivi.jpg\",\"contentUrl\":\"https:\/\/sandzakpress.net\/arhiva\/wp-content\/uploads\/2012\/05\/BKZ-logo-sivi.jpg\",\"width\":447,\"height\":302},{\"@type\":\"BreadcrumbList\",\"@id\":\"https:\/\/sandzakpress.net\/arhiva\/bkz-u-makedoniji-poziva-bosnjake-da-glasaju-muftiju\/#breadcrumb\",\"itemListElement\":[{\"@type\":\"ListItem\",\"position\":1,\"name\":\"Home\",\"item\":\"https:\/\/sandzakpress.net\/arhiva\/\"},{\"@type\":\"ListItem\",\"position\":2,\"name\":\"BKZ u Makedoniji poziva Bo\u0161njake da glasaju Muftiju\"}]},{\"@type\":\"WebSite\",\"@id\":\"https:\/\/sandzakpress.net\/arhiva\/#website\",\"url\":\"https:\/\/sandzakpress.net\/arhiva\/\",\"name\":\"Sand\u017eak PRESS\",\"description\":\"Prve elektronske novine u Sand\u017eaku\",\"publisher\":{\"@id\":\"https:\/\/sandzakpress.net\/arhiva\/#\/schema\/person\/6e72b67d6e51910a1117b3b483ba20bd\"},\"potentialAction\":[{\"@type\":\"SearchAction\",\"target\":{\"@type\":\"EntryPoint\",\"urlTemplate\":\"https:\/\/sandzakpress.net\/arhiva\/?s={search_term_string}\"},\"query-input\":{\"@type\":\"PropertyValueSpecification\",\"valueRequired\":true,\"valueName\":\"search_term_string\"}}],\"inLanguage\":\"bs-BA\"},{\"@type\":[\"Person\",\"Organization\"],\"@id\":\"https:\/\/sandzakpress.net\/arhiva\/#\/schema\/person\/6e72b67d6e51910a1117b3b483ba20bd\",\"name\":\"Kul\",\"image\":{\"@type\":\"ImageObject\",\"inLanguage\":\"bs-BA\",\"@id\":\"https:\/\/sandzakpress.net\/arhiva\/#\/schema\/person\/image\/\",\"url\":\"https:\/\/secure.gravatar.com\/avatar\/42263f39aa27ac04c43cab85c280eb2e?s=96&d=mm&r=pg\",\"contentUrl\":\"https:\/\/secure.gravatar.com\/avatar\/42263f39aa27ac04c43cab85c280eb2e?s=96&d=mm&r=pg\",\"caption\":\"Kul\"},\"logo\":{\"@id\":\"https:\/\/sandzakpress.net\/arhiva\/#\/schema\/person\/image\/\"}},{\"@type\":\"Person\",\"@id\":\"https:\/\/sandzakpress.net\/arhiva\/#\/schema\/person\/c8baee722073534b583ea7bdb2e36c02\",\"name\":\"bosniak\",\"image\":{\"@type\":\"ImageObject\",\"inLanguage\":\"bs-BA\",\"@id\":\"https:\/\/sandzakpress.net\/arhiva\/#\/schema\/person\/image\/\",\"url\":\"https:\/\/secure.gravatar.com\/avatar\/a04fd330bfe3a36a72a0ad4a6d89fca7?s=96&d=mm&r=pg\",\"contentUrl\":\"https:\/\/secure.gravatar.com\/avatar\/a04fd330bfe3a36a72a0ad4a6d89fca7?s=96&d=mm&r=pg\",\"caption\":\"bosniak\"},\"url\":\"https:\/\/sandzakpress.net\/arhiva\/author\/bosniak\/\"}]}<\/script>\n<!-- \/ Yoast SEO Premium plugin. -->","yoast_head_json":{"title":"BKZ u Makedoniji poziva Bo\u0161njake da glasaju Muftiju","robots":{"index":"index","follow":"follow","max-snippet":"max-snippet:-1","max-image-preview":"max-image-preview:large","max-video-preview":"max-video-preview:-1"},"canonical":"https:\/\/sandzakpress.net\/arhiva\/bkz-u-makedoniji-poziva-bosnjake-da-glasaju-muftiju\/","og_locale":"bs_BA","og_type":"article","og_title":"BKZ u Makedoniji poziva Bo\u0161njake da glasaju Muftiju","og_description":"Bosnja\u010dka kulturna zajednica &#8211; Makedonije poziva sve svoje \u010dlanove i sve Bo\u0161njake koji imaju dvojno dr\u017eavljanstvo da se odazovu na predstojnim izborima u Srbiji 06\/05\/2012 godine i iskoriste svoje gra\u0111ansko pravo glasanja.","og_url":"https:\/\/sandzakpress.net\/arhiva\/bkz-u-makedoniji-poziva-bosnjake-da-glasaju-muftiju\/","og_site_name":"Sand\u017eak PRESS","article_published_time":"2012-05-03T13:35:12+00:00","article_modified_time":"2012-05-05T13:38:00+00:00","og_image":[{"width":447,"height":302,"url":"https:\/\/sandzakpress.net\/arhiva\/wp-content\/uploads\/2012\/05\/BKZ-logo-sivi.jpg","type":"image\/jpeg"}],"author":"bosniak","twitter_card":"summary_large_image","twitter_misc":{"Written by":"bosniak","Est. reading time":"1 minuta"},"schema":{"@context":"https:\/\/schema.org","@graph":[{"@type":"Article","@id":"https:\/\/sandzakpress.net\/arhiva\/bkz-u-makedoniji-poziva-bosnjake-da-glasaju-muftiju\/#article","isPartOf":{"@id":"https:\/\/sandzakpress.net\/arhiva\/bkz-u-makedoniji-poziva-bosnjake-da-glasaju-muftiju\/"},"author":{"name":"bosniak","@id":"https:\/\/sandzakpress.net\/arhiva\/#\/schema\/person\/c8baee722073534b583ea7bdb2e36c02"},"headline":"BKZ u Makedoniji poziva Bo\u0161njake da glasaju Muftiju","datePublished":"2012-05-03T13:35:12+00:00","dateModified":"2012-05-05T13:38:00+00:00","mainEntityOfPage":{"@id":"https:\/\/sandzakpress.net\/arhiva\/bkz-u-makedoniji-poziva-bosnjake-da-glasaju-muftiju\/"},"wordCount":244,"commentCount":0,"publisher":{"@id":"https:\/\/sandzakpress.net\/arhiva\/#\/schema\/person\/6e72b67d6e51910a1117b3b483ba20bd"},"image":{"@id":"https:\/\/sandzakpress.net\/arhiva\/bkz-u-makedoniji-poziva-bosnjake-da-glasaju-muftiju\/#primaryimage"},"thumbnailUrl":"https:\/\/sandzakpress.net\/arhiva\/wp-content\/uploads\/2012\/05\/BKZ-logo-sivi.jpg","articleSection":["Nacija","Makedonija"],"inLanguage":"bs-BA","potentialAction":[{"@type":"CommentAction","name":"Comment","target":["https:\/\/sandzakpress.net\/arhiva\/bkz-u-makedoniji-poziva-bosnjake-da-glasaju-muftiju\/#respond"]}]},{"@type":"WebPage","@id":"https:\/\/sandzakpress.net\/arhiva\/bkz-u-makedoniji-poziva-bosnjake-da-glasaju-muftiju\/","url":"https:\/\/sandzakpress.net\/arhiva\/bkz-u-makedoniji-poziva-bosnjake-da-glasaju-muftiju\/","name":"BKZ u Makedoniji poziva Bo\u0161njake da glasaju Muftiju","isPartOf":{"@id":"https:\/\/sandzakpress.net\/arhiva\/#website"},"primaryImageOfPage":{"@id":"https:\/\/sandzakpress.net\/arhiva\/bkz-u-makedoniji-poziva-bosnjake-da-glasaju-muftiju\/#primaryimage"},"image":{"@id":"https:\/\/sandzakpress.net\/arhiva\/bkz-u-makedoniji-poziva-bosnjake-da-glasaju-muftiju\/#primaryimage"},"thumbnailUrl":"https:\/\/sandzakpress.net\/arhiva\/wp-content\/uploads\/2012\/05\/BKZ-logo-sivi.jpg","datePublished":"2012-05-03T13:35:12+00:00","dateModified":"2012-05-05T13:38:00+00:00","breadcrumb":{"@id":"https:\/\/sandzakpress.net\/arhiva\/bkz-u-makedoniji-poziva-bosnjake-da-glasaju-muftiju\/#breadcrumb"},"inLanguage":"bs-BA","potentialAction":[{"@type":"ReadAction","target":["https:\/\/sandzakpress.net\/arhiva\/bkz-u-makedoniji-poziva-bosnjake-da-glasaju-muftiju\/"]}]},{"@type":"ImageObject","inLanguage":"bs-BA","@id":"https:\/\/sandzakpress.net\/arhiva\/bkz-u-makedoniji-poziva-bosnjake-da-glasaju-muftiju\/#primaryimage","url":"https:\/\/sandzakpress.net\/arhiva\/wp-content\/uploads\/2012\/05\/BKZ-logo-sivi.jpg","contentUrl":"https:\/\/sandzakpress.net\/arhiva\/wp-content\/uploads\/2012\/05\/BKZ-logo-sivi.jpg","width":447,"height":302},{"@type":"BreadcrumbList","@id":"https:\/\/sandzakpress.net\/arhiva\/bkz-u-makedoniji-poziva-bosnjake-da-glasaju-muftiju\/#breadcrumb","itemListElement":[{"@type":"ListItem","position":1,"name":"Home","item":"https:\/\/sandzakpress.net\/arhiva\/"},{"@type":"ListItem","position":2,"name":"BKZ u Makedoniji poziva Bo\u0161njake da glasaju Muftiju"}]},{"@type":"WebSite","@id":"https:\/\/sandzakpress.net\/arhiva\/#website","url":"https:\/\/sandzakpress.net\/arhiva\/","name":"Sand\u017eak PRESS","description":"Prve elektronske novine u Sand\u017eaku","publisher":{"@id":"https:\/\/sandzakpress.net\/arhiva\/#\/schema\/person\/6e72b67d6e51910a1117b3b483ba20bd"},"potentialAction":[{"@type":"SearchAction","target":{"@type":"EntryPoint","urlTemplate":"https:\/\/sandzakpress.net\/arhiva\/?s={search_term_string}"},"query-input":{"@type":"PropertyValueSpecification","valueRequired":true,"valueName":"search_term_string"}}],"inLanguage":"bs-BA"},{"@type":["Person","Organization"],"@id":"https:\/\/sandzakpress.net\/arhiva\/#\/schema\/person\/6e72b67d6e51910a1117b3b483ba20bd","name":"Kul","image":{"@type":"ImageObject","inLanguage":"bs-BA","@id":"https:\/\/sandzakpress.net\/arhiva\/#\/schema\/person\/image\/","url":"https:\/\/secure.gravatar.com\/avatar\/42263f39aa27ac04c43cab85c280eb2e?s=96&d=mm&r=pg","contentUrl":"https:\/\/secure.gravatar.com\/avatar\/42263f39aa27ac04c43cab85c280eb2e?s=96&d=mm&r=pg","caption":"Kul"},"logo":{"@id":"https:\/\/sandzakpress.net\/arhiva\/#\/schema\/person\/image\/"}},{"@type":"Person","@id":"https:\/\/sandzakpress.net\/arhiva\/#\/schema\/person\/c8baee722073534b583ea7bdb2e36c02","name":"bosniak","image":{"@type":"ImageObject","inLanguage":"bs-BA","@id":"https:\/\/sandzakpress.net\/arhiva\/#\/schema\/person\/image\/","url":"https:\/\/secure.gravatar.com\/avatar\/a04fd330bfe3a36a72a0ad4a6d89fca7?s=96&d=mm&r=pg","contentUrl":"https:\/\/secure.gravatar.com\/avatar\/a04fd330bfe3a36a72a0ad4a6d89fca7?s=96&d=mm&r=pg","caption":"bosniak"},"url":"https:\/\/sandzakpress.net\/arhiva\/author\/bosniak\/"}]}},"_links":{"self":[{"href":"https:\/\/sandzakpress.net\/arhiva\/wp-json\/wp\/v2\/posts\/38646"}],"collection":[{"href":"https:\/\/sandzakpress.net\/arhiva\/wp-json\/wp\/v2\/posts"}],"about":[{"href":"https:\/\/sandzakpress.net\/arhiva\/wp-json\/wp\/v2\/types\/post"}],"author":[{"embeddable":true,"href":"https:\/\/sandzakpress.net\/arhiva\/wp-json\/wp\/v2\/users\/83"}],"replies":[{"embeddable":true,"href":"https:\/\/sandzakpress.net\/arhiva\/wp-json\/wp\/v2\/comments?post=38646"}],"version-history":[{"count":0,"href":"https:\/\/sandzakpress.net\/arhiva\/wp-json\/wp\/v2\/posts\/38646\/revisions"}],"wp:featuredmedia":[{"embeddable":true,"href":"https:\/\/sandzakpress.net\/arhiva\/wp-json\/wp\/v2\/media\/38648"}],"wp:attachment":[{"href":"https:\/\/sandzakpress.net\/arhiva\/wp-json\/wp\/v2\/media?parent=38646"}],"wp:term":[{"taxonomy":"category","embeddable":true,"href":"https:\/\/sandzakpress.net\/arhiva\/wp-json\/wp\/v2\/categories?post=38646"},{"taxonomy":"post_tag","embeddable":true,"href":"https:\/\/sandzakpress.net\/arhiva\/wp-json\/wp\/v2\/tags?post=38646"}],"curies":[{"name":"wp","href":"https:\/\/api.w.org\/{rel}","templated":true}]}}