{"id":3852,"date":"2010-04-15T16:47:10","date_gmt":"2010-04-15T16:47:10","guid":{"rendered":"https:\/\/sandzakpress.net\/arhiva\/?p=3852"},"modified":"2010-04-15T16:47:10","modified_gmt":"2010-04-15T16:47:10","slug":"radnici-vojin-popovica-blokirali-ulaz-u-gradsku-upravu","status":"publish","type":"post","link":"https:\/\/sandzakpress.net\/arhiva\/radnici-vojin-popovica-blokirali-ulaz-u-gradsku-upravu\/","title":{"rendered":"Radnici Vojin Popovi\u0107a blokirali ulaz u gradsku upravu"},"content":{"rendered":"<p><strong><a href=\"https:\/\/sandzakpress.net\/arhiva\/wp-content\/uploads\/2010\/04\/protest-novi-pazar.jpg\"><img loading=\"lazy\" decoding=\"async\" class=\"alignleft size-medium wp-image-3853\" title=\"protest novi pazar\" src=\"https:\/\/sandzakpress.net\/arhiva\/wp-content\/uploads\/2010\/04\/protest-novi-pazar-300x166.jpg\" alt=\"\" width=\"300\" height=\"166\" \/><\/a>Novi Pazar &#8211; Radnici holding kompanije &#8220;Vojin Popovi\u0107&#8221; blokirali su danas ulaz u gradsku upravu Novi Pazar, a onda i ulicu zbog \u010dega je nastao saobra\u0107ajni kolaps. <\/strong><\/p>\n<p>Oni nisu \u017eeleli da oslobode ulicu i tako ponovo uspostave normalan protok saobra\u0107aja dok ih ne primi gradona\u010delnik Novog Pazara Meho Mahmutovi\u0107. On je to i uradio, a nakon vi\u0161e od dva sata pregovora dogovoreno je da ce u najskorije vrijeme biti donijeto najbolje re\u0161enje za radnike Vojin Popovi\u0107a.<\/p>\n<p>Emina Islamovi\u0107, jedna od \u0161trajka\u010dica najavila je da ce radnici narednih dana blokirati petlju, a da su imali namjeru i da amonijakom zatruju vodu, ali da su od toga odustali jer im je kako ka\u017ee \u017eao stanovnika Novog Pazara. Radnici su opomenuli gradona\u010delnika da im se obe\u0107avaju stvari koje on ne mo\u017ee da ispuni te da \u0161to prije kontaktira ministra Rasima Ljaji\u0107a kako bi on ne\u0161to u\u010dinio i rije\u0161io situaciju u kojoj se radnici nalaze ve\u0107 pet godina od kada se firma nalazi u ste\u010daju.<\/p>\n<p>Izvor: <strong>Universa.tv<\/strong><\/p>\n","protected":false},"excerpt":{"rendered":"<p>Novi Pazar &#8211; Radnici holding kompanije &#8220;Vojin Popovi\u0107&#8221; blokirali su danas ulaz u gradsku upravu Novi Pazar, a onda i ulicu zbog \u010dega je nastao saobra\u0107ajni kolaps. Oni nisu \u017eeleli da oslobode ulicu i tako ponovo uspostave normalan protok saobra\u0107aja dok ih ne primi gradona\u010delnik Novog Pazara Meho Mahmutovi\u0107. On je to i uradio, a [&hellip;]<\/p>\n","protected":false},"author":83,"featured_media":3853,"comment_status":"open","ping_status":"open","sticky":false,"template":"","format":"standard","meta":{"footnotes":""},"categories":[5],"tags":[],"class_list":{"0":"post-3852","1":"post","2":"type-post","3":"status-publish","4":"format-standard","5":"has-post-thumbnail","7":"category-drustvo"},"yoast_head":"<!-- This site is optimized with the Yoast SEO Premium plugin v23.1 (Yoast SEO v24.9) - https:\/\/yoast.com\/wordpress\/plugins\/seo\/ -->\n<title>Radnici Vojin Popovi\u0107a blokirali ulaz u gradsku upravu<\/title>\n<meta name=\"robots\" content=\"index, follow, max-snippet:-1, max-image-preview:large, max-video-preview:-1\" \/>\n<link rel=\"canonical\" href=\"https:\/\/sandzakpress.net\/arhiva\/radnici-vojin-popovica-blokirali-ulaz-u-gradsku-upravu\/\" \/>\n<meta property=\"og:locale\" content=\"bs_BA\" \/>\n<meta property=\"og:type\" content=\"article\" \/>\n<meta property=\"og:title\" content=\"Radnici Vojin Popovi\u0107a blokirali ulaz u gradsku upravu\" \/>\n<meta property=\"og:description\" content=\"Novi Pazar &#8211; Radnici holding kompanije &#8220;Vojin Popovi\u0107&#8221; blokirali su danas ulaz u gradsku upravu Novi Pazar, a onda i ulicu zbog \u010dega je nastao saobra\u0107ajni kolaps. Oni nisu \u017eeleli da oslobode ulicu i tako ponovo uspostave normalan protok saobra\u0107aja dok ih ne primi gradona\u010delnik Novog Pazara Meho Mahmutovi\u0107. On je to i uradio, a [&hellip;]\" \/>\n<meta property=\"og:url\" content=\"https:\/\/sandzakpress.net\/arhiva\/radnici-vojin-popovica-blokirali-ulaz-u-gradsku-upravu\/\" \/>\n<meta property=\"og:site_name\" content=\"Sand\u017eak PRESS\" \/>\n<meta property=\"article:published_time\" content=\"2010-04-15T16:47:10+00:00\" \/>\n<meta property=\"og:image\" content=\"https:\/\/sandzakpress.net\/arhiva\/wp-content\/uploads\/2010\/04\/protest-novi-pazar.jpg\" \/>\n\t<meta property=\"og:image:width\" content=\"338\" \/>\n\t<meta property=\"og:image:height\" content=\"188\" \/>\n\t<meta property=\"og:image:type\" content=\"image\/jpeg\" \/>\n<meta name=\"author\" content=\"bosniak\" \/>\n<meta name=\"twitter:card\" content=\"summary_large_image\" \/>\n<meta name=\"twitter:label1\" content=\"Written by\" \/>\n\t<meta name=\"twitter:data1\" content=\"bosniak\" \/>\n\t<meta name=\"twitter:label2\" content=\"Est. reading time\" \/>\n\t<meta name=\"twitter:data2\" content=\"1 minuta\" \/>\n<script type=\"application\/ld+json\" class=\"yoast-schema-graph\">{\"@context\":\"https:\/\/schema.org\",\"@graph\":[{\"@type\":\"Article\",\"@id\":\"https:\/\/sandzakpress.net\/arhiva\/radnici-vojin-popovica-blokirali-ulaz-u-gradsku-upravu\/#article\",\"isPartOf\":{\"@id\":\"https:\/\/sandzakpress.net\/arhiva\/radnici-vojin-popovica-blokirali-ulaz-u-gradsku-upravu\/\"},\"author\":{\"name\":\"bosniak\",\"@id\":\"https:\/\/sandzakpress.net\/arhiva\/#\/schema\/person\/c8baee722073534b583ea7bdb2e36c02\"},\"headline\":\"Radnici Vojin Popovi\u0107a blokirali ulaz u gradsku upravu\",\"datePublished\":\"2010-04-15T16:47:10+00:00\",\"mainEntityOfPage\":{\"@id\":\"https:\/\/sandzakpress.net\/arhiva\/radnici-vojin-popovica-blokirali-ulaz-u-gradsku-upravu\/\"},\"wordCount\":189,\"commentCount\":0,\"publisher\":{\"@id\":\"https:\/\/sandzakpress.net\/arhiva\/#\/schema\/person\/6e72b67d6e51910a1117b3b483ba20bd\"},\"image\":{\"@id\":\"https:\/\/sandzakpress.net\/arhiva\/radnici-vojin-popovica-blokirali-ulaz-u-gradsku-upravu\/#primaryimage\"},\"thumbnailUrl\":\"https:\/\/sandzakpress.net\/arhiva\/wp-content\/uploads\/2010\/04\/protest-novi-pazar.jpg\",\"articleSection\":[\"Dru\u0161tvo\"],\"inLanguage\":\"bs-BA\",\"potentialAction\":[{\"@type\":\"CommentAction\",\"name\":\"Comment\",\"target\":[\"https:\/\/sandzakpress.net\/arhiva\/radnici-vojin-popovica-blokirali-ulaz-u-gradsku-upravu\/#respond\"]}]},{\"@type\":\"WebPage\",\"@id\":\"https:\/\/sandzakpress.net\/arhiva\/radnici-vojin-popovica-blokirali-ulaz-u-gradsku-upravu\/\",\"url\":\"https:\/\/sandzakpress.net\/arhiva\/radnici-vojin-popovica-blokirali-ulaz-u-gradsku-upravu\/\",\"name\":\"Radnici Vojin Popovi\u0107a blokirali ulaz u gradsku upravu\",\"isPartOf\":{\"@id\":\"https:\/\/sandzakpress.net\/arhiva\/#website\"},\"primaryImageOfPage\":{\"@id\":\"https:\/\/sandzakpress.net\/arhiva\/radnici-vojin-popovica-blokirali-ulaz-u-gradsku-upravu\/#primaryimage\"},\"image\":{\"@id\":\"https:\/\/sandzakpress.net\/arhiva\/radnici-vojin-popovica-blokirali-ulaz-u-gradsku-upravu\/#primaryimage\"},\"thumbnailUrl\":\"https:\/\/sandzakpress.net\/arhiva\/wp-content\/uploads\/2010\/04\/protest-novi-pazar.jpg\",\"datePublished\":\"2010-04-15T16:47:10+00:00\",\"breadcrumb\":{\"@id\":\"https:\/\/sandzakpress.net\/arhiva\/radnici-vojin-popovica-blokirali-ulaz-u-gradsku-upravu\/#breadcrumb\"},\"inLanguage\":\"bs-BA\",\"potentialAction\":[{\"@type\":\"ReadAction\",\"target\":[\"https:\/\/sandzakpress.net\/arhiva\/radnici-vojin-popovica-blokirali-ulaz-u-gradsku-upravu\/\"]}]},{\"@type\":\"ImageObject\",\"inLanguage\":\"bs-BA\",\"@id\":\"https:\/\/sandzakpress.net\/arhiva\/radnici-vojin-popovica-blokirali-ulaz-u-gradsku-upravu\/#primaryimage\",\"url\":\"https:\/\/sandzakpress.net\/arhiva\/wp-content\/uploads\/2010\/04\/protest-novi-pazar.jpg\",\"contentUrl\":\"https:\/\/sandzakpress.net\/arhiva\/wp-content\/uploads\/2010\/04\/protest-novi-pazar.jpg\",\"width\":338,\"height\":188},{\"@type\":\"BreadcrumbList\",\"@id\":\"https:\/\/sandzakpress.net\/arhiva\/radnici-vojin-popovica-blokirali-ulaz-u-gradsku-upravu\/#breadcrumb\",\"itemListElement\":[{\"@type\":\"ListItem\",\"position\":1,\"name\":\"Home\",\"item\":\"https:\/\/sandzakpress.net\/arhiva\/\"},{\"@type\":\"ListItem\",\"position\":2,\"name\":\"Radnici Vojin Popovi\u0107a blokirali ulaz u gradsku upravu\"}]},{\"@type\":\"WebSite\",\"@id\":\"https:\/\/sandzakpress.net\/arhiva\/#website\",\"url\":\"https:\/\/sandzakpress.net\/arhiva\/\",\"name\":\"Sand\u017eak PRESS\",\"description\":\"Prve elektronske novine u Sand\u017eaku\",\"publisher\":{\"@id\":\"https:\/\/sandzakpress.net\/arhiva\/#\/schema\/person\/6e72b67d6e51910a1117b3b483ba20bd\"},\"potentialAction\":[{\"@type\":\"SearchAction\",\"target\":{\"@type\":\"EntryPoint\",\"urlTemplate\":\"https:\/\/sandzakpress.net\/arhiva\/?s={search_term_string}\"},\"query-input\":{\"@type\":\"PropertyValueSpecification\",\"valueRequired\":true,\"valueName\":\"search_term_string\"}}],\"inLanguage\":\"bs-BA\"},{\"@type\":[\"Person\",\"Organization\"],\"@id\":\"https:\/\/sandzakpress.net\/arhiva\/#\/schema\/person\/6e72b67d6e51910a1117b3b483ba20bd\",\"name\":\"Kul\",\"image\":{\"@type\":\"ImageObject\",\"inLanguage\":\"bs-BA\",\"@id\":\"https:\/\/sandzakpress.net\/arhiva\/#\/schema\/person\/image\/\",\"url\":\"https:\/\/secure.gravatar.com\/avatar\/42263f39aa27ac04c43cab85c280eb2e?s=96&d=mm&r=pg\",\"contentUrl\":\"https:\/\/secure.gravatar.com\/avatar\/42263f39aa27ac04c43cab85c280eb2e?s=96&d=mm&r=pg\",\"caption\":\"Kul\"},\"logo\":{\"@id\":\"https:\/\/sandzakpress.net\/arhiva\/#\/schema\/person\/image\/\"}},{\"@type\":\"Person\",\"@id\":\"https:\/\/sandzakpress.net\/arhiva\/#\/schema\/person\/c8baee722073534b583ea7bdb2e36c02\",\"name\":\"bosniak\",\"image\":{\"@type\":\"ImageObject\",\"inLanguage\":\"bs-BA\",\"@id\":\"https:\/\/sandzakpress.net\/arhiva\/#\/schema\/person\/image\/\",\"url\":\"https:\/\/secure.gravatar.com\/avatar\/a04fd330bfe3a36a72a0ad4a6d89fca7?s=96&d=mm&r=pg\",\"contentUrl\":\"https:\/\/secure.gravatar.com\/avatar\/a04fd330bfe3a36a72a0ad4a6d89fca7?s=96&d=mm&r=pg\",\"caption\":\"bosniak\"},\"url\":\"https:\/\/sandzakpress.net\/arhiva\/author\/bosniak\/\"}]}<\/script>\n<!-- \/ Yoast SEO Premium plugin. -->","yoast_head_json":{"title":"Radnici Vojin Popovi\u0107a blokirali ulaz u gradsku upravu","robots":{"index":"index","follow":"follow","max-snippet":"max-snippet:-1","max-image-preview":"max-image-preview:large","max-video-preview":"max-video-preview:-1"},"canonical":"https:\/\/sandzakpress.net\/arhiva\/radnici-vojin-popovica-blokirali-ulaz-u-gradsku-upravu\/","og_locale":"bs_BA","og_type":"article","og_title":"Radnici Vojin Popovi\u0107a blokirali ulaz u gradsku upravu","og_description":"Novi Pazar &#8211; Radnici holding kompanije &#8220;Vojin Popovi\u0107&#8221; blokirali su danas ulaz u gradsku upravu Novi Pazar, a onda i ulicu zbog \u010dega je nastao saobra\u0107ajni kolaps. Oni nisu \u017eeleli da oslobode ulicu i tako ponovo uspostave normalan protok saobra\u0107aja dok ih ne primi gradona\u010delnik Novog Pazara Meho Mahmutovi\u0107. On je to i uradio, a [&hellip;]","og_url":"https:\/\/sandzakpress.net\/arhiva\/radnici-vojin-popovica-blokirali-ulaz-u-gradsku-upravu\/","og_site_name":"Sand\u017eak PRESS","article_published_time":"2010-04-15T16:47:10+00:00","og_image":[{"width":338,"height":188,"url":"https:\/\/sandzakpress.net\/arhiva\/wp-content\/uploads\/2010\/04\/protest-novi-pazar.jpg","type":"image\/jpeg"}],"author":"bosniak","twitter_card":"summary_large_image","twitter_misc":{"Written by":"bosniak","Est. reading time":"1 minuta"},"schema":{"@context":"https:\/\/schema.org","@graph":[{"@type":"Article","@id":"https:\/\/sandzakpress.net\/arhiva\/radnici-vojin-popovica-blokirali-ulaz-u-gradsku-upravu\/#article","isPartOf":{"@id":"https:\/\/sandzakpress.net\/arhiva\/radnici-vojin-popovica-blokirali-ulaz-u-gradsku-upravu\/"},"author":{"name":"bosniak","@id":"https:\/\/sandzakpress.net\/arhiva\/#\/schema\/person\/c8baee722073534b583ea7bdb2e36c02"},"headline":"Radnici Vojin Popovi\u0107a blokirali ulaz u gradsku upravu","datePublished":"2010-04-15T16:47:10+00:00","mainEntityOfPage":{"@id":"https:\/\/sandzakpress.net\/arhiva\/radnici-vojin-popovica-blokirali-ulaz-u-gradsku-upravu\/"},"wordCount":189,"commentCount":0,"publisher":{"@id":"https:\/\/sandzakpress.net\/arhiva\/#\/schema\/person\/6e72b67d6e51910a1117b3b483ba20bd"},"image":{"@id":"https:\/\/sandzakpress.net\/arhiva\/radnici-vojin-popovica-blokirali-ulaz-u-gradsku-upravu\/#primaryimage"},"thumbnailUrl":"https:\/\/sandzakpress.net\/arhiva\/wp-content\/uploads\/2010\/04\/protest-novi-pazar.jpg","articleSection":["Dru\u0161tvo"],"inLanguage":"bs-BA","potentialAction":[{"@type":"CommentAction","name":"Comment","target":["https:\/\/sandzakpress.net\/arhiva\/radnici-vojin-popovica-blokirali-ulaz-u-gradsku-upravu\/#respond"]}]},{"@type":"WebPage","@id":"https:\/\/sandzakpress.net\/arhiva\/radnici-vojin-popovica-blokirali-ulaz-u-gradsku-upravu\/","url":"https:\/\/sandzakpress.net\/arhiva\/radnici-vojin-popovica-blokirali-ulaz-u-gradsku-upravu\/","name":"Radnici Vojin Popovi\u0107a blokirali ulaz u gradsku upravu","isPartOf":{"@id":"https:\/\/sandzakpress.net\/arhiva\/#website"},"primaryImageOfPage":{"@id":"https:\/\/sandzakpress.net\/arhiva\/radnici-vojin-popovica-blokirali-ulaz-u-gradsku-upravu\/#primaryimage"},"image":{"@id":"https:\/\/sandzakpress.net\/arhiva\/radnici-vojin-popovica-blokirali-ulaz-u-gradsku-upravu\/#primaryimage"},"thumbnailUrl":"https:\/\/sandzakpress.net\/arhiva\/wp-content\/uploads\/2010\/04\/protest-novi-pazar.jpg","datePublished":"2010-04-15T16:47:10+00:00","breadcrumb":{"@id":"https:\/\/sandzakpress.net\/arhiva\/radnici-vojin-popovica-blokirali-ulaz-u-gradsku-upravu\/#breadcrumb"},"inLanguage":"bs-BA","potentialAction":[{"@type":"ReadAction","target":["https:\/\/sandzakpress.net\/arhiva\/radnici-vojin-popovica-blokirali-ulaz-u-gradsku-upravu\/"]}]},{"@type":"ImageObject","inLanguage":"bs-BA","@id":"https:\/\/sandzakpress.net\/arhiva\/radnici-vojin-popovica-blokirali-ulaz-u-gradsku-upravu\/#primaryimage","url":"https:\/\/sandzakpress.net\/arhiva\/wp-content\/uploads\/2010\/04\/protest-novi-pazar.jpg","contentUrl":"https:\/\/sandzakpress.net\/arhiva\/wp-content\/uploads\/2010\/04\/protest-novi-pazar.jpg","width":338,"height":188},{"@type":"BreadcrumbList","@id":"https:\/\/sandzakpress.net\/arhiva\/radnici-vojin-popovica-blokirali-ulaz-u-gradsku-upravu\/#breadcrumb","itemListElement":[{"@type":"ListItem","position":1,"name":"Home","item":"https:\/\/sandzakpress.net\/arhiva\/"},{"@type":"ListItem","position":2,"name":"Radnici Vojin Popovi\u0107a blokirali ulaz u gradsku upravu"}]},{"@type":"WebSite","@id":"https:\/\/sandzakpress.net\/arhiva\/#website","url":"https:\/\/sandzakpress.net\/arhiva\/","name":"Sand\u017eak PRESS","description":"Prve elektronske novine u Sand\u017eaku","publisher":{"@id":"https:\/\/sandzakpress.net\/arhiva\/#\/schema\/person\/6e72b67d6e51910a1117b3b483ba20bd"},"potentialAction":[{"@type":"SearchAction","target":{"@type":"EntryPoint","urlTemplate":"https:\/\/sandzakpress.net\/arhiva\/?s={search_term_string}"},"query-input":{"@type":"PropertyValueSpecification","valueRequired":true,"valueName":"search_term_string"}}],"inLanguage":"bs-BA"},{"@type":["Person","Organization"],"@id":"https:\/\/sandzakpress.net\/arhiva\/#\/schema\/person\/6e72b67d6e51910a1117b3b483ba20bd","name":"Kul","image":{"@type":"ImageObject","inLanguage":"bs-BA","@id":"https:\/\/sandzakpress.net\/arhiva\/#\/schema\/person\/image\/","url":"https:\/\/secure.gravatar.com\/avatar\/42263f39aa27ac04c43cab85c280eb2e?s=96&d=mm&r=pg","contentUrl":"https:\/\/secure.gravatar.com\/avatar\/42263f39aa27ac04c43cab85c280eb2e?s=96&d=mm&r=pg","caption":"Kul"},"logo":{"@id":"https:\/\/sandzakpress.net\/arhiva\/#\/schema\/person\/image\/"}},{"@type":"Person","@id":"https:\/\/sandzakpress.net\/arhiva\/#\/schema\/person\/c8baee722073534b583ea7bdb2e36c02","name":"bosniak","image":{"@type":"ImageObject","inLanguage":"bs-BA","@id":"https:\/\/sandzakpress.net\/arhiva\/#\/schema\/person\/image\/","url":"https:\/\/secure.gravatar.com\/avatar\/a04fd330bfe3a36a72a0ad4a6d89fca7?s=96&d=mm&r=pg","contentUrl":"https:\/\/secure.gravatar.com\/avatar\/a04fd330bfe3a36a72a0ad4a6d89fca7?s=96&d=mm&r=pg","caption":"bosniak"},"url":"https:\/\/sandzakpress.net\/arhiva\/author\/bosniak\/"}]}},"_links":{"self":[{"href":"https:\/\/sandzakpress.net\/arhiva\/wp-json\/wp\/v2\/posts\/3852"}],"collection":[{"href":"https:\/\/sandzakpress.net\/arhiva\/wp-json\/wp\/v2\/posts"}],"about":[{"href":"https:\/\/sandzakpress.net\/arhiva\/wp-json\/wp\/v2\/types\/post"}],"author":[{"embeddable":true,"href":"https:\/\/sandzakpress.net\/arhiva\/wp-json\/wp\/v2\/users\/83"}],"replies":[{"embeddable":true,"href":"https:\/\/sandzakpress.net\/arhiva\/wp-json\/wp\/v2\/comments?post=3852"}],"version-history":[{"count":0,"href":"https:\/\/sandzakpress.net\/arhiva\/wp-json\/wp\/v2\/posts\/3852\/revisions"}],"wp:featuredmedia":[{"embeddable":true,"href":"https:\/\/sandzakpress.net\/arhiva\/wp-json\/wp\/v2\/media\/3853"}],"wp:attachment":[{"href":"https:\/\/sandzakpress.net\/arhiva\/wp-json\/wp\/v2\/media?parent=3852"}],"wp:term":[{"taxonomy":"category","embeddable":true,"href":"https:\/\/sandzakpress.net\/arhiva\/wp-json\/wp\/v2\/categories?post=3852"},{"taxonomy":"post_tag","embeddable":true,"href":"https:\/\/sandzakpress.net\/arhiva\/wp-json\/wp\/v2\/tags?post=3852"}],"curies":[{"name":"wp","href":"https:\/\/api.w.org\/{rel}","templated":true}]}}