{"id":38052,"date":"2012-04-25T11:51:17","date_gmt":"2012-04-25T09:51:17","guid":{"rendered":"https:\/\/sandzakpress.net\/arhiva\/?p=38052"},"modified":"2012-04-25T11:51:17","modified_gmt":"2012-04-25T09:51:17","slug":"bs-ne-iskljucuje-mogucnost-samostalnog-nastupa-na-predstojecim-parlamentarnim-izborima","status":"publish","type":"post","link":"https:\/\/sandzakpress.net\/arhiva\/bs-ne-iskljucuje-mogucnost-samostalnog-nastupa-na-predstojecim-parlamentarnim-izborima\/","title":{"rendered":"BS ne isklju\u010duje mogu\u0107nost samostalnog nastupa na predstoje\u0107im parlamentarnim izborima"},"content":{"rendered":"<p><strong><a href=\"https:\/\/sandzakpress.net\/arhiva\/wp-content\/uploads\/2012\/04\/rafeth-kabinet.jpg\"><img loading=\"lazy\" decoding=\"async\" class=\"alignleft size-medium wp-image-38053\" title=\"OLYMPUS DIGITAL CAMERA\" src=\"https:\/\/sandzakpress.net\/arhiva\/wp-content\/uploads\/2012\/04\/rafeth-kabinet-300x230.jpg\" alt=\"\" width=\"300\" height=\"230\" \/><\/a>Ju\u017eni Sand\u017eak &#8211; Bo\u0161nja\u010dka stranka ne isklju\u010duje mogu\u0107nost samostalnog nastupa na predstoje\u0107im parlamentarnim izborima, a ukoliko ipak odlu\u010di da bude dio neke koalicije, prvenstveni cilj \u0107e joj biti razvoj op\u0161tina na sjeveru, a ne procenat u\u010de\u0161\u0107a u budu\u0107oj vlasti. To je u razgovoru za \u201eDan\u201d saop\u0161tio lider BS-a i ministar bez potrfelja Rafet Husovi\u0107.<\/strong><\/p>\n<p>&#8211; Kao i svaka partija, i Bo\u0161nja\u010dka stranka razmi\u0161lja o na\u010dinu izlaska na izbore, ali jo\u0161 nijesmo donijeli nikakve konkretne zaklju\u010dke. Izbornim zakonom smo obezbijedili u\u010de\u0161\u0107e u parlamentu. Za manjinske liste je ukinut cenzus od tri odsto, \u0161to je veoma zna\u010dajno. Ostaje pitanje da provjerimo na\u0161 rad kod bira\u010da. Imamo sigurnost da \u0107emo biti zastupljeni u slede\u0107em sazivu Skup\u0161tine. Jo\u0161 je rano da pri\u010damo o tome ho\u0107emo li na parlamentarne izbore iza\u0107i samostalno ili u koaliciji. Ima mjesta za samostalni izlazak, ali i za koaliciju sa nekim od demokratskih partija -kazao je on<\/p>\n<p>Koalicioni sporazum sa DPS-om, po njegovim rije\u010dima, nije u potpunosti realizovan. Husovi\u0107 nagla\u0161ava da to za BS u i\u0161\u010dekivanju narednih parlamentarnih izbora i nije od presudne va\u017enosti.<\/p>\n<p>&#8211; Ako u susret predstoje\u0107im parlamentarnim izborima budemo ulazili u koaliciju, apsolutno \u0107emo se dr\u017eati nekih drugih dogovora. Ne\u0107emo se\u00a0vezati za procente, nego \u0107emo pri\u010dati o zajedni\u010dkim programskim ciljevima. Sjever Crne Gore, gdje Bo\u0161njaci dominantno \u017eive, dosta je nerazvijen. Mora se na\u0107i na\u010din da se o\u017eive privreda, mala i srednja preduze\u0107a na tim podru\u010djima. Vi\u0161e nas interesuje kako da pomognemo svim gra\u0111anima nego u kom procentu \u0107e Bo\u0161nja\u010dka stranka biti zastupljena u vlasti tvrdi Husovi\u0107.<br \/>\nObja\u0161njava da je BS u susret, najvjerovatnije vanrednim, parlamentarnim izborima krenula strana\u010dkim aktivnostima na terenu. Precizira da je poja\u010dan rad strana\u010dkih slu\u017ebi, kao i da su imenovani koordinatori za svaku op\u0161tinu.<\/p>\n<p>&#8211; Koordinatori su imali ve\u0107 nekoliko sastanaka sa op\u0161tinskim odborima. Prave se ozbiljne analize i promjene a ima\u0107emo i povratne informacije od koordinatora kako stojimo u bira\u010dkom tijelu, odnosno kako su gra\u0111ani zadovoljni onim \u0161to je rukovodstvo BS-a uradilo do sada. Evidentno je da smo dobili zna\u010dajan broj novih \u010dlanova, prvenstveno mladih ljudi, koji podr\u017eavaju politiku BS-a i ono \u0161to je rukovodstvo uradilo u ovih \u0161est godina od osnivanja stranke rekao je Husovi\u0107.<\/p>\n<p>Zaklju\u010duje da je BS u me\u0111uvremenu formirala i medija tim koji \u0107e, kako navodi, jo\u0161 profesionalnije nego do sada obavljati svoj posao.<\/p>\n<p>Izvor: <strong>BSCG.me<\/strong><\/p>\n","protected":false},"excerpt":{"rendered":"<p>Ju\u017eni Sand\u017eak &#8211; Bo\u0161nja\u010dka stranka ne isklju\u010duje mogu\u0107nost samostalnog nastupa na predstoje\u0107im parlamentarnim izborima, a ukoliko ipak odlu\u010di da bude dio neke koalicije, prvenstveni cilj \u0107e joj biti razvoj op\u0161tina na sjeveru, a ne procenat u\u010de\u0161\u0107a u budu\u0107oj vlasti. To je u razgovoru za \u201eDan\u201d saop\u0161tio lider BS-a i ministar bez potrfelja Rafet Husovi\u0107. &#8211; [&hellip;]<\/p>\n","protected":false},"author":14,"featured_media":38053,"comment_status":"open","ping_status":"open","sticky":false,"template":"","format":"standard","meta":{"footnotes":""},"categories":[398,1,397,396,395,399],"tags":[],"class_list":{"0":"post-38052","1":"post","2":"type-post","3":"status-publish","4":"format-standard","5":"has-post-thumbnail","7":"category-rozaje","8":"category-politika","9":"category-berane","10":"category-bijelo_polje","11":"category-pljevlja_","12":"category-plav_"},"yoast_head":"<!-- This site is optimized with the Yoast SEO Premium plugin v23.1 (Yoast SEO v24.9) - https:\/\/yoast.com\/wordpress\/plugins\/seo\/ -->\n<title>BS ne isklju\u010duje mogu\u0107nost samostalnog nastupa na predstoje\u0107im parlamentarnim izborima<\/title>\n<meta name=\"robots\" content=\"index, follow, max-snippet:-1, max-image-preview:large, max-video-preview:-1\" \/>\n<link rel=\"canonical\" href=\"https:\/\/sandzakpress.net\/arhiva\/bs-ne-iskljucuje-mogucnost-samostalnog-nastupa-na-predstojecim-parlamentarnim-izborima\/\" \/>\n<meta property=\"og:locale\" content=\"bs_BA\" \/>\n<meta property=\"og:type\" content=\"article\" \/>\n<meta property=\"og:title\" content=\"BS ne isklju\u010duje mogu\u0107nost samostalnog nastupa na predstoje\u0107im parlamentarnim izborima\" \/>\n<meta property=\"og:description\" content=\"Ju\u017eni Sand\u017eak &#8211; Bo\u0161nja\u010dka stranka ne isklju\u010duje mogu\u0107nost samostalnog nastupa na predstoje\u0107im parlamentarnim izborima, a ukoliko ipak odlu\u010di da bude dio neke koalicije, prvenstveni cilj \u0107e joj biti razvoj op\u0161tina na sjeveru, a ne procenat u\u010de\u0161\u0107a u budu\u0107oj vlasti. To je u razgovoru za \u201eDan\u201d saop\u0161tio lider BS-a i ministar bez potrfelja Rafet Husovi\u0107. &#8211; [&hellip;]\" \/>\n<meta property=\"og:url\" content=\"https:\/\/sandzakpress.net\/arhiva\/bs-ne-iskljucuje-mogucnost-samostalnog-nastupa-na-predstojecim-parlamentarnim-izborima\/\" \/>\n<meta property=\"og:site_name\" content=\"Sand\u017eak PRESS\" \/>\n<meta property=\"article:published_time\" content=\"2012-04-25T09:51:17+00:00\" \/>\n<meta property=\"og:image\" content=\"https:\/\/sandzakpress.net\/arhiva\/wp-content\/uploads\/2012\/04\/rafeth-kabinet.jpg\" \/>\n\t<meta property=\"og:image:width\" content=\"616\" \/>\n\t<meta property=\"og:image:height\" content=\"474\" \/>\n\t<meta property=\"og:image:type\" content=\"image\/jpeg\" \/>\n<meta name=\"twitter:card\" content=\"summary_large_image\" \/>\n<meta name=\"twitter:label1\" content=\"Written by\" \/>\n\t<meta name=\"twitter:data1\" content=\"\" \/>\n\t<meta name=\"twitter:label2\" content=\"Est. reading time\" \/>\n\t<meta name=\"twitter:data2\" content=\"2 minute\" \/>\n<script type=\"application\/ld+json\" class=\"yoast-schema-graph\">{\"@context\":\"https:\/\/schema.org\",\"@graph\":[{\"@type\":\"Article\",\"@id\":\"https:\/\/sandzakpress.net\/arhiva\/bs-ne-iskljucuje-mogucnost-samostalnog-nastupa-na-predstojecim-parlamentarnim-izborima\/#article\",\"isPartOf\":{\"@id\":\"https:\/\/sandzakpress.net\/arhiva\/bs-ne-iskljucuje-mogucnost-samostalnog-nastupa-na-predstojecim-parlamentarnim-izborima\/\"},\"author\":{\"name\":\"\",\"@id\":\"\"},\"headline\":\"BS ne isklju\u010duje mogu\u0107nost samostalnog nastupa na predstoje\u0107im parlamentarnim izborima\",\"datePublished\":\"2012-04-25T09:51:17+00:00\",\"mainEntityOfPage\":{\"@id\":\"https:\/\/sandzakpress.net\/arhiva\/bs-ne-iskljucuje-mogucnost-samostalnog-nastupa-na-predstojecim-parlamentarnim-izborima\/\"},\"wordCount\":452,\"commentCount\":0,\"publisher\":{\"@id\":\"https:\/\/sandzakpress.net\/arhiva\/#\/schema\/person\/6e72b67d6e51910a1117b3b483ba20bd\"},\"image\":{\"@id\":\"https:\/\/sandzakpress.net\/arhiva\/bs-ne-iskljucuje-mogucnost-samostalnog-nastupa-na-predstojecim-parlamentarnim-izborima\/#primaryimage\"},\"thumbnailUrl\":\"https:\/\/sandzakpress.net\/arhiva\/wp-content\/uploads\/2012\/04\/rafeth-kabinet.jpg\",\"articleSection\":[\"Ro\u017eaje\",\"Politika\",\"Berane\",\"Bijelo Polje\",\"Pljevlja\",\"Plav\"],\"inLanguage\":\"bs-BA\",\"potentialAction\":[{\"@type\":\"CommentAction\",\"name\":\"Comment\",\"target\":[\"https:\/\/sandzakpress.net\/arhiva\/bs-ne-iskljucuje-mogucnost-samostalnog-nastupa-na-predstojecim-parlamentarnim-izborima\/#respond\"]}]},{\"@type\":\"WebPage\",\"@id\":\"https:\/\/sandzakpress.net\/arhiva\/bs-ne-iskljucuje-mogucnost-samostalnog-nastupa-na-predstojecim-parlamentarnim-izborima\/\",\"url\":\"https:\/\/sandzakpress.net\/arhiva\/bs-ne-iskljucuje-mogucnost-samostalnog-nastupa-na-predstojecim-parlamentarnim-izborima\/\",\"name\":\"BS ne isklju\u010duje mogu\u0107nost samostalnog nastupa na predstoje\u0107im parlamentarnim izborima\",\"isPartOf\":{\"@id\":\"https:\/\/sandzakpress.net\/arhiva\/#website\"},\"primaryImageOfPage\":{\"@id\":\"https:\/\/sandzakpress.net\/arhiva\/bs-ne-iskljucuje-mogucnost-samostalnog-nastupa-na-predstojecim-parlamentarnim-izborima\/#primaryimage\"},\"image\":{\"@id\":\"https:\/\/sandzakpress.net\/arhiva\/bs-ne-iskljucuje-mogucnost-samostalnog-nastupa-na-predstojecim-parlamentarnim-izborima\/#primaryimage\"},\"thumbnailUrl\":\"https:\/\/sandzakpress.net\/arhiva\/wp-content\/uploads\/2012\/04\/rafeth-kabinet.jpg\",\"datePublished\":\"2012-04-25T09:51:17+00:00\",\"breadcrumb\":{\"@id\":\"https:\/\/sandzakpress.net\/arhiva\/bs-ne-iskljucuje-mogucnost-samostalnog-nastupa-na-predstojecim-parlamentarnim-izborima\/#breadcrumb\"},\"inLanguage\":\"bs-BA\",\"potentialAction\":[{\"@type\":\"ReadAction\",\"target\":[\"https:\/\/sandzakpress.net\/arhiva\/bs-ne-iskljucuje-mogucnost-samostalnog-nastupa-na-predstojecim-parlamentarnim-izborima\/\"]}]},{\"@type\":\"ImageObject\",\"inLanguage\":\"bs-BA\",\"@id\":\"https:\/\/sandzakpress.net\/arhiva\/bs-ne-iskljucuje-mogucnost-samostalnog-nastupa-na-predstojecim-parlamentarnim-izborima\/#primaryimage\",\"url\":\"https:\/\/sandzakpress.net\/arhiva\/wp-content\/uploads\/2012\/04\/rafeth-kabinet.jpg\",\"contentUrl\":\"https:\/\/sandzakpress.net\/arhiva\/wp-content\/uploads\/2012\/04\/rafeth-kabinet.jpg\",\"width\":616,\"height\":474},{\"@type\":\"BreadcrumbList\",\"@id\":\"https:\/\/sandzakpress.net\/arhiva\/bs-ne-iskljucuje-mogucnost-samostalnog-nastupa-na-predstojecim-parlamentarnim-izborima\/#breadcrumb\",\"itemListElement\":[{\"@type\":\"ListItem\",\"position\":1,\"name\":\"Home\",\"item\":\"https:\/\/sandzakpress.net\/arhiva\/\"},{\"@type\":\"ListItem\",\"position\":2,\"name\":\"BS ne isklju\u010duje mogu\u0107nost samostalnog nastupa na predstoje\u0107im parlamentarnim izborima\"}]},{\"@type\":\"WebSite\",\"@id\":\"https:\/\/sandzakpress.net\/arhiva\/#website\",\"url\":\"https:\/\/sandzakpress.net\/arhiva\/\",\"name\":\"Sand\u017eak PRESS\",\"description\":\"Prve elektronske novine u Sand\u017eaku\",\"publisher\":{\"@id\":\"https:\/\/sandzakpress.net\/arhiva\/#\/schema\/person\/6e72b67d6e51910a1117b3b483ba20bd\"},\"potentialAction\":[{\"@type\":\"SearchAction\",\"target\":{\"@type\":\"EntryPoint\",\"urlTemplate\":\"https:\/\/sandzakpress.net\/arhiva\/?s={search_term_string}\"},\"query-input\":{\"@type\":\"PropertyValueSpecification\",\"valueRequired\":true,\"valueName\":\"search_term_string\"}}],\"inLanguage\":\"bs-BA\"},{\"@type\":[\"Person\",\"Organization\"],\"@id\":\"https:\/\/sandzakpress.net\/arhiva\/#\/schema\/person\/6e72b67d6e51910a1117b3b483ba20bd\",\"name\":\"Kul\",\"image\":{\"@type\":\"ImageObject\",\"inLanguage\":\"bs-BA\",\"@id\":\"https:\/\/sandzakpress.net\/arhiva\/#\/schema\/person\/image\/\",\"url\":\"https:\/\/secure.gravatar.com\/avatar\/42263f39aa27ac04c43cab85c280eb2e?s=96&d=mm&r=pg\",\"contentUrl\":\"https:\/\/secure.gravatar.com\/avatar\/42263f39aa27ac04c43cab85c280eb2e?s=96&d=mm&r=pg\",\"caption\":\"Kul\"},\"logo\":{\"@id\":\"https:\/\/sandzakpress.net\/arhiva\/#\/schema\/person\/image\/\"}},{\"@type\":\"Person\",\"@id\":\"\",\"url\":\"https:\/\/sandzakpress.net\/arhiva\/author\/\"}]}<\/script>\n<!-- \/ Yoast SEO Premium plugin. -->","yoast_head_json":{"title":"BS ne isklju\u010duje mogu\u0107nost samostalnog nastupa na predstoje\u0107im parlamentarnim izborima","robots":{"index":"index","follow":"follow","max-snippet":"max-snippet:-1","max-image-preview":"max-image-preview:large","max-video-preview":"max-video-preview:-1"},"canonical":"https:\/\/sandzakpress.net\/arhiva\/bs-ne-iskljucuje-mogucnost-samostalnog-nastupa-na-predstojecim-parlamentarnim-izborima\/","og_locale":"bs_BA","og_type":"article","og_title":"BS ne isklju\u010duje mogu\u0107nost samostalnog nastupa na predstoje\u0107im parlamentarnim izborima","og_description":"Ju\u017eni Sand\u017eak &#8211; Bo\u0161nja\u010dka stranka ne isklju\u010duje mogu\u0107nost samostalnog nastupa na predstoje\u0107im parlamentarnim izborima, a ukoliko ipak odlu\u010di da bude dio neke koalicije, prvenstveni cilj \u0107e joj biti razvoj op\u0161tina na sjeveru, a ne procenat u\u010de\u0161\u0107a u budu\u0107oj vlasti. To je u razgovoru za \u201eDan\u201d saop\u0161tio lider BS-a i ministar bez potrfelja Rafet Husovi\u0107. &#8211; [&hellip;]","og_url":"https:\/\/sandzakpress.net\/arhiva\/bs-ne-iskljucuje-mogucnost-samostalnog-nastupa-na-predstojecim-parlamentarnim-izborima\/","og_site_name":"Sand\u017eak PRESS","article_published_time":"2012-04-25T09:51:17+00:00","og_image":[{"width":616,"height":474,"url":"https:\/\/sandzakpress.net\/arhiva\/wp-content\/uploads\/2012\/04\/rafeth-kabinet.jpg","type":"image\/jpeg"}],"twitter_card":"summary_large_image","twitter_misc":{"Written by":"","Est. reading time":"2 minute"},"schema":{"@context":"https:\/\/schema.org","@graph":[{"@type":"Article","@id":"https:\/\/sandzakpress.net\/arhiva\/bs-ne-iskljucuje-mogucnost-samostalnog-nastupa-na-predstojecim-parlamentarnim-izborima\/#article","isPartOf":{"@id":"https:\/\/sandzakpress.net\/arhiva\/bs-ne-iskljucuje-mogucnost-samostalnog-nastupa-na-predstojecim-parlamentarnim-izborima\/"},"author":{"name":"","@id":""},"headline":"BS ne isklju\u010duje mogu\u0107nost samostalnog nastupa na predstoje\u0107im parlamentarnim izborima","datePublished":"2012-04-25T09:51:17+00:00","mainEntityOfPage":{"@id":"https:\/\/sandzakpress.net\/arhiva\/bs-ne-iskljucuje-mogucnost-samostalnog-nastupa-na-predstojecim-parlamentarnim-izborima\/"},"wordCount":452,"commentCount":0,"publisher":{"@id":"https:\/\/sandzakpress.net\/arhiva\/#\/schema\/person\/6e72b67d6e51910a1117b3b483ba20bd"},"image":{"@id":"https:\/\/sandzakpress.net\/arhiva\/bs-ne-iskljucuje-mogucnost-samostalnog-nastupa-na-predstojecim-parlamentarnim-izborima\/#primaryimage"},"thumbnailUrl":"https:\/\/sandzakpress.net\/arhiva\/wp-content\/uploads\/2012\/04\/rafeth-kabinet.jpg","articleSection":["Ro\u017eaje","Politika","Berane","Bijelo Polje","Pljevlja","Plav"],"inLanguage":"bs-BA","potentialAction":[{"@type":"CommentAction","name":"Comment","target":["https:\/\/sandzakpress.net\/arhiva\/bs-ne-iskljucuje-mogucnost-samostalnog-nastupa-na-predstojecim-parlamentarnim-izborima\/#respond"]}]},{"@type":"WebPage","@id":"https:\/\/sandzakpress.net\/arhiva\/bs-ne-iskljucuje-mogucnost-samostalnog-nastupa-na-predstojecim-parlamentarnim-izborima\/","url":"https:\/\/sandzakpress.net\/arhiva\/bs-ne-iskljucuje-mogucnost-samostalnog-nastupa-na-predstojecim-parlamentarnim-izborima\/","name":"BS ne isklju\u010duje mogu\u0107nost samostalnog nastupa na predstoje\u0107im parlamentarnim izborima","isPartOf":{"@id":"https:\/\/sandzakpress.net\/arhiva\/#website"},"primaryImageOfPage":{"@id":"https:\/\/sandzakpress.net\/arhiva\/bs-ne-iskljucuje-mogucnost-samostalnog-nastupa-na-predstojecim-parlamentarnim-izborima\/#primaryimage"},"image":{"@id":"https:\/\/sandzakpress.net\/arhiva\/bs-ne-iskljucuje-mogucnost-samostalnog-nastupa-na-predstojecim-parlamentarnim-izborima\/#primaryimage"},"thumbnailUrl":"https:\/\/sandzakpress.net\/arhiva\/wp-content\/uploads\/2012\/04\/rafeth-kabinet.jpg","datePublished":"2012-04-25T09:51:17+00:00","breadcrumb":{"@id":"https:\/\/sandzakpress.net\/arhiva\/bs-ne-iskljucuje-mogucnost-samostalnog-nastupa-na-predstojecim-parlamentarnim-izborima\/#breadcrumb"},"inLanguage":"bs-BA","potentialAction":[{"@type":"ReadAction","target":["https:\/\/sandzakpress.net\/arhiva\/bs-ne-iskljucuje-mogucnost-samostalnog-nastupa-na-predstojecim-parlamentarnim-izborima\/"]}]},{"@type":"ImageObject","inLanguage":"bs-BA","@id":"https:\/\/sandzakpress.net\/arhiva\/bs-ne-iskljucuje-mogucnost-samostalnog-nastupa-na-predstojecim-parlamentarnim-izborima\/#primaryimage","url":"https:\/\/sandzakpress.net\/arhiva\/wp-content\/uploads\/2012\/04\/rafeth-kabinet.jpg","contentUrl":"https:\/\/sandzakpress.net\/arhiva\/wp-content\/uploads\/2012\/04\/rafeth-kabinet.jpg","width":616,"height":474},{"@type":"BreadcrumbList","@id":"https:\/\/sandzakpress.net\/arhiva\/bs-ne-iskljucuje-mogucnost-samostalnog-nastupa-na-predstojecim-parlamentarnim-izborima\/#breadcrumb","itemListElement":[{"@type":"ListItem","position":1,"name":"Home","item":"https:\/\/sandzakpress.net\/arhiva\/"},{"@type":"ListItem","position":2,"name":"BS ne isklju\u010duje mogu\u0107nost samostalnog nastupa na predstoje\u0107im parlamentarnim izborima"}]},{"@type":"WebSite","@id":"https:\/\/sandzakpress.net\/arhiva\/#website","url":"https:\/\/sandzakpress.net\/arhiva\/","name":"Sand\u017eak PRESS","description":"Prve elektronske novine u Sand\u017eaku","publisher":{"@id":"https:\/\/sandzakpress.net\/arhiva\/#\/schema\/person\/6e72b67d6e51910a1117b3b483ba20bd"},"potentialAction":[{"@type":"SearchAction","target":{"@type":"EntryPoint","urlTemplate":"https:\/\/sandzakpress.net\/arhiva\/?s={search_term_string}"},"query-input":{"@type":"PropertyValueSpecification","valueRequired":true,"valueName":"search_term_string"}}],"inLanguage":"bs-BA"},{"@type":["Person","Organization"],"@id":"https:\/\/sandzakpress.net\/arhiva\/#\/schema\/person\/6e72b67d6e51910a1117b3b483ba20bd","name":"Kul","image":{"@type":"ImageObject","inLanguage":"bs-BA","@id":"https:\/\/sandzakpress.net\/arhiva\/#\/schema\/person\/image\/","url":"https:\/\/secure.gravatar.com\/avatar\/42263f39aa27ac04c43cab85c280eb2e?s=96&d=mm&r=pg","contentUrl":"https:\/\/secure.gravatar.com\/avatar\/42263f39aa27ac04c43cab85c280eb2e?s=96&d=mm&r=pg","caption":"Kul"},"logo":{"@id":"https:\/\/sandzakpress.net\/arhiva\/#\/schema\/person\/image\/"}},{"@type":"Person","@id":"","url":"https:\/\/sandzakpress.net\/arhiva\/author\/"}]}},"_links":{"self":[{"href":"https:\/\/sandzakpress.net\/arhiva\/wp-json\/wp\/v2\/posts\/38052"}],"collection":[{"href":"https:\/\/sandzakpress.net\/arhiva\/wp-json\/wp\/v2\/posts"}],"about":[{"href":"https:\/\/sandzakpress.net\/arhiva\/wp-json\/wp\/v2\/types\/post"}],"author":[{"embeddable":true,"href":"https:\/\/sandzakpress.net\/arhiva\/wp-json\/wp\/v2\/users\/14"}],"replies":[{"embeddable":true,"href":"https:\/\/sandzakpress.net\/arhiva\/wp-json\/wp\/v2\/comments?post=38052"}],"version-history":[{"count":0,"href":"https:\/\/sandzakpress.net\/arhiva\/wp-json\/wp\/v2\/posts\/38052\/revisions"}],"wp:featuredmedia":[{"embeddable":true,"href":"https:\/\/sandzakpress.net\/arhiva\/wp-json\/wp\/v2\/media\/38053"}],"wp:attachment":[{"href":"https:\/\/sandzakpress.net\/arhiva\/wp-json\/wp\/v2\/media?parent=38052"}],"wp:term":[{"taxonomy":"category","embeddable":true,"href":"https:\/\/sandzakpress.net\/arhiva\/wp-json\/wp\/v2\/categories?post=38052"},{"taxonomy":"post_tag","embeddable":true,"href":"https:\/\/sandzakpress.net\/arhiva\/wp-json\/wp\/v2\/tags?post=38052"}],"curies":[{"name":"wp","href":"https:\/\/api.w.org\/{rel}","templated":true}]}}