{"id":37453,"date":"2012-04-18T18:35:20","date_gmt":"2012-04-18T16:35:20","guid":{"rendered":"https:\/\/sandzakpress.net\/arhiva\/?p=37453"},"modified":"2012-04-18T18:35:20","modified_gmt":"2012-04-18T16:35:20","slug":"berane-pozar-u-fabrici-pogrebne-opreme-povrijedeno-nekoliko-osoba","status":"publish","type":"post","link":"https:\/\/sandzakpress.net\/arhiva\/berane-pozar-u-fabrici-pogrebne-opreme-povrijedeno-nekoliko-osoba\/","title":{"rendered":"Berane: Po\u017ear u fabrici pogrebne opreme, povrije\u0111eno nekoliko osoba"},"content":{"rendered":"<p><strong><a href=\"https:\/\/sandzakpress.net\/arhiva\/wp-content\/uploads\/2012\/04\/poza_u_beranama.jpg\"><img loading=\"lazy\" decoding=\"async\" class=\"alignleft size-medium wp-image-37454\" title=\"poza_u_beranama\" src=\"https:\/\/sandzakpress.net\/arhiva\/wp-content\/uploads\/2012\/04\/poza_u_beranama-300x137.jpg\" alt=\"\" width=\"300\" height=\"137\" \/><\/a>Berane &#8211; Po\u017ear koji je jutros izbio u fabrici pogrebne opreme u selu Lu\u017eac kod Berana, lokalizovan je ne\u0161to poslije deset sati, ali vatra jo\u0161 uvijek tinja.<\/strong><\/p>\n<p>Kako javlja agencija Mina povrije\u0111eno je nekoliko osoba, uklju\u010duju\u0107i vlasnika fabrike Milutina \u0160\u0107eki\u0107a, koji je tokom intervencije ga\u0161enja zadobio povrede. Na\u010dalnik slu\u017ebe za\u0161tite \u0110oko Velji\u0107 rekao je da je na ga\u0161enju anga\u017eovano \u010detiri vozila i da su vatrgasci jo\u0161 na terenu.<\/p>\n<p>Izvor: <strong>InternetMontenegro.com<\/strong><\/p>\n","protected":false},"excerpt":{"rendered":"<p>Berane &#8211; Po\u017ear koji je jutros izbio u fabrici pogrebne opreme u selu Lu\u017eac kod Berana, lokalizovan je ne\u0161to poslije deset sati, ali vatra jo\u0161 uvijek tinja. Kako javlja agencija Mina povrije\u0111eno je nekoliko osoba, uklju\u010duju\u0107i vlasnika fabrike Milutina \u0160\u0107eki\u0107a, koji je tokom intervencije ga\u0161enja zadobio povrede. Na\u010dalnik slu\u017ebe za\u0161tite \u0110oko Velji\u0107 rekao je da [&hellip;]<\/p>\n","protected":false},"author":13,"featured_media":37454,"comment_status":"open","ping_status":"open","sticky":false,"template":"","format":"standard","meta":{"footnotes":""},"categories":[397,801],"tags":[],"class_list":{"0":"post-37453","1":"post","2":"type-post","3":"status-publish","4":"format-standard","5":"has-post-thumbnail","7":"category-berane","8":"category-crna_hronika"},"yoast_head":"<!-- This site is optimized with the Yoast SEO Premium plugin v23.1 (Yoast SEO v24.9) - https:\/\/yoast.com\/wordpress\/plugins\/seo\/ -->\n<title>Berane: Po\u017ear u fabrici pogrebne opreme, povrije\u0111eno nekoliko osoba<\/title>\n<meta name=\"robots\" content=\"index, follow, max-snippet:-1, max-image-preview:large, max-video-preview:-1\" \/>\n<link rel=\"canonical\" href=\"https:\/\/sandzakpress.net\/arhiva\/berane-pozar-u-fabrici-pogrebne-opreme-povrijedeno-nekoliko-osoba\/\" \/>\n<meta property=\"og:locale\" content=\"bs_BA\" \/>\n<meta property=\"og:type\" content=\"article\" \/>\n<meta property=\"og:title\" content=\"Berane: Po\u017ear u fabrici pogrebne opreme, povrije\u0111eno nekoliko osoba\" \/>\n<meta property=\"og:description\" content=\"Berane &#8211; Po\u017ear koji je jutros izbio u fabrici pogrebne opreme u selu Lu\u017eac kod Berana, lokalizovan je ne\u0161to poslije deset sati, ali vatra jo\u0161 uvijek tinja. Kako javlja agencija Mina povrije\u0111eno je nekoliko osoba, uklju\u010duju\u0107i vlasnika fabrike Milutina \u0160\u0107eki\u0107a, koji je tokom intervencije ga\u0161enja zadobio povrede. Na\u010dalnik slu\u017ebe za\u0161tite \u0110oko Velji\u0107 rekao je da [&hellip;]\" \/>\n<meta property=\"og:url\" content=\"https:\/\/sandzakpress.net\/arhiva\/berane-pozar-u-fabrici-pogrebne-opreme-povrijedeno-nekoliko-osoba\/\" \/>\n<meta property=\"og:site_name\" content=\"Sand\u017eak PRESS\" \/>\n<meta property=\"article:published_time\" content=\"2012-04-18T16:35:20+00:00\" \/>\n<meta property=\"og:image\" content=\"https:\/\/sandzakpress.net\/arhiva\/wp-content\/uploads\/2012\/04\/poza_u_beranama.jpg\" \/>\n\t<meta property=\"og:image:width\" content=\"616\" \/>\n\t<meta property=\"og:image:height\" content=\"283\" \/>\n\t<meta property=\"og:image:type\" content=\"image\/jpeg\" \/>\n<meta name=\"twitter:card\" content=\"summary_large_image\" \/>\n<meta name=\"twitter:label1\" content=\"Written by\" \/>\n\t<meta name=\"twitter:data1\" content=\"\" \/>\n<script type=\"application\/ld+json\" class=\"yoast-schema-graph\">{\"@context\":\"https:\/\/schema.org\",\"@graph\":[{\"@type\":\"Article\",\"@id\":\"https:\/\/sandzakpress.net\/arhiva\/berane-pozar-u-fabrici-pogrebne-opreme-povrijedeno-nekoliko-osoba\/#article\",\"isPartOf\":{\"@id\":\"https:\/\/sandzakpress.net\/arhiva\/berane-pozar-u-fabrici-pogrebne-opreme-povrijedeno-nekoliko-osoba\/\"},\"author\":{\"name\":\"\",\"@id\":\"\"},\"headline\":\"Berane: Po\u017ear u fabrici pogrebne opreme, povrije\u0111eno nekoliko osoba\",\"datePublished\":\"2012-04-18T16:35:20+00:00\",\"mainEntityOfPage\":{\"@id\":\"https:\/\/sandzakpress.net\/arhiva\/berane-pozar-u-fabrici-pogrebne-opreme-povrijedeno-nekoliko-osoba\/\"},\"wordCount\":95,\"commentCount\":0,\"publisher\":{\"@id\":\"https:\/\/sandzakpress.net\/arhiva\/#\/schema\/person\/6e72b67d6e51910a1117b3b483ba20bd\"},\"image\":{\"@id\":\"https:\/\/sandzakpress.net\/arhiva\/berane-pozar-u-fabrici-pogrebne-opreme-povrijedeno-nekoliko-osoba\/#primaryimage\"},\"thumbnailUrl\":\"https:\/\/sandzakpress.net\/arhiva\/wp-content\/uploads\/2012\/04\/poza_u_beranama.jpg\",\"articleSection\":[\"Berane\",\"Hronika\"],\"inLanguage\":\"bs-BA\",\"potentialAction\":[{\"@type\":\"CommentAction\",\"name\":\"Comment\",\"target\":[\"https:\/\/sandzakpress.net\/arhiva\/berane-pozar-u-fabrici-pogrebne-opreme-povrijedeno-nekoliko-osoba\/#respond\"]}]},{\"@type\":\"WebPage\",\"@id\":\"https:\/\/sandzakpress.net\/arhiva\/berane-pozar-u-fabrici-pogrebne-opreme-povrijedeno-nekoliko-osoba\/\",\"url\":\"https:\/\/sandzakpress.net\/arhiva\/berane-pozar-u-fabrici-pogrebne-opreme-povrijedeno-nekoliko-osoba\/\",\"name\":\"Berane: Po\u017ear u fabrici pogrebne opreme, povrije\u0111eno nekoliko osoba\",\"isPartOf\":{\"@id\":\"https:\/\/sandzakpress.net\/arhiva\/#website\"},\"primaryImageOfPage\":{\"@id\":\"https:\/\/sandzakpress.net\/arhiva\/berane-pozar-u-fabrici-pogrebne-opreme-povrijedeno-nekoliko-osoba\/#primaryimage\"},\"image\":{\"@id\":\"https:\/\/sandzakpress.net\/arhiva\/berane-pozar-u-fabrici-pogrebne-opreme-povrijedeno-nekoliko-osoba\/#primaryimage\"},\"thumbnailUrl\":\"https:\/\/sandzakpress.net\/arhiva\/wp-content\/uploads\/2012\/04\/poza_u_beranama.jpg\",\"datePublished\":\"2012-04-18T16:35:20+00:00\",\"breadcrumb\":{\"@id\":\"https:\/\/sandzakpress.net\/arhiva\/berane-pozar-u-fabrici-pogrebne-opreme-povrijedeno-nekoliko-osoba\/#breadcrumb\"},\"inLanguage\":\"bs-BA\",\"potentialAction\":[{\"@type\":\"ReadAction\",\"target\":[\"https:\/\/sandzakpress.net\/arhiva\/berane-pozar-u-fabrici-pogrebne-opreme-povrijedeno-nekoliko-osoba\/\"]}]},{\"@type\":\"ImageObject\",\"inLanguage\":\"bs-BA\",\"@id\":\"https:\/\/sandzakpress.net\/arhiva\/berane-pozar-u-fabrici-pogrebne-opreme-povrijedeno-nekoliko-osoba\/#primaryimage\",\"url\":\"https:\/\/sandzakpress.net\/arhiva\/wp-content\/uploads\/2012\/04\/poza_u_beranama.jpg\",\"contentUrl\":\"https:\/\/sandzakpress.net\/arhiva\/wp-content\/uploads\/2012\/04\/poza_u_beranama.jpg\",\"width\":616,\"height\":283},{\"@type\":\"BreadcrumbList\",\"@id\":\"https:\/\/sandzakpress.net\/arhiva\/berane-pozar-u-fabrici-pogrebne-opreme-povrijedeno-nekoliko-osoba\/#breadcrumb\",\"itemListElement\":[{\"@type\":\"ListItem\",\"position\":1,\"name\":\"Home\",\"item\":\"https:\/\/sandzakpress.net\/arhiva\/\"},{\"@type\":\"ListItem\",\"position\":2,\"name\":\"Berane: Po\u017ear u fabrici pogrebne opreme, povrije\u0111eno nekoliko osoba\"}]},{\"@type\":\"WebSite\",\"@id\":\"https:\/\/sandzakpress.net\/arhiva\/#website\",\"url\":\"https:\/\/sandzakpress.net\/arhiva\/\",\"name\":\"Sand\u017eak PRESS\",\"description\":\"Prve elektronske novine u Sand\u017eaku\",\"publisher\":{\"@id\":\"https:\/\/sandzakpress.net\/arhiva\/#\/schema\/person\/6e72b67d6e51910a1117b3b483ba20bd\"},\"potentialAction\":[{\"@type\":\"SearchAction\",\"target\":{\"@type\":\"EntryPoint\",\"urlTemplate\":\"https:\/\/sandzakpress.net\/arhiva\/?s={search_term_string}\"},\"query-input\":{\"@type\":\"PropertyValueSpecification\",\"valueRequired\":true,\"valueName\":\"search_term_string\"}}],\"inLanguage\":\"bs-BA\"},{\"@type\":[\"Person\",\"Organization\"],\"@id\":\"https:\/\/sandzakpress.net\/arhiva\/#\/schema\/person\/6e72b67d6e51910a1117b3b483ba20bd\",\"name\":\"Kul\",\"image\":{\"@type\":\"ImageObject\",\"inLanguage\":\"bs-BA\",\"@id\":\"https:\/\/sandzakpress.net\/arhiva\/#\/schema\/person\/image\/\",\"url\":\"https:\/\/secure.gravatar.com\/avatar\/42263f39aa27ac04c43cab85c280eb2e?s=96&d=mm&r=pg\",\"contentUrl\":\"https:\/\/secure.gravatar.com\/avatar\/42263f39aa27ac04c43cab85c280eb2e?s=96&d=mm&r=pg\",\"caption\":\"Kul\"},\"logo\":{\"@id\":\"https:\/\/sandzakpress.net\/arhiva\/#\/schema\/person\/image\/\"}},{\"@type\":\"Person\",\"@id\":\"\",\"url\":\"https:\/\/sandzakpress.net\/arhiva\/author\/\"}]}<\/script>\n<!-- \/ Yoast SEO Premium plugin. -->","yoast_head_json":{"title":"Berane: Po\u017ear u fabrici pogrebne opreme, povrije\u0111eno nekoliko osoba","robots":{"index":"index","follow":"follow","max-snippet":"max-snippet:-1","max-image-preview":"max-image-preview:large","max-video-preview":"max-video-preview:-1"},"canonical":"https:\/\/sandzakpress.net\/arhiva\/berane-pozar-u-fabrici-pogrebne-opreme-povrijedeno-nekoliko-osoba\/","og_locale":"bs_BA","og_type":"article","og_title":"Berane: Po\u017ear u fabrici pogrebne opreme, povrije\u0111eno nekoliko osoba","og_description":"Berane &#8211; Po\u017ear koji je jutros izbio u fabrici pogrebne opreme u selu Lu\u017eac kod Berana, lokalizovan je ne\u0161to poslije deset sati, ali vatra jo\u0161 uvijek tinja. Kako javlja agencija Mina povrije\u0111eno je nekoliko osoba, uklju\u010duju\u0107i vlasnika fabrike Milutina \u0160\u0107eki\u0107a, koji je tokom intervencije ga\u0161enja zadobio povrede. Na\u010dalnik slu\u017ebe za\u0161tite \u0110oko Velji\u0107 rekao je da [&hellip;]","og_url":"https:\/\/sandzakpress.net\/arhiva\/berane-pozar-u-fabrici-pogrebne-opreme-povrijedeno-nekoliko-osoba\/","og_site_name":"Sand\u017eak PRESS","article_published_time":"2012-04-18T16:35:20+00:00","og_image":[{"width":616,"height":283,"url":"https:\/\/sandzakpress.net\/arhiva\/wp-content\/uploads\/2012\/04\/poza_u_beranama.jpg","type":"image\/jpeg"}],"twitter_card":"summary_large_image","twitter_misc":{"Written by":""},"schema":{"@context":"https:\/\/schema.org","@graph":[{"@type":"Article","@id":"https:\/\/sandzakpress.net\/arhiva\/berane-pozar-u-fabrici-pogrebne-opreme-povrijedeno-nekoliko-osoba\/#article","isPartOf":{"@id":"https:\/\/sandzakpress.net\/arhiva\/berane-pozar-u-fabrici-pogrebne-opreme-povrijedeno-nekoliko-osoba\/"},"author":{"name":"","@id":""},"headline":"Berane: Po\u017ear u fabrici pogrebne opreme, povrije\u0111eno nekoliko osoba","datePublished":"2012-04-18T16:35:20+00:00","mainEntityOfPage":{"@id":"https:\/\/sandzakpress.net\/arhiva\/berane-pozar-u-fabrici-pogrebne-opreme-povrijedeno-nekoliko-osoba\/"},"wordCount":95,"commentCount":0,"publisher":{"@id":"https:\/\/sandzakpress.net\/arhiva\/#\/schema\/person\/6e72b67d6e51910a1117b3b483ba20bd"},"image":{"@id":"https:\/\/sandzakpress.net\/arhiva\/berane-pozar-u-fabrici-pogrebne-opreme-povrijedeno-nekoliko-osoba\/#primaryimage"},"thumbnailUrl":"https:\/\/sandzakpress.net\/arhiva\/wp-content\/uploads\/2012\/04\/poza_u_beranama.jpg","articleSection":["Berane","Hronika"],"inLanguage":"bs-BA","potentialAction":[{"@type":"CommentAction","name":"Comment","target":["https:\/\/sandzakpress.net\/arhiva\/berane-pozar-u-fabrici-pogrebne-opreme-povrijedeno-nekoliko-osoba\/#respond"]}]},{"@type":"WebPage","@id":"https:\/\/sandzakpress.net\/arhiva\/berane-pozar-u-fabrici-pogrebne-opreme-povrijedeno-nekoliko-osoba\/","url":"https:\/\/sandzakpress.net\/arhiva\/berane-pozar-u-fabrici-pogrebne-opreme-povrijedeno-nekoliko-osoba\/","name":"Berane: Po\u017ear u fabrici pogrebne opreme, povrije\u0111eno nekoliko osoba","isPartOf":{"@id":"https:\/\/sandzakpress.net\/arhiva\/#website"},"primaryImageOfPage":{"@id":"https:\/\/sandzakpress.net\/arhiva\/berane-pozar-u-fabrici-pogrebne-opreme-povrijedeno-nekoliko-osoba\/#primaryimage"},"image":{"@id":"https:\/\/sandzakpress.net\/arhiva\/berane-pozar-u-fabrici-pogrebne-opreme-povrijedeno-nekoliko-osoba\/#primaryimage"},"thumbnailUrl":"https:\/\/sandzakpress.net\/arhiva\/wp-content\/uploads\/2012\/04\/poza_u_beranama.jpg","datePublished":"2012-04-18T16:35:20+00:00","breadcrumb":{"@id":"https:\/\/sandzakpress.net\/arhiva\/berane-pozar-u-fabrici-pogrebne-opreme-povrijedeno-nekoliko-osoba\/#breadcrumb"},"inLanguage":"bs-BA","potentialAction":[{"@type":"ReadAction","target":["https:\/\/sandzakpress.net\/arhiva\/berane-pozar-u-fabrici-pogrebne-opreme-povrijedeno-nekoliko-osoba\/"]}]},{"@type":"ImageObject","inLanguage":"bs-BA","@id":"https:\/\/sandzakpress.net\/arhiva\/berane-pozar-u-fabrici-pogrebne-opreme-povrijedeno-nekoliko-osoba\/#primaryimage","url":"https:\/\/sandzakpress.net\/arhiva\/wp-content\/uploads\/2012\/04\/poza_u_beranama.jpg","contentUrl":"https:\/\/sandzakpress.net\/arhiva\/wp-content\/uploads\/2012\/04\/poza_u_beranama.jpg","width":616,"height":283},{"@type":"BreadcrumbList","@id":"https:\/\/sandzakpress.net\/arhiva\/berane-pozar-u-fabrici-pogrebne-opreme-povrijedeno-nekoliko-osoba\/#breadcrumb","itemListElement":[{"@type":"ListItem","position":1,"name":"Home","item":"https:\/\/sandzakpress.net\/arhiva\/"},{"@type":"ListItem","position":2,"name":"Berane: Po\u017ear u fabrici pogrebne opreme, povrije\u0111eno nekoliko osoba"}]},{"@type":"WebSite","@id":"https:\/\/sandzakpress.net\/arhiva\/#website","url":"https:\/\/sandzakpress.net\/arhiva\/","name":"Sand\u017eak PRESS","description":"Prve elektronske novine u Sand\u017eaku","publisher":{"@id":"https:\/\/sandzakpress.net\/arhiva\/#\/schema\/person\/6e72b67d6e51910a1117b3b483ba20bd"},"potentialAction":[{"@type":"SearchAction","target":{"@type":"EntryPoint","urlTemplate":"https:\/\/sandzakpress.net\/arhiva\/?s={search_term_string}"},"query-input":{"@type":"PropertyValueSpecification","valueRequired":true,"valueName":"search_term_string"}}],"inLanguage":"bs-BA"},{"@type":["Person","Organization"],"@id":"https:\/\/sandzakpress.net\/arhiva\/#\/schema\/person\/6e72b67d6e51910a1117b3b483ba20bd","name":"Kul","image":{"@type":"ImageObject","inLanguage":"bs-BA","@id":"https:\/\/sandzakpress.net\/arhiva\/#\/schema\/person\/image\/","url":"https:\/\/secure.gravatar.com\/avatar\/42263f39aa27ac04c43cab85c280eb2e?s=96&d=mm&r=pg","contentUrl":"https:\/\/secure.gravatar.com\/avatar\/42263f39aa27ac04c43cab85c280eb2e?s=96&d=mm&r=pg","caption":"Kul"},"logo":{"@id":"https:\/\/sandzakpress.net\/arhiva\/#\/schema\/person\/image\/"}},{"@type":"Person","@id":"","url":"https:\/\/sandzakpress.net\/arhiva\/author\/"}]}},"_links":{"self":[{"href":"https:\/\/sandzakpress.net\/arhiva\/wp-json\/wp\/v2\/posts\/37453"}],"collection":[{"href":"https:\/\/sandzakpress.net\/arhiva\/wp-json\/wp\/v2\/posts"}],"about":[{"href":"https:\/\/sandzakpress.net\/arhiva\/wp-json\/wp\/v2\/types\/post"}],"author":[{"embeddable":true,"href":"https:\/\/sandzakpress.net\/arhiva\/wp-json\/wp\/v2\/users\/13"}],"replies":[{"embeddable":true,"href":"https:\/\/sandzakpress.net\/arhiva\/wp-json\/wp\/v2\/comments?post=37453"}],"version-history":[{"count":0,"href":"https:\/\/sandzakpress.net\/arhiva\/wp-json\/wp\/v2\/posts\/37453\/revisions"}],"wp:featuredmedia":[{"embeddable":true,"href":"https:\/\/sandzakpress.net\/arhiva\/wp-json\/wp\/v2\/media\/37454"}],"wp:attachment":[{"href":"https:\/\/sandzakpress.net\/arhiva\/wp-json\/wp\/v2\/media?parent=37453"}],"wp:term":[{"taxonomy":"category","embeddable":true,"href":"https:\/\/sandzakpress.net\/arhiva\/wp-json\/wp\/v2\/categories?post=37453"},{"taxonomy":"post_tag","embeddable":true,"href":"https:\/\/sandzakpress.net\/arhiva\/wp-json\/wp\/v2\/tags?post=37453"}],"curies":[{"name":"wp","href":"https:\/\/api.w.org\/{rel}","templated":true}]}}