{"id":37166,"date":"2012-04-14T14:06:50","date_gmt":"2012-04-14T12:06:50","guid":{"rendered":"https:\/\/sandzakpress.net\/arhiva\/?p=37166"},"modified":"2012-04-14T14:06:50","modified_gmt":"2012-04-14T12:06:50","slug":"majka-mevlida-jasarevica-oporuka-mog-sina-gledana-je-u-becu-i-prije-napada","status":"publish","type":"post","link":"https:\/\/sandzakpress.net\/arhiva\/majka-mevlida-jasarevica-oporuka-mog-sina-gledana-je-u-becu-i-prije-napada\/","title":{"rendered":"Majka Mevlida Ja\u0161arevi\u0107a: Oporuka mog sina gledana je u Be\u010du i prije napada!"},"content":{"rendered":"<p><strong><a href=\"https:\/\/sandzakpress.net\/arhiva\/wp-content\/uploads\/2012\/04\/thumb.php_3.jpg\"><img loading=\"lazy\" decoding=\"async\" class=\"alignleft size-full wp-image-37167\" title=\"thumb.php\" src=\"https:\/\/sandzakpress.net\/arhiva\/wp-content\/uploads\/2012\/04\/thumb.php_3.jpg\" alt=\"\" width=\"255\" height=\"166\" \/><\/a>Novi Pazar,BiH &#8211; Muamera Hasanovi\u0107, majka Mevlida Ja\u0161arevi\u0107a\u00a0  koji je 28. oktobra pro\u0161le godine napao Ameri\u010dku ambasadu u Sarajevu,  pozvala je ju\u010der iz Austrije, gdje \u017eivi, redakciju na\u0161eg lista nakon \u0161to  je objavljena cjelovita oporuka njenog sina. <\/strong><\/p>\n<p>Ona u svojevrsnoj  ispovijedi ka\u017ee da nije samo njen sin kriv, nego da je &#8220;sve  organizirano&#8221;. Tvrdi da je videooporuka, koju je na\u0161 list ju\u010der objavio,  a u kojoj su iznesene zastra\u0161uju\u0107e prijetnje, gledana u Be\u010du i prije  samog teroristi\u010dkog \u010dina!<\/p>\n<p><strong>Trovanje vode<\/strong><\/p>\n<p>Ja\u0161arevi\u0107 je u oporuci  snimljenoj prije teroristi\u010dkog napada na Ameri\u010dku ambasadu u Sarajevu  objavio rat Njema\u010dkoj prijete\u0107i trovanjem hrane, vode i \u017eivotinja u toj  zemlji.<\/p>\n<p>&#8211; Ja sam ovdje u Be\u010du \u010dula da su se oni sastajali da  gledaju to (oporuku, op. a.) prije nego \u0161to se napad dogodio. Svi su  znali. Srela sam neke od njih koji su me tje\u0161ili, govore\u0107i da ja trebam  biti ponosna na ono \u0161to je on uradio &#8211; ka\u017ee Hasanovi\u0107.<\/p>\n<p>Na na\u0161e pitanje o kome se radi, odgovara: &#8220;Ove neke budale u Austriji, koje nemaju pojma sa \u017eivotom.&#8221;<\/p>\n<p>&#8211; Ja znam samo da on nije sam i da je puno njih to znalo &#8211; dodaje Hasanovi\u0107.<\/p>\n<p>Ona  godinama \u017eivi u Be\u010du, odakle je Ja\u0161arevi\u0107 protjeran 2008. godine. S  radikalnim grupama Ja\u0161arevi\u0107 je do\u0161ao prvi put u kontakt upravo u tom  gradu. Njegova majka ka\u017ee da je spominjao Ned\u017eada Balkana, vo\u0111u  radikalne grupe u Be\u010du, te da je naj\u010de\u0161\u0107e odlazio u d\u017eamije u drugom,  tre\u0107em i 12. okrugu. Na na\u0161e pitanje je li Balkan znao za teroristi\u010dki  napad u Sarajevu, Hasanovi\u0107 odgovara:<\/p>\n<p>&#8211; Ja ne smijem ni\u0161ta da  ka\u017eem. Znam samo da su znali, da su se sastajali ovdje, sjedili su u  lokalima da to svi gledaju, da o\u010dekuju napad na Ambasadu, prije nego \u0161to  je to bilo &#8211; ka\u017ee Hasanovi\u0107.<\/p>\n<p>Isti\u010de da je, kada je vidjela  videooporuku Ja\u0161arevi\u0107a, tek tada shvatila koliko je njeno dijete  zatrovano i &#8220;\u0161ta je sve s njim&#8221;.<\/p>\n<p><strong>Takozvani muslimani<\/strong><\/p>\n<p>Iako  je Ja\u0161arevi\u0107 u oporuci tra\u017eio halal od majke, jer je jo\u0161 prije napada  na Ameri\u010dku ambasadu pretpostavljao da \u0107e vjerovatno poginuti i neki od,  kako ih naziva, &#8220;takozvanih muslimana&#8221;, Hasanovi\u0107 ka\u017ee da &#8220;ne zna ho\u0107e  li mu halaliti&#8221;.<\/p>\n<p>&#8211; On nije nikakav terorista. On nema srca da  nekoga ubije. Da je htio, on bi ubio. Ali, nije. Ne znam \u0161ta ga je  natjeralo da pri\u010da ono \u0161to se mo\u017ee \u010duti u oporuci. Znam samo da on nema  srca da nekoga ubije &#8211; uvjerena je Hasanovi\u0107.<\/p>\n<p><strong>Plakao je kada sam ga kritikovala u zatvoru!<\/strong><\/p>\n<p>Otkako  se dogodio teroristi\u010dki napad na Ambasadu SAD-a, Muamera Hasanovi\u0107 zbog  problema s paso\u0161em samo je jednom posjetila sina u zatvoru. Ima namjeru  da ga posjeti jo\u0161 jednom prije su\u0111enja.<\/p>\n<p>&#8211; Malo sam ga  kritikovala. On je po\u010deo da pla\u010de. Samo to je bilo. Ni\u0161ta mi nije rekao.  Kada sam mu spomenula sina, po\u010deo je jo\u0161 vi\u0161e da pla\u010de. On je mislio da  \u0107e da umre. S ovom situacijom jo\u0161 ne mo\u017ee da iza\u0111e nakraj &#8211; ka\u017ee  Hasanovi\u0107.<\/p>\n<p>Izvor: <strong>DnevniAvaz.ba<\/strong><\/p>\n","protected":false},"excerpt":{"rendered":"<p>Novi Pazar,BiH &#8211; Muamera Hasanovi\u0107, majka Mevlida Ja\u0161arevi\u0107a\u00a0 koji je 28. oktobra pro\u0161le godine napao Ameri\u010dku ambasadu u Sarajevu, pozvala je ju\u010der iz Austrije, gdje \u017eivi, redakciju na\u0161eg lista nakon \u0161to je objavljena cjelovita oporuka njenog sina. Ona u svojevrsnoj ispovijedi ka\u017ee da nije samo njen sin kriv, nego da je &#8220;sve organizirano&#8221;. Tvrdi da [&hellip;]<\/p>\n","protected":false},"author":13,"featured_media":37167,"comment_status":"open","ping_status":"open","sticky":false,"template":"","format":"standard","meta":{"footnotes":""},"categories":[72,2860,801],"tags":[],"class_list":{"0":"post-37166","1":"post","2":"type-post","3":"status-publish","4":"format-standard","5":"has-post-thumbnail","7":"category-novi-pazar","8":"category-bosna-i-hercegovina-gradovi","9":"category-crna_hronika"},"yoast_head":"<!-- This site is optimized with the Yoast SEO Premium plugin v23.1 (Yoast SEO v24.9) - https:\/\/yoast.com\/wordpress\/plugins\/seo\/ -->\n<title>Majka Mevlida Ja\u0161arevi\u0107a: Oporuka mog sina gledana je u Be\u010du i prije napada!<\/title>\n<meta name=\"robots\" content=\"index, follow, max-snippet:-1, max-image-preview:large, max-video-preview:-1\" \/>\n<link rel=\"canonical\" href=\"https:\/\/sandzakpress.net\/arhiva\/majka-mevlida-jasarevica-oporuka-mog-sina-gledana-je-u-becu-i-prije-napada\/\" \/>\n<meta property=\"og:locale\" content=\"bs_BA\" \/>\n<meta property=\"og:type\" content=\"article\" \/>\n<meta property=\"og:title\" content=\"Majka Mevlida Ja\u0161arevi\u0107a: Oporuka mog sina gledana je u Be\u010du i prije napada!\" \/>\n<meta property=\"og:description\" content=\"Novi Pazar,BiH &#8211; Muamera Hasanovi\u0107, majka Mevlida Ja\u0161arevi\u0107a\u00a0 koji je 28. oktobra pro\u0161le godine napao Ameri\u010dku ambasadu u Sarajevu, pozvala je ju\u010der iz Austrije, gdje \u017eivi, redakciju na\u0161eg lista nakon \u0161to je objavljena cjelovita oporuka njenog sina. Ona u svojevrsnoj ispovijedi ka\u017ee da nije samo njen sin kriv, nego da je &#8220;sve organizirano&#8221;. Tvrdi da [&hellip;]\" \/>\n<meta property=\"og:url\" content=\"https:\/\/sandzakpress.net\/arhiva\/majka-mevlida-jasarevica-oporuka-mog-sina-gledana-je-u-becu-i-prije-napada\/\" \/>\n<meta property=\"og:site_name\" content=\"Sand\u017eak PRESS\" \/>\n<meta property=\"article:published_time\" content=\"2012-04-14T12:06:50+00:00\" \/>\n<meta property=\"og:image\" content=\"https:\/\/sandzakpress.net\/arhiva\/wp-content\/uploads\/2012\/04\/thumb.php_3.jpg\" \/>\n\t<meta property=\"og:image:width\" content=\"255\" \/>\n\t<meta property=\"og:image:height\" content=\"166\" \/>\n\t<meta property=\"og:image:type\" content=\"image\/jpeg\" \/>\n<meta name=\"twitter:card\" content=\"summary_large_image\" \/>\n<meta name=\"twitter:label1\" content=\"Written by\" \/>\n\t<meta name=\"twitter:data1\" content=\"\" \/>\n\t<meta name=\"twitter:label2\" content=\"Est. reading time\" \/>\n\t<meta name=\"twitter:data2\" content=\"3 minute\" \/>\n<script type=\"application\/ld+json\" class=\"yoast-schema-graph\">{\"@context\":\"https:\/\/schema.org\",\"@graph\":[{\"@type\":\"Article\",\"@id\":\"https:\/\/sandzakpress.net\/arhiva\/majka-mevlida-jasarevica-oporuka-mog-sina-gledana-je-u-becu-i-prije-napada\/#article\",\"isPartOf\":{\"@id\":\"https:\/\/sandzakpress.net\/arhiva\/majka-mevlida-jasarevica-oporuka-mog-sina-gledana-je-u-becu-i-prije-napada\/\"},\"author\":{\"name\":\"\",\"@id\":\"\"},\"headline\":\"Majka Mevlida Ja\u0161arevi\u0107a: Oporuka mog sina gledana je u Be\u010du i prije napada!\",\"datePublished\":\"2012-04-14T12:06:50+00:00\",\"mainEntityOfPage\":{\"@id\":\"https:\/\/sandzakpress.net\/arhiva\/majka-mevlida-jasarevica-oporuka-mog-sina-gledana-je-u-becu-i-prije-napada\/\"},\"wordCount\":571,\"commentCount\":0,\"publisher\":{\"@id\":\"https:\/\/sandzakpress.net\/arhiva\/#\/schema\/person\/6e72b67d6e51910a1117b3b483ba20bd\"},\"image\":{\"@id\":\"https:\/\/sandzakpress.net\/arhiva\/majka-mevlida-jasarevica-oporuka-mog-sina-gledana-je-u-becu-i-prije-napada\/#primaryimage\"},\"thumbnailUrl\":\"https:\/\/sandzakpress.net\/arhiva\/wp-content\/uploads\/2012\/04\/thumb.php_3.jpg\",\"articleSection\":[\"Novi Pazar\",\"Bosna i Hercegovina\",\"Hronika\"],\"inLanguage\":\"bs-BA\",\"potentialAction\":[{\"@type\":\"CommentAction\",\"name\":\"Comment\",\"target\":[\"https:\/\/sandzakpress.net\/arhiva\/majka-mevlida-jasarevica-oporuka-mog-sina-gledana-je-u-becu-i-prije-napada\/#respond\"]}]},{\"@type\":\"WebPage\",\"@id\":\"https:\/\/sandzakpress.net\/arhiva\/majka-mevlida-jasarevica-oporuka-mog-sina-gledana-je-u-becu-i-prije-napada\/\",\"url\":\"https:\/\/sandzakpress.net\/arhiva\/majka-mevlida-jasarevica-oporuka-mog-sina-gledana-je-u-becu-i-prije-napada\/\",\"name\":\"Majka Mevlida Ja\u0161arevi\u0107a: Oporuka mog sina gledana je u Be\u010du i prije napada!\",\"isPartOf\":{\"@id\":\"https:\/\/sandzakpress.net\/arhiva\/#website\"},\"primaryImageOfPage\":{\"@id\":\"https:\/\/sandzakpress.net\/arhiva\/majka-mevlida-jasarevica-oporuka-mog-sina-gledana-je-u-becu-i-prije-napada\/#primaryimage\"},\"image\":{\"@id\":\"https:\/\/sandzakpress.net\/arhiva\/majka-mevlida-jasarevica-oporuka-mog-sina-gledana-je-u-becu-i-prije-napada\/#primaryimage\"},\"thumbnailUrl\":\"https:\/\/sandzakpress.net\/arhiva\/wp-content\/uploads\/2012\/04\/thumb.php_3.jpg\",\"datePublished\":\"2012-04-14T12:06:50+00:00\",\"breadcrumb\":{\"@id\":\"https:\/\/sandzakpress.net\/arhiva\/majka-mevlida-jasarevica-oporuka-mog-sina-gledana-je-u-becu-i-prije-napada\/#breadcrumb\"},\"inLanguage\":\"bs-BA\",\"potentialAction\":[{\"@type\":\"ReadAction\",\"target\":[\"https:\/\/sandzakpress.net\/arhiva\/majka-mevlida-jasarevica-oporuka-mog-sina-gledana-je-u-becu-i-prije-napada\/\"]}]},{\"@type\":\"ImageObject\",\"inLanguage\":\"bs-BA\",\"@id\":\"https:\/\/sandzakpress.net\/arhiva\/majka-mevlida-jasarevica-oporuka-mog-sina-gledana-je-u-becu-i-prije-napada\/#primaryimage\",\"url\":\"https:\/\/sandzakpress.net\/arhiva\/wp-content\/uploads\/2012\/04\/thumb.php_3.jpg\",\"contentUrl\":\"https:\/\/sandzakpress.net\/arhiva\/wp-content\/uploads\/2012\/04\/thumb.php_3.jpg\",\"width\":255,\"height\":166},{\"@type\":\"BreadcrumbList\",\"@id\":\"https:\/\/sandzakpress.net\/arhiva\/majka-mevlida-jasarevica-oporuka-mog-sina-gledana-je-u-becu-i-prije-napada\/#breadcrumb\",\"itemListElement\":[{\"@type\":\"ListItem\",\"position\":1,\"name\":\"Home\",\"item\":\"https:\/\/sandzakpress.net\/arhiva\/\"},{\"@type\":\"ListItem\",\"position\":2,\"name\":\"Majka Mevlida Ja\u0161arevi\u0107a: Oporuka mog sina gledana je u Be\u010du i prije napada!\"}]},{\"@type\":\"WebSite\",\"@id\":\"https:\/\/sandzakpress.net\/arhiva\/#website\",\"url\":\"https:\/\/sandzakpress.net\/arhiva\/\",\"name\":\"Sand\u017eak PRESS\",\"description\":\"Prve elektronske novine u Sand\u017eaku\",\"publisher\":{\"@id\":\"https:\/\/sandzakpress.net\/arhiva\/#\/schema\/person\/6e72b67d6e51910a1117b3b483ba20bd\"},\"potentialAction\":[{\"@type\":\"SearchAction\",\"target\":{\"@type\":\"EntryPoint\",\"urlTemplate\":\"https:\/\/sandzakpress.net\/arhiva\/?s={search_term_string}\"},\"query-input\":{\"@type\":\"PropertyValueSpecification\",\"valueRequired\":true,\"valueName\":\"search_term_string\"}}],\"inLanguage\":\"bs-BA\"},{\"@type\":[\"Person\",\"Organization\"],\"@id\":\"https:\/\/sandzakpress.net\/arhiva\/#\/schema\/person\/6e72b67d6e51910a1117b3b483ba20bd\",\"name\":\"Kul\",\"image\":{\"@type\":\"ImageObject\",\"inLanguage\":\"bs-BA\",\"@id\":\"https:\/\/sandzakpress.net\/arhiva\/#\/schema\/person\/image\/\",\"url\":\"https:\/\/secure.gravatar.com\/avatar\/42263f39aa27ac04c43cab85c280eb2e?s=96&d=mm&r=pg\",\"contentUrl\":\"https:\/\/secure.gravatar.com\/avatar\/42263f39aa27ac04c43cab85c280eb2e?s=96&d=mm&r=pg\",\"caption\":\"Kul\"},\"logo\":{\"@id\":\"https:\/\/sandzakpress.net\/arhiva\/#\/schema\/person\/image\/\"}},{\"@type\":\"Person\",\"@id\":\"\",\"url\":\"https:\/\/sandzakpress.net\/arhiva\/author\/\"}]}<\/script>\n<!-- \/ Yoast SEO Premium plugin. -->","yoast_head_json":{"title":"Majka Mevlida Ja\u0161arevi\u0107a: Oporuka mog sina gledana je u Be\u010du i prije napada!","robots":{"index":"index","follow":"follow","max-snippet":"max-snippet:-1","max-image-preview":"max-image-preview:large","max-video-preview":"max-video-preview:-1"},"canonical":"https:\/\/sandzakpress.net\/arhiva\/majka-mevlida-jasarevica-oporuka-mog-sina-gledana-je-u-becu-i-prije-napada\/","og_locale":"bs_BA","og_type":"article","og_title":"Majka Mevlida Ja\u0161arevi\u0107a: Oporuka mog sina gledana je u Be\u010du i prije napada!","og_description":"Novi Pazar,BiH &#8211; Muamera Hasanovi\u0107, majka Mevlida Ja\u0161arevi\u0107a\u00a0 koji je 28. oktobra pro\u0161le godine napao Ameri\u010dku ambasadu u Sarajevu, pozvala je ju\u010der iz Austrije, gdje \u017eivi, redakciju na\u0161eg lista nakon \u0161to je objavljena cjelovita oporuka njenog sina. Ona u svojevrsnoj ispovijedi ka\u017ee da nije samo njen sin kriv, nego da je &#8220;sve organizirano&#8221;. Tvrdi da [&hellip;]","og_url":"https:\/\/sandzakpress.net\/arhiva\/majka-mevlida-jasarevica-oporuka-mog-sina-gledana-je-u-becu-i-prije-napada\/","og_site_name":"Sand\u017eak PRESS","article_published_time":"2012-04-14T12:06:50+00:00","og_image":[{"width":255,"height":166,"url":"https:\/\/sandzakpress.net\/arhiva\/wp-content\/uploads\/2012\/04\/thumb.php_3.jpg","type":"image\/jpeg"}],"twitter_card":"summary_large_image","twitter_misc":{"Written by":"","Est. reading time":"3 minute"},"schema":{"@context":"https:\/\/schema.org","@graph":[{"@type":"Article","@id":"https:\/\/sandzakpress.net\/arhiva\/majka-mevlida-jasarevica-oporuka-mog-sina-gledana-je-u-becu-i-prije-napada\/#article","isPartOf":{"@id":"https:\/\/sandzakpress.net\/arhiva\/majka-mevlida-jasarevica-oporuka-mog-sina-gledana-je-u-becu-i-prije-napada\/"},"author":{"name":"","@id":""},"headline":"Majka Mevlida Ja\u0161arevi\u0107a: Oporuka mog sina gledana je u Be\u010du i prije napada!","datePublished":"2012-04-14T12:06:50+00:00","mainEntityOfPage":{"@id":"https:\/\/sandzakpress.net\/arhiva\/majka-mevlida-jasarevica-oporuka-mog-sina-gledana-je-u-becu-i-prije-napada\/"},"wordCount":571,"commentCount":0,"publisher":{"@id":"https:\/\/sandzakpress.net\/arhiva\/#\/schema\/person\/6e72b67d6e51910a1117b3b483ba20bd"},"image":{"@id":"https:\/\/sandzakpress.net\/arhiva\/majka-mevlida-jasarevica-oporuka-mog-sina-gledana-je-u-becu-i-prije-napada\/#primaryimage"},"thumbnailUrl":"https:\/\/sandzakpress.net\/arhiva\/wp-content\/uploads\/2012\/04\/thumb.php_3.jpg","articleSection":["Novi Pazar","Bosna i Hercegovina","Hronika"],"inLanguage":"bs-BA","potentialAction":[{"@type":"CommentAction","name":"Comment","target":["https:\/\/sandzakpress.net\/arhiva\/majka-mevlida-jasarevica-oporuka-mog-sina-gledana-je-u-becu-i-prije-napada\/#respond"]}]},{"@type":"WebPage","@id":"https:\/\/sandzakpress.net\/arhiva\/majka-mevlida-jasarevica-oporuka-mog-sina-gledana-je-u-becu-i-prije-napada\/","url":"https:\/\/sandzakpress.net\/arhiva\/majka-mevlida-jasarevica-oporuka-mog-sina-gledana-je-u-becu-i-prije-napada\/","name":"Majka Mevlida Ja\u0161arevi\u0107a: Oporuka mog sina gledana je u Be\u010du i prije napada!","isPartOf":{"@id":"https:\/\/sandzakpress.net\/arhiva\/#website"},"primaryImageOfPage":{"@id":"https:\/\/sandzakpress.net\/arhiva\/majka-mevlida-jasarevica-oporuka-mog-sina-gledana-je-u-becu-i-prije-napada\/#primaryimage"},"image":{"@id":"https:\/\/sandzakpress.net\/arhiva\/majka-mevlida-jasarevica-oporuka-mog-sina-gledana-je-u-becu-i-prije-napada\/#primaryimage"},"thumbnailUrl":"https:\/\/sandzakpress.net\/arhiva\/wp-content\/uploads\/2012\/04\/thumb.php_3.jpg","datePublished":"2012-04-14T12:06:50+00:00","breadcrumb":{"@id":"https:\/\/sandzakpress.net\/arhiva\/majka-mevlida-jasarevica-oporuka-mog-sina-gledana-je-u-becu-i-prije-napada\/#breadcrumb"},"inLanguage":"bs-BA","potentialAction":[{"@type":"ReadAction","target":["https:\/\/sandzakpress.net\/arhiva\/majka-mevlida-jasarevica-oporuka-mog-sina-gledana-je-u-becu-i-prije-napada\/"]}]},{"@type":"ImageObject","inLanguage":"bs-BA","@id":"https:\/\/sandzakpress.net\/arhiva\/majka-mevlida-jasarevica-oporuka-mog-sina-gledana-je-u-becu-i-prije-napada\/#primaryimage","url":"https:\/\/sandzakpress.net\/arhiva\/wp-content\/uploads\/2012\/04\/thumb.php_3.jpg","contentUrl":"https:\/\/sandzakpress.net\/arhiva\/wp-content\/uploads\/2012\/04\/thumb.php_3.jpg","width":255,"height":166},{"@type":"BreadcrumbList","@id":"https:\/\/sandzakpress.net\/arhiva\/majka-mevlida-jasarevica-oporuka-mog-sina-gledana-je-u-becu-i-prije-napada\/#breadcrumb","itemListElement":[{"@type":"ListItem","position":1,"name":"Home","item":"https:\/\/sandzakpress.net\/arhiva\/"},{"@type":"ListItem","position":2,"name":"Majka Mevlida Ja\u0161arevi\u0107a: Oporuka mog sina gledana je u Be\u010du i prije napada!"}]},{"@type":"WebSite","@id":"https:\/\/sandzakpress.net\/arhiva\/#website","url":"https:\/\/sandzakpress.net\/arhiva\/","name":"Sand\u017eak PRESS","description":"Prve elektronske novine u Sand\u017eaku","publisher":{"@id":"https:\/\/sandzakpress.net\/arhiva\/#\/schema\/person\/6e72b67d6e51910a1117b3b483ba20bd"},"potentialAction":[{"@type":"SearchAction","target":{"@type":"EntryPoint","urlTemplate":"https:\/\/sandzakpress.net\/arhiva\/?s={search_term_string}"},"query-input":{"@type":"PropertyValueSpecification","valueRequired":true,"valueName":"search_term_string"}}],"inLanguage":"bs-BA"},{"@type":["Person","Organization"],"@id":"https:\/\/sandzakpress.net\/arhiva\/#\/schema\/person\/6e72b67d6e51910a1117b3b483ba20bd","name":"Kul","image":{"@type":"ImageObject","inLanguage":"bs-BA","@id":"https:\/\/sandzakpress.net\/arhiva\/#\/schema\/person\/image\/","url":"https:\/\/secure.gravatar.com\/avatar\/42263f39aa27ac04c43cab85c280eb2e?s=96&d=mm&r=pg","contentUrl":"https:\/\/secure.gravatar.com\/avatar\/42263f39aa27ac04c43cab85c280eb2e?s=96&d=mm&r=pg","caption":"Kul"},"logo":{"@id":"https:\/\/sandzakpress.net\/arhiva\/#\/schema\/person\/image\/"}},{"@type":"Person","@id":"","url":"https:\/\/sandzakpress.net\/arhiva\/author\/"}]}},"_links":{"self":[{"href":"https:\/\/sandzakpress.net\/arhiva\/wp-json\/wp\/v2\/posts\/37166"}],"collection":[{"href":"https:\/\/sandzakpress.net\/arhiva\/wp-json\/wp\/v2\/posts"}],"about":[{"href":"https:\/\/sandzakpress.net\/arhiva\/wp-json\/wp\/v2\/types\/post"}],"author":[{"embeddable":true,"href":"https:\/\/sandzakpress.net\/arhiva\/wp-json\/wp\/v2\/users\/13"}],"replies":[{"embeddable":true,"href":"https:\/\/sandzakpress.net\/arhiva\/wp-json\/wp\/v2\/comments?post=37166"}],"version-history":[{"count":0,"href":"https:\/\/sandzakpress.net\/arhiva\/wp-json\/wp\/v2\/posts\/37166\/revisions"}],"wp:featuredmedia":[{"embeddable":true,"href":"https:\/\/sandzakpress.net\/arhiva\/wp-json\/wp\/v2\/media\/37167"}],"wp:attachment":[{"href":"https:\/\/sandzakpress.net\/arhiva\/wp-json\/wp\/v2\/media?parent=37166"}],"wp:term":[{"taxonomy":"category","embeddable":true,"href":"https:\/\/sandzakpress.net\/arhiva\/wp-json\/wp\/v2\/categories?post=37166"},{"taxonomy":"post_tag","embeddable":true,"href":"https:\/\/sandzakpress.net\/arhiva\/wp-json\/wp\/v2\/tags?post=37166"}],"curies":[{"name":"wp","href":"https:\/\/api.w.org\/{rel}","templated":true}]}}