{"id":36845,"date":"2012-04-12T10:53:15","date_gmt":"2012-04-12T08:53:15","guid":{"rendered":"https:\/\/sandzakpress.net\/arhiva\/?p=36845"},"modified":"2012-04-12T13:00:41","modified_gmt":"2012-04-12T11:00:41","slug":"muamer-zukorlic-ja-ne-razmatram-nista-osim-pobjednicke-varijante","status":"publish","type":"post","link":"https:\/\/sandzakpress.net\/arhiva\/muamer-zukorlic-ja-ne-razmatram-nista-osim-pobjednicke-varijante\/","title":{"rendered":"Muamer Zukorli\u0107: Ja ne razmatram ni\u0161ta osim pobjedni\u010dke varijante"},"content":{"rendered":"<p><strong><a href=\"https:\/\/sandzakpress.net\/arhiva\/wp-content\/uploads\/2012\/04\/muftija-predsjednik-srbije1-11.jpg\"><img loading=\"lazy\" decoding=\"async\" class=\"alignleft size-medium wp-image-36849\" title=\"muftija-predsjednik-srbije1 (1)\" src=\"https:\/\/sandzakpress.net\/arhiva\/wp-content\/uploads\/2012\/04\/muftija-predsjednik-srbije1-11-236x300.jpg\" alt=\"\" width=\"236\" height=\"300\" \/><\/a>Sjeverni Sand\u017eak &#8211; U intervjuu za Klix.ba Zukorli\u0107 govori o razlozima ulaska u politiku, o  svojim politi\u010dkim protivnicima, politi\u010dkom programu, kao i o  o\u010dekivanjima od predstoje\u0107ih izbora. <\/strong><\/p>\n<p>Uvjeren je da \u0107e bira\u010di u Srbiji  prepoznati njegov program i dati mu svoj glas. U razgovoru za na\u0161 portal  Zukorli\u0107 ka\u017ee da ne vidi ni\u0161ta sporno u tome \u0161to se kao vjerski  poglavar upu\u0161ta u predizbornu utrku, kao i to da se nada da slu\u017eba u  Islamskoj zajednici ne\u0107e biti razlog zbog kojeg ga glasa\u010di ne bi  podr\u017eali. Zukorli\u0107 ka\u017ee da se nada da \u0107e u drugi krug izbora sa  Tomislavom Nikoli\u0107em, a u tom slu\u010daju o\u010dekuje podr\u0161ku dosada\u0161njeg  predsjednika Srbije Borisa Tadi\u0107a, jer &#8220;dobro treba vratiti dobrim&#8221;.<!--more--><\/p>\n<p><strong>Prvi ste vjerski poglavar koji se upu\u0161ta u utrku za mjesto  predsjednika dr\u017eave, bar kada je u pitanju Srbija. Dakle, vjerski  poglavar koji se upu\u0161ta u duel s politi\u010darama, sada je to i formalno.  Kandidatura nije neo\u010dekivana, \u0161to ste i sami rekli. Zbog \u010dega je trebalo  ili bilo nu\u017eno da se aktivno uklju\u010dite u politi\u010dki \u017eivot Srbije?<\/strong><\/p>\n<p>Odluka da se kandidujem za predsjednika Srbije je prevashodno  moralno-civilizacijski \u010din, jer ne mogu sebi dopustiti da posjedujem  cjelovit program za sklad dr\u017eava i dru\u0161tva, a da to ne ponudim, ve\u0107 da  posmatram propadanje dru\u0161tva na svim nivoima. Po\u0161ao sam od toga, svakako  da sam u vidu imao i neposredne potrebe pripadnika islamske zajednice i  \u010dlanove bo\u0161nja\u010dke zajednice, kao i sve druge ugro\u017eene u ovoj dr\u017eavi i  to je najbolji na\u010din da im ponudim mapu puta za izlazak iz stanja u  kojem se nalazimo.<\/p>\n<p><strong>Rekli ste da \u0107ete ponuditi \u201cautenti\u010dan program spasa prihvatljiv za  sve gra\u0111ane Srbije\u201d. Za\u0161to mislite da \u0107e gra\u0111ani Srbije vas gledati kao  prihvatljivog lidera zemlje?<\/strong><\/p>\n<p>Moj program je za sada jedini autenti\u010dan i cjelovit. Sve ovo \u0161to su do  sada ponudili moji protivkandidati je recikla\u017ea ideja posljednjih  dvadesetak godina. Moj program je tu u izuzetnoj prednosti, jer sadr\u017ei  su\u0161tinske kvalitete i novine koje trenutno ne mo\u017eete \u010duti od ostalih  kandidata. Osnovna poruka mog programa je zajedni\u010dka rije\u010d, koja  interpretira zajedni\u010dku vrijednost oko koje se mogu okupiti svi gra\u0111ani  Srbije. Zapravo, nedostatak zajedni\u010dkih vrijednosti je uvijek razlog  konflikta, a on dovodi do ratova, ratovi do katastrofa, a posljedice  toga traju dugo i dru\u0161tvo propada.<\/p>\n<p>Moje polazi\u0161te je zajedni\u010dka vrijednost kao vjera u jednog Boga, \u0161to je  za cjelokupno dru\u0161tvo u Srbiji prihvatljivo, jer se ono na popisu u 99  procenata izjasnilo kao vjerni\u010dko. Preferiraju\u0107i zajedni\u010dku rije\u010d vjere u  jednog Boga, ne ulazim u razlike religijskih percepcija vjere u jednog  Boga, ve\u0107 to vidim kao temeljnu vrijednost okupljanja. Drugi osnov za  okupljanje oko zajedni\u010dke rije\u010di jesu univerzalne moralne vrijednosti,  jer je Srbiji potreban temeljit preporod moralnih vrijednosti, jer je  stanje sada takvo da je Srbija svjetski rekorder u unutarporodi\u010dnim  ubistvima. Na dan kada sam objavio kandidaturu samo do podne je \u010detvero  ljudi u Beogradu sko\u010dilo sa razli\u010ditih zgrada. Dakle, to je ve\u0107 postalo  nesno\u0161ljivo stanje i tu je potreban program koji iskreno predstavlja  temelj obnove koja bi nastupila i u drugim, vi\u0161e \u017eivotnim segmentima, tu  mislim na preporod u kulturi, zatim u privredi, koji bi se tako\u0111er  bazirao na ovim duhovno-moralnim vrijednostima. Ne mo\u017eete do kraja i  autenti\u010dno sprovesti borbu protiv korupcije i kriminala, ako to nije  moralno-duhovno uvjerenje kojem \u0107ete do kraja ostati dosljedni.<\/p>\n<p>Sve \u0161to \u010dujemo danas o borbi protiv korupcije i kriminala je tako  blijedo i zvu\u010di demago\u0161ki, da ni oni koji govore o tome ne vjeruju u to.  Ja sam kroz dosada\u0161nje djelovanje dokazao da sam neprijatelj kriminala i  korupcije, i to dosljedan. S druge strane, moja ponuda u pogledu  reafirmacije i revizije me\u0111unarodnih odnosa Srbije je tako\u0111er u  prednosti. Moja pobjeda bi na zapadu bila shva\u0107ena kao novi kapacitet  tolerancije u Srbiji, u regionalnim odnosima niko ne mo\u017ee ponuditi  platformu stabilizacije odnosa i pomirenja sa kom\u0161ijama, prije svega sa  Bo\u0161njacima i Albancima, nego \u0161to sam ja u prilici. Prednost mog programa  je i u unapre\u0111enju odnosa Srbije sa muslimanskim zemljama. Srbija sada  gotovo nema odnos sa tim zemljama i nema drugog kandidata osim mene koji  bi mogao popraviti to stanje. To bi itekako bilo va\u017eno za rje\u0161avanje  ekonomske krize, jer Srbija \u0107e biti u prilici da koristi EU fondove, ali  zbog recesije u Evropi nema prostora da se mo\u017ee dobiti svje\u017e i  zna\u010dajniji kapital, \u0161to je sa Istokom ipak druga\u010dije. Vjerujem da \u0107e  program koji ja nudim biti prepoznat i da \u0107e biti ja\u010di od predrasuda  zbog ahmedije na mojoj glavi, kao i zbog vjerske funkcije.<\/p>\n<p><strong>Mnogi ka\u017eu da ste vi ve\u0107 sada ionako stvarni lider Bo\u0161nja\u010dke  demokratske zajdnice u Sand\u017eaku. Ho\u0107ete li biti kandidat u ime te  stranke na izborima ili idete kao nezavisni kandidat?<\/strong><\/p>\n<p>Ve\u0107 je potpisan ugovor u Osnovnom sudu u Novom Pazaru, gdje je grupa  gra\u0111ana mene zvani\u010dno kandidirala za predsjednika, tako da sam ja  nezavisni kandidat. Ja sam svakako ve\u0107 dobio i podr\u0161ku Bo\u0161nja\u010dke  demokratske zajednice i podr\u0161ku jo\u0161 nekoliko civilnih organizacija, a  o\u010dekujem i podr\u0161ku nekih drugih politi\u010dkih faktora. Dakle, nema nikakve  sumnje da moja ponuda nadilazi zna\u010daj ili gabarite bilo koje politi\u010dke  partije, jer ja se nudim svim gra\u0111anima Srbije. Nema nikave sumnje da \u0107e  Bo\u0161nja\u010dka demokratska zajednica imati neke politi\u010dke koristi na  lokalnom i parlamentarnom nivou od podr\u0161ke meni kao predsjedni\u010dkom  kandidatu, ali to je \u0161ansa i da druge stranke, koje me budu podr\u017eale,  imaju koristi na ovim izborima za svoje liste.<\/p>\n<p><strong>Kada je u pitanju va\u0161a kandidatura, odnosno glasovi koje \u0107ete dobiti,  neki smatraju da \u0107e oni biti odlu\u010duju\u0107i u drugom krugu izbora, odnosno  da \u0107ete s kandidatima koji pro\u0111u u drugi krug trgovati, drugim rije\u010dima  pozvati svoje glasa\u010de da daju glas onom kandidatu kojem vi to budete  \u017eeljeli?<\/strong><\/p>\n<p>Ja svakako o\u010dekujem da budem u drugom krugu. Pretpostavka, pa i \u017eelja je  da se u drugom krugu suo\u010dim sa Tomislavom Nikoli\u0107em, a u tom slu\u010daju  bih zatra\u017eio podr\u0161ku Borisa Tadi\u0107a koga sam ja podr\u017eao dva puta na  proteklim izborima, on je i pobijedio na osnovu bo\u0161nja\u010dkih glasova i  sada bi mi to trebao vratiti, prosto na dobro uzvratiti dobrim. U svakom  slu\u010daju, ono u \u0161ta sam siguran jeste da glasovi koje dobijem, u bilo  kojoj kombinaciji, ne\u0107e mo\u0107i oti\u0107i u ne\u0161to \u0161to bi bilo suprotno od  programa koji nudim i na kojem dobijam te glasove. Glasa\u010di ne smiju biti  iznevjereni.<\/p>\n<p><strong>Rasim Ljaji\u0107 smatra da \u0107e njegova partija odnijeti apsolutnu pobjedu u  Sand\u017eaku, \u010dije glasove i vi o\u010dekujete. Mo\u017eete li to prokomentarisati?<\/strong><\/p>\n<p>Rasim Ljaji\u0107 zna da ne\u0107e pobijediti, ne samo da ne\u0107e pobijediti, ve\u0107 da  su njegove \u0161anse da uzme iole zna\u010dajan broj glasova nikakve. To ovdje  znaju i mala djeca. Prave\u0107i svoju parlamentarnu listu sa Borisom Tadi\u0107em  on iz Sand\u017eaka tu ima samo sebe, iako je sada diskutabilno to da li  mo\u017ee biti predstavnik Sand\u017eaka poslije dugog boravka u Beogradu. Od  jedan do sto, na toj listi za poslanike u Parlamentu, je samo on, a od  sto do dvjesto je njegova sekretarica, oni su jedini predstavnici  Sand\u017eaka na listi. Prema tome, on nema nikoga vi\u0161e sa prostora Sand\u017eaka,  to zna\u010di da ne ra\u010duna na sand\u017ea\u010dke glasove. Njegova uloga u Sand\u017eaku  jeste da poku\u0161a osujetiti na\u0161 utjecaj i da pomogne Ugljaninu ( Sulejman  Ugljanin, predsjednik Stranke demokratske akcije Sand\u017eaka op. a.) dobije  neke glasove, ra\u010dunaju\u0107i na to da je svakako gubitnik i da \u017ertvuje sebe  u Sand\u017eaku. On i Ugljanin sada igraju zajedno i to je svakako  beogradska opcija, oni poku\u0161avaju na taj na\u010din ubla\u017eiti aspekte  sand\u017ea\u010dkog bloka na lokalnim i parlamentarnim izborima, \u0161to mislim da  ne\u0107e imati apsolutno nikavog efekta. No, znate i sami da politi\u010dari pred  izbore pri\u010daju sve i sva\u0161ta, osim toga, 6. maja \u0107e se pokazati prava  istina. Znate da su prije dvije godine bili izbori za Bo\u0161nja\u010dko  nacionalno vije\u0107e i da tada nije uspio dobiti ni\u0161ta vi\u0161e od 10 posto  glasova. Od tada se njegovo glasa\u010dko tijelo jo\u0161 znatnije osulo.<\/p>\n<p><strong>Kada smo ve\u0107 kod Ljaji\u0107a, on je tako\u0111er prije nekoliko dana izjavio  da je va\u0161a kandidatura za predsjednika Srbije skandalozna i, \u0161tavi\u0161e,  \u0161tetna za Islamski zajednicu. Va\u0161u kandidaturu je zapravo nazvao li\u010dnim  interesom za stjecanje materijalnih dobara.<\/strong><\/p>\n<p>On je bio histeri\u010dan u svojim komentarima, ja to razumijem, jer oni  znaju znaju da su mojom kandidaturom njima potpuno zatvorena vrata da  uzmu i neki glas u Sand\u017eaku, pa makar i za predsjedni\u010dke izbore. Svakako  da je to posljedica jednog takvog odnosa i potpuno besmislenih izjava,  koje nemaju \u010dak ni veze jedna s drugom. Skandalozno je to \u0161to on ustvari  tuma\u010di interes Islamske zajednice. Taj interes tuma\u010de organi IZ, i mi  tu sada imamo kona\u010dan odgovor. Jednoglasan je stav Me\u0161ihata, kao i  Sveop\u0107eg sabora IZ ovdje u Srbiji, koji su prekju\u010der i ju\u010der dali svoju  rije\u010d i podr\u017eali moju kandidaturu. Zapravo, Ljaji\u0107evo tuma\u010denje toga \u0161ta  je interes IZ govori o tome da je i on bio u savezu sa onima koji su  nastojali razbiti IZ i onda vladati, te da \u0107e ustvari moja kandidatura  dovesti do neke vrste prebrojavanja koje \u0107e ovjeriti dru\u0161tveni utjecaj  mene li\u010dno i povjerenja koje u\u017eivam kod gra\u0111ana.<\/p>\n<p><strong>Ispravite me ako grije\u0161im, ali Islamska zajednica ima odre\u0111eni propis  koji ka\u017ee da vjerski poglavari trebaju prestati obna\u0161ati tu funkciju  ukoliko u\u0111u u politiku. Vi uprkos tome ostajete na poziciji muftije?<\/strong><\/p>\n<p>To se prije svega odnosi na strana\u010dku politiku i taj propis i mi  po\u0161tujemo. Imali smo nedavno situaciju kada su dvojica mojih vrlo  bliskih saradnika pristupili Bo\u0161nja\u010dkoj demokratskoj zajednici i  podnijeli su ostavke na svoje vjerske funkcije. \u0160to se ti\u010de moje  kandidature, to kao prvo nije strana\u010dka funkcija, a drugo nije nikakva  funkcija, to je samo kandidatura. To va\u0161e pitanje postaje aktuelno ako  pobijedim u utrci za predsjednika Srbije. U tom slu\u010daju svakako ne mogu  biti i muftija i predsjednik Srbije i u tom slu\u010daju bih se povukao sa  pozicije muftije  pa bi sve dileme bile eliminisane. To se pitanje  prosto ne otvara samom kandidaturom, ve\u0107 dobivenom funkcijom.<\/p>\n<p><strong>Sude\u0107i prema dosada\u0161njim izjavama, kako va\u0161im, a za neke cijenim da  su bile veoma o\u0161tre, tako i izjavama drugih politi\u010dkih aktera,  prvenstveno mislim na one unutar bo\u0161nja\u010dkog korpusa, mo\u017ee li se  zaklju\u010diti da \u0107e borba za glasove biti krajnje bespo\u0161tedna?<\/strong><\/p>\n<p>To da je moja retorika o\u0161tra, to se mo\u017ee \u010duti jedino od nekih  beogradskih medija i to ne stoji. Moja retorika je adekvatna i onda kada  zahtijeva da se podigne ton, do toga i do\u0111e, kada situacija to ne  zahtjeva onda se govori sasvim mirno. Ne odlu\u010dujem ja kada to treba, ve\u0107  prosto okolnosti u kojim se izja\u0161njavam. Moja kampanja \u0107e biti izuzetno  afirmativna, jer, kao \u0161to sam ve\u0107 rekao, vodim program koji drugi  nemaju i nemam potrebu da udaram na svoje protivnike, ve\u0107 je dovoljno da  dobijem priliku da predstavim svoj program. Ne\u0107e biti te\u0161ko na osnovu  toga zaklju\u010diti da je moj program toliko kvalitetan da prosto zaslu\u017euje  podr\u0161ku. U tom pogledu nemam potrebu da vodim zapaljivu i o\u0161tru  kampanju.<\/p>\n<p><strong>\u0160ta vi zamjerate svojim politi\u010dkim protivnicima, evo konkretno Borisu  Tadi\u0107u, jer i sami ka\u017eete da ste ga ranije podr\u017eali u kandidaturi za  predsjednika Srbije?<\/strong><\/p>\n<p>Boris Tadi\u0107 je, prije svega, prevario Bo\u0161njake. Dva puta je dobio  glasove na obe\u0107anjima, a nijedno od obe\u0107anja nije ispunio. On je javno,  izme\u0111u ostalog i u Sava centru, kazao da \u0107e nakon pobjede Islamskoj  zajednici osigurati jedinstvo i garantovati joj pravo da mo\u017ee biti  vezana za Sarajevo, kao \u0161to je Srpska pravoslavna crkva u Bosni I  Hercegovini vezana za Beograd, poslije toga, ne samo da nismo dobili  podr\u0161ku za jedinstvo, ve\u0107 je nastavljena opstrukcija kao i ranije za  vrijeme Ko\u0161tunice i drugih. \u0160to se ti\u010de onoga \u0161to je Tadi\u0107 op\u0107enito  uradio za gra\u0111ane, od toga isto nije bilo ni\u0161ta. On je na prvim izborima  obe\u0107ao 500.000 radnih mjesta, na drugim 200.000, a pritom smo  ustvari  dobili samo milion nezaposlenih u ta njegova dva mandata. Su\u0161tina  njegove retorike, a i ostalih kandidata je jedna licemjerna pri\u010da o  Evropi i licemjerni pla\u010d nad Kosovom, a onda pomalo i nekih trikova  obilaska nekih \u0161tala i milovanja teladi te demago\u0161ke pri\u010de o socijalnom  programu i posjete gladnim radnicima. Oni koji su 20 godina na  politi\u010dkoj sceni vi\u0161e nemaju pravo obe\u0107avati, sada moraju podnijeti  izvje\u0161taj javnosti, a u njemu nemaju \u0161ta da ka\u017eu.<\/p>\n<p><strong>Hipoteti\u010dki, postavimo stvari tako da u drugi krug za predsjednika  Srbije u\u0111u Boris Tadi\u0107 i Tomislav Nikoli\u0107, koga biste tada podr\u017eali,  odnosno za koga bi glasali va\u0161i bira\u010di?<\/strong><\/p>\n<p>Ja ne razmatram ni\u0161ta osim pobjedni\u010dke varijante. Na kraju krajeva,  takve sam prirode i evo 20 godina uglavnom razmatram pobjedni\u010dke  varijante. U svakom slu\u010daju djelimi\u010dno sam odgovorio na to pitanje.  Dakle, ono \u0161to je sigurno je to da ne\u0107u dopustiti da na bilo koji na\u010din  povjerenje mojih glasa\u010da bude iznevjereno. Bilo kakve projekcije da budu  to \u0107e biti podre\u0111eno su\u0161tini programa na kojem \u0107u dobiti glasove.<\/p>\n<p><strong>O\u010dekujete li glasove od gra\u0111ana BiH porijeklom iz Srbije i za\u0161to bi oni trebali glasati za vas?<\/strong><\/p>\n<p>Oni imaju svoju gra\u0111ansku du\u017enost da glasaju, a ako glasaju, onda treba  dati glas onome ko \u0107e pokrenuti proces naprijed, a ne zadr\u017eati agoniju.  Glasati za bilo kojeg kandidata osim mene zna\u010di zadr\u017eati sada\u0161nje  stanje, \u0161to je pat pozicija u najpozitivnijem smislu, a u  najnegativnijem je propadanje.<\/p>\n<p><strong>Izvor: KLIX.ba<\/strong><\/p>\n","protected":false},"excerpt":{"rendered":"<p>Sjeverni Sand\u017eak &#8211; U intervjuu za Klix.ba Zukorli\u0107 govori o razlozima ulaska u politiku, o svojim politi\u010dkim protivnicima, politi\u010dkom programu, kao i o o\u010dekivanjima od predstoje\u0107ih izbora. Uvjeren je da \u0107e bira\u010di u Srbiji prepoznati njegov program i dati mu svoj glas. U razgovoru za na\u0161 portal Zukorli\u0107 ka\u017ee da ne vidi ni\u0161ta sporno u [&hellip;]<\/p>\n","protected":false},"author":83,"featured_media":36849,"comment_status":"open","ping_status":"open","sticky":false,"template":"","format":"standard","meta":{"footnotes":""},"categories":[800,72,52,327,392,393,394],"tags":[],"class_list":{"0":"post-36845","1":"post","2":"type-post","3":"status-publish","4":"format-standard","5":"has-post-thumbnail","7":"category-nacija","8":"category-novi-pazar","9":"category-sjenica","10":"category-tutin","11":"category-prijepolje_","12":"category-priboj","13":"category-nova-varos"},"yoast_head":"<!-- This site is optimized with the Yoast SEO Premium plugin v23.1 (Yoast SEO v24.9) - https:\/\/yoast.com\/wordpress\/plugins\/seo\/ -->\n<title>Muamer Zukorli\u0107: Ja ne razmatram ni\u0161ta osim pobjedni\u010dke varijante<\/title>\n<meta name=\"robots\" content=\"index, follow, max-snippet:-1, max-image-preview:large, max-video-preview:-1\" \/>\n<link rel=\"canonical\" href=\"https:\/\/sandzakpress.net\/arhiva\/muamer-zukorlic-ja-ne-razmatram-nista-osim-pobjednicke-varijante\/\" \/>\n<meta property=\"og:locale\" content=\"bs_BA\" \/>\n<meta property=\"og:type\" content=\"article\" \/>\n<meta property=\"og:title\" content=\"Muamer Zukorli\u0107: Ja ne razmatram ni\u0161ta osim pobjedni\u010dke varijante\" \/>\n<meta property=\"og:description\" content=\"Sjeverni Sand\u017eak &#8211; U intervjuu za Klix.ba Zukorli\u0107 govori o razlozima ulaska u politiku, o svojim politi\u010dkim protivnicima, politi\u010dkom programu, kao i o o\u010dekivanjima od predstoje\u0107ih izbora. Uvjeren je da \u0107e bira\u010di u Srbiji prepoznati njegov program i dati mu svoj glas. U razgovoru za na\u0161 portal Zukorli\u0107 ka\u017ee da ne vidi ni\u0161ta sporno u [&hellip;]\" \/>\n<meta property=\"og:url\" content=\"https:\/\/sandzakpress.net\/arhiva\/muamer-zukorlic-ja-ne-razmatram-nista-osim-pobjednicke-varijante\/\" \/>\n<meta property=\"og:site_name\" content=\"Sand\u017eak PRESS\" \/>\n<meta property=\"article:published_time\" content=\"2012-04-12T08:53:15+00:00\" \/>\n<meta property=\"article:modified_time\" content=\"2012-04-12T11:00:41+00:00\" \/>\n<meta property=\"og:image\" content=\"https:\/\/sandzakpress.net\/arhiva\/wp-content\/uploads\/2012\/04\/muftija-predsjednik-srbije1-11.jpg\" \/>\n\t<meta property=\"og:image:width\" content=\"600\" \/>\n\t<meta property=\"og:image:height\" content=\"761\" \/>\n\t<meta property=\"og:image:type\" content=\"image\/jpeg\" \/>\n<meta name=\"author\" content=\"bosniak\" \/>\n<meta name=\"twitter:card\" content=\"summary_large_image\" \/>\n<meta name=\"twitter:label1\" content=\"Written by\" \/>\n\t<meta name=\"twitter:data1\" content=\"bosniak\" \/>\n\t<meta name=\"twitter:label2\" content=\"Est. reading time\" \/>\n\t<meta name=\"twitter:data2\" content=\"12 minuta\" \/>\n<script type=\"application\/ld+json\" class=\"yoast-schema-graph\">{\"@context\":\"https:\/\/schema.org\",\"@graph\":[{\"@type\":\"Article\",\"@id\":\"https:\/\/sandzakpress.net\/arhiva\/muamer-zukorlic-ja-ne-razmatram-nista-osim-pobjednicke-varijante\/#article\",\"isPartOf\":{\"@id\":\"https:\/\/sandzakpress.net\/arhiva\/muamer-zukorlic-ja-ne-razmatram-nista-osim-pobjednicke-varijante\/\"},\"author\":{\"name\":\"bosniak\",\"@id\":\"https:\/\/sandzakpress.net\/arhiva\/#\/schema\/person\/c8baee722073534b583ea7bdb2e36c02\"},\"headline\":\"Muamer Zukorli\u0107: Ja ne razmatram ni\u0161ta osim pobjedni\u010dke varijante\",\"datePublished\":\"2012-04-12T08:53:15+00:00\",\"dateModified\":\"2012-04-12T11:00:41+00:00\",\"mainEntityOfPage\":{\"@id\":\"https:\/\/sandzakpress.net\/arhiva\/muamer-zukorlic-ja-ne-razmatram-nista-osim-pobjednicke-varijante\/\"},\"wordCount\":2425,\"commentCount\":9,\"publisher\":{\"@id\":\"https:\/\/sandzakpress.net\/arhiva\/#\/schema\/person\/6e72b67d6e51910a1117b3b483ba20bd\"},\"image\":{\"@id\":\"https:\/\/sandzakpress.net\/arhiva\/muamer-zukorlic-ja-ne-razmatram-nista-osim-pobjednicke-varijante\/#primaryimage\"},\"thumbnailUrl\":\"https:\/\/sandzakpress.net\/arhiva\/wp-content\/uploads\/2012\/04\/muftija-predsjednik-srbije1-11.jpg\",\"articleSection\":[\"Nacija\",\"Novi Pazar\",\"Sjenica\",\"Tutin\",\"Prijepolje\",\"Priboj\",\"Nova Varo\u0161\"],\"inLanguage\":\"bs-BA\",\"potentialAction\":[{\"@type\":\"CommentAction\",\"name\":\"Comment\",\"target\":[\"https:\/\/sandzakpress.net\/arhiva\/muamer-zukorlic-ja-ne-razmatram-nista-osim-pobjednicke-varijante\/#respond\"]}]},{\"@type\":\"WebPage\",\"@id\":\"https:\/\/sandzakpress.net\/arhiva\/muamer-zukorlic-ja-ne-razmatram-nista-osim-pobjednicke-varijante\/\",\"url\":\"https:\/\/sandzakpress.net\/arhiva\/muamer-zukorlic-ja-ne-razmatram-nista-osim-pobjednicke-varijante\/\",\"name\":\"Muamer Zukorli\u0107: Ja ne razmatram ni\u0161ta osim pobjedni\u010dke varijante\",\"isPartOf\":{\"@id\":\"https:\/\/sandzakpress.net\/arhiva\/#website\"},\"primaryImageOfPage\":{\"@id\":\"https:\/\/sandzakpress.net\/arhiva\/muamer-zukorlic-ja-ne-razmatram-nista-osim-pobjednicke-varijante\/#primaryimage\"},\"image\":{\"@id\":\"https:\/\/sandzakpress.net\/arhiva\/muamer-zukorlic-ja-ne-razmatram-nista-osim-pobjednicke-varijante\/#primaryimage\"},\"thumbnailUrl\":\"https:\/\/sandzakpress.net\/arhiva\/wp-content\/uploads\/2012\/04\/muftija-predsjednik-srbije1-11.jpg\",\"datePublished\":\"2012-04-12T08:53:15+00:00\",\"dateModified\":\"2012-04-12T11:00:41+00:00\",\"breadcrumb\":{\"@id\":\"https:\/\/sandzakpress.net\/arhiva\/muamer-zukorlic-ja-ne-razmatram-nista-osim-pobjednicke-varijante\/#breadcrumb\"},\"inLanguage\":\"bs-BA\",\"potentialAction\":[{\"@type\":\"ReadAction\",\"target\":[\"https:\/\/sandzakpress.net\/arhiva\/muamer-zukorlic-ja-ne-razmatram-nista-osim-pobjednicke-varijante\/\"]}]},{\"@type\":\"ImageObject\",\"inLanguage\":\"bs-BA\",\"@id\":\"https:\/\/sandzakpress.net\/arhiva\/muamer-zukorlic-ja-ne-razmatram-nista-osim-pobjednicke-varijante\/#primaryimage\",\"url\":\"https:\/\/sandzakpress.net\/arhiva\/wp-content\/uploads\/2012\/04\/muftija-predsjednik-srbije1-11.jpg\",\"contentUrl\":\"https:\/\/sandzakpress.net\/arhiva\/wp-content\/uploads\/2012\/04\/muftija-predsjednik-srbije1-11.jpg\",\"width\":600,\"height\":761},{\"@type\":\"BreadcrumbList\",\"@id\":\"https:\/\/sandzakpress.net\/arhiva\/muamer-zukorlic-ja-ne-razmatram-nista-osim-pobjednicke-varijante\/#breadcrumb\",\"itemListElement\":[{\"@type\":\"ListItem\",\"position\":1,\"name\":\"Home\",\"item\":\"https:\/\/sandzakpress.net\/arhiva\/\"},{\"@type\":\"ListItem\",\"position\":2,\"name\":\"Muamer Zukorli\u0107: Ja ne razmatram ni\u0161ta osim pobjedni\u010dke varijante\"}]},{\"@type\":\"WebSite\",\"@id\":\"https:\/\/sandzakpress.net\/arhiva\/#website\",\"url\":\"https:\/\/sandzakpress.net\/arhiva\/\",\"name\":\"Sand\u017eak PRESS\",\"description\":\"Prve elektronske novine u Sand\u017eaku\",\"publisher\":{\"@id\":\"https:\/\/sandzakpress.net\/arhiva\/#\/schema\/person\/6e72b67d6e51910a1117b3b483ba20bd\"},\"potentialAction\":[{\"@type\":\"SearchAction\",\"target\":{\"@type\":\"EntryPoint\",\"urlTemplate\":\"https:\/\/sandzakpress.net\/arhiva\/?s={search_term_string}\"},\"query-input\":{\"@type\":\"PropertyValueSpecification\",\"valueRequired\":true,\"valueName\":\"search_term_string\"}}],\"inLanguage\":\"bs-BA\"},{\"@type\":[\"Person\",\"Organization\"],\"@id\":\"https:\/\/sandzakpress.net\/arhiva\/#\/schema\/person\/6e72b67d6e51910a1117b3b483ba20bd\",\"name\":\"Kul\",\"image\":{\"@type\":\"ImageObject\",\"inLanguage\":\"bs-BA\",\"@id\":\"https:\/\/sandzakpress.net\/arhiva\/#\/schema\/person\/image\/\",\"url\":\"https:\/\/secure.gravatar.com\/avatar\/42263f39aa27ac04c43cab85c280eb2e?s=96&d=mm&r=pg\",\"contentUrl\":\"https:\/\/secure.gravatar.com\/avatar\/42263f39aa27ac04c43cab85c280eb2e?s=96&d=mm&r=pg\",\"caption\":\"Kul\"},\"logo\":{\"@id\":\"https:\/\/sandzakpress.net\/arhiva\/#\/schema\/person\/image\/\"}},{\"@type\":\"Person\",\"@id\":\"https:\/\/sandzakpress.net\/arhiva\/#\/schema\/person\/c8baee722073534b583ea7bdb2e36c02\",\"name\":\"bosniak\",\"image\":{\"@type\":\"ImageObject\",\"inLanguage\":\"bs-BA\",\"@id\":\"https:\/\/sandzakpress.net\/arhiva\/#\/schema\/person\/image\/\",\"url\":\"https:\/\/secure.gravatar.com\/avatar\/a04fd330bfe3a36a72a0ad4a6d89fca7?s=96&d=mm&r=pg\",\"contentUrl\":\"https:\/\/secure.gravatar.com\/avatar\/a04fd330bfe3a36a72a0ad4a6d89fca7?s=96&d=mm&r=pg\",\"caption\":\"bosniak\"},\"url\":\"https:\/\/sandzakpress.net\/arhiva\/author\/bosniak\/\"}]}<\/script>\n<!-- \/ Yoast SEO Premium plugin. -->","yoast_head_json":{"title":"Muamer Zukorli\u0107: Ja ne razmatram ni\u0161ta osim pobjedni\u010dke varijante","robots":{"index":"index","follow":"follow","max-snippet":"max-snippet:-1","max-image-preview":"max-image-preview:large","max-video-preview":"max-video-preview:-1"},"canonical":"https:\/\/sandzakpress.net\/arhiva\/muamer-zukorlic-ja-ne-razmatram-nista-osim-pobjednicke-varijante\/","og_locale":"bs_BA","og_type":"article","og_title":"Muamer Zukorli\u0107: Ja ne razmatram ni\u0161ta osim pobjedni\u010dke varijante","og_description":"Sjeverni Sand\u017eak &#8211; U intervjuu za Klix.ba Zukorli\u0107 govori o razlozima ulaska u politiku, o svojim politi\u010dkim protivnicima, politi\u010dkom programu, kao i o o\u010dekivanjima od predstoje\u0107ih izbora. Uvjeren je da \u0107e bira\u010di u Srbiji prepoznati njegov program i dati mu svoj glas. U razgovoru za na\u0161 portal Zukorli\u0107 ka\u017ee da ne vidi ni\u0161ta sporno u [&hellip;]","og_url":"https:\/\/sandzakpress.net\/arhiva\/muamer-zukorlic-ja-ne-razmatram-nista-osim-pobjednicke-varijante\/","og_site_name":"Sand\u017eak PRESS","article_published_time":"2012-04-12T08:53:15+00:00","article_modified_time":"2012-04-12T11:00:41+00:00","og_image":[{"width":600,"height":761,"url":"https:\/\/sandzakpress.net\/arhiva\/wp-content\/uploads\/2012\/04\/muftija-predsjednik-srbije1-11.jpg","type":"image\/jpeg"}],"author":"bosniak","twitter_card":"summary_large_image","twitter_misc":{"Written by":"bosniak","Est. reading time":"12 minuta"},"schema":{"@context":"https:\/\/schema.org","@graph":[{"@type":"Article","@id":"https:\/\/sandzakpress.net\/arhiva\/muamer-zukorlic-ja-ne-razmatram-nista-osim-pobjednicke-varijante\/#article","isPartOf":{"@id":"https:\/\/sandzakpress.net\/arhiva\/muamer-zukorlic-ja-ne-razmatram-nista-osim-pobjednicke-varijante\/"},"author":{"name":"bosniak","@id":"https:\/\/sandzakpress.net\/arhiva\/#\/schema\/person\/c8baee722073534b583ea7bdb2e36c02"},"headline":"Muamer Zukorli\u0107: Ja ne razmatram ni\u0161ta osim pobjedni\u010dke varijante","datePublished":"2012-04-12T08:53:15+00:00","dateModified":"2012-04-12T11:00:41+00:00","mainEntityOfPage":{"@id":"https:\/\/sandzakpress.net\/arhiva\/muamer-zukorlic-ja-ne-razmatram-nista-osim-pobjednicke-varijante\/"},"wordCount":2425,"commentCount":9,"publisher":{"@id":"https:\/\/sandzakpress.net\/arhiva\/#\/schema\/person\/6e72b67d6e51910a1117b3b483ba20bd"},"image":{"@id":"https:\/\/sandzakpress.net\/arhiva\/muamer-zukorlic-ja-ne-razmatram-nista-osim-pobjednicke-varijante\/#primaryimage"},"thumbnailUrl":"https:\/\/sandzakpress.net\/arhiva\/wp-content\/uploads\/2012\/04\/muftija-predsjednik-srbije1-11.jpg","articleSection":["Nacija","Novi Pazar","Sjenica","Tutin","Prijepolje","Priboj","Nova Varo\u0161"],"inLanguage":"bs-BA","potentialAction":[{"@type":"CommentAction","name":"Comment","target":["https:\/\/sandzakpress.net\/arhiva\/muamer-zukorlic-ja-ne-razmatram-nista-osim-pobjednicke-varijante\/#respond"]}]},{"@type":"WebPage","@id":"https:\/\/sandzakpress.net\/arhiva\/muamer-zukorlic-ja-ne-razmatram-nista-osim-pobjednicke-varijante\/","url":"https:\/\/sandzakpress.net\/arhiva\/muamer-zukorlic-ja-ne-razmatram-nista-osim-pobjednicke-varijante\/","name":"Muamer Zukorli\u0107: Ja ne razmatram ni\u0161ta osim pobjedni\u010dke varijante","isPartOf":{"@id":"https:\/\/sandzakpress.net\/arhiva\/#website"},"primaryImageOfPage":{"@id":"https:\/\/sandzakpress.net\/arhiva\/muamer-zukorlic-ja-ne-razmatram-nista-osim-pobjednicke-varijante\/#primaryimage"},"image":{"@id":"https:\/\/sandzakpress.net\/arhiva\/muamer-zukorlic-ja-ne-razmatram-nista-osim-pobjednicke-varijante\/#primaryimage"},"thumbnailUrl":"https:\/\/sandzakpress.net\/arhiva\/wp-content\/uploads\/2012\/04\/muftija-predsjednik-srbije1-11.jpg","datePublished":"2012-04-12T08:53:15+00:00","dateModified":"2012-04-12T11:00:41+00:00","breadcrumb":{"@id":"https:\/\/sandzakpress.net\/arhiva\/muamer-zukorlic-ja-ne-razmatram-nista-osim-pobjednicke-varijante\/#breadcrumb"},"inLanguage":"bs-BA","potentialAction":[{"@type":"ReadAction","target":["https:\/\/sandzakpress.net\/arhiva\/muamer-zukorlic-ja-ne-razmatram-nista-osim-pobjednicke-varijante\/"]}]},{"@type":"ImageObject","inLanguage":"bs-BA","@id":"https:\/\/sandzakpress.net\/arhiva\/muamer-zukorlic-ja-ne-razmatram-nista-osim-pobjednicke-varijante\/#primaryimage","url":"https:\/\/sandzakpress.net\/arhiva\/wp-content\/uploads\/2012\/04\/muftija-predsjednik-srbije1-11.jpg","contentUrl":"https:\/\/sandzakpress.net\/arhiva\/wp-content\/uploads\/2012\/04\/muftija-predsjednik-srbije1-11.jpg","width":600,"height":761},{"@type":"BreadcrumbList","@id":"https:\/\/sandzakpress.net\/arhiva\/muamer-zukorlic-ja-ne-razmatram-nista-osim-pobjednicke-varijante\/#breadcrumb","itemListElement":[{"@type":"ListItem","position":1,"name":"Home","item":"https:\/\/sandzakpress.net\/arhiva\/"},{"@type":"ListItem","position":2,"name":"Muamer Zukorli\u0107: Ja ne razmatram ni\u0161ta osim pobjedni\u010dke varijante"}]},{"@type":"WebSite","@id":"https:\/\/sandzakpress.net\/arhiva\/#website","url":"https:\/\/sandzakpress.net\/arhiva\/","name":"Sand\u017eak PRESS","description":"Prve elektronske novine u Sand\u017eaku","publisher":{"@id":"https:\/\/sandzakpress.net\/arhiva\/#\/schema\/person\/6e72b67d6e51910a1117b3b483ba20bd"},"potentialAction":[{"@type":"SearchAction","target":{"@type":"EntryPoint","urlTemplate":"https:\/\/sandzakpress.net\/arhiva\/?s={search_term_string}"},"query-input":{"@type":"PropertyValueSpecification","valueRequired":true,"valueName":"search_term_string"}}],"inLanguage":"bs-BA"},{"@type":["Person","Organization"],"@id":"https:\/\/sandzakpress.net\/arhiva\/#\/schema\/person\/6e72b67d6e51910a1117b3b483ba20bd","name":"Kul","image":{"@type":"ImageObject","inLanguage":"bs-BA","@id":"https:\/\/sandzakpress.net\/arhiva\/#\/schema\/person\/image\/","url":"https:\/\/secure.gravatar.com\/avatar\/42263f39aa27ac04c43cab85c280eb2e?s=96&d=mm&r=pg","contentUrl":"https:\/\/secure.gravatar.com\/avatar\/42263f39aa27ac04c43cab85c280eb2e?s=96&d=mm&r=pg","caption":"Kul"},"logo":{"@id":"https:\/\/sandzakpress.net\/arhiva\/#\/schema\/person\/image\/"}},{"@type":"Person","@id":"https:\/\/sandzakpress.net\/arhiva\/#\/schema\/person\/c8baee722073534b583ea7bdb2e36c02","name":"bosniak","image":{"@type":"ImageObject","inLanguage":"bs-BA","@id":"https:\/\/sandzakpress.net\/arhiva\/#\/schema\/person\/image\/","url":"https:\/\/secure.gravatar.com\/avatar\/a04fd330bfe3a36a72a0ad4a6d89fca7?s=96&d=mm&r=pg","contentUrl":"https:\/\/secure.gravatar.com\/avatar\/a04fd330bfe3a36a72a0ad4a6d89fca7?s=96&d=mm&r=pg","caption":"bosniak"},"url":"https:\/\/sandzakpress.net\/arhiva\/author\/bosniak\/"}]}},"_links":{"self":[{"href":"https:\/\/sandzakpress.net\/arhiva\/wp-json\/wp\/v2\/posts\/36845"}],"collection":[{"href":"https:\/\/sandzakpress.net\/arhiva\/wp-json\/wp\/v2\/posts"}],"about":[{"href":"https:\/\/sandzakpress.net\/arhiva\/wp-json\/wp\/v2\/types\/post"}],"author":[{"embeddable":true,"href":"https:\/\/sandzakpress.net\/arhiva\/wp-json\/wp\/v2\/users\/83"}],"replies":[{"embeddable":true,"href":"https:\/\/sandzakpress.net\/arhiva\/wp-json\/wp\/v2\/comments?post=36845"}],"version-history":[{"count":0,"href":"https:\/\/sandzakpress.net\/arhiva\/wp-json\/wp\/v2\/posts\/36845\/revisions"}],"wp:featuredmedia":[{"embeddable":true,"href":"https:\/\/sandzakpress.net\/arhiva\/wp-json\/wp\/v2\/media\/36849"}],"wp:attachment":[{"href":"https:\/\/sandzakpress.net\/arhiva\/wp-json\/wp\/v2\/media?parent=36845"}],"wp:term":[{"taxonomy":"category","embeddable":true,"href":"https:\/\/sandzakpress.net\/arhiva\/wp-json\/wp\/v2\/categories?post=36845"},{"taxonomy":"post_tag","embeddable":true,"href":"https:\/\/sandzakpress.net\/arhiva\/wp-json\/wp\/v2\/tags?post=36845"}],"curies":[{"name":"wp","href":"https:\/\/api.w.org\/{rel}","templated":true}]}}