{"id":3636,"date":"2010-04-10T17:11:45","date_gmt":"2010-04-10T15:11:45","guid":{"rendered":"https:\/\/sandzakpress.net\/arhiva\/?p=3636"},"modified":"2010-04-10T17:11:45","modified_gmt":"2010-04-10T15:11:45","slug":"otvorena-skola-kurana-casnog","status":"publish","type":"post","link":"https:\/\/sandzakpress.net\/arhiva\/otvorena-skola-kurana-casnog\/","title":{"rendered":"Otvorena \u0160kola Kur'ana \u010casnog"},"content":{"rendered":"<p><strong><a href=\"https:\/\/sandzakpress.net\/arhiva\/wp-content\/uploads\/2010\/04\/skola-kurana-casnog.jpg\"><img loading=\"lazy\" decoding=\"async\" class=\"alignleft size-medium wp-image-3637\" title=\"skola kur'ana casnog\" src=\"https:\/\/sandzakpress.net\/arhiva\/wp-content\/uploads\/2010\/04\/skola-kurana-casnog-300x199.jpg\" alt=\"\" width=\"300\" height=\"199\" \/><\/a>Novi Pazar &#8211; U petak nakon d\u017eume namaza, u Novom Pazaru je otvorena \u0160kola Kur'ana \u010casnog. Prostorije \u0161kole nalaze se u zgradi biv\u0161e \u017denske medrese, preko puta sada\u0161nje \u017denske medrese. Velikim anga\u017eovanjem ljudi iz Islamske zajednice u Srbiji, a posebno zaposlenih u Mearifskoj slu\u017ebi Me\u0161ihata i uz pomo\u0107 donacija prijatelja iz Turske zgrada stare \u017denske medrese je renovirana i preure\u0111ena da bi koristila namjeni \u0160kole Kur'ana.<\/strong><\/p>\n<p>U toku mjeseca marta obavljen je upis zainteresovanih kandidata i u \u0160kolu se upisalo preko 300 vjernika. Prema programu \u0160kole podu\u010davanje \u0107e se obavljati na \u010detiri nivoa. Prvi nivo obuhvata u\u010denje arapskog pisma. Drugi nivo podrazumijeva ted\u017evid, pravilno u\u010denje Kur'anskog teksta. Na tre\u0107em nivou polaznici \u0107e u\u010diti napamet Amme-d\u017euz, dok \u0107e na \u010detvrtom nivou u\u010diti cijeli Kur'an napamet. Zavr\u0161etkom \u010detvrtog nivoa polaznici \u0161kole \u0107e dobiti po\u010dast \u010duvara Allahove d\u017e.\u0161. rije\u010di na Zemlji i zvanje hafiza.<\/p>\n<p>U petak nakon d\u017eume, na raskrsnici ispred \u0160kole okupio se veliki broj vjernika, slu\u017ebenika Islamske zajednice, uleme i imama, profesora i u\u010denika Medrese, profesora i studenata FIS-a kao i polaznika \u0160kole Kur'ana \u010casnog i njihovih roditelja da bi prisustvovali sve\u010danom \u010dinu otvaranja \u0160kole i zvani\u010dnom otpo\u010dinjanju njenog rada.<\/p>\n<p>Na po\u010detku programa student FIS-a Sabahudin Jerebi\u010danin prou\u010dio je nekoliko Kur'anskih ajeta, a zatim su na binu iza\u0161li profesori i predava\u010di koji \u0107e u \u0160koli Kur'ana podu\u010davati polaznike. Me\u0111u profesorima koji \u0107e raditi u ovoj \u0160koli nalaze se i tri hafiza Kur'ana, hafiz Irfan-ef. Mali\u0107, koji je ujedno i direktor \u0160kole, hafiz dr. Almir-ef. Pramenkovi\u0107, dekan Fakulteta za islamske studije i hafiz Abdurahman-ef. Kujevi\u0107, profesor na FIS-u.<br \/>\nNakon prou\u010denih Kur'anskih ajeta prisutnima se obratio direktor \u0160kole Kurana hafiz Irfan-ef. Mali\u0107 koji je uz zahvalu Allahu d\u017e.\u0161. na blagodatima kojim dariva vjernike izme\u0111u ostalog rekao:<\/p>\n<p>\u201eKur'an je vje\u010dita inspiracija i motivacija za vjernike. Kur'an je snaga koja nas je danas Allahovom d\u017e.\u0161. voljom ovdje okupila. Danas je Sand\u017eak po\u010da\u0161\u0107en ovim mubarek danom. Mi smo radosni zbog te po\u010dasti, ali je ovaj tim zajedno sa mnom svjestan emaneta i odgovornosti koju smo preuzeli. Mi \u0107emo se truditi da svoje obaveze na najbolji na\u010din ispunimo jer nas je na to obavezao Allah d\u017e.\u0161., a obavezalo nas je i 300 kandidata koji su se upisali u \u0160kolu Kur'ana. Molim Allaha d\u017e.\u0161. da na\u0161u \u0160kolu u\u010dini svjetlom koje \u0107e do Sudnjega dana gorjeti, kome \u0107emo hajra vidjeti i na Dunjaluku i na Ahiretu.\u201c<\/p>\n<p>Nakon hafiza Irfana-ef. Mali\u0107a prisutnima se obratio i glavni muftija Islamske zajednice u Srbiji Muamer-ef. Zukorli\u0107 koji se na po\u010detku svojeg obra\u0107anja zahvalio Allahu d\u017e.\u0161, zahvalio se prisutnima \u0161to su do\u0161li da ovaj trenutak u\u010dine jo\u0161 sve\u010danijim i zahvalio se svima onima koji su svojim donacijama i radom pomogli da ova \u0160kola otpo\u010dne sa radom. Glavni muftija je jo\u0161 dodao:<\/p>\n<p>\u201eDanas smo dobili ne\u0161to \u0161to do sada nismo imali. Dobili smo ne\u0161to za \u010dime smo dugo \u010deznuli. Dobili smo ustanovu koja nosi ime Kur'ana \u010casnog. nekoliko desetina godina smo \u010dekali i evo do\u010dekali. Osnivali smo razne ustanove i institucije, vjerske i obrazovne, kulturne i dru\u0161tvene, a nakon toliko godina, mogu re\u0107i muslimani i Islamska zajednica na ovom prostoru sazreli su da imaju pravo na ustanovu koja nosi ime Kur'ana \u010casnoga. Na ovome svijetu nema ni\u0161ta ljep\u0161e i ni\u0161ta bolje, i ne postoji ve\u0107a po\u010dast i ljep\u0161i dar od Allaha d\u017e.\u0161. \u0160kola Kur'ana \u010casnoga je djelo koje samo za sebe govori. Ljudi su krvotok svake ustanove, a du\u0161a svake ustanove je povjerenje. Ako analiziramo isku\u0161enja od posljednje dvije ipo godine, zaklju\u010dit \u0107emo da je glavni cilj svih neprijateljskih djelovanja bilo poljuljati povjerenje izme\u0111u institucija Islamske zajednice i njenih pripadnika. I evo kako im uzvra\u0107amo, kakvu im poruku Allah d\u017e.\u0161. \u0161alje. Poslije svih tih udara, 300 porodica stavlja na raspolaganje svoju djecu ovoj ustanovi. Dok su ovi na\u0161i hafizi, profesori, muallimi i muallime izlazili ovdje da se predstave, da vidite koji su to ljudi kojima vi dajete svoju djecu, vidio sam da su to sve djeca na\u0161e Medrese.Oni su plodovi Islamske zajednice, oni su plodovi Medrese, oni su plodovi Fakulteta za islamske studije, oni su va\u0161i sinovi i k\u0107eri. Oni su kadrovi nastali iz onih ustanova koje su osporavane, i sad vam je jasno za\u0161to su osporavane. Evo kako se mi suprotstavljamo napadima na Islamsku zajednicu, suprotstavljamo se djelom i revolucionarnim prodorom naprijed. \u017delim da istaknem da sam ponosan na na\u0161e vakife, da sam ponosan na donatore, ponosan sam na na\u0161 narod. \u0160kola Kur'ana \u0107e biti jo\u0161 jedan stup na\u0161eg dostojanstva, jer samo na ovakav na\u010din se vra\u0107a dostojanstvo. Mi imamo Kur'an koji nas nikada nije napustio. I ako je u jednom trenutku izgledalo da zamire institucija hifza, nije ubijeno sjeme hifza, sjeme Kur'ana se sa\u010duvalo u instituciji koja se zove Medresa, u d\u017eamijama na\u0161im i u mektebima na\u0161im, u imamima i alimima na\u0161im i kod majki na\u0161ih. Odavde \u0107e izlaziti na desetine, a kasnije i na stotine hafiza. I ne\u0107emo se zadovoljiti dok svaka porodica u Sand\u017eaku ne bude imala hafiza.\u00a0 Isto kao \u0161to nam treba svjetlo za o\u010di, treba nam svjetlo i za na\u0161e du\u0161e, a to \u0107e biti na\u0161i hafizi.\u201c<br \/>\nNakon obra\u0107anja prisutnima Glavni muftija je simboli\u010dno otkrio tablu na kojoj pi\u0161e \u201e\u0160kola Kur'ana \u010casnog-Novi Pazar\u201c i predao ovaj izuzetno zna\u010dajan objekat na kori\u0161tenje muslimanima.<\/p>\n<p>Izvor: <strong>IslamskaZajednica.org<\/strong><\/p>\n","protected":false},"excerpt":{"rendered":"<p>Novi Pazar &#8211; U petak nakon d\u017eume namaza, u Novom Pazaru je otvorena \u0160kola Kur'ana \u010casnog. Prostorije \u0161kole nalaze se u zgradi biv\u0161e \u017denske medrese, preko puta sada\u0161nje \u017denske medrese. Velikim anga\u017eovanjem ljudi iz Islamske zajednice u Srbiji, a posebno zaposlenih u Mearifskoj slu\u017ebi Me\u0161ihata i uz pomo\u0107 donacija prijatelja iz Turske zgrada stare \u017denske [&hellip;]<\/p>\n","protected":false},"author":83,"featured_media":3637,"comment_status":"open","ping_status":"open","sticky":false,"template":"","format":"standard","meta":{"footnotes":""},"categories":[4],"tags":[],"class_list":{"0":"post-3636","1":"post","2":"type-post","3":"status-publish","4":"format-standard","5":"has-post-thumbnail","7":"category-obrazovanje"},"yoast_head":"<!-- This site is optimized with the Yoast SEO Premium plugin v23.1 (Yoast SEO v24.9) - https:\/\/yoast.com\/wordpress\/plugins\/seo\/ -->\n<title>Otvorena \u0160kola Kur&#039;ana \u010casnog<\/title>\n<meta name=\"robots\" content=\"index, follow, max-snippet:-1, max-image-preview:large, max-video-preview:-1\" \/>\n<link rel=\"canonical\" href=\"https:\/\/sandzakpress.net\/arhiva\/otvorena-skola-kurana-casnog\/\" \/>\n<meta property=\"og:locale\" content=\"bs_BA\" \/>\n<meta property=\"og:type\" content=\"article\" \/>\n<meta property=\"og:title\" content=\"Otvorena \u0160kola Kur&#039;ana \u010casnog\" \/>\n<meta property=\"og:description\" content=\"Novi Pazar &#8211; U petak nakon d\u017eume namaza, u Novom Pazaru je otvorena \u0160kola Kur&#039;ana \u010casnog. Prostorije \u0161kole nalaze se u zgradi biv\u0161e \u017denske medrese, preko puta sada\u0161nje \u017denske medrese. Velikim anga\u017eovanjem ljudi iz Islamske zajednice u Srbiji, a posebno zaposlenih u Mearifskoj slu\u017ebi Me\u0161ihata i uz pomo\u0107 donacija prijatelja iz Turske zgrada stare \u017denske [&hellip;]\" \/>\n<meta property=\"og:url\" content=\"https:\/\/sandzakpress.net\/arhiva\/otvorena-skola-kurana-casnog\/\" \/>\n<meta property=\"og:site_name\" content=\"Sand\u017eak PRESS\" \/>\n<meta property=\"article:published_time\" content=\"2010-04-10T15:11:45+00:00\" \/>\n<meta property=\"og:image\" content=\"https:\/\/sandzakpress.net\/arhiva\/wp-content\/uploads\/2010\/04\/skola-kurana-casnog.jpg\" \/>\n\t<meta property=\"og:image:width\" content=\"500\" \/>\n\t<meta property=\"og:image:height\" content=\"332\" \/>\n\t<meta property=\"og:image:type\" content=\"image\/jpeg\" \/>\n<meta name=\"author\" content=\"bosniak\" \/>\n<meta name=\"twitter:card\" content=\"summary_large_image\" \/>\n<meta name=\"twitter:label1\" content=\"Written by\" \/>\n\t<meta name=\"twitter:data1\" content=\"bosniak\" \/>\n\t<meta name=\"twitter:label2\" content=\"Est. reading time\" \/>\n\t<meta name=\"twitter:data2\" content=\"5 minuta\" \/>\n<script type=\"application\/ld+json\" class=\"yoast-schema-graph\">{\"@context\":\"https:\/\/schema.org\",\"@graph\":[{\"@type\":\"Article\",\"@id\":\"https:\/\/sandzakpress.net\/arhiva\/otvorena-skola-kurana-casnog\/#article\",\"isPartOf\":{\"@id\":\"https:\/\/sandzakpress.net\/arhiva\/otvorena-skola-kurana-casnog\/\"},\"author\":{\"name\":\"bosniak\",\"@id\":\"https:\/\/sandzakpress.net\/arhiva\/#\/schema\/person\/c8baee722073534b583ea7bdb2e36c02\"},\"headline\":\"Otvorena \u0160kola Kur'ana \u010casnog\",\"datePublished\":\"2010-04-10T15:11:45+00:00\",\"mainEntityOfPage\":{\"@id\":\"https:\/\/sandzakpress.net\/arhiva\/otvorena-skola-kurana-casnog\/\"},\"wordCount\":968,\"commentCount\":1,\"publisher\":{\"@id\":\"https:\/\/sandzakpress.net\/arhiva\/#\/schema\/person\/6e72b67d6e51910a1117b3b483ba20bd\"},\"image\":{\"@id\":\"https:\/\/sandzakpress.net\/arhiva\/otvorena-skola-kurana-casnog\/#primaryimage\"},\"thumbnailUrl\":\"https:\/\/sandzakpress.net\/arhiva\/wp-content\/uploads\/2010\/04\/skola-kurana-casnog.jpg\",\"articleSection\":[\"Obrazovanje\"],\"inLanguage\":\"bs-BA\",\"potentialAction\":[{\"@type\":\"CommentAction\",\"name\":\"Comment\",\"target\":[\"https:\/\/sandzakpress.net\/arhiva\/otvorena-skola-kurana-casnog\/#respond\"]}]},{\"@type\":\"WebPage\",\"@id\":\"https:\/\/sandzakpress.net\/arhiva\/otvorena-skola-kurana-casnog\/\",\"url\":\"https:\/\/sandzakpress.net\/arhiva\/otvorena-skola-kurana-casnog\/\",\"name\":\"Otvorena \u0160kola Kur'ana \u010casnog\",\"isPartOf\":{\"@id\":\"https:\/\/sandzakpress.net\/arhiva\/#website\"},\"primaryImageOfPage\":{\"@id\":\"https:\/\/sandzakpress.net\/arhiva\/otvorena-skola-kurana-casnog\/#primaryimage\"},\"image\":{\"@id\":\"https:\/\/sandzakpress.net\/arhiva\/otvorena-skola-kurana-casnog\/#primaryimage\"},\"thumbnailUrl\":\"https:\/\/sandzakpress.net\/arhiva\/wp-content\/uploads\/2010\/04\/skola-kurana-casnog.jpg\",\"datePublished\":\"2010-04-10T15:11:45+00:00\",\"breadcrumb\":{\"@id\":\"https:\/\/sandzakpress.net\/arhiva\/otvorena-skola-kurana-casnog\/#breadcrumb\"},\"inLanguage\":\"bs-BA\",\"potentialAction\":[{\"@type\":\"ReadAction\",\"target\":[\"https:\/\/sandzakpress.net\/arhiva\/otvorena-skola-kurana-casnog\/\"]}]},{\"@type\":\"ImageObject\",\"inLanguage\":\"bs-BA\",\"@id\":\"https:\/\/sandzakpress.net\/arhiva\/otvorena-skola-kurana-casnog\/#primaryimage\",\"url\":\"https:\/\/sandzakpress.net\/arhiva\/wp-content\/uploads\/2010\/04\/skola-kurana-casnog.jpg\",\"contentUrl\":\"https:\/\/sandzakpress.net\/arhiva\/wp-content\/uploads\/2010\/04\/skola-kurana-casnog.jpg\",\"width\":500,\"height\":332},{\"@type\":\"BreadcrumbList\",\"@id\":\"https:\/\/sandzakpress.net\/arhiva\/otvorena-skola-kurana-casnog\/#breadcrumb\",\"itemListElement\":[{\"@type\":\"ListItem\",\"position\":1,\"name\":\"Home\",\"item\":\"https:\/\/sandzakpress.net\/arhiva\/\"},{\"@type\":\"ListItem\",\"position\":2,\"name\":\"Otvorena \u0160kola Kur'ana \u010casnog\"}]},{\"@type\":\"WebSite\",\"@id\":\"https:\/\/sandzakpress.net\/arhiva\/#website\",\"url\":\"https:\/\/sandzakpress.net\/arhiva\/\",\"name\":\"Sand\u017eak PRESS\",\"description\":\"Prve elektronske novine u Sand\u017eaku\",\"publisher\":{\"@id\":\"https:\/\/sandzakpress.net\/arhiva\/#\/schema\/person\/6e72b67d6e51910a1117b3b483ba20bd\"},\"potentialAction\":[{\"@type\":\"SearchAction\",\"target\":{\"@type\":\"EntryPoint\",\"urlTemplate\":\"https:\/\/sandzakpress.net\/arhiva\/?s={search_term_string}\"},\"query-input\":{\"@type\":\"PropertyValueSpecification\",\"valueRequired\":true,\"valueName\":\"search_term_string\"}}],\"inLanguage\":\"bs-BA\"},{\"@type\":[\"Person\",\"Organization\"],\"@id\":\"https:\/\/sandzakpress.net\/arhiva\/#\/schema\/person\/6e72b67d6e51910a1117b3b483ba20bd\",\"name\":\"Kul\",\"image\":{\"@type\":\"ImageObject\",\"inLanguage\":\"bs-BA\",\"@id\":\"https:\/\/sandzakpress.net\/arhiva\/#\/schema\/person\/image\/\",\"url\":\"https:\/\/secure.gravatar.com\/avatar\/42263f39aa27ac04c43cab85c280eb2e?s=96&d=mm&r=pg\",\"contentUrl\":\"https:\/\/secure.gravatar.com\/avatar\/42263f39aa27ac04c43cab85c280eb2e?s=96&d=mm&r=pg\",\"caption\":\"Kul\"},\"logo\":{\"@id\":\"https:\/\/sandzakpress.net\/arhiva\/#\/schema\/person\/image\/\"}},{\"@type\":\"Person\",\"@id\":\"https:\/\/sandzakpress.net\/arhiva\/#\/schema\/person\/c8baee722073534b583ea7bdb2e36c02\",\"name\":\"bosniak\",\"image\":{\"@type\":\"ImageObject\",\"inLanguage\":\"bs-BA\",\"@id\":\"https:\/\/sandzakpress.net\/arhiva\/#\/schema\/person\/image\/\",\"url\":\"https:\/\/secure.gravatar.com\/avatar\/a04fd330bfe3a36a72a0ad4a6d89fca7?s=96&d=mm&r=pg\",\"contentUrl\":\"https:\/\/secure.gravatar.com\/avatar\/a04fd330bfe3a36a72a0ad4a6d89fca7?s=96&d=mm&r=pg\",\"caption\":\"bosniak\"},\"url\":\"https:\/\/sandzakpress.net\/arhiva\/author\/bosniak\/\"}]}<\/script>\n<!-- \/ Yoast SEO Premium plugin. -->","yoast_head_json":{"title":"Otvorena \u0160kola Kur'ana \u010casnog","robots":{"index":"index","follow":"follow","max-snippet":"max-snippet:-1","max-image-preview":"max-image-preview:large","max-video-preview":"max-video-preview:-1"},"canonical":"https:\/\/sandzakpress.net\/arhiva\/otvorena-skola-kurana-casnog\/","og_locale":"bs_BA","og_type":"article","og_title":"Otvorena \u0160kola Kur'ana \u010casnog","og_description":"Novi Pazar &#8211; U petak nakon d\u017eume namaza, u Novom Pazaru je otvorena \u0160kola Kur'ana \u010casnog. Prostorije \u0161kole nalaze se u zgradi biv\u0161e \u017denske medrese, preko puta sada\u0161nje \u017denske medrese. Velikim anga\u017eovanjem ljudi iz Islamske zajednice u Srbiji, a posebno zaposlenih u Mearifskoj slu\u017ebi Me\u0161ihata i uz pomo\u0107 donacija prijatelja iz Turske zgrada stare \u017denske [&hellip;]","og_url":"https:\/\/sandzakpress.net\/arhiva\/otvorena-skola-kurana-casnog\/","og_site_name":"Sand\u017eak PRESS","article_published_time":"2010-04-10T15:11:45+00:00","og_image":[{"width":500,"height":332,"url":"https:\/\/sandzakpress.net\/arhiva\/wp-content\/uploads\/2010\/04\/skola-kurana-casnog.jpg","type":"image\/jpeg"}],"author":"bosniak","twitter_card":"summary_large_image","twitter_misc":{"Written by":"bosniak","Est. reading time":"5 minuta"},"schema":{"@context":"https:\/\/schema.org","@graph":[{"@type":"Article","@id":"https:\/\/sandzakpress.net\/arhiva\/otvorena-skola-kurana-casnog\/#article","isPartOf":{"@id":"https:\/\/sandzakpress.net\/arhiva\/otvorena-skola-kurana-casnog\/"},"author":{"name":"bosniak","@id":"https:\/\/sandzakpress.net\/arhiva\/#\/schema\/person\/c8baee722073534b583ea7bdb2e36c02"},"headline":"Otvorena \u0160kola Kur'ana \u010casnog","datePublished":"2010-04-10T15:11:45+00:00","mainEntityOfPage":{"@id":"https:\/\/sandzakpress.net\/arhiva\/otvorena-skola-kurana-casnog\/"},"wordCount":968,"commentCount":1,"publisher":{"@id":"https:\/\/sandzakpress.net\/arhiva\/#\/schema\/person\/6e72b67d6e51910a1117b3b483ba20bd"},"image":{"@id":"https:\/\/sandzakpress.net\/arhiva\/otvorena-skola-kurana-casnog\/#primaryimage"},"thumbnailUrl":"https:\/\/sandzakpress.net\/arhiva\/wp-content\/uploads\/2010\/04\/skola-kurana-casnog.jpg","articleSection":["Obrazovanje"],"inLanguage":"bs-BA","potentialAction":[{"@type":"CommentAction","name":"Comment","target":["https:\/\/sandzakpress.net\/arhiva\/otvorena-skola-kurana-casnog\/#respond"]}]},{"@type":"WebPage","@id":"https:\/\/sandzakpress.net\/arhiva\/otvorena-skola-kurana-casnog\/","url":"https:\/\/sandzakpress.net\/arhiva\/otvorena-skola-kurana-casnog\/","name":"Otvorena \u0160kola Kur'ana \u010casnog","isPartOf":{"@id":"https:\/\/sandzakpress.net\/arhiva\/#website"},"primaryImageOfPage":{"@id":"https:\/\/sandzakpress.net\/arhiva\/otvorena-skola-kurana-casnog\/#primaryimage"},"image":{"@id":"https:\/\/sandzakpress.net\/arhiva\/otvorena-skola-kurana-casnog\/#primaryimage"},"thumbnailUrl":"https:\/\/sandzakpress.net\/arhiva\/wp-content\/uploads\/2010\/04\/skola-kurana-casnog.jpg","datePublished":"2010-04-10T15:11:45+00:00","breadcrumb":{"@id":"https:\/\/sandzakpress.net\/arhiva\/otvorena-skola-kurana-casnog\/#breadcrumb"},"inLanguage":"bs-BA","potentialAction":[{"@type":"ReadAction","target":["https:\/\/sandzakpress.net\/arhiva\/otvorena-skola-kurana-casnog\/"]}]},{"@type":"ImageObject","inLanguage":"bs-BA","@id":"https:\/\/sandzakpress.net\/arhiva\/otvorena-skola-kurana-casnog\/#primaryimage","url":"https:\/\/sandzakpress.net\/arhiva\/wp-content\/uploads\/2010\/04\/skola-kurana-casnog.jpg","contentUrl":"https:\/\/sandzakpress.net\/arhiva\/wp-content\/uploads\/2010\/04\/skola-kurana-casnog.jpg","width":500,"height":332},{"@type":"BreadcrumbList","@id":"https:\/\/sandzakpress.net\/arhiva\/otvorena-skola-kurana-casnog\/#breadcrumb","itemListElement":[{"@type":"ListItem","position":1,"name":"Home","item":"https:\/\/sandzakpress.net\/arhiva\/"},{"@type":"ListItem","position":2,"name":"Otvorena \u0160kola Kur'ana \u010casnog"}]},{"@type":"WebSite","@id":"https:\/\/sandzakpress.net\/arhiva\/#website","url":"https:\/\/sandzakpress.net\/arhiva\/","name":"Sand\u017eak PRESS","description":"Prve elektronske novine u Sand\u017eaku","publisher":{"@id":"https:\/\/sandzakpress.net\/arhiva\/#\/schema\/person\/6e72b67d6e51910a1117b3b483ba20bd"},"potentialAction":[{"@type":"SearchAction","target":{"@type":"EntryPoint","urlTemplate":"https:\/\/sandzakpress.net\/arhiva\/?s={search_term_string}"},"query-input":{"@type":"PropertyValueSpecification","valueRequired":true,"valueName":"search_term_string"}}],"inLanguage":"bs-BA"},{"@type":["Person","Organization"],"@id":"https:\/\/sandzakpress.net\/arhiva\/#\/schema\/person\/6e72b67d6e51910a1117b3b483ba20bd","name":"Kul","image":{"@type":"ImageObject","inLanguage":"bs-BA","@id":"https:\/\/sandzakpress.net\/arhiva\/#\/schema\/person\/image\/","url":"https:\/\/secure.gravatar.com\/avatar\/42263f39aa27ac04c43cab85c280eb2e?s=96&d=mm&r=pg","contentUrl":"https:\/\/secure.gravatar.com\/avatar\/42263f39aa27ac04c43cab85c280eb2e?s=96&d=mm&r=pg","caption":"Kul"},"logo":{"@id":"https:\/\/sandzakpress.net\/arhiva\/#\/schema\/person\/image\/"}},{"@type":"Person","@id":"https:\/\/sandzakpress.net\/arhiva\/#\/schema\/person\/c8baee722073534b583ea7bdb2e36c02","name":"bosniak","image":{"@type":"ImageObject","inLanguage":"bs-BA","@id":"https:\/\/sandzakpress.net\/arhiva\/#\/schema\/person\/image\/","url":"https:\/\/secure.gravatar.com\/avatar\/a04fd330bfe3a36a72a0ad4a6d89fca7?s=96&d=mm&r=pg","contentUrl":"https:\/\/secure.gravatar.com\/avatar\/a04fd330bfe3a36a72a0ad4a6d89fca7?s=96&d=mm&r=pg","caption":"bosniak"},"url":"https:\/\/sandzakpress.net\/arhiva\/author\/bosniak\/"}]}},"_links":{"self":[{"href":"https:\/\/sandzakpress.net\/arhiva\/wp-json\/wp\/v2\/posts\/3636"}],"collection":[{"href":"https:\/\/sandzakpress.net\/arhiva\/wp-json\/wp\/v2\/posts"}],"about":[{"href":"https:\/\/sandzakpress.net\/arhiva\/wp-json\/wp\/v2\/types\/post"}],"author":[{"embeddable":true,"href":"https:\/\/sandzakpress.net\/arhiva\/wp-json\/wp\/v2\/users\/83"}],"replies":[{"embeddable":true,"href":"https:\/\/sandzakpress.net\/arhiva\/wp-json\/wp\/v2\/comments?post=3636"}],"version-history":[{"count":0,"href":"https:\/\/sandzakpress.net\/arhiva\/wp-json\/wp\/v2\/posts\/3636\/revisions"}],"wp:featuredmedia":[{"embeddable":true,"href":"https:\/\/sandzakpress.net\/arhiva\/wp-json\/wp\/v2\/media\/3637"}],"wp:attachment":[{"href":"https:\/\/sandzakpress.net\/arhiva\/wp-json\/wp\/v2\/media?parent=3636"}],"wp:term":[{"taxonomy":"category","embeddable":true,"href":"https:\/\/sandzakpress.net\/arhiva\/wp-json\/wp\/v2\/categories?post=3636"},{"taxonomy":"post_tag","embeddable":true,"href":"https:\/\/sandzakpress.net\/arhiva\/wp-json\/wp\/v2\/tags?post=3636"}],"curies":[{"name":"wp","href":"https:\/\/api.w.org\/{rel}","templated":true}]}}