{"id":362,"date":"2009-12-22T15:32:59","date_gmt":"2009-12-22T15:32:59","guid":{"rendered":"https:\/\/sandzakpress.net\/arhiva\/?p=362"},"modified":"2009-12-22T23:40:55","modified_gmt":"2009-12-22T23:40:55","slug":"tribina-200-godina-od-genocida-u-sjenici","status":"publish","type":"post","link":"https:\/\/sandzakpress.net\/arhiva\/tribina-200-godina-od-genocida-u-sjenici\/","title":{"rendered":"TRIBINA: &#8220;200 GODINA OD GENOCIDA U SJENICI&#8221;"},"content":{"rendered":"<p><a href=\"https:\/\/sandzakpress.net\/arhiva\/wp-content\/uploads\/2009\/12\/Sjenicka_tvrdjava.jpg\"><img loading=\"lazy\" decoding=\"async\" class=\"alignleft size-full wp-image-363\" title=\"Sjenicka_tvrdjava\" src=\"https:\/\/sandzakpress.net\/arhiva\/wp-content\/uploads\/2009\/12\/Sjenicka_tvrdjava.jpg\" alt=\"\" width=\"200\" height=\"150\" \/><\/a>Jo\u0161 jedan projekat Islamskog kulturnog centra Sand\u017eaka ulazi u dnevnik doga\u0111aja koji \u0107e ostati zabilje\u017een i upam\u0107en da se javno progovorilo o zlo\u010dinima nad Bo\u0161njacima Sand\u017eaka.<\/p>\n<p>Projekat \u0107e se realizovati u u subotu 26. ovog mjeseca u Sjenici. Progovoreno je o pokolju u \u0160ahovi\u0107ima poslije 85 godina, progovori\u0107e se poslije 200 godina o zlo\u010dinu nad sjeni\u010dkim muslimanima. Kako i za\u0161to je pobijeno preko 3000 mu\u0161kih glava, \u010dut \u0107e se od u\u010desnika ove tribine.<\/p>\n<p>Pozivu organizatora, Islamskoj zajednici u Srbiji, Islamskom kulturnom centru i Med\u017elisu Sjenica odazvali su se poznati bo\u0161nja\u010dki inetelektualci:<\/p>\n<p>Prof. dr. <strong>Smail \u010ceki\u0107<\/strong>, direktor Instituta za istra\u017eivanje ratnih zlo\u010dina u BiH<br \/>\nProf. dr. <strong>Mahamed \u0160estanovi\u0107<\/strong>,<br \/>\nProf. dr. <strong>Rasim Muratovi\u0107<\/strong>, i dr.<\/p>\n<p>U ime oganizatora tribinu \u0107e otvoriti Samir ef. Tandir, predsjednik Med\u017elisa u Prijepolja.<br \/>\nKako Sjenica nema jo\u0161 odgovaraju\u0107i prostor, po\u0161to je zgrada Kulturnog centra jo\u0161 u adaptaciji a zbog velikog interesovanja ne samo gra\u0111ana Sjenice, ovaj doga\u0111aj \u0107e se odr\u017eati u restoranu \u201eBerlin\u201c. Kako smo obavje\u0161teni od organizatora pored navedenih uglednika prisustvo su najavili poznate li\u010dnosti iz politike, kulture i ve\u0107i broj histori\u010dara i nau\u010dnih radnika.<\/p>\n","protected":false},"excerpt":{"rendered":"<p>Jo\u0161 jedan projekat Islamskog kulturnog centra Sand\u017eaka ulazi u dnevnik doga\u0111aja koji \u0107e ostati zabilje\u017een i upam\u0107en da se javno progovorilo o zlo\u010dinima nad Bo\u0161njacima Sand\u017eaka. Projekat \u0107e se realizovati u u subotu 26. ovog mjeseca u Sjenici. Progovoreno je o pokolju u \u0160ahovi\u0107ima poslije 85 godina, progovori\u0107e se poslije 200 godina o zlo\u010dinu nad [&hellip;]<\/p>\n","protected":false},"author":83,"featured_media":363,"comment_status":"open","ping_status":"open","sticky":false,"template":"","format":"standard","meta":{"footnotes":""},"categories":[16],"tags":[],"class_list":{"0":"post-362","1":"post","2":"type-post","3":"status-publish","4":"format-standard","5":"has-post-thumbnail","7":"category-novine"},"yoast_head":"<!-- This site is optimized with the Yoast SEO Premium plugin v23.1 (Yoast SEO v24.9) - https:\/\/yoast.com\/wordpress\/plugins\/seo\/ -->\n<title>TRIBINA: &quot;200 GODINA OD GENOCIDA U SJENICI&quot;<\/title>\n<meta name=\"robots\" content=\"index, follow, max-snippet:-1, max-image-preview:large, max-video-preview:-1\" \/>\n<link rel=\"canonical\" href=\"https:\/\/sandzakpress.net\/arhiva\/tribina-200-godina-od-genocida-u-sjenici\/\" \/>\n<meta property=\"og:locale\" content=\"bs_BA\" \/>\n<meta property=\"og:type\" content=\"article\" \/>\n<meta property=\"og:title\" content=\"TRIBINA: &quot;200 GODINA OD GENOCIDA U SJENICI&quot;\" \/>\n<meta property=\"og:description\" content=\"Jo\u0161 jedan projekat Islamskog kulturnog centra Sand\u017eaka ulazi u dnevnik doga\u0111aja koji \u0107e ostati zabilje\u017een i upam\u0107en da se javno progovorilo o zlo\u010dinima nad Bo\u0161njacima Sand\u017eaka. Projekat \u0107e se realizovati u u subotu 26. ovog mjeseca u Sjenici. Progovoreno je o pokolju u \u0160ahovi\u0107ima poslije 85 godina, progovori\u0107e se poslije 200 godina o zlo\u010dinu nad [&hellip;]\" \/>\n<meta property=\"og:url\" content=\"https:\/\/sandzakpress.net\/arhiva\/tribina-200-godina-od-genocida-u-sjenici\/\" \/>\n<meta property=\"og:site_name\" content=\"Sand\u017eak PRESS\" \/>\n<meta property=\"article:published_time\" content=\"2009-12-22T15:32:59+00:00\" \/>\n<meta property=\"article:modified_time\" content=\"2009-12-22T23:40:55+00:00\" \/>\n<meta property=\"og:image\" content=\"https:\/\/sandzakpress.net\/arhiva\/wp-content\/uploads\/2009\/12\/Sjenicka_tvrdjava.jpg\" \/>\n\t<meta property=\"og:image:width\" content=\"200\" \/>\n\t<meta property=\"og:image:height\" content=\"150\" \/>\n\t<meta property=\"og:image:type\" content=\"image\/jpeg\" \/>\n<meta name=\"author\" content=\"bosniak\" \/>\n<meta name=\"twitter:card\" content=\"summary_large_image\" \/>\n<meta name=\"twitter:label1\" content=\"Written by\" \/>\n\t<meta name=\"twitter:data1\" content=\"bosniak\" \/>\n\t<meta name=\"twitter:label2\" content=\"Est. reading time\" \/>\n\t<meta name=\"twitter:data2\" content=\"1 minuta\" \/>\n<script type=\"application\/ld+json\" class=\"yoast-schema-graph\">{\"@context\":\"https:\/\/schema.org\",\"@graph\":[{\"@type\":\"Article\",\"@id\":\"https:\/\/sandzakpress.net\/arhiva\/tribina-200-godina-od-genocida-u-sjenici\/#article\",\"isPartOf\":{\"@id\":\"https:\/\/sandzakpress.net\/arhiva\/tribina-200-godina-od-genocida-u-sjenici\/\"},\"author\":{\"name\":\"bosniak\",\"@id\":\"https:\/\/sandzakpress.net\/arhiva\/#\/schema\/person\/c8baee722073534b583ea7bdb2e36c02\"},\"headline\":\"TRIBINA: &#8220;200 GODINA OD GENOCIDA U SJENICI&#8221;\",\"datePublished\":\"2009-12-22T15:32:59+00:00\",\"dateModified\":\"2009-12-22T23:40:55+00:00\",\"mainEntityOfPage\":{\"@id\":\"https:\/\/sandzakpress.net\/arhiva\/tribina-200-godina-od-genocida-u-sjenici\/\"},\"wordCount\":211,\"commentCount\":0,\"publisher\":{\"@id\":\"https:\/\/sandzakpress.net\/arhiva\/#\/schema\/person\/6e72b67d6e51910a1117b3b483ba20bd\"},\"image\":{\"@id\":\"https:\/\/sandzakpress.net\/arhiva\/tribina-200-godina-od-genocida-u-sjenici\/#primaryimage\"},\"thumbnailUrl\":\"https:\/\/sandzakpress.net\/arhiva\/wp-content\/uploads\/2009\/12\/Sjenicka_tvrdjava.jpg\",\"articleSection\":[\"Novine\"],\"inLanguage\":\"bs-BA\",\"potentialAction\":[{\"@type\":\"CommentAction\",\"name\":\"Comment\",\"target\":[\"https:\/\/sandzakpress.net\/arhiva\/tribina-200-godina-od-genocida-u-sjenici\/#respond\"]}]},{\"@type\":\"WebPage\",\"@id\":\"https:\/\/sandzakpress.net\/arhiva\/tribina-200-godina-od-genocida-u-sjenici\/\",\"url\":\"https:\/\/sandzakpress.net\/arhiva\/tribina-200-godina-od-genocida-u-sjenici\/\",\"name\":\"TRIBINA: \\\"200 GODINA OD GENOCIDA U SJENICI\\\"\",\"isPartOf\":{\"@id\":\"https:\/\/sandzakpress.net\/arhiva\/#website\"},\"primaryImageOfPage\":{\"@id\":\"https:\/\/sandzakpress.net\/arhiva\/tribina-200-godina-od-genocida-u-sjenici\/#primaryimage\"},\"image\":{\"@id\":\"https:\/\/sandzakpress.net\/arhiva\/tribina-200-godina-od-genocida-u-sjenici\/#primaryimage\"},\"thumbnailUrl\":\"https:\/\/sandzakpress.net\/arhiva\/wp-content\/uploads\/2009\/12\/Sjenicka_tvrdjava.jpg\",\"datePublished\":\"2009-12-22T15:32:59+00:00\",\"dateModified\":\"2009-12-22T23:40:55+00:00\",\"breadcrumb\":{\"@id\":\"https:\/\/sandzakpress.net\/arhiva\/tribina-200-godina-od-genocida-u-sjenici\/#breadcrumb\"},\"inLanguage\":\"bs-BA\",\"potentialAction\":[{\"@type\":\"ReadAction\",\"target\":[\"https:\/\/sandzakpress.net\/arhiva\/tribina-200-godina-od-genocida-u-sjenici\/\"]}]},{\"@type\":\"ImageObject\",\"inLanguage\":\"bs-BA\",\"@id\":\"https:\/\/sandzakpress.net\/arhiva\/tribina-200-godina-od-genocida-u-sjenici\/#primaryimage\",\"url\":\"https:\/\/sandzakpress.net\/arhiva\/wp-content\/uploads\/2009\/12\/Sjenicka_tvrdjava.jpg\",\"contentUrl\":\"https:\/\/sandzakpress.net\/arhiva\/wp-content\/uploads\/2009\/12\/Sjenicka_tvrdjava.jpg\",\"width\":200,\"height\":150},{\"@type\":\"BreadcrumbList\",\"@id\":\"https:\/\/sandzakpress.net\/arhiva\/tribina-200-godina-od-genocida-u-sjenici\/#breadcrumb\",\"itemListElement\":[{\"@type\":\"ListItem\",\"position\":1,\"name\":\"Home\",\"item\":\"https:\/\/sandzakpress.net\/arhiva\/\"},{\"@type\":\"ListItem\",\"position\":2,\"name\":\"TRIBINA: &#8220;200 GODINA OD GENOCIDA U SJENICI&#8221;\"}]},{\"@type\":\"WebSite\",\"@id\":\"https:\/\/sandzakpress.net\/arhiva\/#website\",\"url\":\"https:\/\/sandzakpress.net\/arhiva\/\",\"name\":\"Sand\u017eak PRESS\",\"description\":\"Prve elektronske novine u Sand\u017eaku\",\"publisher\":{\"@id\":\"https:\/\/sandzakpress.net\/arhiva\/#\/schema\/person\/6e72b67d6e51910a1117b3b483ba20bd\"},\"potentialAction\":[{\"@type\":\"SearchAction\",\"target\":{\"@type\":\"EntryPoint\",\"urlTemplate\":\"https:\/\/sandzakpress.net\/arhiva\/?s={search_term_string}\"},\"query-input\":{\"@type\":\"PropertyValueSpecification\",\"valueRequired\":true,\"valueName\":\"search_term_string\"}}],\"inLanguage\":\"bs-BA\"},{\"@type\":[\"Person\",\"Organization\"],\"@id\":\"https:\/\/sandzakpress.net\/arhiva\/#\/schema\/person\/6e72b67d6e51910a1117b3b483ba20bd\",\"name\":\"Kul\",\"image\":{\"@type\":\"ImageObject\",\"inLanguage\":\"bs-BA\",\"@id\":\"https:\/\/sandzakpress.net\/arhiva\/#\/schema\/person\/image\/\",\"url\":\"https:\/\/secure.gravatar.com\/avatar\/42263f39aa27ac04c43cab85c280eb2e?s=96&d=mm&r=pg\",\"contentUrl\":\"https:\/\/secure.gravatar.com\/avatar\/42263f39aa27ac04c43cab85c280eb2e?s=96&d=mm&r=pg\",\"caption\":\"Kul\"},\"logo\":{\"@id\":\"https:\/\/sandzakpress.net\/arhiva\/#\/schema\/person\/image\/\"}},{\"@type\":\"Person\",\"@id\":\"https:\/\/sandzakpress.net\/arhiva\/#\/schema\/person\/c8baee722073534b583ea7bdb2e36c02\",\"name\":\"bosniak\",\"image\":{\"@type\":\"ImageObject\",\"inLanguage\":\"bs-BA\",\"@id\":\"https:\/\/sandzakpress.net\/arhiva\/#\/schema\/person\/image\/\",\"url\":\"https:\/\/secure.gravatar.com\/avatar\/a04fd330bfe3a36a72a0ad4a6d89fca7?s=96&d=mm&r=pg\",\"contentUrl\":\"https:\/\/secure.gravatar.com\/avatar\/a04fd330bfe3a36a72a0ad4a6d89fca7?s=96&d=mm&r=pg\",\"caption\":\"bosniak\"},\"url\":\"https:\/\/sandzakpress.net\/arhiva\/author\/bosniak\/\"}]}<\/script>\n<!-- \/ Yoast SEO Premium plugin. -->","yoast_head_json":{"title":"TRIBINA: \"200 GODINA OD GENOCIDA U SJENICI\"","robots":{"index":"index","follow":"follow","max-snippet":"max-snippet:-1","max-image-preview":"max-image-preview:large","max-video-preview":"max-video-preview:-1"},"canonical":"https:\/\/sandzakpress.net\/arhiva\/tribina-200-godina-od-genocida-u-sjenici\/","og_locale":"bs_BA","og_type":"article","og_title":"TRIBINA: \"200 GODINA OD GENOCIDA U SJENICI\"","og_description":"Jo\u0161 jedan projekat Islamskog kulturnog centra Sand\u017eaka ulazi u dnevnik doga\u0111aja koji \u0107e ostati zabilje\u017een i upam\u0107en da se javno progovorilo o zlo\u010dinima nad Bo\u0161njacima Sand\u017eaka. Projekat \u0107e se realizovati u u subotu 26. ovog mjeseca u Sjenici. Progovoreno je o pokolju u \u0160ahovi\u0107ima poslije 85 godina, progovori\u0107e se poslije 200 godina o zlo\u010dinu nad [&hellip;]","og_url":"https:\/\/sandzakpress.net\/arhiva\/tribina-200-godina-od-genocida-u-sjenici\/","og_site_name":"Sand\u017eak PRESS","article_published_time":"2009-12-22T15:32:59+00:00","article_modified_time":"2009-12-22T23:40:55+00:00","og_image":[{"width":200,"height":150,"url":"https:\/\/sandzakpress.net\/arhiva\/wp-content\/uploads\/2009\/12\/Sjenicka_tvrdjava.jpg","type":"image\/jpeg"}],"author":"bosniak","twitter_card":"summary_large_image","twitter_misc":{"Written by":"bosniak","Est. reading time":"1 minuta"},"schema":{"@context":"https:\/\/schema.org","@graph":[{"@type":"Article","@id":"https:\/\/sandzakpress.net\/arhiva\/tribina-200-godina-od-genocida-u-sjenici\/#article","isPartOf":{"@id":"https:\/\/sandzakpress.net\/arhiva\/tribina-200-godina-od-genocida-u-sjenici\/"},"author":{"name":"bosniak","@id":"https:\/\/sandzakpress.net\/arhiva\/#\/schema\/person\/c8baee722073534b583ea7bdb2e36c02"},"headline":"TRIBINA: &#8220;200 GODINA OD GENOCIDA U SJENICI&#8221;","datePublished":"2009-12-22T15:32:59+00:00","dateModified":"2009-12-22T23:40:55+00:00","mainEntityOfPage":{"@id":"https:\/\/sandzakpress.net\/arhiva\/tribina-200-godina-od-genocida-u-sjenici\/"},"wordCount":211,"commentCount":0,"publisher":{"@id":"https:\/\/sandzakpress.net\/arhiva\/#\/schema\/person\/6e72b67d6e51910a1117b3b483ba20bd"},"image":{"@id":"https:\/\/sandzakpress.net\/arhiva\/tribina-200-godina-od-genocida-u-sjenici\/#primaryimage"},"thumbnailUrl":"https:\/\/sandzakpress.net\/arhiva\/wp-content\/uploads\/2009\/12\/Sjenicka_tvrdjava.jpg","articleSection":["Novine"],"inLanguage":"bs-BA","potentialAction":[{"@type":"CommentAction","name":"Comment","target":["https:\/\/sandzakpress.net\/arhiva\/tribina-200-godina-od-genocida-u-sjenici\/#respond"]}]},{"@type":"WebPage","@id":"https:\/\/sandzakpress.net\/arhiva\/tribina-200-godina-od-genocida-u-sjenici\/","url":"https:\/\/sandzakpress.net\/arhiva\/tribina-200-godina-od-genocida-u-sjenici\/","name":"TRIBINA: \"200 GODINA OD GENOCIDA U SJENICI\"","isPartOf":{"@id":"https:\/\/sandzakpress.net\/arhiva\/#website"},"primaryImageOfPage":{"@id":"https:\/\/sandzakpress.net\/arhiva\/tribina-200-godina-od-genocida-u-sjenici\/#primaryimage"},"image":{"@id":"https:\/\/sandzakpress.net\/arhiva\/tribina-200-godina-od-genocida-u-sjenici\/#primaryimage"},"thumbnailUrl":"https:\/\/sandzakpress.net\/arhiva\/wp-content\/uploads\/2009\/12\/Sjenicka_tvrdjava.jpg","datePublished":"2009-12-22T15:32:59+00:00","dateModified":"2009-12-22T23:40:55+00:00","breadcrumb":{"@id":"https:\/\/sandzakpress.net\/arhiva\/tribina-200-godina-od-genocida-u-sjenici\/#breadcrumb"},"inLanguage":"bs-BA","potentialAction":[{"@type":"ReadAction","target":["https:\/\/sandzakpress.net\/arhiva\/tribina-200-godina-od-genocida-u-sjenici\/"]}]},{"@type":"ImageObject","inLanguage":"bs-BA","@id":"https:\/\/sandzakpress.net\/arhiva\/tribina-200-godina-od-genocida-u-sjenici\/#primaryimage","url":"https:\/\/sandzakpress.net\/arhiva\/wp-content\/uploads\/2009\/12\/Sjenicka_tvrdjava.jpg","contentUrl":"https:\/\/sandzakpress.net\/arhiva\/wp-content\/uploads\/2009\/12\/Sjenicka_tvrdjava.jpg","width":200,"height":150},{"@type":"BreadcrumbList","@id":"https:\/\/sandzakpress.net\/arhiva\/tribina-200-godina-od-genocida-u-sjenici\/#breadcrumb","itemListElement":[{"@type":"ListItem","position":1,"name":"Home","item":"https:\/\/sandzakpress.net\/arhiva\/"},{"@type":"ListItem","position":2,"name":"TRIBINA: &#8220;200 GODINA OD GENOCIDA U SJENICI&#8221;"}]},{"@type":"WebSite","@id":"https:\/\/sandzakpress.net\/arhiva\/#website","url":"https:\/\/sandzakpress.net\/arhiva\/","name":"Sand\u017eak PRESS","description":"Prve elektronske novine u Sand\u017eaku","publisher":{"@id":"https:\/\/sandzakpress.net\/arhiva\/#\/schema\/person\/6e72b67d6e51910a1117b3b483ba20bd"},"potentialAction":[{"@type":"SearchAction","target":{"@type":"EntryPoint","urlTemplate":"https:\/\/sandzakpress.net\/arhiva\/?s={search_term_string}"},"query-input":{"@type":"PropertyValueSpecification","valueRequired":true,"valueName":"search_term_string"}}],"inLanguage":"bs-BA"},{"@type":["Person","Organization"],"@id":"https:\/\/sandzakpress.net\/arhiva\/#\/schema\/person\/6e72b67d6e51910a1117b3b483ba20bd","name":"Kul","image":{"@type":"ImageObject","inLanguage":"bs-BA","@id":"https:\/\/sandzakpress.net\/arhiva\/#\/schema\/person\/image\/","url":"https:\/\/secure.gravatar.com\/avatar\/42263f39aa27ac04c43cab85c280eb2e?s=96&d=mm&r=pg","contentUrl":"https:\/\/secure.gravatar.com\/avatar\/42263f39aa27ac04c43cab85c280eb2e?s=96&d=mm&r=pg","caption":"Kul"},"logo":{"@id":"https:\/\/sandzakpress.net\/arhiva\/#\/schema\/person\/image\/"}},{"@type":"Person","@id":"https:\/\/sandzakpress.net\/arhiva\/#\/schema\/person\/c8baee722073534b583ea7bdb2e36c02","name":"bosniak","image":{"@type":"ImageObject","inLanguage":"bs-BA","@id":"https:\/\/sandzakpress.net\/arhiva\/#\/schema\/person\/image\/","url":"https:\/\/secure.gravatar.com\/avatar\/a04fd330bfe3a36a72a0ad4a6d89fca7?s=96&d=mm&r=pg","contentUrl":"https:\/\/secure.gravatar.com\/avatar\/a04fd330bfe3a36a72a0ad4a6d89fca7?s=96&d=mm&r=pg","caption":"bosniak"},"url":"https:\/\/sandzakpress.net\/arhiva\/author\/bosniak\/"}]}},"_links":{"self":[{"href":"https:\/\/sandzakpress.net\/arhiva\/wp-json\/wp\/v2\/posts\/362"}],"collection":[{"href":"https:\/\/sandzakpress.net\/arhiva\/wp-json\/wp\/v2\/posts"}],"about":[{"href":"https:\/\/sandzakpress.net\/arhiva\/wp-json\/wp\/v2\/types\/post"}],"author":[{"embeddable":true,"href":"https:\/\/sandzakpress.net\/arhiva\/wp-json\/wp\/v2\/users\/83"}],"replies":[{"embeddable":true,"href":"https:\/\/sandzakpress.net\/arhiva\/wp-json\/wp\/v2\/comments?post=362"}],"version-history":[{"count":0,"href":"https:\/\/sandzakpress.net\/arhiva\/wp-json\/wp\/v2\/posts\/362\/revisions"}],"wp:featuredmedia":[{"embeddable":true,"href":"https:\/\/sandzakpress.net\/arhiva\/wp-json\/wp\/v2\/media\/363"}],"wp:attachment":[{"href":"https:\/\/sandzakpress.net\/arhiva\/wp-json\/wp\/v2\/media?parent=362"}],"wp:term":[{"taxonomy":"category","embeddable":true,"href":"https:\/\/sandzakpress.net\/arhiva\/wp-json\/wp\/v2\/categories?post=362"},{"taxonomy":"post_tag","embeddable":true,"href":"https:\/\/sandzakpress.net\/arhiva\/wp-json\/wp\/v2\/tags?post=362"}],"curies":[{"name":"wp","href":"https:\/\/api.w.org\/{rel}","templated":true}]}}