{"id":3571,"date":"2010-04-09T03:24:16","date_gmt":"2010-04-09T01:24:16","guid":{"rendered":"https:\/\/sandzakpress.net\/arhiva\/?p=3571"},"modified":"2010-04-09T16:27:01","modified_gmt":"2010-04-09T14:27:01","slug":"bruka-i-sramota-za-sandzak","status":"publish","type":"post","link":"https:\/\/sandzakpress.net\/arhiva\/bruka-i-sramota-za-sandzak\/","title":{"rendered":"Bruka i sramota za Sand\u017eak"},"content":{"rendered":"<p><strong><a href=\"https:\/\/sandzakpress.net\/arhiva\/wp-content\/uploads\/2010\/04\/izdajnici-sandzaka.jpg\"><img loading=\"lazy\" decoding=\"async\" class=\"alignleft size-medium wp-image-3576\" title=\"izdajnici sandzaka\" src=\"https:\/\/sandzakpress.net\/arhiva\/wp-content\/uploads\/2010\/04\/izdajnici-sandzaka-300x171.jpg\" alt=\"\" width=\"300\" height=\"171\" \/><\/a>Sjeverni Sand\u017eak \u2013 De\u0161avanja koja zaokupljaju politi\u010dku javnost u Sand\u017eaku i Srbiji u posljednje vrijeme su postala sramna i za Sand\u017eak pogubna.<\/strong><\/p>\n<p>U skup\u0161tini Srbije je oformljen Forum bo\u0161nja\u010dkih poslanika koji \u0107e se pobrinuti da Sand\u017eak dobije pravi status kroz regionalizaciju koja je predstojala. Forum je nastao onda kada se u Me\u0161ihatu okupila sveukupna elita bo\u0161nja\u010dkog naroda i izglasala Deklaraciju da \u0107e priznati samo Sand\u017eak u kao zaseban statisti\u010dki region. Da nije bilo Deklaracije, ne bi bilo ni Foruma.<\/p>\n<p>Forum se, navodno borio, za Sand\u017eak i \u0161ta smo dobili. Prva je odluka srpske Vlade i Skup\u0161tine bila da je Sand\u017eak podijeljen, pa kada su iz vlasti uvidjeli da \u0107e to da bude pogubno za svoje politi\u010dare u bo\u0161nja\u010dkom narodu dali su izna\u0107i rje\u0161enje koje \u0107e biti prihvatljivo i za srpsku i za na\u0161u javnost.<\/p>\n<p>Postoje\u0107ih sedam regiona su smanjili na pet i Sand\u017eak je pripojen \u0160umadisjko-zapadnom regionu sa centrom u Kragujevcu. Vlast je u\u010dinila sve da Sand\u017eaku da minimum prava, a da ne izgubi svoj uticaj nad sand\u017ea\u010dkim narodom. Me\u0111utim, na ovome se ne mo\u017ee zavr\u0161iti. Predstoji dalje subregionalizacija.<\/p>\n<blockquote><p>Meho Omerovi\u0107, za formiranje subregiona Sand\u017eak je izjavio:<\/p>\n<p><strong>\u201cMi smo protiv bilo kakvih subregiona koji bi bili napravljeni po etni\u010dkoj osnovi, jer ne samo da je to suprotno evropskim standardima, nego iz bli\u017ee pro\u0161losti znamo da se to lo\u0161e zavr\u0161avalo<\/strong><strong>.\u201d<\/strong><\/p><\/blockquote>\n<p>Sa druge strane politi\u010dari okupljeni oko Sulejmana Ugljanina daju povoljne izjave, ali na \u017ealost samo da bi privukli narod.<\/p>\n<blockquote><p>Esad D\u017eud\u017eevi\u0107 je povodom subregionalizacije izjavio:<\/p>\n<p><strong>&#8220;Mi smo Bo\u0161njaci u Sand\u017eaku autohtono stanovni\u0161tvo, nismo ni emigranti, ni iseljenici, niti ekonomska emigracija. Mi nismo do\u0161li u Srbiju ni iz Bosne, niti ko zna odakle nego smo ovdje hiljadama godina. Zato i tra\u017eimo da budu ispo\u0161tovani me\u0111unarodni standardi prema kojima je Sand\u017eak posebna administrativna cjelina u Srbiji&#8221;<\/strong><\/p>\n<p>Ali da li ova izjava podsje\u0107a na onu o Deklaraciji o Srebrenici u Skup\u0161tini Srbije?<\/p>\n<p><strong>\u201eMi \u0107emo pozvati Narodnu skup\u0161tinu da usvoji tekst rezolucije Evropskog parlamenta o Srebrenici. Ne mo\u017eemo podr\u017eati tekst deklaracije ukoliko se u njoj na nedvosmislen na\u010din ne osudi genocid u Srebrenici\u201c<\/strong><\/p>\n<p>Poslije \u010dega je su glasali i otvoreno slagali bo\u0161nja\u010dku i sand\u017ea\u010dku  javnost.<\/p><\/blockquote>\n<p><strong> <\/strong><\/p>\n<p>I kao vrhunac brukanja i ismijavanja Bo\u0161njaka u cjelini su posljednje izjave takozvanog poglavara Srbije Adema Zilki\u0107a, koji, da bi se oprao od toga \u0161to ne osu\u0111uje genocid u Srebrenici, napao Dodika.<\/p>\n<blockquote><p>Adem Zilki\u0107; izjave koje je dao odra\u017eavaju licemjerstvo, nepismenost i krajnu glupost:<\/p>\n<p><strong>\u201cDa su pedesete godine pro\u0161log vijeka, Milorad Dodik bi bio u zatvoru na Golom otoku!\u201d<\/strong><\/p>\n<p><strong>\u201cDodik mora da zna da je Bosna domovina muslimana. Bo\u0161nja\u010dki korpus je apsolutno u ve\u0107ini od 90%. To ne mo\u017ee da se preslika na evropske zemlje, u kojima muslimani \u010dine 0,5% stanovni\u0161tva.\u201d<\/strong><\/p>\n<p><strong>\u201cPolitika koja je nanijela zla u Bosni tokom rata nije pobije\u0111ena.\u201d<\/strong><\/p><\/blockquote>\n<p>Polaze\u0107i od toga da srpski nacionalisti idu na Goli otok, preko toga da je u Bosni 90% muslimana, a u evropskim zemljama 0,5%, pa do toga da Zilki\u0107, koji otvoreno radi za srpsku \u201eBIU\u201c, komentari\u0161e kako je u Bosni nekakvo \u201esrpsko zlo\u201c.<\/p>\n<p>I jo\u0161 da se prisjetimo &#8220;na\u0161eg&#8221; predsjenika Borisa Tadi\u0107a i obje\u0107anja koje je dao na Trgu &#8220;Gazi Isa-bega&#8221; U Novom Pazaru.<\/p>\n<blockquote><p>Boris Tadi\u0107 kao kandidat za predsjednika Republike Srbije:<\/p>\n<p><strong>&#8220;Kao \u0161to se zala\u017eem da postoji jedna bogoslavksa crkva, zalo\u017eit \u0107u se da postoji i jedna Islamska zajednica u Srbiji.&#8221;<\/strong><\/p><\/blockquote>\n<p>Boris Tadi\u0107\u00a0 je postao predsjednik zahvaljuju\u0107i glasovima iz Sand\u017eaka, jer mu je taman toliko trebalo da ima vi\u0161e od svog protivkandidata Tomislava Nikoli\u0107a.<\/p>\n<p>Sve to skupa \u010dini jednu na\u0161u te\u0161ku realnost u koju smo upali. Vijeme je za promjene.<\/p>\n<p>Izvor: <strong>SandzakPRESS.net<\/strong><\/p>\n","protected":false},"excerpt":{"rendered":"<p>Sjeverni Sand\u017eak \u2013 De\u0161avanja koja zaokupljaju politi\u010dku javnost u Sand\u017eaku i Srbiji u posljednje vrijeme su postala sramna i za Sand\u017eak pogubna. U skup\u0161tini Srbije je oformljen Forum bo\u0161nja\u010dkih poslanika koji \u0107e se pobrinuti da Sand\u017eak dobije pravi status kroz regionalizaciju koja je predstojala. Forum je nastao onda kada se u Me\u0161ihatu okupila sveukupna elita [&hellip;]<\/p>\n","protected":false},"author":83,"featured_media":3576,"comment_status":"open","ping_status":"open","sticky":false,"template":"","format":"standard","meta":{"footnotes":""},"categories":[1],"tags":[],"class_list":{"0":"post-3571","1":"post","2":"type-post","3":"status-publish","4":"format-standard","5":"has-post-thumbnail","7":"category-politika"},"yoast_head":"<!-- This site is optimized with the Yoast SEO Premium plugin v23.1 (Yoast SEO v24.9) - https:\/\/yoast.com\/wordpress\/plugins\/seo\/ -->\n<title>Bruka i sramota za Sand\u017eak<\/title>\n<meta name=\"robots\" content=\"index, follow, max-snippet:-1, max-image-preview:large, max-video-preview:-1\" \/>\n<link rel=\"canonical\" href=\"https:\/\/sandzakpress.net\/arhiva\/bruka-i-sramota-za-sandzak\/\" \/>\n<meta property=\"og:locale\" content=\"bs_BA\" \/>\n<meta property=\"og:type\" content=\"article\" \/>\n<meta property=\"og:title\" content=\"Bruka i sramota za Sand\u017eak\" \/>\n<meta property=\"og:description\" content=\"Sjeverni Sand\u017eak \u2013 De\u0161avanja koja zaokupljaju politi\u010dku javnost u Sand\u017eaku i Srbiji u posljednje vrijeme su postala sramna i za Sand\u017eak pogubna. U skup\u0161tini Srbije je oformljen Forum bo\u0161nja\u010dkih poslanika koji \u0107e se pobrinuti da Sand\u017eak dobije pravi status kroz regionalizaciju koja je predstojala. Forum je nastao onda kada se u Me\u0161ihatu okupila sveukupna elita [&hellip;]\" \/>\n<meta property=\"og:url\" content=\"https:\/\/sandzakpress.net\/arhiva\/bruka-i-sramota-za-sandzak\/\" \/>\n<meta property=\"og:site_name\" content=\"Sand\u017eak PRESS\" \/>\n<meta property=\"article:published_time\" content=\"2010-04-09T01:24:16+00:00\" \/>\n<meta property=\"article:modified_time\" content=\"2010-04-09T14:27:01+00:00\" \/>\n<meta property=\"og:image\" content=\"https:\/\/sandzakpress.net\/arhiva\/wp-content\/uploads\/2010\/04\/izdajnici-sandzaka.jpg\" \/>\n\t<meta property=\"og:image:width\" content=\"372\" \/>\n\t<meta property=\"og:image:height\" content=\"213\" \/>\n\t<meta property=\"og:image:type\" content=\"image\/jpeg\" \/>\n<meta name=\"author\" content=\"bosniak\" \/>\n<meta name=\"twitter:card\" content=\"summary_large_image\" \/>\n<meta name=\"twitter:label1\" content=\"Written by\" \/>\n\t<meta name=\"twitter:data1\" content=\"bosniak\" \/>\n\t<meta name=\"twitter:label2\" content=\"Est. reading time\" \/>\n\t<meta name=\"twitter:data2\" content=\"3 minute\" \/>\n<script type=\"application\/ld+json\" class=\"yoast-schema-graph\">{\"@context\":\"https:\/\/schema.org\",\"@graph\":[{\"@type\":\"Article\",\"@id\":\"https:\/\/sandzakpress.net\/arhiva\/bruka-i-sramota-za-sandzak\/#article\",\"isPartOf\":{\"@id\":\"https:\/\/sandzakpress.net\/arhiva\/bruka-i-sramota-za-sandzak\/\"},\"author\":{\"name\":\"bosniak\",\"@id\":\"https:\/\/sandzakpress.net\/arhiva\/#\/schema\/person\/c8baee722073534b583ea7bdb2e36c02\"},\"headline\":\"Bruka i sramota za Sand\u017eak\",\"datePublished\":\"2010-04-09T01:24:16+00:00\",\"dateModified\":\"2010-04-09T14:27:01+00:00\",\"mainEntityOfPage\":{\"@id\":\"https:\/\/sandzakpress.net\/arhiva\/bruka-i-sramota-za-sandzak\/\"},\"wordCount\":669,\"commentCount\":7,\"publisher\":{\"@id\":\"https:\/\/sandzakpress.net\/arhiva\/#\/schema\/person\/6e72b67d6e51910a1117b3b483ba20bd\"},\"image\":{\"@id\":\"https:\/\/sandzakpress.net\/arhiva\/bruka-i-sramota-za-sandzak\/#primaryimage\"},\"thumbnailUrl\":\"https:\/\/sandzakpress.net\/arhiva\/wp-content\/uploads\/2010\/04\/izdajnici-sandzaka.jpg\",\"articleSection\":[\"Politika\"],\"inLanguage\":\"bs-BA\",\"potentialAction\":[{\"@type\":\"CommentAction\",\"name\":\"Comment\",\"target\":[\"https:\/\/sandzakpress.net\/arhiva\/bruka-i-sramota-za-sandzak\/#respond\"]}]},{\"@type\":\"WebPage\",\"@id\":\"https:\/\/sandzakpress.net\/arhiva\/bruka-i-sramota-za-sandzak\/\",\"url\":\"https:\/\/sandzakpress.net\/arhiva\/bruka-i-sramota-za-sandzak\/\",\"name\":\"Bruka i sramota za Sand\u017eak\",\"isPartOf\":{\"@id\":\"https:\/\/sandzakpress.net\/arhiva\/#website\"},\"primaryImageOfPage\":{\"@id\":\"https:\/\/sandzakpress.net\/arhiva\/bruka-i-sramota-za-sandzak\/#primaryimage\"},\"image\":{\"@id\":\"https:\/\/sandzakpress.net\/arhiva\/bruka-i-sramota-za-sandzak\/#primaryimage\"},\"thumbnailUrl\":\"https:\/\/sandzakpress.net\/arhiva\/wp-content\/uploads\/2010\/04\/izdajnici-sandzaka.jpg\",\"datePublished\":\"2010-04-09T01:24:16+00:00\",\"dateModified\":\"2010-04-09T14:27:01+00:00\",\"breadcrumb\":{\"@id\":\"https:\/\/sandzakpress.net\/arhiva\/bruka-i-sramota-za-sandzak\/#breadcrumb\"},\"inLanguage\":\"bs-BA\",\"potentialAction\":[{\"@type\":\"ReadAction\",\"target\":[\"https:\/\/sandzakpress.net\/arhiva\/bruka-i-sramota-za-sandzak\/\"]}]},{\"@type\":\"ImageObject\",\"inLanguage\":\"bs-BA\",\"@id\":\"https:\/\/sandzakpress.net\/arhiva\/bruka-i-sramota-za-sandzak\/#primaryimage\",\"url\":\"https:\/\/sandzakpress.net\/arhiva\/wp-content\/uploads\/2010\/04\/izdajnici-sandzaka.jpg\",\"contentUrl\":\"https:\/\/sandzakpress.net\/arhiva\/wp-content\/uploads\/2010\/04\/izdajnici-sandzaka.jpg\",\"width\":372,\"height\":213},{\"@type\":\"BreadcrumbList\",\"@id\":\"https:\/\/sandzakpress.net\/arhiva\/bruka-i-sramota-za-sandzak\/#breadcrumb\",\"itemListElement\":[{\"@type\":\"ListItem\",\"position\":1,\"name\":\"Home\",\"item\":\"https:\/\/sandzakpress.net\/arhiva\/\"},{\"@type\":\"ListItem\",\"position\":2,\"name\":\"Bruka i sramota za Sand\u017eak\"}]},{\"@type\":\"WebSite\",\"@id\":\"https:\/\/sandzakpress.net\/arhiva\/#website\",\"url\":\"https:\/\/sandzakpress.net\/arhiva\/\",\"name\":\"Sand\u017eak PRESS\",\"description\":\"Prve elektronske novine u Sand\u017eaku\",\"publisher\":{\"@id\":\"https:\/\/sandzakpress.net\/arhiva\/#\/schema\/person\/6e72b67d6e51910a1117b3b483ba20bd\"},\"potentialAction\":[{\"@type\":\"SearchAction\",\"target\":{\"@type\":\"EntryPoint\",\"urlTemplate\":\"https:\/\/sandzakpress.net\/arhiva\/?s={search_term_string}\"},\"query-input\":{\"@type\":\"PropertyValueSpecification\",\"valueRequired\":true,\"valueName\":\"search_term_string\"}}],\"inLanguage\":\"bs-BA\"},{\"@type\":[\"Person\",\"Organization\"],\"@id\":\"https:\/\/sandzakpress.net\/arhiva\/#\/schema\/person\/6e72b67d6e51910a1117b3b483ba20bd\",\"name\":\"Kul\",\"image\":{\"@type\":\"ImageObject\",\"inLanguage\":\"bs-BA\",\"@id\":\"https:\/\/sandzakpress.net\/arhiva\/#\/schema\/person\/image\/\",\"url\":\"https:\/\/secure.gravatar.com\/avatar\/42263f39aa27ac04c43cab85c280eb2e?s=96&d=mm&r=pg\",\"contentUrl\":\"https:\/\/secure.gravatar.com\/avatar\/42263f39aa27ac04c43cab85c280eb2e?s=96&d=mm&r=pg\",\"caption\":\"Kul\"},\"logo\":{\"@id\":\"https:\/\/sandzakpress.net\/arhiva\/#\/schema\/person\/image\/\"}},{\"@type\":\"Person\",\"@id\":\"https:\/\/sandzakpress.net\/arhiva\/#\/schema\/person\/c8baee722073534b583ea7bdb2e36c02\",\"name\":\"bosniak\",\"image\":{\"@type\":\"ImageObject\",\"inLanguage\":\"bs-BA\",\"@id\":\"https:\/\/sandzakpress.net\/arhiva\/#\/schema\/person\/image\/\",\"url\":\"https:\/\/secure.gravatar.com\/avatar\/a04fd330bfe3a36a72a0ad4a6d89fca7?s=96&d=mm&r=pg\",\"contentUrl\":\"https:\/\/secure.gravatar.com\/avatar\/a04fd330bfe3a36a72a0ad4a6d89fca7?s=96&d=mm&r=pg\",\"caption\":\"bosniak\"},\"url\":\"https:\/\/sandzakpress.net\/arhiva\/author\/bosniak\/\"}]}<\/script>\n<!-- \/ Yoast SEO Premium plugin. -->","yoast_head_json":{"title":"Bruka i sramota za Sand\u017eak","robots":{"index":"index","follow":"follow","max-snippet":"max-snippet:-1","max-image-preview":"max-image-preview:large","max-video-preview":"max-video-preview:-1"},"canonical":"https:\/\/sandzakpress.net\/arhiva\/bruka-i-sramota-za-sandzak\/","og_locale":"bs_BA","og_type":"article","og_title":"Bruka i sramota za Sand\u017eak","og_description":"Sjeverni Sand\u017eak \u2013 De\u0161avanja koja zaokupljaju politi\u010dku javnost u Sand\u017eaku i Srbiji u posljednje vrijeme su postala sramna i za Sand\u017eak pogubna. U skup\u0161tini Srbije je oformljen Forum bo\u0161nja\u010dkih poslanika koji \u0107e se pobrinuti da Sand\u017eak dobije pravi status kroz regionalizaciju koja je predstojala. Forum je nastao onda kada se u Me\u0161ihatu okupila sveukupna elita [&hellip;]","og_url":"https:\/\/sandzakpress.net\/arhiva\/bruka-i-sramota-za-sandzak\/","og_site_name":"Sand\u017eak PRESS","article_published_time":"2010-04-09T01:24:16+00:00","article_modified_time":"2010-04-09T14:27:01+00:00","og_image":[{"width":372,"height":213,"url":"https:\/\/sandzakpress.net\/arhiva\/wp-content\/uploads\/2010\/04\/izdajnici-sandzaka.jpg","type":"image\/jpeg"}],"author":"bosniak","twitter_card":"summary_large_image","twitter_misc":{"Written by":"bosniak","Est. reading time":"3 minute"},"schema":{"@context":"https:\/\/schema.org","@graph":[{"@type":"Article","@id":"https:\/\/sandzakpress.net\/arhiva\/bruka-i-sramota-za-sandzak\/#article","isPartOf":{"@id":"https:\/\/sandzakpress.net\/arhiva\/bruka-i-sramota-za-sandzak\/"},"author":{"name":"bosniak","@id":"https:\/\/sandzakpress.net\/arhiva\/#\/schema\/person\/c8baee722073534b583ea7bdb2e36c02"},"headline":"Bruka i sramota za Sand\u017eak","datePublished":"2010-04-09T01:24:16+00:00","dateModified":"2010-04-09T14:27:01+00:00","mainEntityOfPage":{"@id":"https:\/\/sandzakpress.net\/arhiva\/bruka-i-sramota-za-sandzak\/"},"wordCount":669,"commentCount":7,"publisher":{"@id":"https:\/\/sandzakpress.net\/arhiva\/#\/schema\/person\/6e72b67d6e51910a1117b3b483ba20bd"},"image":{"@id":"https:\/\/sandzakpress.net\/arhiva\/bruka-i-sramota-za-sandzak\/#primaryimage"},"thumbnailUrl":"https:\/\/sandzakpress.net\/arhiva\/wp-content\/uploads\/2010\/04\/izdajnici-sandzaka.jpg","articleSection":["Politika"],"inLanguage":"bs-BA","potentialAction":[{"@type":"CommentAction","name":"Comment","target":["https:\/\/sandzakpress.net\/arhiva\/bruka-i-sramota-za-sandzak\/#respond"]}]},{"@type":"WebPage","@id":"https:\/\/sandzakpress.net\/arhiva\/bruka-i-sramota-za-sandzak\/","url":"https:\/\/sandzakpress.net\/arhiva\/bruka-i-sramota-za-sandzak\/","name":"Bruka i sramota za Sand\u017eak","isPartOf":{"@id":"https:\/\/sandzakpress.net\/arhiva\/#website"},"primaryImageOfPage":{"@id":"https:\/\/sandzakpress.net\/arhiva\/bruka-i-sramota-za-sandzak\/#primaryimage"},"image":{"@id":"https:\/\/sandzakpress.net\/arhiva\/bruka-i-sramota-za-sandzak\/#primaryimage"},"thumbnailUrl":"https:\/\/sandzakpress.net\/arhiva\/wp-content\/uploads\/2010\/04\/izdajnici-sandzaka.jpg","datePublished":"2010-04-09T01:24:16+00:00","dateModified":"2010-04-09T14:27:01+00:00","breadcrumb":{"@id":"https:\/\/sandzakpress.net\/arhiva\/bruka-i-sramota-za-sandzak\/#breadcrumb"},"inLanguage":"bs-BA","potentialAction":[{"@type":"ReadAction","target":["https:\/\/sandzakpress.net\/arhiva\/bruka-i-sramota-za-sandzak\/"]}]},{"@type":"ImageObject","inLanguage":"bs-BA","@id":"https:\/\/sandzakpress.net\/arhiva\/bruka-i-sramota-za-sandzak\/#primaryimage","url":"https:\/\/sandzakpress.net\/arhiva\/wp-content\/uploads\/2010\/04\/izdajnici-sandzaka.jpg","contentUrl":"https:\/\/sandzakpress.net\/arhiva\/wp-content\/uploads\/2010\/04\/izdajnici-sandzaka.jpg","width":372,"height":213},{"@type":"BreadcrumbList","@id":"https:\/\/sandzakpress.net\/arhiva\/bruka-i-sramota-za-sandzak\/#breadcrumb","itemListElement":[{"@type":"ListItem","position":1,"name":"Home","item":"https:\/\/sandzakpress.net\/arhiva\/"},{"@type":"ListItem","position":2,"name":"Bruka i sramota za Sand\u017eak"}]},{"@type":"WebSite","@id":"https:\/\/sandzakpress.net\/arhiva\/#website","url":"https:\/\/sandzakpress.net\/arhiva\/","name":"Sand\u017eak PRESS","description":"Prve elektronske novine u Sand\u017eaku","publisher":{"@id":"https:\/\/sandzakpress.net\/arhiva\/#\/schema\/person\/6e72b67d6e51910a1117b3b483ba20bd"},"potentialAction":[{"@type":"SearchAction","target":{"@type":"EntryPoint","urlTemplate":"https:\/\/sandzakpress.net\/arhiva\/?s={search_term_string}"},"query-input":{"@type":"PropertyValueSpecification","valueRequired":true,"valueName":"search_term_string"}}],"inLanguage":"bs-BA"},{"@type":["Person","Organization"],"@id":"https:\/\/sandzakpress.net\/arhiva\/#\/schema\/person\/6e72b67d6e51910a1117b3b483ba20bd","name":"Kul","image":{"@type":"ImageObject","inLanguage":"bs-BA","@id":"https:\/\/sandzakpress.net\/arhiva\/#\/schema\/person\/image\/","url":"https:\/\/secure.gravatar.com\/avatar\/42263f39aa27ac04c43cab85c280eb2e?s=96&d=mm&r=pg","contentUrl":"https:\/\/secure.gravatar.com\/avatar\/42263f39aa27ac04c43cab85c280eb2e?s=96&d=mm&r=pg","caption":"Kul"},"logo":{"@id":"https:\/\/sandzakpress.net\/arhiva\/#\/schema\/person\/image\/"}},{"@type":"Person","@id":"https:\/\/sandzakpress.net\/arhiva\/#\/schema\/person\/c8baee722073534b583ea7bdb2e36c02","name":"bosniak","image":{"@type":"ImageObject","inLanguage":"bs-BA","@id":"https:\/\/sandzakpress.net\/arhiva\/#\/schema\/person\/image\/","url":"https:\/\/secure.gravatar.com\/avatar\/a04fd330bfe3a36a72a0ad4a6d89fca7?s=96&d=mm&r=pg","contentUrl":"https:\/\/secure.gravatar.com\/avatar\/a04fd330bfe3a36a72a0ad4a6d89fca7?s=96&d=mm&r=pg","caption":"bosniak"},"url":"https:\/\/sandzakpress.net\/arhiva\/author\/bosniak\/"}]}},"_links":{"self":[{"href":"https:\/\/sandzakpress.net\/arhiva\/wp-json\/wp\/v2\/posts\/3571"}],"collection":[{"href":"https:\/\/sandzakpress.net\/arhiva\/wp-json\/wp\/v2\/posts"}],"about":[{"href":"https:\/\/sandzakpress.net\/arhiva\/wp-json\/wp\/v2\/types\/post"}],"author":[{"embeddable":true,"href":"https:\/\/sandzakpress.net\/arhiva\/wp-json\/wp\/v2\/users\/83"}],"replies":[{"embeddable":true,"href":"https:\/\/sandzakpress.net\/arhiva\/wp-json\/wp\/v2\/comments?post=3571"}],"version-history":[{"count":0,"href":"https:\/\/sandzakpress.net\/arhiva\/wp-json\/wp\/v2\/posts\/3571\/revisions"}],"wp:featuredmedia":[{"embeddable":true,"href":"https:\/\/sandzakpress.net\/arhiva\/wp-json\/wp\/v2\/media\/3576"}],"wp:attachment":[{"href":"https:\/\/sandzakpress.net\/arhiva\/wp-json\/wp\/v2\/media?parent=3571"}],"wp:term":[{"taxonomy":"category","embeddable":true,"href":"https:\/\/sandzakpress.net\/arhiva\/wp-json\/wp\/v2\/categories?post=3571"},{"taxonomy":"post_tag","embeddable":true,"href":"https:\/\/sandzakpress.net\/arhiva\/wp-json\/wp\/v2\/tags?post=3571"}],"curies":[{"name":"wp","href":"https:\/\/api.w.org\/{rel}","templated":true}]}}