{"id":356,"date":"2009-12-22T15:18:27","date_gmt":"2009-12-22T15:18:27","guid":{"rendered":"https:\/\/sandzakpress.net\/arhiva\/?p=356"},"modified":"2009-12-22T23:58:23","modified_gmt":"2009-12-22T23:58:23","slug":"diskriminacija-mutirala-u-segregaciju","status":"publish","type":"post","link":"https:\/\/sandzakpress.net\/arhiva\/diskriminacija-mutirala-u-segregaciju\/","title":{"rendered":"Diskriminacija mutirala u segregaciju"},"content":{"rendered":"<p><strong><a href=\"https:\/\/sandzakpress.net\/arhiva\/wp-content\/uploads\/2009\/12\/segregacija_ssh.jpg\"><img loading=\"lazy\" decoding=\"async\" class=\"aligncenter size-full wp-image-357\" title=\"segregacija_ssh\" src=\"https:\/\/sandzakpress.net\/arhiva\/wp-content\/uploads\/2009\/12\/segregacija_ssh.jpg\" alt=\"\" width=\"620\" height=\"285\" \/><\/a>Islamska zajednica, kao krovna institucija muslimana u Srbiji i kao jedina institucija koja je ostala bo\u0161nja\u010dkom narodu, veliki je magnet za medije. Posebno poslije neuspjelog poku\u0161aja ru\u0161enja legalnih i legitimnih inistitucija Islamske zajednice interesovanje za rad i planove Islamske zajednice je izuzetno veliko.<\/strong><\/p>\n<p><strong>&#8212;&#8212;&#8212;&#8212;&#8212;&#8212;&#8212;&#8212;&#8212;&#8212;-<\/strong><\/p>\n<p>Autonomnost Islamske zajednice je ugro\u017eena od strane vlasti formiranjem podani\u010dke paravjerske zajednice sa ciljem manipulacije i stvaranja prividne slike o po\u0161tivanju vjerskih i ljudskih prava muslimana. Vlast ho\u0107e poslu\u0161nike u politi\u010dkom i vjerskom \u017eivotu Bo\u0161njaka. Na\u0161la ih je u liku izdajica bo\u0161nja\u010dkih interesa i ponadala se da je \u201eubila\u201d svaku na\u0161u inicijativu i \u017eelju za ravnopravno\u0161\u0107u i partnerstvom unutar zajedni\u010dke nam dr\u017eave Srbije.<\/p>\n<p>Me\u0111utim, ta \u017eelja nije nestala, ona svakim danom biva sve ja\u010da. Pripadnici Islamske zajednice ne\u0107e ustuknuti ni jedan milimetar na putu njene odbrane, bez obzira koliko jaki bili napadi vlastodr\u017eaca, ali ne\u0107e ni oti\u0107i u krajnost i ekstremizam kako bi se odbranili. O\u0161trina i odlu\u010dnost u odbrani na\u0161ih prava i stavova ne zna\u010de isklju\u010divost i aroganciju. Zato smatramo da se razgovorima na zdravoj osnovi mogu rije\u0161iti problemi na relaciji Ministarstvo vjera \u2013 Islamska zajednica, uz po\u0161tovanje na\u0161ih osnovnih prava, \u0161to se mo\u017ee uzeti za polaznu osnovu nekih budu\u0107ih razgovora, ako do njih do\u0111e. Muslimani po vjeri, Bo\u0161njaci po nacionalnosti, zajedno sa Albancima, Srbima, Romima, Gorancima i drugima u jedinstvenoj, tradicionalnoj Islamskoj zajednici u Srbiji. Me\u0111utim, pozitivnih koraka od strane Beograda jo\u0161 nema, ali zato ima diskriminacije koja se naj\u010de\u0161\u0107e ogleda u sljede\u0107em: \u201eUstav Srbiju defini\u0161e kao dr\u017eavu Srba i ostalih gra\u0111ana.\u201c Zna\u010di li to da su Bo\u0161njaci\u00a0 podstanari u sopstvenoj dr\u017eavi, narod manje vrijedan od ve\u0107ine, narod sa manje prava na Srbiju od Srba. Da li nas sa ovakvim stavom vlast tjera iz Srbije?<br \/>\nHimna na\u0161e dr\u017eave je \u201esve\u010dana pjesma\u201c \u201eBo\u017ee pravde\u201c u kojoj se veli\u010da i uzdi\u017ee samo ve\u0107inski narod i srpske zemlje. Nas i ostalih nema nigdje. Koje su to srpske zemlje? Da li je i Srebrenica platila\u00a0 krvlju 8.000 \u017ertava da bi postala \u201esrpska\u201d?<\/p>\n<p style=\"text-align: center;\">\n<p><strong>Obrazovanje na bosanskom jeziku &#8211; mrtvo slovo na papiru<\/strong><\/p>\n<p>Po zakonu imamo pravo obrazovati se na maternjem bosanskom jeziku. U Sand\u017eaku se nigdje, ama ba\u0161 ni u jednoj \u0161koli ne po\u0161tuje pomenuta zakonska regulativa. De\u0161ava se da nastavnici vr\u0161e pritisak na djecu koja govore jekavicom, tra\u017ee\u0107i da pri\u010daju ekavicom. U jednoj novopazarskoj osnovnoj \u0161koli u\u010diteljica \u201emuslimanka\u201d ismijava djecu \u0161to ne govore \u201elepo\u201d i moderno, nego pri\u010daju \u201elijepo\u201d, \u0161to je zaostalo, starinski i \u201eselja\u010dki\u201d, kako ona re\u010de.<br \/>\nVlast podr\u017eava paravjesrku zajednicu, dok se u slu\u010daju Srpske pravoslavne crkve u Crnoj Gori zala\u017ee protiv novonastale Crnogorske pravoslavne crkve. Ministarstvo vjera na \u010delu sa ministrom \u0160ijakovi\u0107em pritiska Islamsku zajednicu. Najsvje\u017eiji primjeri su: ugro\u017eavanje islamske vjeronauke; ukidanje stipendija studentima Fakulteta za islamske studije, a zatim ponovno vra\u0107anje istih na snagu; ukidanje zakonskih dotacija \u201eGlasu islama\u201c, jedinom vjerskom glasilu muslimana u Srbiji. O nebrizi za vjerske i kulturne spomenike Bo\u0161njaka da ne govorimo. Te\u017ea nebriga se ogleda prema vakufskoj imovini koja se prodaje i oduzima i pored postojanja zakonske regulative koja to izri\u010dito zabranjuje. Sjetimo se zgrade Islamskih ustanova, Novopazarske banje, Bolni\u010dkih livada, Gazilara, imanja kod Pete mjesne zajednice, imovine na Paricama, Had\u017eetu itd, itd.<br \/>\nZaposlenost muslimana u dr\u017eavnim organima, institucijama i preduze\u0107ima koja se finansiraju iz javnog bud\u017eeta je skoro na nultoj ta\u010dki! Struktura uposlenih nije\u00a0 proporcionalna broju stanovnika u sand\u017ea\u010dkim gradovima. U Priboju je stopa nezaposlenih Bo\u0161njaka visoka. U Novoj Varo\u0161i i to malo Bo\u0161njaka \u0161to je ostalo marginalizuje se i nema ih na funkcijama, pa \u010dak i na najobi\u010dnijim radnim mjestima. Ve\u0107ina tamo\u0161njih muslimana je nezaposleno. U Prijepolju su Bo\u0161njaci u najve\u0107oj mjeri diskriminisani po svim osnovama. Iako \u010dine polovinu tamo\u0161njeg stanovni\u0161tva vrlo malo njih je zaposleno na odgovornim funkcijama, ili bilo kakvim radnim mjestima. U Sjenici Bo\u0161njaci \u010dine 86% stanovni\u0161tva, a njih oko 5% je uposleno u dr\u017eavnim ustanovama. U Novom Pazaru je skoro 90% Bo\u0161njaka, a u policiji i pravosu\u0111u ih je neznatan broj. U Tutinu vrlo malo Bo\u0161njaka ima rukovode\u0107e pozicije u dr\u017eavnim ustanovama, iako oni \u010dine 99% stanovni\u0161tva. Da li je ovo diskriminacija?<br \/>\nU sand\u017ea\u010dkim gradovima samo par ulica nosi bo\u0161nja\u010dke nazive. Neasfaltiranost ulica,\u00a0\u00a0 posebno u naseljima u kojima muslimani \u010dine ve\u0107inu, o\u010digledna je. Pogledajte Tutin i Sjenicu, kao da smo u Srednjem vijeku, \u0161to se puteva ti\u010de. Novopazarska naselja \u0106eremid\u017einica, Bukre\u0161, Had\u017eet, Mur, Selakovac i dr. najbolji su svjedoci ovog vida diskriminacije. Pokrivenost kablovskom mre\u017eom, internetom i kvalitetnom fiksnom telefonijom je o\u010dajna. U mnogim sand\u017ea\u010dkim naseljima u kojima muslimani \u010dine ve\u0107inu nema kablovske televizije. Interneta nema u mnogim seoskim i prigradskim naseljima. Tamo gdje ga ima on je spor, sa \u010destim prekidima i bez stalne konekcije, zato \u0161to je fiksna telefonska mre\u017ea nekvalitetna. Da kojim slu\u010dajem ve\u0107inski narod \u010dini ve\u0107inu u pomenutim naseljima internet i fiksna telefonija bili bi kvalitetni kao u najzaba\u010denijim golijskim selima.<\/p>\n<p style=\"text-align: left;\"><strong>Muslimanski \u0111aci u \u0161kolama sa srpskim imenima<\/strong><\/p>\n<p>Skoro sve osnovne \u0161kole u Sand\u017eaku nose nazive uglednih Srba. Od 12 osnovnih \u0161kola u Novom Pazaru samo jedna nosi bo\u0161nja\u010dko ime &#8211; Rifat Burd\u017eevi\u0107 Tr\u0161o. Gradska biblioteka nosi naziv \u201eDositej Obradovi\u0107\u201c. Od 7 osnovnih \u0161kola u Tutinu, tri imaju bo\u0161nja\u010dko ime, ra\u010dunaju\u0107i i Me\u0161u Selimovi\u0107a kojeg Srbija zove Srbinom. U Prijepolju i Priboju ni jedna osnovna \u0161kola ne nosi bo\u0161nja\u010dki naziv. Sveti Sava je \u0161kolska slava, pa su i bo\u0161nja\u010dka djeca prinu\u0111ena da joj prisustvuju i pjevaju svetosavsku himnu. U u\u010dionici jedne novopazarske \u0161kole naslikana je velika slika Svetog Save na zidu. Da ironija bude ve\u0107a u toj u\u010dionici je odjeljenje \u010diji su svi polaznici muslimani. U jednoj novosagra\u0111enoj \u0161koli u Novom Pazaru, u\u010diteljica, Srpkinja po nacionalnosti, tra\u017eila je od djece da stoje tri minuta \u0161utnje u znak odavanja po\u0161te preminulom Patrijarhu Pavlu. U ovom odjeljenju sva djeca su muslimanske vjere. Nije mogu\u0107e da u\u010diteljica to nije primijetila?<br \/>\nSand\u017eak je najsiroma\u0161nija regija ne samo u Srbiji, ve\u0107 i \u0161ire. To je zato \u0161to se potpuno izbjegava ulaganje u njega. Fabrike se ne grade, a i ono \u0161to je imalo to je pokradeno i zatvoreno. Ali zato je u Prokuplju otvorena novu fabrika u kojoj se planira uposliti vi\u0161e od hiljadu radnika. Sli\u010dno je i sa Zrenjaninom gdje je skoro otvorena nova fabrika u kojoj je uposleno vi\u0161e stotina ljudi. Kada \u0107e vlast otvoriti novu fabriku u Novom Pazaru, Sjenici, Tutinu, Priboju&#8230;? Kod nas planiraju da grade modernu deponiju, da nas ekolo\u0161ki uni\u0161te i zagor\u010daju nam i onako te\u017eak \u017eivot. Pe\u0161ter se devastira, ekolo\u0161ki uni\u0161tava vojnim vje\u017ebama, sto\u010dni fond opada zbog niskih otkupnih cijena. Jednom rije\u010dju, sistematski se uni\u0161tava ono \u0161to je bo\u0161nja\u010dko. Izbjegava se izgradnja puteva i auto-puteva, pruge kroz Sand\u017eak, kako bi nas otrgli od ostatka svijeta. Politi\u010dko-vjerska situacija u Sand\u017eaku se namjerno \u201etalasa\u201d kako bi se kod stranih investitora otupila \u017eelja za ulaganjem. Ko bi pametan ulagao u nestabilan i nesiguran region? \u017delja beogradske vlasti je da od Sand\u017eaka napravi geto u kome cvjetaju kriminal, prodaja droge i oru\u017eja, korupcija i mito. Sve \u0161to je pozitivno marginalizuje se i nipoda\u0161tava do te mjere da nas nema ni na turisti\u010dkim mapama, znakovima na putevima, posebno kada su u pitanju vjerski i kulturni objekti Bo\u0161njaka.<br \/>\nU Srbiji je na snazi tiha asimilacija.\u00a0 U novom paso\u0161u dr\u017eavljanstvo je definisano kao srpsko. Za\u0161to u paso\u0161u ne stoji dr\u017eavljanstvo Republike Srbije? Zato da bi se mi i ostali navikli na rije\u010d \u201esrpsko\u201d, i tako budemo asimilirani.<br \/>\nOd svih televizija sa nacionalnom frekvencijom samo na vojvo\u0111anskoj televiziji se u vremenskoj prognozi na mapi Srbije prikazuje Novi Pazar, iako je to peti po veli\u010dini grad u Srbiji. To zato \u0161to se \u017eeli sakriti \u010dinjenica da je Novi Pazar administrativni, intelektualni, ekonomski i svekoliki centar Sand\u017eaka i ovog dijela Srbije. Na putu kroz Srbiju do Pazara postoji samo jedna tabla gdje pi\u0161e u kom je pravcu i koliko kilometara nam ostaje do njega. I to je na\u010din da se prikrije istina o jednom narodu, njegovim gradovima i selima, o ljudima koji su krivi samo zato \u0161to su muslimani. Zar nabrojano nije segregacija?<\/p>\n<p>Autor: <strong>Sead \u0160a\u0107irovi\u0107<\/strong><\/p>\n","protected":false},"excerpt":{"rendered":"<p>Islamska zajednica, kao krovna institucija muslimana u Srbiji i kao jedina institucija koja je ostala bo\u0161nja\u010dkom narodu, veliki je magnet za medije. Posebno poslije neuspjelog poku\u0161aja ru\u0161enja legalnih i legitimnih inistitucija Islamske zajednice interesovanje za rad i planove Islamske zajednice je izuzetno veliko. &#8212;&#8212;&#8212;&#8212;&#8212;&#8212;&#8212;&#8212;&#8212;&#8212;- Autonomnost Islamske zajednice je ugro\u017eena od strane vlasti formiranjem podani\u010dke paravjerske [&hellip;]<\/p>\n","protected":false},"author":83,"featured_media":357,"comment_status":"open","ping_status":"open","sticky":false,"template":"","format":"standard","meta":{"footnotes":""},"categories":[16],"tags":[],"class_list":{"0":"post-356","1":"post","2":"type-post","3":"status-publish","4":"format-standard","5":"has-post-thumbnail","7":"category-novine"},"yoast_head":"<!-- This site is optimized with the Yoast SEO Premium plugin v23.1 (Yoast SEO v24.9) - https:\/\/yoast.com\/wordpress\/plugins\/seo\/ -->\n<title>Diskriminacija mutirala u segregaciju<\/title>\n<meta name=\"robots\" content=\"index, follow, max-snippet:-1, max-image-preview:large, max-video-preview:-1\" \/>\n<link rel=\"canonical\" href=\"https:\/\/sandzakpress.net\/arhiva\/diskriminacija-mutirala-u-segregaciju\/\" \/>\n<meta property=\"og:locale\" content=\"bs_BA\" \/>\n<meta property=\"og:type\" content=\"article\" \/>\n<meta property=\"og:title\" content=\"Diskriminacija mutirala u segregaciju\" \/>\n<meta property=\"og:description\" content=\"Islamska zajednica, kao krovna institucija muslimana u Srbiji i kao jedina institucija koja je ostala bo\u0161nja\u010dkom narodu, veliki je magnet za medije. Posebno poslije neuspjelog poku\u0161aja ru\u0161enja legalnih i legitimnih inistitucija Islamske zajednice interesovanje za rad i planove Islamske zajednice je izuzetno veliko. &#8212;&#8212;&#8212;&#8212;&#8212;&#8212;&#8212;&#8212;&#8212;&#8212;- Autonomnost Islamske zajednice je ugro\u017eena od strane vlasti formiranjem podani\u010dke paravjerske [&hellip;]\" \/>\n<meta property=\"og:url\" content=\"https:\/\/sandzakpress.net\/arhiva\/diskriminacija-mutirala-u-segregaciju\/\" \/>\n<meta property=\"og:site_name\" content=\"Sand\u017eak PRESS\" \/>\n<meta property=\"article:published_time\" content=\"2009-12-22T15:18:27+00:00\" \/>\n<meta property=\"article:modified_time\" content=\"2009-12-22T23:58:23+00:00\" \/>\n<meta property=\"og:image\" content=\"https:\/\/sandzakpress.net\/arhiva\/wp-content\/uploads\/2009\/12\/segregacija_ssh.jpg\" \/>\n\t<meta property=\"og:image:width\" content=\"616\" \/>\n\t<meta property=\"og:image:height\" content=\"283\" \/>\n\t<meta property=\"og:image:type\" content=\"image\/jpeg\" \/>\n<meta name=\"author\" content=\"bosniak\" \/>\n<meta name=\"twitter:card\" content=\"summary_large_image\" \/>\n<meta name=\"twitter:label1\" content=\"Written by\" \/>\n\t<meta name=\"twitter:data1\" content=\"bosniak\" \/>\n\t<meta name=\"twitter:label2\" content=\"Est. reading time\" \/>\n\t<meta name=\"twitter:data2\" content=\"7 minuta\" \/>\n<script type=\"application\/ld+json\" class=\"yoast-schema-graph\">{\"@context\":\"https:\/\/schema.org\",\"@graph\":[{\"@type\":\"Article\",\"@id\":\"https:\/\/sandzakpress.net\/arhiva\/diskriminacija-mutirala-u-segregaciju\/#article\",\"isPartOf\":{\"@id\":\"https:\/\/sandzakpress.net\/arhiva\/diskriminacija-mutirala-u-segregaciju\/\"},\"author\":{\"name\":\"bosniak\",\"@id\":\"https:\/\/sandzakpress.net\/arhiva\/#\/schema\/person\/c8baee722073534b583ea7bdb2e36c02\"},\"headline\":\"Diskriminacija mutirala u segregaciju\",\"datePublished\":\"2009-12-22T15:18:27+00:00\",\"dateModified\":\"2009-12-22T23:58:23+00:00\",\"mainEntityOfPage\":{\"@id\":\"https:\/\/sandzakpress.net\/arhiva\/diskriminacija-mutirala-u-segregaciju\/\"},\"wordCount\":1478,\"commentCount\":0,\"publisher\":{\"@id\":\"https:\/\/sandzakpress.net\/arhiva\/#\/schema\/person\/6e72b67d6e51910a1117b3b483ba20bd\"},\"image\":{\"@id\":\"https:\/\/sandzakpress.net\/arhiva\/diskriminacija-mutirala-u-segregaciju\/#primaryimage\"},\"thumbnailUrl\":\"https:\/\/sandzakpress.net\/arhiva\/wp-content\/uploads\/2009\/12\/segregacija_ssh.jpg\",\"articleSection\":[\"Novine\"],\"inLanguage\":\"bs-BA\",\"potentialAction\":[{\"@type\":\"CommentAction\",\"name\":\"Comment\",\"target\":[\"https:\/\/sandzakpress.net\/arhiva\/diskriminacija-mutirala-u-segregaciju\/#respond\"]}]},{\"@type\":\"WebPage\",\"@id\":\"https:\/\/sandzakpress.net\/arhiva\/diskriminacija-mutirala-u-segregaciju\/\",\"url\":\"https:\/\/sandzakpress.net\/arhiva\/diskriminacija-mutirala-u-segregaciju\/\",\"name\":\"Diskriminacija mutirala u segregaciju\",\"isPartOf\":{\"@id\":\"https:\/\/sandzakpress.net\/arhiva\/#website\"},\"primaryImageOfPage\":{\"@id\":\"https:\/\/sandzakpress.net\/arhiva\/diskriminacija-mutirala-u-segregaciju\/#primaryimage\"},\"image\":{\"@id\":\"https:\/\/sandzakpress.net\/arhiva\/diskriminacija-mutirala-u-segregaciju\/#primaryimage\"},\"thumbnailUrl\":\"https:\/\/sandzakpress.net\/arhiva\/wp-content\/uploads\/2009\/12\/segregacija_ssh.jpg\",\"datePublished\":\"2009-12-22T15:18:27+00:00\",\"dateModified\":\"2009-12-22T23:58:23+00:00\",\"breadcrumb\":{\"@id\":\"https:\/\/sandzakpress.net\/arhiva\/diskriminacija-mutirala-u-segregaciju\/#breadcrumb\"},\"inLanguage\":\"bs-BA\",\"potentialAction\":[{\"@type\":\"ReadAction\",\"target\":[\"https:\/\/sandzakpress.net\/arhiva\/diskriminacija-mutirala-u-segregaciju\/\"]}]},{\"@type\":\"ImageObject\",\"inLanguage\":\"bs-BA\",\"@id\":\"https:\/\/sandzakpress.net\/arhiva\/diskriminacija-mutirala-u-segregaciju\/#primaryimage\",\"url\":\"https:\/\/sandzakpress.net\/arhiva\/wp-content\/uploads\/2009\/12\/segregacija_ssh.jpg\",\"contentUrl\":\"https:\/\/sandzakpress.net\/arhiva\/wp-content\/uploads\/2009\/12\/segregacija_ssh.jpg\",\"width\":616,\"height\":283},{\"@type\":\"BreadcrumbList\",\"@id\":\"https:\/\/sandzakpress.net\/arhiva\/diskriminacija-mutirala-u-segregaciju\/#breadcrumb\",\"itemListElement\":[{\"@type\":\"ListItem\",\"position\":1,\"name\":\"Home\",\"item\":\"https:\/\/sandzakpress.net\/arhiva\/\"},{\"@type\":\"ListItem\",\"position\":2,\"name\":\"Diskriminacija mutirala u segregaciju\"}]},{\"@type\":\"WebSite\",\"@id\":\"https:\/\/sandzakpress.net\/arhiva\/#website\",\"url\":\"https:\/\/sandzakpress.net\/arhiva\/\",\"name\":\"Sand\u017eak PRESS\",\"description\":\"Prve elektronske novine u Sand\u017eaku\",\"publisher\":{\"@id\":\"https:\/\/sandzakpress.net\/arhiva\/#\/schema\/person\/6e72b67d6e51910a1117b3b483ba20bd\"},\"potentialAction\":[{\"@type\":\"SearchAction\",\"target\":{\"@type\":\"EntryPoint\",\"urlTemplate\":\"https:\/\/sandzakpress.net\/arhiva\/?s={search_term_string}\"},\"query-input\":{\"@type\":\"PropertyValueSpecification\",\"valueRequired\":true,\"valueName\":\"search_term_string\"}}],\"inLanguage\":\"bs-BA\"},{\"@type\":[\"Person\",\"Organization\"],\"@id\":\"https:\/\/sandzakpress.net\/arhiva\/#\/schema\/person\/6e72b67d6e51910a1117b3b483ba20bd\",\"name\":\"Kul\",\"image\":{\"@type\":\"ImageObject\",\"inLanguage\":\"bs-BA\",\"@id\":\"https:\/\/sandzakpress.net\/arhiva\/#\/schema\/person\/image\/\",\"url\":\"https:\/\/secure.gravatar.com\/avatar\/42263f39aa27ac04c43cab85c280eb2e?s=96&d=mm&r=pg\",\"contentUrl\":\"https:\/\/secure.gravatar.com\/avatar\/42263f39aa27ac04c43cab85c280eb2e?s=96&d=mm&r=pg\",\"caption\":\"Kul\"},\"logo\":{\"@id\":\"https:\/\/sandzakpress.net\/arhiva\/#\/schema\/person\/image\/\"}},{\"@type\":\"Person\",\"@id\":\"https:\/\/sandzakpress.net\/arhiva\/#\/schema\/person\/c8baee722073534b583ea7bdb2e36c02\",\"name\":\"bosniak\",\"image\":{\"@type\":\"ImageObject\",\"inLanguage\":\"bs-BA\",\"@id\":\"https:\/\/sandzakpress.net\/arhiva\/#\/schema\/person\/image\/\",\"url\":\"https:\/\/secure.gravatar.com\/avatar\/a04fd330bfe3a36a72a0ad4a6d89fca7?s=96&d=mm&r=pg\",\"contentUrl\":\"https:\/\/secure.gravatar.com\/avatar\/a04fd330bfe3a36a72a0ad4a6d89fca7?s=96&d=mm&r=pg\",\"caption\":\"bosniak\"},\"url\":\"https:\/\/sandzakpress.net\/arhiva\/author\/bosniak\/\"}]}<\/script>\n<!-- \/ Yoast SEO Premium plugin. -->","yoast_head_json":{"title":"Diskriminacija mutirala u segregaciju","robots":{"index":"index","follow":"follow","max-snippet":"max-snippet:-1","max-image-preview":"max-image-preview:large","max-video-preview":"max-video-preview:-1"},"canonical":"https:\/\/sandzakpress.net\/arhiva\/diskriminacija-mutirala-u-segregaciju\/","og_locale":"bs_BA","og_type":"article","og_title":"Diskriminacija mutirala u segregaciju","og_description":"Islamska zajednica, kao krovna institucija muslimana u Srbiji i kao jedina institucija koja je ostala bo\u0161nja\u010dkom narodu, veliki je magnet za medije. Posebno poslije neuspjelog poku\u0161aja ru\u0161enja legalnih i legitimnih inistitucija Islamske zajednice interesovanje za rad i planove Islamske zajednice je izuzetno veliko. &#8212;&#8212;&#8212;&#8212;&#8212;&#8212;&#8212;&#8212;&#8212;&#8212;- Autonomnost Islamske zajednice je ugro\u017eena od strane vlasti formiranjem podani\u010dke paravjerske [&hellip;]","og_url":"https:\/\/sandzakpress.net\/arhiva\/diskriminacija-mutirala-u-segregaciju\/","og_site_name":"Sand\u017eak PRESS","article_published_time":"2009-12-22T15:18:27+00:00","article_modified_time":"2009-12-22T23:58:23+00:00","og_image":[{"width":616,"height":283,"url":"https:\/\/sandzakpress.net\/arhiva\/wp-content\/uploads\/2009\/12\/segregacija_ssh.jpg","type":"image\/jpeg"}],"author":"bosniak","twitter_card":"summary_large_image","twitter_misc":{"Written by":"bosniak","Est. reading time":"7 minuta"},"schema":{"@context":"https:\/\/schema.org","@graph":[{"@type":"Article","@id":"https:\/\/sandzakpress.net\/arhiva\/diskriminacija-mutirala-u-segregaciju\/#article","isPartOf":{"@id":"https:\/\/sandzakpress.net\/arhiva\/diskriminacija-mutirala-u-segregaciju\/"},"author":{"name":"bosniak","@id":"https:\/\/sandzakpress.net\/arhiva\/#\/schema\/person\/c8baee722073534b583ea7bdb2e36c02"},"headline":"Diskriminacija mutirala u segregaciju","datePublished":"2009-12-22T15:18:27+00:00","dateModified":"2009-12-22T23:58:23+00:00","mainEntityOfPage":{"@id":"https:\/\/sandzakpress.net\/arhiva\/diskriminacija-mutirala-u-segregaciju\/"},"wordCount":1478,"commentCount":0,"publisher":{"@id":"https:\/\/sandzakpress.net\/arhiva\/#\/schema\/person\/6e72b67d6e51910a1117b3b483ba20bd"},"image":{"@id":"https:\/\/sandzakpress.net\/arhiva\/diskriminacija-mutirala-u-segregaciju\/#primaryimage"},"thumbnailUrl":"https:\/\/sandzakpress.net\/arhiva\/wp-content\/uploads\/2009\/12\/segregacija_ssh.jpg","articleSection":["Novine"],"inLanguage":"bs-BA","potentialAction":[{"@type":"CommentAction","name":"Comment","target":["https:\/\/sandzakpress.net\/arhiva\/diskriminacija-mutirala-u-segregaciju\/#respond"]}]},{"@type":"WebPage","@id":"https:\/\/sandzakpress.net\/arhiva\/diskriminacija-mutirala-u-segregaciju\/","url":"https:\/\/sandzakpress.net\/arhiva\/diskriminacija-mutirala-u-segregaciju\/","name":"Diskriminacija mutirala u segregaciju","isPartOf":{"@id":"https:\/\/sandzakpress.net\/arhiva\/#website"},"primaryImageOfPage":{"@id":"https:\/\/sandzakpress.net\/arhiva\/diskriminacija-mutirala-u-segregaciju\/#primaryimage"},"image":{"@id":"https:\/\/sandzakpress.net\/arhiva\/diskriminacija-mutirala-u-segregaciju\/#primaryimage"},"thumbnailUrl":"https:\/\/sandzakpress.net\/arhiva\/wp-content\/uploads\/2009\/12\/segregacija_ssh.jpg","datePublished":"2009-12-22T15:18:27+00:00","dateModified":"2009-12-22T23:58:23+00:00","breadcrumb":{"@id":"https:\/\/sandzakpress.net\/arhiva\/diskriminacija-mutirala-u-segregaciju\/#breadcrumb"},"inLanguage":"bs-BA","potentialAction":[{"@type":"ReadAction","target":["https:\/\/sandzakpress.net\/arhiva\/diskriminacija-mutirala-u-segregaciju\/"]}]},{"@type":"ImageObject","inLanguage":"bs-BA","@id":"https:\/\/sandzakpress.net\/arhiva\/diskriminacija-mutirala-u-segregaciju\/#primaryimage","url":"https:\/\/sandzakpress.net\/arhiva\/wp-content\/uploads\/2009\/12\/segregacija_ssh.jpg","contentUrl":"https:\/\/sandzakpress.net\/arhiva\/wp-content\/uploads\/2009\/12\/segregacija_ssh.jpg","width":616,"height":283},{"@type":"BreadcrumbList","@id":"https:\/\/sandzakpress.net\/arhiva\/diskriminacija-mutirala-u-segregaciju\/#breadcrumb","itemListElement":[{"@type":"ListItem","position":1,"name":"Home","item":"https:\/\/sandzakpress.net\/arhiva\/"},{"@type":"ListItem","position":2,"name":"Diskriminacija mutirala u segregaciju"}]},{"@type":"WebSite","@id":"https:\/\/sandzakpress.net\/arhiva\/#website","url":"https:\/\/sandzakpress.net\/arhiva\/","name":"Sand\u017eak PRESS","description":"Prve elektronske novine u Sand\u017eaku","publisher":{"@id":"https:\/\/sandzakpress.net\/arhiva\/#\/schema\/person\/6e72b67d6e51910a1117b3b483ba20bd"},"potentialAction":[{"@type":"SearchAction","target":{"@type":"EntryPoint","urlTemplate":"https:\/\/sandzakpress.net\/arhiva\/?s={search_term_string}"},"query-input":{"@type":"PropertyValueSpecification","valueRequired":true,"valueName":"search_term_string"}}],"inLanguage":"bs-BA"},{"@type":["Person","Organization"],"@id":"https:\/\/sandzakpress.net\/arhiva\/#\/schema\/person\/6e72b67d6e51910a1117b3b483ba20bd","name":"Kul","image":{"@type":"ImageObject","inLanguage":"bs-BA","@id":"https:\/\/sandzakpress.net\/arhiva\/#\/schema\/person\/image\/","url":"https:\/\/secure.gravatar.com\/avatar\/42263f39aa27ac04c43cab85c280eb2e?s=96&d=mm&r=pg","contentUrl":"https:\/\/secure.gravatar.com\/avatar\/42263f39aa27ac04c43cab85c280eb2e?s=96&d=mm&r=pg","caption":"Kul"},"logo":{"@id":"https:\/\/sandzakpress.net\/arhiva\/#\/schema\/person\/image\/"}},{"@type":"Person","@id":"https:\/\/sandzakpress.net\/arhiva\/#\/schema\/person\/c8baee722073534b583ea7bdb2e36c02","name":"bosniak","image":{"@type":"ImageObject","inLanguage":"bs-BA","@id":"https:\/\/sandzakpress.net\/arhiva\/#\/schema\/person\/image\/","url":"https:\/\/secure.gravatar.com\/avatar\/a04fd330bfe3a36a72a0ad4a6d89fca7?s=96&d=mm&r=pg","contentUrl":"https:\/\/secure.gravatar.com\/avatar\/a04fd330bfe3a36a72a0ad4a6d89fca7?s=96&d=mm&r=pg","caption":"bosniak"},"url":"https:\/\/sandzakpress.net\/arhiva\/author\/bosniak\/"}]}},"_links":{"self":[{"href":"https:\/\/sandzakpress.net\/arhiva\/wp-json\/wp\/v2\/posts\/356"}],"collection":[{"href":"https:\/\/sandzakpress.net\/arhiva\/wp-json\/wp\/v2\/posts"}],"about":[{"href":"https:\/\/sandzakpress.net\/arhiva\/wp-json\/wp\/v2\/types\/post"}],"author":[{"embeddable":true,"href":"https:\/\/sandzakpress.net\/arhiva\/wp-json\/wp\/v2\/users\/83"}],"replies":[{"embeddable":true,"href":"https:\/\/sandzakpress.net\/arhiva\/wp-json\/wp\/v2\/comments?post=356"}],"version-history":[{"count":0,"href":"https:\/\/sandzakpress.net\/arhiva\/wp-json\/wp\/v2\/posts\/356\/revisions"}],"wp:featuredmedia":[{"embeddable":true,"href":"https:\/\/sandzakpress.net\/arhiva\/wp-json\/wp\/v2\/media\/357"}],"wp:attachment":[{"href":"https:\/\/sandzakpress.net\/arhiva\/wp-json\/wp\/v2\/media?parent=356"}],"wp:term":[{"taxonomy":"category","embeddable":true,"href":"https:\/\/sandzakpress.net\/arhiva\/wp-json\/wp\/v2\/categories?post=356"},{"taxonomy":"post_tag","embeddable":true,"href":"https:\/\/sandzakpress.net\/arhiva\/wp-json\/wp\/v2\/tags?post=356"}],"curies":[{"name":"wp","href":"https:\/\/api.w.org\/{rel}","templated":true}]}}