{"id":3549,"date":"2010-04-08T17:12:38","date_gmt":"2010-04-08T15:12:38","guid":{"rendered":"https:\/\/sandzakpress.net\/arhiva\/?p=3549"},"modified":"2010-04-08T17:12:38","modified_gmt":"2010-04-08T15:12:38","slug":"medvedev-i-obama-potpisali-historijski-sporazum","status":"publish","type":"post","link":"https:\/\/sandzakpress.net\/arhiva\/medvedev-i-obama-potpisali-historijski-sporazum\/","title":{"rendered":"Medvedev i Obama potpisali historijski sporazum"},"content":{"rendered":"<p><strong><a href=\"https:\/\/sandzakpress.net\/arhiva\/wp-content\/uploads\/2010\/04\/obama-i-medvedev.jpg\"><img loading=\"lazy\" decoding=\"async\" class=\"alignleft size-medium wp-image-3550\" title=\"obama i medvedev\" src=\"https:\/\/sandzakpress.net\/arhiva\/wp-content\/uploads\/2010\/04\/obama-i-medvedev-300x165.jpg\" alt=\"\" width=\"300\" height=\"165\" \/><\/a>Svijet &#8211; Predsjednici Rusije i SAD Dmitrij Medvedev i Barack Obama potpisali su  danas u Pragu Sporazum o daljem smanjenju i ograni\u010denju state\u0161kog  naoru\u017eanja, tzv. novi START, koji \u0107e Rusiji i SAD omogu\u0107iti da svoje  nuklearne arsenale smanje za oko tre\u0107inu. <\/strong><\/p>\n<p>Novi sporazum, potpisan je u zamku Hrad\u010dani i va\u017eit \u0107e 10  godina, ako do isteka tog roka ne bude zamijenjen naknadnim dokumentom.<\/p>\n<p>&#8220;Potpisivanje  novog sporazuma otvorit \u0107e novu stranicu u odnosima izme\u0111u Rusije i  SAD&#8221;, izjavio je u Pragu ruski predsjednik Dmitrij Medvedev.<\/p>\n<p>Ameri\u010dki  predsjednik Barack Obama je nakon potpisivanja sporazuma izjavio da se  zala\u017ee za ozbiljan dijalog sa Moskvom o osjetljivom pitanju  protivraketne za\u0161titi.<\/p>\n<p>\u017eIzvor: <strong>IslamBosna.ba <\/strong><\/p>\n","protected":false},"excerpt":{"rendered":"<p>Svijet &#8211; Predsjednici Rusije i SAD Dmitrij Medvedev i Barack Obama potpisali su danas u Pragu Sporazum o daljem smanjenju i ograni\u010denju state\u0161kog naoru\u017eanja, tzv. novi START, koji \u0107e Rusiji i SAD omogu\u0107iti da svoje nuklearne arsenale smanje za oko tre\u0107inu. Novi sporazum, potpisan je u zamku Hrad\u010dani i va\u017eit \u0107e 10 godina, ako do [&hellip;]<\/p>\n","protected":false},"author":83,"featured_media":3550,"comment_status":"open","ping_status":"open","sticky":false,"template":"","format":"standard","meta":{"footnotes":""},"categories":[9],"tags":[],"class_list":{"0":"post-3549","1":"post","2":"type-post","3":"status-publish","4":"format-standard","5":"has-post-thumbnail","7":"category-svijet"},"yoast_head":"<!-- This site is optimized with the Yoast SEO Premium plugin v23.1 (Yoast SEO v24.9) - https:\/\/yoast.com\/wordpress\/plugins\/seo\/ -->\n<title>Medvedev i Obama potpisali historijski sporazum<\/title>\n<meta name=\"robots\" content=\"index, follow, max-snippet:-1, max-image-preview:large, max-video-preview:-1\" \/>\n<link rel=\"canonical\" href=\"https:\/\/sandzakpress.net\/arhiva\/medvedev-i-obama-potpisali-historijski-sporazum\/\" \/>\n<meta property=\"og:locale\" content=\"bs_BA\" \/>\n<meta property=\"og:type\" content=\"article\" \/>\n<meta property=\"og:title\" content=\"Medvedev i Obama potpisali historijski sporazum\" \/>\n<meta property=\"og:description\" content=\"Svijet &#8211; Predsjednici Rusije i SAD Dmitrij Medvedev i Barack Obama potpisali su danas u Pragu Sporazum o daljem smanjenju i ograni\u010denju state\u0161kog naoru\u017eanja, tzv. novi START, koji \u0107e Rusiji i SAD omogu\u0107iti da svoje nuklearne arsenale smanje za oko tre\u0107inu. Novi sporazum, potpisan je u zamku Hrad\u010dani i va\u017eit \u0107e 10 godina, ako do [&hellip;]\" \/>\n<meta property=\"og:url\" content=\"https:\/\/sandzakpress.net\/arhiva\/medvedev-i-obama-potpisali-historijski-sporazum\/\" \/>\n<meta property=\"og:site_name\" content=\"Sand\u017eak PRESS\" \/>\n<meta property=\"article:published_time\" content=\"2010-04-08T15:12:38+00:00\" \/>\n<meta property=\"og:image\" content=\"https:\/\/sandzakpress.net\/arhiva\/wp-content\/uploads\/2010\/04\/obama-i-medvedev.jpg\" \/>\n\t<meta property=\"og:image:width\" content=\"610\" \/>\n\t<meta property=\"og:image:height\" content=\"336\" \/>\n\t<meta property=\"og:image:type\" content=\"image\/jpeg\" \/>\n<meta name=\"author\" content=\"bosniak\" \/>\n<meta name=\"twitter:card\" content=\"summary_large_image\" \/>\n<meta name=\"twitter:label1\" content=\"Written by\" \/>\n\t<meta name=\"twitter:data1\" content=\"bosniak\" \/>\n\t<meta name=\"twitter:label2\" content=\"Est. reading time\" \/>\n\t<meta name=\"twitter:data2\" content=\"1 minuta\" \/>\n<script type=\"application\/ld+json\" class=\"yoast-schema-graph\">{\"@context\":\"https:\/\/schema.org\",\"@graph\":[{\"@type\":\"Article\",\"@id\":\"https:\/\/sandzakpress.net\/arhiva\/medvedev-i-obama-potpisali-historijski-sporazum\/#article\",\"isPartOf\":{\"@id\":\"https:\/\/sandzakpress.net\/arhiva\/medvedev-i-obama-potpisali-historijski-sporazum\/\"},\"author\":{\"name\":\"bosniak\",\"@id\":\"https:\/\/sandzakpress.net\/arhiva\/#\/schema\/person\/c8baee722073534b583ea7bdb2e36c02\"},\"headline\":\"Medvedev i Obama potpisali historijski sporazum\",\"datePublished\":\"2010-04-08T15:12:38+00:00\",\"mainEntityOfPage\":{\"@id\":\"https:\/\/sandzakpress.net\/arhiva\/medvedev-i-obama-potpisali-historijski-sporazum\/\"},\"wordCount\":125,\"commentCount\":0,\"publisher\":{\"@id\":\"https:\/\/sandzakpress.net\/arhiva\/#\/schema\/person\/6e72b67d6e51910a1117b3b483ba20bd\"},\"image\":{\"@id\":\"https:\/\/sandzakpress.net\/arhiva\/medvedev-i-obama-potpisali-historijski-sporazum\/#primaryimage\"},\"thumbnailUrl\":\"https:\/\/sandzakpress.net\/arhiva\/wp-content\/uploads\/2010\/04\/obama-i-medvedev.jpg\",\"articleSection\":[\"Svijet\"],\"inLanguage\":\"bs-BA\",\"potentialAction\":[{\"@type\":\"CommentAction\",\"name\":\"Comment\",\"target\":[\"https:\/\/sandzakpress.net\/arhiva\/medvedev-i-obama-potpisali-historijski-sporazum\/#respond\"]}]},{\"@type\":\"WebPage\",\"@id\":\"https:\/\/sandzakpress.net\/arhiva\/medvedev-i-obama-potpisali-historijski-sporazum\/\",\"url\":\"https:\/\/sandzakpress.net\/arhiva\/medvedev-i-obama-potpisali-historijski-sporazum\/\",\"name\":\"Medvedev i Obama potpisali historijski sporazum\",\"isPartOf\":{\"@id\":\"https:\/\/sandzakpress.net\/arhiva\/#website\"},\"primaryImageOfPage\":{\"@id\":\"https:\/\/sandzakpress.net\/arhiva\/medvedev-i-obama-potpisali-historijski-sporazum\/#primaryimage\"},\"image\":{\"@id\":\"https:\/\/sandzakpress.net\/arhiva\/medvedev-i-obama-potpisali-historijski-sporazum\/#primaryimage\"},\"thumbnailUrl\":\"https:\/\/sandzakpress.net\/arhiva\/wp-content\/uploads\/2010\/04\/obama-i-medvedev.jpg\",\"datePublished\":\"2010-04-08T15:12:38+00:00\",\"breadcrumb\":{\"@id\":\"https:\/\/sandzakpress.net\/arhiva\/medvedev-i-obama-potpisali-historijski-sporazum\/#breadcrumb\"},\"inLanguage\":\"bs-BA\",\"potentialAction\":[{\"@type\":\"ReadAction\",\"target\":[\"https:\/\/sandzakpress.net\/arhiva\/medvedev-i-obama-potpisali-historijski-sporazum\/\"]}]},{\"@type\":\"ImageObject\",\"inLanguage\":\"bs-BA\",\"@id\":\"https:\/\/sandzakpress.net\/arhiva\/medvedev-i-obama-potpisali-historijski-sporazum\/#primaryimage\",\"url\":\"https:\/\/sandzakpress.net\/arhiva\/wp-content\/uploads\/2010\/04\/obama-i-medvedev.jpg\",\"contentUrl\":\"https:\/\/sandzakpress.net\/arhiva\/wp-content\/uploads\/2010\/04\/obama-i-medvedev.jpg\",\"width\":610,\"height\":336},{\"@type\":\"BreadcrumbList\",\"@id\":\"https:\/\/sandzakpress.net\/arhiva\/medvedev-i-obama-potpisali-historijski-sporazum\/#breadcrumb\",\"itemListElement\":[{\"@type\":\"ListItem\",\"position\":1,\"name\":\"Home\",\"item\":\"https:\/\/sandzakpress.net\/arhiva\/\"},{\"@type\":\"ListItem\",\"position\":2,\"name\":\"Medvedev i Obama potpisali historijski sporazum\"}]},{\"@type\":\"WebSite\",\"@id\":\"https:\/\/sandzakpress.net\/arhiva\/#website\",\"url\":\"https:\/\/sandzakpress.net\/arhiva\/\",\"name\":\"Sand\u017eak PRESS\",\"description\":\"Prve elektronske novine u Sand\u017eaku\",\"publisher\":{\"@id\":\"https:\/\/sandzakpress.net\/arhiva\/#\/schema\/person\/6e72b67d6e51910a1117b3b483ba20bd\"},\"potentialAction\":[{\"@type\":\"SearchAction\",\"target\":{\"@type\":\"EntryPoint\",\"urlTemplate\":\"https:\/\/sandzakpress.net\/arhiva\/?s={search_term_string}\"},\"query-input\":{\"@type\":\"PropertyValueSpecification\",\"valueRequired\":true,\"valueName\":\"search_term_string\"}}],\"inLanguage\":\"bs-BA\"},{\"@type\":[\"Person\",\"Organization\"],\"@id\":\"https:\/\/sandzakpress.net\/arhiva\/#\/schema\/person\/6e72b67d6e51910a1117b3b483ba20bd\",\"name\":\"Kul\",\"image\":{\"@type\":\"ImageObject\",\"inLanguage\":\"bs-BA\",\"@id\":\"https:\/\/sandzakpress.net\/arhiva\/#\/schema\/person\/image\/\",\"url\":\"https:\/\/secure.gravatar.com\/avatar\/42263f39aa27ac04c43cab85c280eb2e?s=96&d=mm&r=pg\",\"contentUrl\":\"https:\/\/secure.gravatar.com\/avatar\/42263f39aa27ac04c43cab85c280eb2e?s=96&d=mm&r=pg\",\"caption\":\"Kul\"},\"logo\":{\"@id\":\"https:\/\/sandzakpress.net\/arhiva\/#\/schema\/person\/image\/\"}},{\"@type\":\"Person\",\"@id\":\"https:\/\/sandzakpress.net\/arhiva\/#\/schema\/person\/c8baee722073534b583ea7bdb2e36c02\",\"name\":\"bosniak\",\"image\":{\"@type\":\"ImageObject\",\"inLanguage\":\"bs-BA\",\"@id\":\"https:\/\/sandzakpress.net\/arhiva\/#\/schema\/person\/image\/\",\"url\":\"https:\/\/secure.gravatar.com\/avatar\/a04fd330bfe3a36a72a0ad4a6d89fca7?s=96&d=mm&r=pg\",\"contentUrl\":\"https:\/\/secure.gravatar.com\/avatar\/a04fd330bfe3a36a72a0ad4a6d89fca7?s=96&d=mm&r=pg\",\"caption\":\"bosniak\"},\"url\":\"https:\/\/sandzakpress.net\/arhiva\/author\/bosniak\/\"}]}<\/script>\n<!-- \/ Yoast SEO Premium plugin. -->","yoast_head_json":{"title":"Medvedev i Obama potpisali historijski sporazum","robots":{"index":"index","follow":"follow","max-snippet":"max-snippet:-1","max-image-preview":"max-image-preview:large","max-video-preview":"max-video-preview:-1"},"canonical":"https:\/\/sandzakpress.net\/arhiva\/medvedev-i-obama-potpisali-historijski-sporazum\/","og_locale":"bs_BA","og_type":"article","og_title":"Medvedev i Obama potpisali historijski sporazum","og_description":"Svijet &#8211; Predsjednici Rusije i SAD Dmitrij Medvedev i Barack Obama potpisali su danas u Pragu Sporazum o daljem smanjenju i ograni\u010denju state\u0161kog naoru\u017eanja, tzv. novi START, koji \u0107e Rusiji i SAD omogu\u0107iti da svoje nuklearne arsenale smanje za oko tre\u0107inu. Novi sporazum, potpisan je u zamku Hrad\u010dani i va\u017eit \u0107e 10 godina, ako do [&hellip;]","og_url":"https:\/\/sandzakpress.net\/arhiva\/medvedev-i-obama-potpisali-historijski-sporazum\/","og_site_name":"Sand\u017eak PRESS","article_published_time":"2010-04-08T15:12:38+00:00","og_image":[{"width":610,"height":336,"url":"https:\/\/sandzakpress.net\/arhiva\/wp-content\/uploads\/2010\/04\/obama-i-medvedev.jpg","type":"image\/jpeg"}],"author":"bosniak","twitter_card":"summary_large_image","twitter_misc":{"Written by":"bosniak","Est. reading time":"1 minuta"},"schema":{"@context":"https:\/\/schema.org","@graph":[{"@type":"Article","@id":"https:\/\/sandzakpress.net\/arhiva\/medvedev-i-obama-potpisali-historijski-sporazum\/#article","isPartOf":{"@id":"https:\/\/sandzakpress.net\/arhiva\/medvedev-i-obama-potpisali-historijski-sporazum\/"},"author":{"name":"bosniak","@id":"https:\/\/sandzakpress.net\/arhiva\/#\/schema\/person\/c8baee722073534b583ea7bdb2e36c02"},"headline":"Medvedev i Obama potpisali historijski sporazum","datePublished":"2010-04-08T15:12:38+00:00","mainEntityOfPage":{"@id":"https:\/\/sandzakpress.net\/arhiva\/medvedev-i-obama-potpisali-historijski-sporazum\/"},"wordCount":125,"commentCount":0,"publisher":{"@id":"https:\/\/sandzakpress.net\/arhiva\/#\/schema\/person\/6e72b67d6e51910a1117b3b483ba20bd"},"image":{"@id":"https:\/\/sandzakpress.net\/arhiva\/medvedev-i-obama-potpisali-historijski-sporazum\/#primaryimage"},"thumbnailUrl":"https:\/\/sandzakpress.net\/arhiva\/wp-content\/uploads\/2010\/04\/obama-i-medvedev.jpg","articleSection":["Svijet"],"inLanguage":"bs-BA","potentialAction":[{"@type":"CommentAction","name":"Comment","target":["https:\/\/sandzakpress.net\/arhiva\/medvedev-i-obama-potpisali-historijski-sporazum\/#respond"]}]},{"@type":"WebPage","@id":"https:\/\/sandzakpress.net\/arhiva\/medvedev-i-obama-potpisali-historijski-sporazum\/","url":"https:\/\/sandzakpress.net\/arhiva\/medvedev-i-obama-potpisali-historijski-sporazum\/","name":"Medvedev i Obama potpisali historijski sporazum","isPartOf":{"@id":"https:\/\/sandzakpress.net\/arhiva\/#website"},"primaryImageOfPage":{"@id":"https:\/\/sandzakpress.net\/arhiva\/medvedev-i-obama-potpisali-historijski-sporazum\/#primaryimage"},"image":{"@id":"https:\/\/sandzakpress.net\/arhiva\/medvedev-i-obama-potpisali-historijski-sporazum\/#primaryimage"},"thumbnailUrl":"https:\/\/sandzakpress.net\/arhiva\/wp-content\/uploads\/2010\/04\/obama-i-medvedev.jpg","datePublished":"2010-04-08T15:12:38+00:00","breadcrumb":{"@id":"https:\/\/sandzakpress.net\/arhiva\/medvedev-i-obama-potpisali-historijski-sporazum\/#breadcrumb"},"inLanguage":"bs-BA","potentialAction":[{"@type":"ReadAction","target":["https:\/\/sandzakpress.net\/arhiva\/medvedev-i-obama-potpisali-historijski-sporazum\/"]}]},{"@type":"ImageObject","inLanguage":"bs-BA","@id":"https:\/\/sandzakpress.net\/arhiva\/medvedev-i-obama-potpisali-historijski-sporazum\/#primaryimage","url":"https:\/\/sandzakpress.net\/arhiva\/wp-content\/uploads\/2010\/04\/obama-i-medvedev.jpg","contentUrl":"https:\/\/sandzakpress.net\/arhiva\/wp-content\/uploads\/2010\/04\/obama-i-medvedev.jpg","width":610,"height":336},{"@type":"BreadcrumbList","@id":"https:\/\/sandzakpress.net\/arhiva\/medvedev-i-obama-potpisali-historijski-sporazum\/#breadcrumb","itemListElement":[{"@type":"ListItem","position":1,"name":"Home","item":"https:\/\/sandzakpress.net\/arhiva\/"},{"@type":"ListItem","position":2,"name":"Medvedev i Obama potpisali historijski sporazum"}]},{"@type":"WebSite","@id":"https:\/\/sandzakpress.net\/arhiva\/#website","url":"https:\/\/sandzakpress.net\/arhiva\/","name":"Sand\u017eak PRESS","description":"Prve elektronske novine u Sand\u017eaku","publisher":{"@id":"https:\/\/sandzakpress.net\/arhiva\/#\/schema\/person\/6e72b67d6e51910a1117b3b483ba20bd"},"potentialAction":[{"@type":"SearchAction","target":{"@type":"EntryPoint","urlTemplate":"https:\/\/sandzakpress.net\/arhiva\/?s={search_term_string}"},"query-input":{"@type":"PropertyValueSpecification","valueRequired":true,"valueName":"search_term_string"}}],"inLanguage":"bs-BA"},{"@type":["Person","Organization"],"@id":"https:\/\/sandzakpress.net\/arhiva\/#\/schema\/person\/6e72b67d6e51910a1117b3b483ba20bd","name":"Kul","image":{"@type":"ImageObject","inLanguage":"bs-BA","@id":"https:\/\/sandzakpress.net\/arhiva\/#\/schema\/person\/image\/","url":"https:\/\/secure.gravatar.com\/avatar\/42263f39aa27ac04c43cab85c280eb2e?s=96&d=mm&r=pg","contentUrl":"https:\/\/secure.gravatar.com\/avatar\/42263f39aa27ac04c43cab85c280eb2e?s=96&d=mm&r=pg","caption":"Kul"},"logo":{"@id":"https:\/\/sandzakpress.net\/arhiva\/#\/schema\/person\/image\/"}},{"@type":"Person","@id":"https:\/\/sandzakpress.net\/arhiva\/#\/schema\/person\/c8baee722073534b583ea7bdb2e36c02","name":"bosniak","image":{"@type":"ImageObject","inLanguage":"bs-BA","@id":"https:\/\/sandzakpress.net\/arhiva\/#\/schema\/person\/image\/","url":"https:\/\/secure.gravatar.com\/avatar\/a04fd330bfe3a36a72a0ad4a6d89fca7?s=96&d=mm&r=pg","contentUrl":"https:\/\/secure.gravatar.com\/avatar\/a04fd330bfe3a36a72a0ad4a6d89fca7?s=96&d=mm&r=pg","caption":"bosniak"},"url":"https:\/\/sandzakpress.net\/arhiva\/author\/bosniak\/"}]}},"_links":{"self":[{"href":"https:\/\/sandzakpress.net\/arhiva\/wp-json\/wp\/v2\/posts\/3549"}],"collection":[{"href":"https:\/\/sandzakpress.net\/arhiva\/wp-json\/wp\/v2\/posts"}],"about":[{"href":"https:\/\/sandzakpress.net\/arhiva\/wp-json\/wp\/v2\/types\/post"}],"author":[{"embeddable":true,"href":"https:\/\/sandzakpress.net\/arhiva\/wp-json\/wp\/v2\/users\/83"}],"replies":[{"embeddable":true,"href":"https:\/\/sandzakpress.net\/arhiva\/wp-json\/wp\/v2\/comments?post=3549"}],"version-history":[{"count":0,"href":"https:\/\/sandzakpress.net\/arhiva\/wp-json\/wp\/v2\/posts\/3549\/revisions"}],"wp:featuredmedia":[{"embeddable":true,"href":"https:\/\/sandzakpress.net\/arhiva\/wp-json\/wp\/v2\/media\/3550"}],"wp:attachment":[{"href":"https:\/\/sandzakpress.net\/arhiva\/wp-json\/wp\/v2\/media?parent=3549"}],"wp:term":[{"taxonomy":"category","embeddable":true,"href":"https:\/\/sandzakpress.net\/arhiva\/wp-json\/wp\/v2\/categories?post=3549"},{"taxonomy":"post_tag","embeddable":true,"href":"https:\/\/sandzakpress.net\/arhiva\/wp-json\/wp\/v2\/tags?post=3549"}],"curies":[{"name":"wp","href":"https:\/\/api.w.org\/{rel}","templated":true}]}}