{"id":352,"date":"2009-12-22T14:54:56","date_gmt":"2009-12-22T14:54:56","guid":{"rendered":"https:\/\/sandzakpress.net\/arhiva\/?p=352"},"modified":"2009-12-22T23:40:27","modified_gmt":"2009-12-22T23:40:27","slug":"nema-kompromisa-oko-sustinskih-pitanja","status":"publish","type":"post","link":"https:\/\/sandzakpress.net\/arhiva\/nema-kompromisa-oko-sustinskih-pitanja\/","title":{"rendered":"Nema kompromisa oko su\u0161tinskih pitanja"},"content":{"rendered":"<figure id=\"attachment_353\" aria-describedby=\"caption-attachment-353\" style=\"width: 214px\" class=\"wp-caption alignleft\"><a href=\"https:\/\/sandzakpress.net\/arhiva\/wp-content\/uploads\/2009\/12\/samir_tandir.jpg\"><img loading=\"lazy\" decoding=\"async\" class=\"size-medium wp-image-353\" title=\"samir_tandir\" src=\"https:\/\/sandzakpress.net\/arhiva\/wp-content\/uploads\/2009\/12\/samir_tandir-214x300.jpg\" alt=\"\" width=\"214\" height=\"300\" \/><\/a><figcaption id=\"caption-attachment-353\" class=\"wp-caption-text\">Samir Tandir ro\u0111en je u Prijepolju gdje je zavr\u0161io osnovnu \u0161kolu. Medresu \u201eGazi Isa-beg\u201c zavr\u0161io je u Novom Pazaru. Apsolvent je Fakulteta islamskih nauka u Sarajevu. Trenutno obavlja funkciju predsjednika Med\u017elisa IZ-e Prijepolje i portparola Me\u0161ihata Islamske zajednice u Srbiji.<\/figcaption><\/figure>\n<p><strong>Islamska zajednica, kao krovna institucija muslimana u Srbiji i kao jedina institucija koja je ostala bo\u0161nja\u010dkom narodu, veliki je magnet za medije. Posebno poslije neuspjelog poku\u0161aja ru\u0161enja legalnih i legitimnih inistitucija Islamske zajednice interesovanje za rad i planove Islamske zajednice je izuzetno veliko.<\/strong><\/p>\n<p>&#8212;&#8212;&#8212;&#8212;&#8212;&#8212;&#8212;<br \/>\n<strong>Glas islama: U okviru Islamske zajednice u Srbiji raspore\u0111eni ste na funkciju PR-a. Koju vrstu obaveze i odgovornosti donosi ta funkcija?<\/strong><\/p>\n<p><strong>Tandir:<\/strong> Obavljati bilo koju funkciju u Islamskoj zajednici je izuzetno velika \u010dast, ali i odgovornost. Naravno da \u0161to je funkcija ve\u0107a to je i odgovornost i obaveza ve\u0107a. U ovim turbulentnim vremenima u kojima je stepen diskriminacije i obespravljenosti nad muslimanima u Srbiji, a samim tim i nad Bo\u0161njacima veliki, izuzetno velika odgovornost je na svima nama u Islamskoj zajednici, a posebno dijelu zadu\u017eenom za medije, jer je neophodno konstantno obavje\u0161tavanje javnosti o trenutnom te\u0161kom stanju u kome se na\u0161 narod nalazi, a \u0161to je opet posljedica nebrige aktuelne vlasti, kao i bo\u0161nja\u010dkih politi\u010dara, za sudbinu muslimana, Bo\u0161njaka Sand\u017eaka i Islamske zajednice. U obaveze PR slu\u017ebe spada i blagovremeno informisanje javnosti, a posebno vjernika o svim de\u0161avanjima, akcijama i pitanjima koje Islamska zajednica pokre\u0107e.<\/p>\n<p><strong>Glas islama: Islamska zajednica je jedna od rijetkih vjerskih zajednica u Srbiji koja ima sektor za odnose sa medijima. Koje su Va\u0161e ideje i planovi za \u0161to bolje predstavljanje Islamske zajednice?<\/strong><\/p>\n<p><strong>Tandir<\/strong>: Nijedna ozbiljnija organizacija se ne mo\u017ee zamisliti bez slu\u017ebe za odnose sa medijima. \u010cinjenica da Islamska zajednica dugi niz godina ima ovu slu\u017ebu dokaz je ozbiljnosti, ali i pokazatelj da Islamska zajednica postavlja standarde u visokom nivou profesionalizma. Naravno da nas postoje\u0107i uspjesi ne\u0107e uspavati i da mi nastojimo u svakom pogledu svoj rad u\u010diniti boljim i efikasnijim. Mi trenutno imamo saradnju sa medijima u Srbiji i okru\u017eenju i taj trend treba pro\u0161iriti na evropske i svjetske medije.<\/p>\n<p><strong>Glas islama: Interesuju li se mediji za rad Islamske zajednice i kakva je saradnja<\/strong>?<\/p>\n<p><strong>Tandir: <\/strong>Islamska zajednica, kao krovna institucija muslimana u Srbiji i kao jedina institucija koja je ostala bo\u0161nja\u010dkom narodu, veliki je magnet za medije. Posebno poslije neuspjelog poku\u0161aja ru\u0161enja legalnih i legitimnih inistitucija Islamske zajednice interesovanje za rad i planove Islamske zajednice je izuzetno veliko. Na\u017ealost, moram ista\u0107i da su pojedini mediji aktivno u\u010destvovali u pravljenju medijske pozadine za ru\u0161enje Islamske zajednice i da su u tim trenucima vrlo \u010desto izvje\u0161tavali tendecionzno i neta\u010dno, a \u0161to je imalo za cilj da se svjesnim zamagljivanjem istine i zamjenom teza dezavui\u0161u i obmanu muslimani u Srbiji.<\/p>\n<p><strong>Glas islama: Jesu li tekstovi i prilozi u medijima tendenciozni ili se o Islamskoj zajednici pi\u0161e na afirmativan na\u010din? <\/strong><\/p>\n<p><strong>Tandir:<\/strong> Kada govorimo na ovu temu opet moramo da se podsjetimo poku\u0161aja ru\u0161enja legalnih i legitimnih ustanova Islamske zajednice. Tada\u0161nje tendenciozno, neta\u010dno, neprofesionalno i zlonamjerno izvje\u0161tavanje pojedinih medija \u0161kolski je primjer novinarske pristrasnosti i neprofesionalnosti koja u Srbiji nije vi\u0111ena od vremena pada Milo\u0161evi\u0107a. Naravno da nam je apsolutno jasno da su u tim trenucima pojedini mediji bili svjesno instrumentalizovani od strane tada\u0161nje vlasti, tajne policije i otu\u0111enih centara mo\u0107i sa jakim backgraund-om sa ciljem stvaranja haosa i preuzimanja, a zatim i totalnog uni\u0161tenja ustanova Islamske zajednice. Posebno karakteristi\u010dan primjer neprofesionalnosti i zlonamjernosti pojedinih medija\u00a0 jeste izvje\u0161tavanje povodom posjete reisuleme dr. Mustafe-ef Ceri\u0107a, kada se nizom zlonamjernih tekstova, po nalogu tajne policija, poku\u0161ala stvoriti atmosfera straha, histerije i lin\u010da. Namjerno navodim pojednih medija jer ne mo\u017eemo stavljati u isti ko\u0161 ozbiljne medije sa ozbiljnim tira\u017eom, koji se uprkos pritiscima trude da odr\u017ee objektivnost i fa\u0161isti\u010dka niskotira\u017ena glasila koja objavljuju naru\u010dene tekstove. Posebno \u017eelim da naglasim neprofesionalan odnos javnog servisa RTS kojeg finansiraju gra\u0111ani, tj. i mi muslimani, a koji ni na koji na\u010din nije izvje\u0161tavao o diskriminaciji koja se de\u0161ava nad muslimanima u Srbiji.<\/p>\n<p><strong>Glas islama: Obzirom da \u017eivite i radite u Prijepolju, a da je sjedi\u0161te Islamske zajednice u Novom Pazaru, postoje li problemi u komunikaciji sa centralom u smislu da ne reagujete pravovremeno i da zakasnite sa slanjem informacije medijima, i kako rje\u0161avate te probleme?<\/strong><\/p>\n<p><strong>Tandir: <\/strong>Pitanje je pomalo \u010dudno imaju\u0107i u vidu op\u0161tepoznatu \u010dinjenicu da \u017eivimo u vremenu visokih tehnolo\u010dkih dostignu\u0107a. Zahvaljuju\u0107i tome prepreke u vidu geografske udaljenosti su prevazi\u0111ene, pa tako i u ovom slu\u010daju. Naravno da nema nikakvih problema u komunikaciji.<br \/>\n<strong><br \/>\nGlas islama: Vi ste \u010dlan redakcije \u201eGlasa islama\u201c i dopisnik iz Prijepolja. Kako komentari\u0161ete ukidanje dotacija od strane Ministarstva vjera na\u0161em listu i kako komentari\u0161ete presudu po kojoj je biv\u0161i novinar \u201eGlasa islama\u201c osu\u0111en zbog svog pisanja?<\/strong><\/p>\n<p><strong>Tandir: <\/strong>Ukidanje dotacija \u201eGlasu islama\u201c i poku\u0161aj ukidanja stipendija studentima FIS-a treba isklju\u010divo gledati kao nastavak agresije na Islamsku zajednicu od strane Ministarstva vjera i ministra Bogoljuba \u0160ijakovi\u0107a, koji svojim pona\u0161anjem svjesno \u0161iri islamofobiju sli\u010dnu antisemitizmu koji se \u0161irio u Evropi 20-tih i 30-tih godina 20-og stolje\u0107a. Sve ovo treba posmatrati i kroz prizmu manjka demokratskog kapaciteta aktuelne vlasti, a \u0161to se o\u010dituje kroz obja\u0161njenje koje je na ovu temu dala savjetnik za medije u Ministarstvu vjera g-\u0111a Mirjana Kuburovi\u0107. Pora\u017eavaju\u0107e je da niko od bo\u0161nja\u010dkih politi\u010dara na ovaj o\u010digledan akt diskriminacije i poku\u0161aj gu\u0161enja jedinog ozbiljnog medija na bosanskom jeziku niko nije reagovao. Cilj je jasan, a to je ga\u0161enje slobode govora i primoravanje Islamske zajednice i njenih \u010delnika na truhle kompromise oko su\u0161tinskih pitanja koja se ti\u010du na\u0161eg naroda, a na\u0161ta mi nikada ne\u0107emo pristati. \u0160to se ti\u010de presude, to je svojevrstan skandal i dokaz da je lustracija u sudstvu neophodna i jo\u0161 jedan dokaz da Srbija polako klizi ka vremenu za koje smo mislili da je davno pro\u0161lo, vremenu u kome su novinari pra\u0107eni, ka\u017enjavani, hap\u0161eni, maltretirani, zatvarani, novine ga\u0161ene, a neistomi\u0161ljenici ubijani. Osuduti nekog zbog pravljenja intervjua vrhunac je bezumlja u kome se nalazimo.<\/p>\n<p><strong>Glas islama: Obavljate i funkciju predsjednika Med\u017elisa IZ-e Prijepolje. Koji su problemi na koje nailazite u Va\u0161em radu ?<\/strong><\/p>\n<p><strong>Tandir:<\/strong> Imaju\u0107i u vidu haoti\u010dno stanje koje trenutno vlada u dru\u0161tvu, nezamislivo je funkcionisati bez problema. Naravno da ni Med\u017elis Prijepolje nije po\u0161te\u0111en diskriminatorskog odnosa od strane pojedinih predstavnika vlasti. Kao prvo, moram da istaknem neprofesionalno i tendenciozno pona\u0161anje podru\u010dne Policijske uprave u Prijepolju, kao i Op\u0161tinskog suda koji jo\u0161 uvijek nije rije\u0161io slu\u010daj otimanja vakufske imovine od strane biv\u0161ih slu\u017ebenika Islamske zajednice. U primjere diskriminacije i dvostrukih standarda vlasti moramo spomenuti selektivno vra\u0107anje vakufske ili crkvene imovine. Dok Islamska zajednica nije povratila niti jedan metar kvadratni, iako zato postoje uslovi, Eparhiji mile\u0161evskoj ne samo da se vra\u0107aju i poklanjaju dr\u017eavni objekti, nego su \u010dak i dvije ulice zatvorene, od kojih je jedna imala status magistralnog puta. Primjer bezobzirnog pona\u0161anja pojedinih predstavnika vlasti vidimo i u pona\u0161anju \u0161kolske uprave u U\u017eicu i na\u010delnika Bla\u017ea \u010cubrila koji, odbijaju\u0107i da radi svoj posao, toleri\u0161e da nekolicina polupismenih pojedinaca predaje predmet vjeronauku umjesto diplomiranih teologa.<br \/>\nNaravno da bi mogli navesti jo\u0161 primjera diskriminacije koje pre\u017eivljavaju muslimani Prijepolja, a sami tim i Med\u017elis. O tome nekom drugom prilikom.<br \/>\n<strong><br \/>\nGlas islama: Koji su to projekti vrijedni pa\u017enje koje Med\u017elis planira da realizuje u narednom periodu?<\/strong><\/p>\n<p><strong>Tandir<\/strong>: Imaju\u0107i u vidu da je Prijepolje prirodni centar Zapadnog Sand\u017eaka i kulturna prijestolnica Sand\u017eaka, ve\u0107ina na\u0161ih projekata usmjerena je ka tom cilju. Glavni gra\u0111evinski prioritet u bli\u017eoj budu\u0107nosti, osim povra\u0107aja otu\u0111ene vakufske imovine, jeste izgradnja zgrade Islamskog kulturnog centara u kome \u0107e, osim upravne zgrade Kulturnog centra i Med\u017elisa, postojati sve prostorije neophodne za djelovanje IKC-a, galerije, ateljei, amfiteatar, biblioteka, kao i Muzej bo\u0161nja\u010dke kulturne ba\u0161tine i Muzej genocida. To je generacijski poduhvat u kome u\u010de\u0161\u0107e moraju uzeti svi Bo\u0161njaci iz Sand\u017eaka i dijaspore i koji \u0107e biti svojevrsno svjedo\u010danstvo na\u0161eg vjekovnog postojanja na ovim prostorima.<\/p>\n<p><strong>Glas islama: Kako se pona\u0161aju d\u017eematlije? Da li imate njihovu podr\u0161ku i da li Vas djelovanje paravjerske tvorevine usporava?<\/strong><\/p>\n<p><strong>Tandir<\/strong>: Svoje opredjeljenje d\u017eematlije Prijepolja su pokazale na izborima kada su u nezapam\u0107eno velikom broju iza\u0161ali\u00a0 i glasali za svoje predstavnike u Med\u017elisu, a samim tim i pokazali kakvo ure\u0111enje Islamske zajednice \u017eele. Svoju podr\u0161ku rukovodstvu Med\u017elisa, a posebno glavnom autoritetu muslimana u Srbiji, glavnom muftiji Muameru Zukorli\u0107u, d\u017eematlije Prijepolja su pokazale na vi\u0161e javnih masovnih okupljanja, gdje se svako mogao uvjeriti koliko po\u0161tovanje muslimani Prijepolja osje\u0107aju prema svom Glavnim muftiji.<br \/>\nO parareligijskoj tvorevini ne bih govorio jer njih treba isklju\u010divo posmatrati kao pione Udbe, pa je shodno tome izli\u0161no govoriti o posljedici.<br \/>\n<strong><br \/>\nGlas islama: Prijepolje slovi za kulturnu prijestolnicu Sand\u017eaka, a Va\u0161 doprinos u organizovanju kulturnih manifestacija nije mali. Mo\u017eete li nam re\u0107i ne\u0161to vi\u0161e o radu IKC i o sada\u0161nim i budu\u0107im projektima?<br \/>\n<\/strong><br \/>\n<strong>Tandir<\/strong>: \u017delim da naglasim de je Prijepolje na kulturnoj mapi Sand\u017eaka dobilo mjesto koje zaslu\u017eije. Najvi\u0161e zahvaljuju\u0107i\u00a0 glavnom muftiji Muameru Zukorli\u0107u. IKC, u saradnji sa Med\u017elisom IZ-e Prijepolje, Med\u017elisom IZ-e Priboj, Med\u017elisom IZ-e Srebrenica, Internacionalnim univerzitetom u Novom Pazaru i Bo\u0161nja\u010dkim savjetom u Crnoj Gori, organizovao je vi\u0161e kulturnih de\u0161avanja koja su imala za cilj promociju bo\u0161nja\u010dke kulture i tradicije. Posebno smo ponosni na organizaciju tradicionalnih Bajramskih dana bo\u0161nja\u010dke kulture, koji se u danima Ramazanskog bajrama odr\u017eavaju u Prijepolju. IKC je pokrenuo i vlastitu izdava\u010dku djelatnost koja je izdala knjigu prof. Sabahudina Gojaka \u201eSinan-begova Vakufska d\u017eamija u Prijepolju\u201c. Planirano je \u0161tampanje najboljih radova na literarni konkurs \u201e\u0160trpci bez mezara\u201c, \u0161tampanje publikacije sa tribine posve\u0107ene \u0160ahovi\u0107ima, kao i sa tribine koja \u0107e se odr\u017eati u Sjenici. U planu je i pokretanje godi\u0161njaka koji \u0107e se baviti temama iz bo\u0161nja\u010dke kulture, kao i aktuelnim temama bo\u0161nja\u010dke sada\u0161njice. IKC je organizovao i obilje\u017eavanje godi\u0161njice zlo\u010dina u \u0160trpcima, kao i literarni konkurs na tu temu, Dane Srebrenice u Sand\u017eaku, u povodu \u010dega su prvi put Sand\u017eak posjetile majke Srebrenice, kao i grupni odlazak na d\u017eenazu u Poto\u010dare. Posebno smo ponosni \u0161to smo poslije 85 godina \u0161utnje organizovali tribinu o genocidu nad Bo\u0161njacima u \u0160ahovi\u0107ima. Pojekat na kome trenutno radimo je obilje\u017eavanje 200 godina od genocida nad Bo\u0161njacima u Sjenici.<br \/>\n\u017delim naglasiti da nije bilo bezrezervne podr\u0161ke Glavnog muftije i pojedina\u010dnih donacija bo\u0161nja\u010dkih preduzetnika, ove projekte ne bi bilo mogu\u0107e realizovati.<\/p>\n<p>Razgovarao: <strong>Nermin Gici\u0107<\/strong><\/p>\n","protected":false},"excerpt":{"rendered":"<p>Islamska zajednica, kao krovna institucija muslimana u Srbiji i kao jedina institucija koja je ostala bo\u0161nja\u010dkom narodu, veliki je magnet za medije. Posebno poslije neuspjelog poku\u0161aja ru\u0161enja legalnih i legitimnih inistitucija Islamske zajednice interesovanje za rad i planove Islamske zajednice je izuzetno veliko. &#8212;&#8212;&#8212;&#8212;&#8212;&#8212;&#8212; Glas islama: U okviru Islamske zajednice u Srbiji raspore\u0111eni ste na [&hellip;]<\/p>\n","protected":false},"author":83,"featured_media":353,"comment_status":"open","ping_status":"open","sticky":false,"template":"","format":"standard","meta":{"footnotes":""},"categories":[16],"tags":[],"class_list":{"0":"post-352","1":"post","2":"type-post","3":"status-publish","4":"format-standard","5":"has-post-thumbnail","7":"category-novine"},"yoast_head":"<!-- This site is optimized with the Yoast SEO Premium plugin v23.1 (Yoast SEO v24.9) - https:\/\/yoast.com\/wordpress\/plugins\/seo\/ -->\n<title>Nema kompromisa oko su\u0161tinskih pitanja<\/title>\n<meta name=\"robots\" content=\"index, follow, max-snippet:-1, max-image-preview:large, max-video-preview:-1\" \/>\n<link rel=\"canonical\" href=\"https:\/\/sandzakpress.net\/arhiva\/nema-kompromisa-oko-sustinskih-pitanja\/\" \/>\n<meta property=\"og:locale\" content=\"bs_BA\" \/>\n<meta property=\"og:type\" content=\"article\" \/>\n<meta property=\"og:title\" content=\"Nema kompromisa oko su\u0161tinskih pitanja\" \/>\n<meta property=\"og:description\" content=\"Islamska zajednica, kao krovna institucija muslimana u Srbiji i kao jedina institucija koja je ostala bo\u0161nja\u010dkom narodu, veliki je magnet za medije. Posebno poslije neuspjelog poku\u0161aja ru\u0161enja legalnih i legitimnih inistitucija Islamske zajednice interesovanje za rad i planove Islamske zajednice je izuzetno veliko. &#8212;&#8212;&#8212;&#8212;&#8212;&#8212;&#8212; Glas islama: U okviru Islamske zajednice u Srbiji raspore\u0111eni ste na [&hellip;]\" \/>\n<meta property=\"og:url\" content=\"https:\/\/sandzakpress.net\/arhiva\/nema-kompromisa-oko-sustinskih-pitanja\/\" \/>\n<meta property=\"og:site_name\" content=\"Sand\u017eak PRESS\" \/>\n<meta property=\"article:published_time\" content=\"2009-12-22T14:54:56+00:00\" \/>\n<meta property=\"article:modified_time\" content=\"2009-12-22T23:40:27+00:00\" \/>\n<meta property=\"og:image\" content=\"https:\/\/sandzakpress.net\/arhiva\/wp-content\/uploads\/2009\/12\/samir_tandir.jpg\" \/>\n\t<meta property=\"og:image:width\" content=\"300\" \/>\n\t<meta property=\"og:image:height\" content=\"420\" \/>\n\t<meta property=\"og:image:type\" content=\"image\/jpeg\" \/>\n<meta name=\"author\" content=\"bosniak\" \/>\n<meta name=\"twitter:card\" content=\"summary_large_image\" \/>\n<meta name=\"twitter:label1\" content=\"Written by\" \/>\n\t<meta name=\"twitter:data1\" content=\"bosniak\" \/>\n\t<meta name=\"twitter:label2\" content=\"Est. reading time\" \/>\n\t<meta name=\"twitter:data2\" content=\"9 minuta\" \/>\n<script type=\"application\/ld+json\" class=\"yoast-schema-graph\">{\"@context\":\"https:\/\/schema.org\",\"@graph\":[{\"@type\":\"Article\",\"@id\":\"https:\/\/sandzakpress.net\/arhiva\/nema-kompromisa-oko-sustinskih-pitanja\/#article\",\"isPartOf\":{\"@id\":\"https:\/\/sandzakpress.net\/arhiva\/nema-kompromisa-oko-sustinskih-pitanja\/\"},\"author\":{\"name\":\"bosniak\",\"@id\":\"https:\/\/sandzakpress.net\/arhiva\/#\/schema\/person\/c8baee722073534b583ea7bdb2e36c02\"},\"headline\":\"Nema kompromisa oko su\u0161tinskih pitanja\",\"datePublished\":\"2009-12-22T14:54:56+00:00\",\"dateModified\":\"2009-12-22T23:40:27+00:00\",\"mainEntityOfPage\":{\"@id\":\"https:\/\/sandzakpress.net\/arhiva\/nema-kompromisa-oko-sustinskih-pitanja\/\"},\"wordCount\":1902,\"commentCount\":1,\"publisher\":{\"@id\":\"https:\/\/sandzakpress.net\/arhiva\/#\/schema\/person\/6e72b67d6e51910a1117b3b483ba20bd\"},\"image\":{\"@id\":\"https:\/\/sandzakpress.net\/arhiva\/nema-kompromisa-oko-sustinskih-pitanja\/#primaryimage\"},\"thumbnailUrl\":\"https:\/\/sandzakpress.net\/arhiva\/wp-content\/uploads\/2009\/12\/samir_tandir.jpg\",\"articleSection\":[\"Novine\"],\"inLanguage\":\"bs-BA\",\"potentialAction\":[{\"@type\":\"CommentAction\",\"name\":\"Comment\",\"target\":[\"https:\/\/sandzakpress.net\/arhiva\/nema-kompromisa-oko-sustinskih-pitanja\/#respond\"]}]},{\"@type\":\"WebPage\",\"@id\":\"https:\/\/sandzakpress.net\/arhiva\/nema-kompromisa-oko-sustinskih-pitanja\/\",\"url\":\"https:\/\/sandzakpress.net\/arhiva\/nema-kompromisa-oko-sustinskih-pitanja\/\",\"name\":\"Nema kompromisa oko su\u0161tinskih pitanja\",\"isPartOf\":{\"@id\":\"https:\/\/sandzakpress.net\/arhiva\/#website\"},\"primaryImageOfPage\":{\"@id\":\"https:\/\/sandzakpress.net\/arhiva\/nema-kompromisa-oko-sustinskih-pitanja\/#primaryimage\"},\"image\":{\"@id\":\"https:\/\/sandzakpress.net\/arhiva\/nema-kompromisa-oko-sustinskih-pitanja\/#primaryimage\"},\"thumbnailUrl\":\"https:\/\/sandzakpress.net\/arhiva\/wp-content\/uploads\/2009\/12\/samir_tandir.jpg\",\"datePublished\":\"2009-12-22T14:54:56+00:00\",\"dateModified\":\"2009-12-22T23:40:27+00:00\",\"breadcrumb\":{\"@id\":\"https:\/\/sandzakpress.net\/arhiva\/nema-kompromisa-oko-sustinskih-pitanja\/#breadcrumb\"},\"inLanguage\":\"bs-BA\",\"potentialAction\":[{\"@type\":\"ReadAction\",\"target\":[\"https:\/\/sandzakpress.net\/arhiva\/nema-kompromisa-oko-sustinskih-pitanja\/\"]}]},{\"@type\":\"ImageObject\",\"inLanguage\":\"bs-BA\",\"@id\":\"https:\/\/sandzakpress.net\/arhiva\/nema-kompromisa-oko-sustinskih-pitanja\/#primaryimage\",\"url\":\"https:\/\/sandzakpress.net\/arhiva\/wp-content\/uploads\/2009\/12\/samir_tandir.jpg\",\"contentUrl\":\"https:\/\/sandzakpress.net\/arhiva\/wp-content\/uploads\/2009\/12\/samir_tandir.jpg\",\"width\":300,\"height\":420},{\"@type\":\"BreadcrumbList\",\"@id\":\"https:\/\/sandzakpress.net\/arhiva\/nema-kompromisa-oko-sustinskih-pitanja\/#breadcrumb\",\"itemListElement\":[{\"@type\":\"ListItem\",\"position\":1,\"name\":\"Home\",\"item\":\"https:\/\/sandzakpress.net\/arhiva\/\"},{\"@type\":\"ListItem\",\"position\":2,\"name\":\"Nema kompromisa oko su\u0161tinskih pitanja\"}]},{\"@type\":\"WebSite\",\"@id\":\"https:\/\/sandzakpress.net\/arhiva\/#website\",\"url\":\"https:\/\/sandzakpress.net\/arhiva\/\",\"name\":\"Sand\u017eak PRESS\",\"description\":\"Prve elektronske novine u Sand\u017eaku\",\"publisher\":{\"@id\":\"https:\/\/sandzakpress.net\/arhiva\/#\/schema\/person\/6e72b67d6e51910a1117b3b483ba20bd\"},\"potentialAction\":[{\"@type\":\"SearchAction\",\"target\":{\"@type\":\"EntryPoint\",\"urlTemplate\":\"https:\/\/sandzakpress.net\/arhiva\/?s={search_term_string}\"},\"query-input\":{\"@type\":\"PropertyValueSpecification\",\"valueRequired\":true,\"valueName\":\"search_term_string\"}}],\"inLanguage\":\"bs-BA\"},{\"@type\":[\"Person\",\"Organization\"],\"@id\":\"https:\/\/sandzakpress.net\/arhiva\/#\/schema\/person\/6e72b67d6e51910a1117b3b483ba20bd\",\"name\":\"Kul\",\"image\":{\"@type\":\"ImageObject\",\"inLanguage\":\"bs-BA\",\"@id\":\"https:\/\/sandzakpress.net\/arhiva\/#\/schema\/person\/image\/\",\"url\":\"https:\/\/secure.gravatar.com\/avatar\/42263f39aa27ac04c43cab85c280eb2e?s=96&d=mm&r=pg\",\"contentUrl\":\"https:\/\/secure.gravatar.com\/avatar\/42263f39aa27ac04c43cab85c280eb2e?s=96&d=mm&r=pg\",\"caption\":\"Kul\"},\"logo\":{\"@id\":\"https:\/\/sandzakpress.net\/arhiva\/#\/schema\/person\/image\/\"}},{\"@type\":\"Person\",\"@id\":\"https:\/\/sandzakpress.net\/arhiva\/#\/schema\/person\/c8baee722073534b583ea7bdb2e36c02\",\"name\":\"bosniak\",\"image\":{\"@type\":\"ImageObject\",\"inLanguage\":\"bs-BA\",\"@id\":\"https:\/\/sandzakpress.net\/arhiva\/#\/schema\/person\/image\/\",\"url\":\"https:\/\/secure.gravatar.com\/avatar\/a04fd330bfe3a36a72a0ad4a6d89fca7?s=96&d=mm&r=pg\",\"contentUrl\":\"https:\/\/secure.gravatar.com\/avatar\/a04fd330bfe3a36a72a0ad4a6d89fca7?s=96&d=mm&r=pg\",\"caption\":\"bosniak\"},\"url\":\"https:\/\/sandzakpress.net\/arhiva\/author\/bosniak\/\"}]}<\/script>\n<!-- \/ Yoast SEO Premium plugin. -->","yoast_head_json":{"title":"Nema kompromisa oko su\u0161tinskih pitanja","robots":{"index":"index","follow":"follow","max-snippet":"max-snippet:-1","max-image-preview":"max-image-preview:large","max-video-preview":"max-video-preview:-1"},"canonical":"https:\/\/sandzakpress.net\/arhiva\/nema-kompromisa-oko-sustinskih-pitanja\/","og_locale":"bs_BA","og_type":"article","og_title":"Nema kompromisa oko su\u0161tinskih pitanja","og_description":"Islamska zajednica, kao krovna institucija muslimana u Srbiji i kao jedina institucija koja je ostala bo\u0161nja\u010dkom narodu, veliki je magnet za medije. Posebno poslije neuspjelog poku\u0161aja ru\u0161enja legalnih i legitimnih inistitucija Islamske zajednice interesovanje za rad i planove Islamske zajednice je izuzetno veliko. &#8212;&#8212;&#8212;&#8212;&#8212;&#8212;&#8212; Glas islama: U okviru Islamske zajednice u Srbiji raspore\u0111eni ste na [&hellip;]","og_url":"https:\/\/sandzakpress.net\/arhiva\/nema-kompromisa-oko-sustinskih-pitanja\/","og_site_name":"Sand\u017eak PRESS","article_published_time":"2009-12-22T14:54:56+00:00","article_modified_time":"2009-12-22T23:40:27+00:00","og_image":[{"width":300,"height":420,"url":"https:\/\/sandzakpress.net\/arhiva\/wp-content\/uploads\/2009\/12\/samir_tandir.jpg","type":"image\/jpeg"}],"author":"bosniak","twitter_card":"summary_large_image","twitter_misc":{"Written by":"bosniak","Est. reading time":"9 minuta"},"schema":{"@context":"https:\/\/schema.org","@graph":[{"@type":"Article","@id":"https:\/\/sandzakpress.net\/arhiva\/nema-kompromisa-oko-sustinskih-pitanja\/#article","isPartOf":{"@id":"https:\/\/sandzakpress.net\/arhiva\/nema-kompromisa-oko-sustinskih-pitanja\/"},"author":{"name":"bosniak","@id":"https:\/\/sandzakpress.net\/arhiva\/#\/schema\/person\/c8baee722073534b583ea7bdb2e36c02"},"headline":"Nema kompromisa oko su\u0161tinskih pitanja","datePublished":"2009-12-22T14:54:56+00:00","dateModified":"2009-12-22T23:40:27+00:00","mainEntityOfPage":{"@id":"https:\/\/sandzakpress.net\/arhiva\/nema-kompromisa-oko-sustinskih-pitanja\/"},"wordCount":1902,"commentCount":1,"publisher":{"@id":"https:\/\/sandzakpress.net\/arhiva\/#\/schema\/person\/6e72b67d6e51910a1117b3b483ba20bd"},"image":{"@id":"https:\/\/sandzakpress.net\/arhiva\/nema-kompromisa-oko-sustinskih-pitanja\/#primaryimage"},"thumbnailUrl":"https:\/\/sandzakpress.net\/arhiva\/wp-content\/uploads\/2009\/12\/samir_tandir.jpg","articleSection":["Novine"],"inLanguage":"bs-BA","potentialAction":[{"@type":"CommentAction","name":"Comment","target":["https:\/\/sandzakpress.net\/arhiva\/nema-kompromisa-oko-sustinskih-pitanja\/#respond"]}]},{"@type":"WebPage","@id":"https:\/\/sandzakpress.net\/arhiva\/nema-kompromisa-oko-sustinskih-pitanja\/","url":"https:\/\/sandzakpress.net\/arhiva\/nema-kompromisa-oko-sustinskih-pitanja\/","name":"Nema kompromisa oko su\u0161tinskih pitanja","isPartOf":{"@id":"https:\/\/sandzakpress.net\/arhiva\/#website"},"primaryImageOfPage":{"@id":"https:\/\/sandzakpress.net\/arhiva\/nema-kompromisa-oko-sustinskih-pitanja\/#primaryimage"},"image":{"@id":"https:\/\/sandzakpress.net\/arhiva\/nema-kompromisa-oko-sustinskih-pitanja\/#primaryimage"},"thumbnailUrl":"https:\/\/sandzakpress.net\/arhiva\/wp-content\/uploads\/2009\/12\/samir_tandir.jpg","datePublished":"2009-12-22T14:54:56+00:00","dateModified":"2009-12-22T23:40:27+00:00","breadcrumb":{"@id":"https:\/\/sandzakpress.net\/arhiva\/nema-kompromisa-oko-sustinskih-pitanja\/#breadcrumb"},"inLanguage":"bs-BA","potentialAction":[{"@type":"ReadAction","target":["https:\/\/sandzakpress.net\/arhiva\/nema-kompromisa-oko-sustinskih-pitanja\/"]}]},{"@type":"ImageObject","inLanguage":"bs-BA","@id":"https:\/\/sandzakpress.net\/arhiva\/nema-kompromisa-oko-sustinskih-pitanja\/#primaryimage","url":"https:\/\/sandzakpress.net\/arhiva\/wp-content\/uploads\/2009\/12\/samir_tandir.jpg","contentUrl":"https:\/\/sandzakpress.net\/arhiva\/wp-content\/uploads\/2009\/12\/samir_tandir.jpg","width":300,"height":420},{"@type":"BreadcrumbList","@id":"https:\/\/sandzakpress.net\/arhiva\/nema-kompromisa-oko-sustinskih-pitanja\/#breadcrumb","itemListElement":[{"@type":"ListItem","position":1,"name":"Home","item":"https:\/\/sandzakpress.net\/arhiva\/"},{"@type":"ListItem","position":2,"name":"Nema kompromisa oko su\u0161tinskih pitanja"}]},{"@type":"WebSite","@id":"https:\/\/sandzakpress.net\/arhiva\/#website","url":"https:\/\/sandzakpress.net\/arhiva\/","name":"Sand\u017eak PRESS","description":"Prve elektronske novine u Sand\u017eaku","publisher":{"@id":"https:\/\/sandzakpress.net\/arhiva\/#\/schema\/person\/6e72b67d6e51910a1117b3b483ba20bd"},"potentialAction":[{"@type":"SearchAction","target":{"@type":"EntryPoint","urlTemplate":"https:\/\/sandzakpress.net\/arhiva\/?s={search_term_string}"},"query-input":{"@type":"PropertyValueSpecification","valueRequired":true,"valueName":"search_term_string"}}],"inLanguage":"bs-BA"},{"@type":["Person","Organization"],"@id":"https:\/\/sandzakpress.net\/arhiva\/#\/schema\/person\/6e72b67d6e51910a1117b3b483ba20bd","name":"Kul","image":{"@type":"ImageObject","inLanguage":"bs-BA","@id":"https:\/\/sandzakpress.net\/arhiva\/#\/schema\/person\/image\/","url":"https:\/\/secure.gravatar.com\/avatar\/42263f39aa27ac04c43cab85c280eb2e?s=96&d=mm&r=pg","contentUrl":"https:\/\/secure.gravatar.com\/avatar\/42263f39aa27ac04c43cab85c280eb2e?s=96&d=mm&r=pg","caption":"Kul"},"logo":{"@id":"https:\/\/sandzakpress.net\/arhiva\/#\/schema\/person\/image\/"}},{"@type":"Person","@id":"https:\/\/sandzakpress.net\/arhiva\/#\/schema\/person\/c8baee722073534b583ea7bdb2e36c02","name":"bosniak","image":{"@type":"ImageObject","inLanguage":"bs-BA","@id":"https:\/\/sandzakpress.net\/arhiva\/#\/schema\/person\/image\/","url":"https:\/\/secure.gravatar.com\/avatar\/a04fd330bfe3a36a72a0ad4a6d89fca7?s=96&d=mm&r=pg","contentUrl":"https:\/\/secure.gravatar.com\/avatar\/a04fd330bfe3a36a72a0ad4a6d89fca7?s=96&d=mm&r=pg","caption":"bosniak"},"url":"https:\/\/sandzakpress.net\/arhiva\/author\/bosniak\/"}]}},"_links":{"self":[{"href":"https:\/\/sandzakpress.net\/arhiva\/wp-json\/wp\/v2\/posts\/352"}],"collection":[{"href":"https:\/\/sandzakpress.net\/arhiva\/wp-json\/wp\/v2\/posts"}],"about":[{"href":"https:\/\/sandzakpress.net\/arhiva\/wp-json\/wp\/v2\/types\/post"}],"author":[{"embeddable":true,"href":"https:\/\/sandzakpress.net\/arhiva\/wp-json\/wp\/v2\/users\/83"}],"replies":[{"embeddable":true,"href":"https:\/\/sandzakpress.net\/arhiva\/wp-json\/wp\/v2\/comments?post=352"}],"version-history":[{"count":0,"href":"https:\/\/sandzakpress.net\/arhiva\/wp-json\/wp\/v2\/posts\/352\/revisions"}],"wp:featuredmedia":[{"embeddable":true,"href":"https:\/\/sandzakpress.net\/arhiva\/wp-json\/wp\/v2\/media\/353"}],"wp:attachment":[{"href":"https:\/\/sandzakpress.net\/arhiva\/wp-json\/wp\/v2\/media?parent=352"}],"wp:term":[{"taxonomy":"category","embeddable":true,"href":"https:\/\/sandzakpress.net\/arhiva\/wp-json\/wp\/v2\/categories?post=352"},{"taxonomy":"post_tag","embeddable":true,"href":"https:\/\/sandzakpress.net\/arhiva\/wp-json\/wp\/v2\/tags?post=352"}],"curies":[{"name":"wp","href":"https:\/\/api.w.org\/{rel}","templated":true}]}}