{"id":3503,"date":"2010-04-07T16:37:40","date_gmt":"2010-04-07T14:37:40","guid":{"rendered":"https:\/\/sandzakpress.net\/arhiva\/?p=3503"},"modified":"2010-04-07T16:37:40","modified_gmt":"2010-04-07T14:37:40","slug":"u-poplavama-u-brazilu-80-mrtvih","status":"publish","type":"post","link":"https:\/\/sandzakpress.net\/arhiva\/u-poplavama-u-brazilu-80-mrtvih\/","title":{"rendered":"U poplavama u Brazilu 80 mrtvih"},"content":{"rendered":"<p><strong><a href=\"https:\/\/sandzakpress.net\/arhiva\/wp-content\/uploads\/2010\/04\/brazil-poplava.png\"><img loading=\"lazy\" decoding=\"async\" class=\"alignleft size-full wp-image-3504\" title=\"brazil poplava\" src=\"https:\/\/sandzakpress.net\/arhiva\/wp-content\/uploads\/2010\/04\/brazil-poplava.png\" alt=\"\" width=\"259\" height=\"296\" \/><\/a>Brazil &#8211; Obilne padaline uzrokovale su velike poplave i odrone zemlje u  Brazilu. Stotine ljudi ostalo je bez svojih domova i mnogobrojne ceste  poplavljene su. Ve\u0107ina \u017ertava poginula je u vi\u0161e od 180 lavina koje su  odnijele mnoge barake u siroma\u0161nijim dijelovima grada. <\/strong><\/p>\n<p>U Rio de Janeiru do sada je poginulo 39 osoba dok je 41 osoba  izgubila \u017eivot u gradu Niteroi, prenosi Associated Press. Jake i obilne  ki\u0161e zahvatile su to podru\u010dje u ponedjeljak te je u manje od 24 sata  palo oko 30 centimetara ki\u0161e. Gradona\u010delnik Rio de Janeira upozorio je  gra\u0111ane da izbjegavaju opasna podru\u010dja na kojima su mogu\u0107i odroni  zemlje. Najavio je da \u0107e \u0161kole ostati zatvorene do daljnjeg.<\/p>\n<p>Vlasti su proglasile izvanredno stanje. &#8220;Stanje u gradu je  katastrofalno, sve su prometne veze onemogu\u0107ene i te\u0161ko se dolazi do  \u017ertava&#8221;, kazao je gradona\u010delnik Eduardo da Costa Paes. Meteorolozi  najavljuju jo\u0161 ki\u0161a u narednom razdoblju.<\/p>\n<p>Izvor: <strong>IslamBosna.ba<\/strong><\/p>\n","protected":false},"excerpt":{"rendered":"<p>Brazil &#8211; Obilne padaline uzrokovale su velike poplave i odrone zemlje u Brazilu. Stotine ljudi ostalo je bez svojih domova i mnogobrojne ceste poplavljene su. Ve\u0107ina \u017ertava poginula je u vi\u0161e od 180 lavina koje su odnijele mnoge barake u siroma\u0161nijim dijelovima grada. U Rio de Janeiru do sada je poginulo 39 osoba dok je [&hellip;]<\/p>\n","protected":false},"author":83,"featured_media":3504,"comment_status":"open","ping_status":"open","sticky":false,"template":"","format":"standard","meta":{"footnotes":""},"categories":[9],"tags":[],"class_list":{"0":"post-3503","1":"post","2":"type-post","3":"status-publish","4":"format-standard","5":"has-post-thumbnail","7":"category-svijet"},"yoast_head":"<!-- This site is optimized with the Yoast SEO Premium plugin v23.1 (Yoast SEO v24.9) - https:\/\/yoast.com\/wordpress\/plugins\/seo\/ -->\n<title>U poplavama u Brazilu 80 mrtvih<\/title>\n<meta name=\"robots\" content=\"index, follow, max-snippet:-1, max-image-preview:large, max-video-preview:-1\" \/>\n<link rel=\"canonical\" href=\"https:\/\/sandzakpress.net\/arhiva\/u-poplavama-u-brazilu-80-mrtvih\/\" \/>\n<meta property=\"og:locale\" content=\"bs_BA\" \/>\n<meta property=\"og:type\" content=\"article\" \/>\n<meta property=\"og:title\" content=\"U poplavama u Brazilu 80 mrtvih\" \/>\n<meta property=\"og:description\" content=\"Brazil &#8211; Obilne padaline uzrokovale su velike poplave i odrone zemlje u Brazilu. Stotine ljudi ostalo je bez svojih domova i mnogobrojne ceste poplavljene su. Ve\u0107ina \u017ertava poginula je u vi\u0161e od 180 lavina koje su odnijele mnoge barake u siroma\u0161nijim dijelovima grada. U Rio de Janeiru do sada je poginulo 39 osoba dok je [&hellip;]\" \/>\n<meta property=\"og:url\" content=\"https:\/\/sandzakpress.net\/arhiva\/u-poplavama-u-brazilu-80-mrtvih\/\" \/>\n<meta property=\"og:site_name\" content=\"Sand\u017eak PRESS\" \/>\n<meta property=\"article:published_time\" content=\"2010-04-07T14:37:40+00:00\" \/>\n<meta property=\"og:image\" content=\"https:\/\/sandzakpress.net\/arhiva\/wp-content\/uploads\/2010\/04\/brazil-poplava.png\" \/>\n\t<meta property=\"og:image:width\" content=\"259\" \/>\n\t<meta property=\"og:image:height\" content=\"296\" \/>\n\t<meta property=\"og:image:type\" content=\"image\/png\" \/>\n<meta name=\"author\" content=\"bosniak\" \/>\n<meta name=\"twitter:card\" content=\"summary_large_image\" \/>\n<meta name=\"twitter:label1\" content=\"Written by\" \/>\n\t<meta name=\"twitter:data1\" content=\"bosniak\" \/>\n\t<meta name=\"twitter:label2\" content=\"Est. reading time\" \/>\n\t<meta name=\"twitter:data2\" content=\"1 minuta\" \/>\n<script type=\"application\/ld+json\" class=\"yoast-schema-graph\">{\"@context\":\"https:\/\/schema.org\",\"@graph\":[{\"@type\":\"Article\",\"@id\":\"https:\/\/sandzakpress.net\/arhiva\/u-poplavama-u-brazilu-80-mrtvih\/#article\",\"isPartOf\":{\"@id\":\"https:\/\/sandzakpress.net\/arhiva\/u-poplavama-u-brazilu-80-mrtvih\/\"},\"author\":{\"name\":\"bosniak\",\"@id\":\"https:\/\/sandzakpress.net\/arhiva\/#\/schema\/person\/c8baee722073534b583ea7bdb2e36c02\"},\"headline\":\"U poplavama u Brazilu 80 mrtvih\",\"datePublished\":\"2010-04-07T14:37:40+00:00\",\"mainEntityOfPage\":{\"@id\":\"https:\/\/sandzakpress.net\/arhiva\/u-poplavama-u-brazilu-80-mrtvih\/\"},\"wordCount\":165,\"commentCount\":0,\"publisher\":{\"@id\":\"https:\/\/sandzakpress.net\/arhiva\/#\/schema\/person\/6e72b67d6e51910a1117b3b483ba20bd\"},\"image\":{\"@id\":\"https:\/\/sandzakpress.net\/arhiva\/u-poplavama-u-brazilu-80-mrtvih\/#primaryimage\"},\"thumbnailUrl\":\"https:\/\/sandzakpress.net\/arhiva\/wp-content\/uploads\/2010\/04\/brazil-poplava.png\",\"articleSection\":[\"Svijet\"],\"inLanguage\":\"bs-BA\",\"potentialAction\":[{\"@type\":\"CommentAction\",\"name\":\"Comment\",\"target\":[\"https:\/\/sandzakpress.net\/arhiva\/u-poplavama-u-brazilu-80-mrtvih\/#respond\"]}]},{\"@type\":\"WebPage\",\"@id\":\"https:\/\/sandzakpress.net\/arhiva\/u-poplavama-u-brazilu-80-mrtvih\/\",\"url\":\"https:\/\/sandzakpress.net\/arhiva\/u-poplavama-u-brazilu-80-mrtvih\/\",\"name\":\"U poplavama u Brazilu 80 mrtvih\",\"isPartOf\":{\"@id\":\"https:\/\/sandzakpress.net\/arhiva\/#website\"},\"primaryImageOfPage\":{\"@id\":\"https:\/\/sandzakpress.net\/arhiva\/u-poplavama-u-brazilu-80-mrtvih\/#primaryimage\"},\"image\":{\"@id\":\"https:\/\/sandzakpress.net\/arhiva\/u-poplavama-u-brazilu-80-mrtvih\/#primaryimage\"},\"thumbnailUrl\":\"https:\/\/sandzakpress.net\/arhiva\/wp-content\/uploads\/2010\/04\/brazil-poplava.png\",\"datePublished\":\"2010-04-07T14:37:40+00:00\",\"breadcrumb\":{\"@id\":\"https:\/\/sandzakpress.net\/arhiva\/u-poplavama-u-brazilu-80-mrtvih\/#breadcrumb\"},\"inLanguage\":\"bs-BA\",\"potentialAction\":[{\"@type\":\"ReadAction\",\"target\":[\"https:\/\/sandzakpress.net\/arhiva\/u-poplavama-u-brazilu-80-mrtvih\/\"]}]},{\"@type\":\"ImageObject\",\"inLanguage\":\"bs-BA\",\"@id\":\"https:\/\/sandzakpress.net\/arhiva\/u-poplavama-u-brazilu-80-mrtvih\/#primaryimage\",\"url\":\"https:\/\/sandzakpress.net\/arhiva\/wp-content\/uploads\/2010\/04\/brazil-poplava.png\",\"contentUrl\":\"https:\/\/sandzakpress.net\/arhiva\/wp-content\/uploads\/2010\/04\/brazil-poplava.png\",\"width\":259,\"height\":296},{\"@type\":\"BreadcrumbList\",\"@id\":\"https:\/\/sandzakpress.net\/arhiva\/u-poplavama-u-brazilu-80-mrtvih\/#breadcrumb\",\"itemListElement\":[{\"@type\":\"ListItem\",\"position\":1,\"name\":\"Home\",\"item\":\"https:\/\/sandzakpress.net\/arhiva\/\"},{\"@type\":\"ListItem\",\"position\":2,\"name\":\"U poplavama u Brazilu 80 mrtvih\"}]},{\"@type\":\"WebSite\",\"@id\":\"https:\/\/sandzakpress.net\/arhiva\/#website\",\"url\":\"https:\/\/sandzakpress.net\/arhiva\/\",\"name\":\"Sand\u017eak PRESS\",\"description\":\"Prve elektronske novine u Sand\u017eaku\",\"publisher\":{\"@id\":\"https:\/\/sandzakpress.net\/arhiva\/#\/schema\/person\/6e72b67d6e51910a1117b3b483ba20bd\"},\"potentialAction\":[{\"@type\":\"SearchAction\",\"target\":{\"@type\":\"EntryPoint\",\"urlTemplate\":\"https:\/\/sandzakpress.net\/arhiva\/?s={search_term_string}\"},\"query-input\":{\"@type\":\"PropertyValueSpecification\",\"valueRequired\":true,\"valueName\":\"search_term_string\"}}],\"inLanguage\":\"bs-BA\"},{\"@type\":[\"Person\",\"Organization\"],\"@id\":\"https:\/\/sandzakpress.net\/arhiva\/#\/schema\/person\/6e72b67d6e51910a1117b3b483ba20bd\",\"name\":\"Kul\",\"image\":{\"@type\":\"ImageObject\",\"inLanguage\":\"bs-BA\",\"@id\":\"https:\/\/sandzakpress.net\/arhiva\/#\/schema\/person\/image\/\",\"url\":\"https:\/\/secure.gravatar.com\/avatar\/42263f39aa27ac04c43cab85c280eb2e?s=96&d=mm&r=pg\",\"contentUrl\":\"https:\/\/secure.gravatar.com\/avatar\/42263f39aa27ac04c43cab85c280eb2e?s=96&d=mm&r=pg\",\"caption\":\"Kul\"},\"logo\":{\"@id\":\"https:\/\/sandzakpress.net\/arhiva\/#\/schema\/person\/image\/\"}},{\"@type\":\"Person\",\"@id\":\"https:\/\/sandzakpress.net\/arhiva\/#\/schema\/person\/c8baee722073534b583ea7bdb2e36c02\",\"name\":\"bosniak\",\"image\":{\"@type\":\"ImageObject\",\"inLanguage\":\"bs-BA\",\"@id\":\"https:\/\/sandzakpress.net\/arhiva\/#\/schema\/person\/image\/\",\"url\":\"https:\/\/secure.gravatar.com\/avatar\/a04fd330bfe3a36a72a0ad4a6d89fca7?s=96&d=mm&r=pg\",\"contentUrl\":\"https:\/\/secure.gravatar.com\/avatar\/a04fd330bfe3a36a72a0ad4a6d89fca7?s=96&d=mm&r=pg\",\"caption\":\"bosniak\"},\"url\":\"https:\/\/sandzakpress.net\/arhiva\/author\/bosniak\/\"}]}<\/script>\n<!-- \/ Yoast SEO Premium plugin. -->","yoast_head_json":{"title":"U poplavama u Brazilu 80 mrtvih","robots":{"index":"index","follow":"follow","max-snippet":"max-snippet:-1","max-image-preview":"max-image-preview:large","max-video-preview":"max-video-preview:-1"},"canonical":"https:\/\/sandzakpress.net\/arhiva\/u-poplavama-u-brazilu-80-mrtvih\/","og_locale":"bs_BA","og_type":"article","og_title":"U poplavama u Brazilu 80 mrtvih","og_description":"Brazil &#8211; Obilne padaline uzrokovale su velike poplave i odrone zemlje u Brazilu. Stotine ljudi ostalo je bez svojih domova i mnogobrojne ceste poplavljene su. Ve\u0107ina \u017ertava poginula je u vi\u0161e od 180 lavina koje su odnijele mnoge barake u siroma\u0161nijim dijelovima grada. U Rio de Janeiru do sada je poginulo 39 osoba dok je [&hellip;]","og_url":"https:\/\/sandzakpress.net\/arhiva\/u-poplavama-u-brazilu-80-mrtvih\/","og_site_name":"Sand\u017eak PRESS","article_published_time":"2010-04-07T14:37:40+00:00","og_image":[{"width":259,"height":296,"url":"https:\/\/sandzakpress.net\/arhiva\/wp-content\/uploads\/2010\/04\/brazil-poplava.png","type":"image\/png"}],"author":"bosniak","twitter_card":"summary_large_image","twitter_misc":{"Written by":"bosniak","Est. reading time":"1 minuta"},"schema":{"@context":"https:\/\/schema.org","@graph":[{"@type":"Article","@id":"https:\/\/sandzakpress.net\/arhiva\/u-poplavama-u-brazilu-80-mrtvih\/#article","isPartOf":{"@id":"https:\/\/sandzakpress.net\/arhiva\/u-poplavama-u-brazilu-80-mrtvih\/"},"author":{"name":"bosniak","@id":"https:\/\/sandzakpress.net\/arhiva\/#\/schema\/person\/c8baee722073534b583ea7bdb2e36c02"},"headline":"U poplavama u Brazilu 80 mrtvih","datePublished":"2010-04-07T14:37:40+00:00","mainEntityOfPage":{"@id":"https:\/\/sandzakpress.net\/arhiva\/u-poplavama-u-brazilu-80-mrtvih\/"},"wordCount":165,"commentCount":0,"publisher":{"@id":"https:\/\/sandzakpress.net\/arhiva\/#\/schema\/person\/6e72b67d6e51910a1117b3b483ba20bd"},"image":{"@id":"https:\/\/sandzakpress.net\/arhiva\/u-poplavama-u-brazilu-80-mrtvih\/#primaryimage"},"thumbnailUrl":"https:\/\/sandzakpress.net\/arhiva\/wp-content\/uploads\/2010\/04\/brazil-poplava.png","articleSection":["Svijet"],"inLanguage":"bs-BA","potentialAction":[{"@type":"CommentAction","name":"Comment","target":["https:\/\/sandzakpress.net\/arhiva\/u-poplavama-u-brazilu-80-mrtvih\/#respond"]}]},{"@type":"WebPage","@id":"https:\/\/sandzakpress.net\/arhiva\/u-poplavama-u-brazilu-80-mrtvih\/","url":"https:\/\/sandzakpress.net\/arhiva\/u-poplavama-u-brazilu-80-mrtvih\/","name":"U poplavama u Brazilu 80 mrtvih","isPartOf":{"@id":"https:\/\/sandzakpress.net\/arhiva\/#website"},"primaryImageOfPage":{"@id":"https:\/\/sandzakpress.net\/arhiva\/u-poplavama-u-brazilu-80-mrtvih\/#primaryimage"},"image":{"@id":"https:\/\/sandzakpress.net\/arhiva\/u-poplavama-u-brazilu-80-mrtvih\/#primaryimage"},"thumbnailUrl":"https:\/\/sandzakpress.net\/arhiva\/wp-content\/uploads\/2010\/04\/brazil-poplava.png","datePublished":"2010-04-07T14:37:40+00:00","breadcrumb":{"@id":"https:\/\/sandzakpress.net\/arhiva\/u-poplavama-u-brazilu-80-mrtvih\/#breadcrumb"},"inLanguage":"bs-BA","potentialAction":[{"@type":"ReadAction","target":["https:\/\/sandzakpress.net\/arhiva\/u-poplavama-u-brazilu-80-mrtvih\/"]}]},{"@type":"ImageObject","inLanguage":"bs-BA","@id":"https:\/\/sandzakpress.net\/arhiva\/u-poplavama-u-brazilu-80-mrtvih\/#primaryimage","url":"https:\/\/sandzakpress.net\/arhiva\/wp-content\/uploads\/2010\/04\/brazil-poplava.png","contentUrl":"https:\/\/sandzakpress.net\/arhiva\/wp-content\/uploads\/2010\/04\/brazil-poplava.png","width":259,"height":296},{"@type":"BreadcrumbList","@id":"https:\/\/sandzakpress.net\/arhiva\/u-poplavama-u-brazilu-80-mrtvih\/#breadcrumb","itemListElement":[{"@type":"ListItem","position":1,"name":"Home","item":"https:\/\/sandzakpress.net\/arhiva\/"},{"@type":"ListItem","position":2,"name":"U poplavama u Brazilu 80 mrtvih"}]},{"@type":"WebSite","@id":"https:\/\/sandzakpress.net\/arhiva\/#website","url":"https:\/\/sandzakpress.net\/arhiva\/","name":"Sand\u017eak PRESS","description":"Prve elektronske novine u Sand\u017eaku","publisher":{"@id":"https:\/\/sandzakpress.net\/arhiva\/#\/schema\/person\/6e72b67d6e51910a1117b3b483ba20bd"},"potentialAction":[{"@type":"SearchAction","target":{"@type":"EntryPoint","urlTemplate":"https:\/\/sandzakpress.net\/arhiva\/?s={search_term_string}"},"query-input":{"@type":"PropertyValueSpecification","valueRequired":true,"valueName":"search_term_string"}}],"inLanguage":"bs-BA"},{"@type":["Person","Organization"],"@id":"https:\/\/sandzakpress.net\/arhiva\/#\/schema\/person\/6e72b67d6e51910a1117b3b483ba20bd","name":"Kul","image":{"@type":"ImageObject","inLanguage":"bs-BA","@id":"https:\/\/sandzakpress.net\/arhiva\/#\/schema\/person\/image\/","url":"https:\/\/secure.gravatar.com\/avatar\/42263f39aa27ac04c43cab85c280eb2e?s=96&d=mm&r=pg","contentUrl":"https:\/\/secure.gravatar.com\/avatar\/42263f39aa27ac04c43cab85c280eb2e?s=96&d=mm&r=pg","caption":"Kul"},"logo":{"@id":"https:\/\/sandzakpress.net\/arhiva\/#\/schema\/person\/image\/"}},{"@type":"Person","@id":"https:\/\/sandzakpress.net\/arhiva\/#\/schema\/person\/c8baee722073534b583ea7bdb2e36c02","name":"bosniak","image":{"@type":"ImageObject","inLanguage":"bs-BA","@id":"https:\/\/sandzakpress.net\/arhiva\/#\/schema\/person\/image\/","url":"https:\/\/secure.gravatar.com\/avatar\/a04fd330bfe3a36a72a0ad4a6d89fca7?s=96&d=mm&r=pg","contentUrl":"https:\/\/secure.gravatar.com\/avatar\/a04fd330bfe3a36a72a0ad4a6d89fca7?s=96&d=mm&r=pg","caption":"bosniak"},"url":"https:\/\/sandzakpress.net\/arhiva\/author\/bosniak\/"}]}},"_links":{"self":[{"href":"https:\/\/sandzakpress.net\/arhiva\/wp-json\/wp\/v2\/posts\/3503"}],"collection":[{"href":"https:\/\/sandzakpress.net\/arhiva\/wp-json\/wp\/v2\/posts"}],"about":[{"href":"https:\/\/sandzakpress.net\/arhiva\/wp-json\/wp\/v2\/types\/post"}],"author":[{"embeddable":true,"href":"https:\/\/sandzakpress.net\/arhiva\/wp-json\/wp\/v2\/users\/83"}],"replies":[{"embeddable":true,"href":"https:\/\/sandzakpress.net\/arhiva\/wp-json\/wp\/v2\/comments?post=3503"}],"version-history":[{"count":0,"href":"https:\/\/sandzakpress.net\/arhiva\/wp-json\/wp\/v2\/posts\/3503\/revisions"}],"wp:featuredmedia":[{"embeddable":true,"href":"https:\/\/sandzakpress.net\/arhiva\/wp-json\/wp\/v2\/media\/3504"}],"wp:attachment":[{"href":"https:\/\/sandzakpress.net\/arhiva\/wp-json\/wp\/v2\/media?parent=3503"}],"wp:term":[{"taxonomy":"category","embeddable":true,"href":"https:\/\/sandzakpress.net\/arhiva\/wp-json\/wp\/v2\/categories?post=3503"},{"taxonomy":"post_tag","embeddable":true,"href":"https:\/\/sandzakpress.net\/arhiva\/wp-json\/wp\/v2\/tags?post=3503"}],"curies":[{"name":"wp","href":"https:\/\/api.w.org\/{rel}","templated":true}]}}