{"id":34931,"date":"2012-03-21T15:34:10","date_gmt":"2012-03-21T14:34:10","guid":{"rendered":"https:\/\/sandzakpress.net\/arhiva\/?p=34931"},"modified":"2012-03-21T15:34:10","modified_gmt":"2012-03-21T14:34:10","slug":"prebili-sugradanina-drvenim-palicama","status":"publish","type":"post","link":"https:\/\/sandzakpress.net\/arhiva\/prebili-sugradanina-drvenim-palicama\/","title":{"rendered":"Prebili sugra\u0111anina drvenim palicama"},"content":{"rendered":"<p><strong><em><a href=\"https:\/\/sandzakpress.net\/arhiva\/wp-content\/uploads\/2012\/03\/thumb.php_1.jpg\"><img loading=\"lazy\" decoding=\"async\" class=\"alignleft size-medium wp-image-34932\" title=\"thumb.php\" src=\"https:\/\/sandzakpress.net\/arhiva\/wp-content\/uploads\/2012\/03\/thumb.php_1-300x193.jpg\" alt=\"\" width=\"300\" height=\"193\" \/><\/a>Pljevlja &#8211; Policija, u Pljevljima, rasvjetlila krivi\u010dno djelo te\u0161ka tjelesna povreda<\/em><\/strong><\/p>\n<p>Slu\u017ebenici Podru\u010dne jedinice Pljevlja su, ju\u010de, li\u0161ili slobode i  podnijeli izvje\u0161taj kao dopunu krivi\u010dne prijave protiv E.K. (40) iz  Pljevalja i A.G. (24) iz Pljevalja, zbog osnovane sumnje, da su u  saizvr\u0161ila\u0161tvu po\u010dinili krivi\u010dno djelo te\u0161ka tjelesna povreda na \u0161tetu  njihovog sugra\u0111anina M.\u0160, ka\u017ee se u saop\u0161tenju Uprave policije Crne Gore<\/p>\n<p>Sumnja, se das u okrivljeni 25. februara, u kasnim no\u0107nim satima, u  ulici Ivana Milutinovi\u0107a, prema prethodnom dogovoru i unaprijed  pripremljenom planu, \u00a0napali M.\u0160., udaraju\u0107i ga drvenim palicama po  glavi i tijelu, usljed \u010dega je M.\u0160. pao, me\u0111utim oni su, nastavili da ga  udaraju sve dok ih u tome nisu sprije\u010dila druga lica.<\/p>\n<p>Od udaraca, koje su mu, kako se sumnja, zadali E.K. i A.G. o\u0161te\u0107eni  M.\u0160. je zadobio povrede opasne po \u017eivot i jo\u0161 uvijek se nalazi na  bolni\u010dkom lije\u010denju.<\/p>\n<p>O doga\u0111aju je obavije\u0161teno Osnovno dr\u017eavno tu\u017eila\u0161tvo u Pljevljima.<\/p>\n<p>Policija je, rade\u0107i na rasvjetljavanju pomenutog doga\u0111aja,  identifikovala E.K. i A.G, li\u0161ila ih slobode i uz izvje\u0161taj sprovela  nadle\u017enom dr\u017eavnom tu\u017eiocu.<\/p>\n<p>Izvor: <strong>PvPortal.me<\/strong><\/p>\n","protected":false},"excerpt":{"rendered":"<p>Pljevlja &#8211; Policija, u Pljevljima, rasvjetlila krivi\u010dno djelo te\u0161ka tjelesna povreda Slu\u017ebenici Podru\u010dne jedinice Pljevlja su, ju\u010de, li\u0161ili slobode i podnijeli izvje\u0161taj kao dopunu krivi\u010dne prijave protiv E.K. (40) iz Pljevalja i A.G. (24) iz Pljevalja, zbog osnovane sumnje, da su u saizvr\u0161ila\u0161tvu po\u010dinili krivi\u010dno djelo te\u0161ka tjelesna povreda na \u0161tetu njihovog sugra\u0111anina M.\u0160, ka\u017ee [&hellip;]<\/p>\n","protected":false},"author":13,"featured_media":34932,"comment_status":"open","ping_status":"open","sticky":false,"template":"","format":"standard","meta":{"footnotes":""},"categories":[395,801],"tags":[],"class_list":{"0":"post-34931","1":"post","2":"type-post","3":"status-publish","4":"format-standard","5":"has-post-thumbnail","7":"category-pljevlja_","8":"category-crna_hronika"},"yoast_head":"<!-- This site is optimized with the Yoast SEO Premium plugin v23.1 (Yoast SEO v24.9) - https:\/\/yoast.com\/wordpress\/plugins\/seo\/ -->\n<title>Prebili sugra\u0111anina drvenim palicama<\/title>\n<meta name=\"robots\" content=\"index, follow, max-snippet:-1, max-image-preview:large, max-video-preview:-1\" \/>\n<link rel=\"canonical\" href=\"https:\/\/sandzakpress.net\/arhiva\/prebili-sugradanina-drvenim-palicama\/\" \/>\n<meta property=\"og:locale\" content=\"bs_BA\" \/>\n<meta property=\"og:type\" content=\"article\" \/>\n<meta property=\"og:title\" content=\"Prebili sugra\u0111anina drvenim palicama\" \/>\n<meta property=\"og:description\" content=\"Pljevlja &#8211; Policija, u Pljevljima, rasvjetlila krivi\u010dno djelo te\u0161ka tjelesna povreda Slu\u017ebenici Podru\u010dne jedinice Pljevlja su, ju\u010de, li\u0161ili slobode i podnijeli izvje\u0161taj kao dopunu krivi\u010dne prijave protiv E.K. (40) iz Pljevalja i A.G. (24) iz Pljevalja, zbog osnovane sumnje, da su u saizvr\u0161ila\u0161tvu po\u010dinili krivi\u010dno djelo te\u0161ka tjelesna povreda na \u0161tetu njihovog sugra\u0111anina M.\u0160, ka\u017ee [&hellip;]\" \/>\n<meta property=\"og:url\" content=\"https:\/\/sandzakpress.net\/arhiva\/prebili-sugradanina-drvenim-palicama\/\" \/>\n<meta property=\"og:site_name\" content=\"Sand\u017eak PRESS\" \/>\n<meta property=\"article:published_time\" content=\"2012-03-21T14:34:10+00:00\" \/>\n<meta property=\"og:image\" content=\"https:\/\/sandzakpress.net\/arhiva\/wp-content\/uploads\/2012\/03\/thumb.php_1.jpg\" \/>\n\t<meta property=\"og:image:width\" content=\"616\" \/>\n\t<meta property=\"og:image:height\" content=\"398\" \/>\n\t<meta property=\"og:image:type\" content=\"image\/jpeg\" \/>\n<meta name=\"twitter:card\" content=\"summary_large_image\" \/>\n<meta name=\"twitter:label1\" content=\"Written by\" \/>\n\t<meta name=\"twitter:data1\" content=\"\" \/>\n\t<meta name=\"twitter:label2\" content=\"Est. reading time\" \/>\n\t<meta name=\"twitter:data2\" content=\"1 minuta\" \/>\n<script type=\"application\/ld+json\" class=\"yoast-schema-graph\">{\"@context\":\"https:\/\/schema.org\",\"@graph\":[{\"@type\":\"Article\",\"@id\":\"https:\/\/sandzakpress.net\/arhiva\/prebili-sugradanina-drvenim-palicama\/#article\",\"isPartOf\":{\"@id\":\"https:\/\/sandzakpress.net\/arhiva\/prebili-sugradanina-drvenim-palicama\/\"},\"author\":{\"name\":\"\",\"@id\":\"\"},\"headline\":\"Prebili sugra\u0111anina drvenim palicama\",\"datePublished\":\"2012-03-21T14:34:10+00:00\",\"mainEntityOfPage\":{\"@id\":\"https:\/\/sandzakpress.net\/arhiva\/prebili-sugradanina-drvenim-palicama\/\"},\"wordCount\":221,\"commentCount\":0,\"publisher\":{\"@id\":\"https:\/\/sandzakpress.net\/arhiva\/#\/schema\/person\/6e72b67d6e51910a1117b3b483ba20bd\"},\"image\":{\"@id\":\"https:\/\/sandzakpress.net\/arhiva\/prebili-sugradanina-drvenim-palicama\/#primaryimage\"},\"thumbnailUrl\":\"https:\/\/sandzakpress.net\/arhiva\/wp-content\/uploads\/2012\/03\/thumb.php_1.jpg\",\"articleSection\":[\"Pljevlja\",\"Hronika\"],\"inLanguage\":\"bs-BA\",\"potentialAction\":[{\"@type\":\"CommentAction\",\"name\":\"Comment\",\"target\":[\"https:\/\/sandzakpress.net\/arhiva\/prebili-sugradanina-drvenim-palicama\/#respond\"]}]},{\"@type\":\"WebPage\",\"@id\":\"https:\/\/sandzakpress.net\/arhiva\/prebili-sugradanina-drvenim-palicama\/\",\"url\":\"https:\/\/sandzakpress.net\/arhiva\/prebili-sugradanina-drvenim-palicama\/\",\"name\":\"Prebili sugra\u0111anina drvenim palicama\",\"isPartOf\":{\"@id\":\"https:\/\/sandzakpress.net\/arhiva\/#website\"},\"primaryImageOfPage\":{\"@id\":\"https:\/\/sandzakpress.net\/arhiva\/prebili-sugradanina-drvenim-palicama\/#primaryimage\"},\"image\":{\"@id\":\"https:\/\/sandzakpress.net\/arhiva\/prebili-sugradanina-drvenim-palicama\/#primaryimage\"},\"thumbnailUrl\":\"https:\/\/sandzakpress.net\/arhiva\/wp-content\/uploads\/2012\/03\/thumb.php_1.jpg\",\"datePublished\":\"2012-03-21T14:34:10+00:00\",\"breadcrumb\":{\"@id\":\"https:\/\/sandzakpress.net\/arhiva\/prebili-sugradanina-drvenim-palicama\/#breadcrumb\"},\"inLanguage\":\"bs-BA\",\"potentialAction\":[{\"@type\":\"ReadAction\",\"target\":[\"https:\/\/sandzakpress.net\/arhiva\/prebili-sugradanina-drvenim-palicama\/\"]}]},{\"@type\":\"ImageObject\",\"inLanguage\":\"bs-BA\",\"@id\":\"https:\/\/sandzakpress.net\/arhiva\/prebili-sugradanina-drvenim-palicama\/#primaryimage\",\"url\":\"https:\/\/sandzakpress.net\/arhiva\/wp-content\/uploads\/2012\/03\/thumb.php_1.jpg\",\"contentUrl\":\"https:\/\/sandzakpress.net\/arhiva\/wp-content\/uploads\/2012\/03\/thumb.php_1.jpg\",\"width\":616,\"height\":398},{\"@type\":\"BreadcrumbList\",\"@id\":\"https:\/\/sandzakpress.net\/arhiva\/prebili-sugradanina-drvenim-palicama\/#breadcrumb\",\"itemListElement\":[{\"@type\":\"ListItem\",\"position\":1,\"name\":\"Home\",\"item\":\"https:\/\/sandzakpress.net\/arhiva\/\"},{\"@type\":\"ListItem\",\"position\":2,\"name\":\"Prebili sugra\u0111anina drvenim palicama\"}]},{\"@type\":\"WebSite\",\"@id\":\"https:\/\/sandzakpress.net\/arhiva\/#website\",\"url\":\"https:\/\/sandzakpress.net\/arhiva\/\",\"name\":\"Sand\u017eak PRESS\",\"description\":\"Prve elektronske novine u Sand\u017eaku\",\"publisher\":{\"@id\":\"https:\/\/sandzakpress.net\/arhiva\/#\/schema\/person\/6e72b67d6e51910a1117b3b483ba20bd\"},\"potentialAction\":[{\"@type\":\"SearchAction\",\"target\":{\"@type\":\"EntryPoint\",\"urlTemplate\":\"https:\/\/sandzakpress.net\/arhiva\/?s={search_term_string}\"},\"query-input\":{\"@type\":\"PropertyValueSpecification\",\"valueRequired\":true,\"valueName\":\"search_term_string\"}}],\"inLanguage\":\"bs-BA\"},{\"@type\":[\"Person\",\"Organization\"],\"@id\":\"https:\/\/sandzakpress.net\/arhiva\/#\/schema\/person\/6e72b67d6e51910a1117b3b483ba20bd\",\"name\":\"Kul\",\"image\":{\"@type\":\"ImageObject\",\"inLanguage\":\"bs-BA\",\"@id\":\"https:\/\/sandzakpress.net\/arhiva\/#\/schema\/person\/image\/\",\"url\":\"https:\/\/secure.gravatar.com\/avatar\/42263f39aa27ac04c43cab85c280eb2e?s=96&d=mm&r=pg\",\"contentUrl\":\"https:\/\/secure.gravatar.com\/avatar\/42263f39aa27ac04c43cab85c280eb2e?s=96&d=mm&r=pg\",\"caption\":\"Kul\"},\"logo\":{\"@id\":\"https:\/\/sandzakpress.net\/arhiva\/#\/schema\/person\/image\/\"}},{\"@type\":\"Person\",\"@id\":\"\",\"url\":\"https:\/\/sandzakpress.net\/arhiva\/author\/\"}]}<\/script>\n<!-- \/ Yoast SEO Premium plugin. -->","yoast_head_json":{"title":"Prebili sugra\u0111anina drvenim palicama","robots":{"index":"index","follow":"follow","max-snippet":"max-snippet:-1","max-image-preview":"max-image-preview:large","max-video-preview":"max-video-preview:-1"},"canonical":"https:\/\/sandzakpress.net\/arhiva\/prebili-sugradanina-drvenim-palicama\/","og_locale":"bs_BA","og_type":"article","og_title":"Prebili sugra\u0111anina drvenim palicama","og_description":"Pljevlja &#8211; Policija, u Pljevljima, rasvjetlila krivi\u010dno djelo te\u0161ka tjelesna povreda Slu\u017ebenici Podru\u010dne jedinice Pljevlja su, ju\u010de, li\u0161ili slobode i podnijeli izvje\u0161taj kao dopunu krivi\u010dne prijave protiv E.K. (40) iz Pljevalja i A.G. (24) iz Pljevalja, zbog osnovane sumnje, da su u saizvr\u0161ila\u0161tvu po\u010dinili krivi\u010dno djelo te\u0161ka tjelesna povreda na \u0161tetu njihovog sugra\u0111anina M.\u0160, ka\u017ee [&hellip;]","og_url":"https:\/\/sandzakpress.net\/arhiva\/prebili-sugradanina-drvenim-palicama\/","og_site_name":"Sand\u017eak PRESS","article_published_time":"2012-03-21T14:34:10+00:00","og_image":[{"width":616,"height":398,"url":"https:\/\/sandzakpress.net\/arhiva\/wp-content\/uploads\/2012\/03\/thumb.php_1.jpg","type":"image\/jpeg"}],"twitter_card":"summary_large_image","twitter_misc":{"Written by":"","Est. reading time":"1 minuta"},"schema":{"@context":"https:\/\/schema.org","@graph":[{"@type":"Article","@id":"https:\/\/sandzakpress.net\/arhiva\/prebili-sugradanina-drvenim-palicama\/#article","isPartOf":{"@id":"https:\/\/sandzakpress.net\/arhiva\/prebili-sugradanina-drvenim-palicama\/"},"author":{"name":"","@id":""},"headline":"Prebili sugra\u0111anina drvenim palicama","datePublished":"2012-03-21T14:34:10+00:00","mainEntityOfPage":{"@id":"https:\/\/sandzakpress.net\/arhiva\/prebili-sugradanina-drvenim-palicama\/"},"wordCount":221,"commentCount":0,"publisher":{"@id":"https:\/\/sandzakpress.net\/arhiva\/#\/schema\/person\/6e72b67d6e51910a1117b3b483ba20bd"},"image":{"@id":"https:\/\/sandzakpress.net\/arhiva\/prebili-sugradanina-drvenim-palicama\/#primaryimage"},"thumbnailUrl":"https:\/\/sandzakpress.net\/arhiva\/wp-content\/uploads\/2012\/03\/thumb.php_1.jpg","articleSection":["Pljevlja","Hronika"],"inLanguage":"bs-BA","potentialAction":[{"@type":"CommentAction","name":"Comment","target":["https:\/\/sandzakpress.net\/arhiva\/prebili-sugradanina-drvenim-palicama\/#respond"]}]},{"@type":"WebPage","@id":"https:\/\/sandzakpress.net\/arhiva\/prebili-sugradanina-drvenim-palicama\/","url":"https:\/\/sandzakpress.net\/arhiva\/prebili-sugradanina-drvenim-palicama\/","name":"Prebili sugra\u0111anina drvenim palicama","isPartOf":{"@id":"https:\/\/sandzakpress.net\/arhiva\/#website"},"primaryImageOfPage":{"@id":"https:\/\/sandzakpress.net\/arhiva\/prebili-sugradanina-drvenim-palicama\/#primaryimage"},"image":{"@id":"https:\/\/sandzakpress.net\/arhiva\/prebili-sugradanina-drvenim-palicama\/#primaryimage"},"thumbnailUrl":"https:\/\/sandzakpress.net\/arhiva\/wp-content\/uploads\/2012\/03\/thumb.php_1.jpg","datePublished":"2012-03-21T14:34:10+00:00","breadcrumb":{"@id":"https:\/\/sandzakpress.net\/arhiva\/prebili-sugradanina-drvenim-palicama\/#breadcrumb"},"inLanguage":"bs-BA","potentialAction":[{"@type":"ReadAction","target":["https:\/\/sandzakpress.net\/arhiva\/prebili-sugradanina-drvenim-palicama\/"]}]},{"@type":"ImageObject","inLanguage":"bs-BA","@id":"https:\/\/sandzakpress.net\/arhiva\/prebili-sugradanina-drvenim-palicama\/#primaryimage","url":"https:\/\/sandzakpress.net\/arhiva\/wp-content\/uploads\/2012\/03\/thumb.php_1.jpg","contentUrl":"https:\/\/sandzakpress.net\/arhiva\/wp-content\/uploads\/2012\/03\/thumb.php_1.jpg","width":616,"height":398},{"@type":"BreadcrumbList","@id":"https:\/\/sandzakpress.net\/arhiva\/prebili-sugradanina-drvenim-palicama\/#breadcrumb","itemListElement":[{"@type":"ListItem","position":1,"name":"Home","item":"https:\/\/sandzakpress.net\/arhiva\/"},{"@type":"ListItem","position":2,"name":"Prebili sugra\u0111anina drvenim palicama"}]},{"@type":"WebSite","@id":"https:\/\/sandzakpress.net\/arhiva\/#website","url":"https:\/\/sandzakpress.net\/arhiva\/","name":"Sand\u017eak PRESS","description":"Prve elektronske novine u Sand\u017eaku","publisher":{"@id":"https:\/\/sandzakpress.net\/arhiva\/#\/schema\/person\/6e72b67d6e51910a1117b3b483ba20bd"},"potentialAction":[{"@type":"SearchAction","target":{"@type":"EntryPoint","urlTemplate":"https:\/\/sandzakpress.net\/arhiva\/?s={search_term_string}"},"query-input":{"@type":"PropertyValueSpecification","valueRequired":true,"valueName":"search_term_string"}}],"inLanguage":"bs-BA"},{"@type":["Person","Organization"],"@id":"https:\/\/sandzakpress.net\/arhiva\/#\/schema\/person\/6e72b67d6e51910a1117b3b483ba20bd","name":"Kul","image":{"@type":"ImageObject","inLanguage":"bs-BA","@id":"https:\/\/sandzakpress.net\/arhiva\/#\/schema\/person\/image\/","url":"https:\/\/secure.gravatar.com\/avatar\/42263f39aa27ac04c43cab85c280eb2e?s=96&d=mm&r=pg","contentUrl":"https:\/\/secure.gravatar.com\/avatar\/42263f39aa27ac04c43cab85c280eb2e?s=96&d=mm&r=pg","caption":"Kul"},"logo":{"@id":"https:\/\/sandzakpress.net\/arhiva\/#\/schema\/person\/image\/"}},{"@type":"Person","@id":"","url":"https:\/\/sandzakpress.net\/arhiva\/author\/"}]}},"_links":{"self":[{"href":"https:\/\/sandzakpress.net\/arhiva\/wp-json\/wp\/v2\/posts\/34931"}],"collection":[{"href":"https:\/\/sandzakpress.net\/arhiva\/wp-json\/wp\/v2\/posts"}],"about":[{"href":"https:\/\/sandzakpress.net\/arhiva\/wp-json\/wp\/v2\/types\/post"}],"author":[{"embeddable":true,"href":"https:\/\/sandzakpress.net\/arhiva\/wp-json\/wp\/v2\/users\/13"}],"replies":[{"embeddable":true,"href":"https:\/\/sandzakpress.net\/arhiva\/wp-json\/wp\/v2\/comments?post=34931"}],"version-history":[{"count":0,"href":"https:\/\/sandzakpress.net\/arhiva\/wp-json\/wp\/v2\/posts\/34931\/revisions"}],"wp:featuredmedia":[{"embeddable":true,"href":"https:\/\/sandzakpress.net\/arhiva\/wp-json\/wp\/v2\/media\/34932"}],"wp:attachment":[{"href":"https:\/\/sandzakpress.net\/arhiva\/wp-json\/wp\/v2\/media?parent=34931"}],"wp:term":[{"taxonomy":"category","embeddable":true,"href":"https:\/\/sandzakpress.net\/arhiva\/wp-json\/wp\/v2\/categories?post=34931"},{"taxonomy":"post_tag","embeddable":true,"href":"https:\/\/sandzakpress.net\/arhiva\/wp-json\/wp\/v2\/tags?post=34931"}],"curies":[{"name":"wp","href":"https:\/\/api.w.org\/{rel}","templated":true}]}}