{"id":34814,"date":"2012-03-20T17:22:40","date_gmt":"2012-03-20T16:22:40","guid":{"rendered":"https:\/\/sandzakpress.net\/arhiva\/?p=34814"},"modified":"2012-07-14T20:35:42","modified_gmt":"2012-07-14T18:35:42","slug":"osnovan-bkz-luxemburg","status":"publish","type":"post","link":"https:\/\/sandzakpress.net\/arhiva\/osnovan-bkz-luxemburg\/","title":{"rendered":"Osnovan BKZ Luxemburg"},"content":{"rendered":"<p><strong><a href=\"https:\/\/sandzakpress.net\/arhiva\/wp-content\/uploads\/2012\/03\/01-4.jpg\"><img loading=\"lazy\" decoding=\"async\" class=\"alignleft size-medium wp-image-34815\" title=\"01-4\" src=\"https:\/\/sandzakpress.net\/arhiva\/wp-content\/uploads\/2012\/03\/01-4-300x199.jpg\" alt=\"\" width=\"300\" height=\"199\" \/><\/a>Evropa &#8211; Obra\u0107anje predsjednika Bo\u0161nja\u010dke kulturne zajednice u Luksemburgu (BKZL) Faruka Li\u010dine na Promotivnoj skup\u0161tini u Luksemburgu, 17. marta 2012. prenosimo u cjelosti.<\/strong><\/p>\n<p>Eselamu alejkum, dobro ve\u010de i dobro do\u0161li na Promotivnu skup\u0161tinu BKZ Luksemburga.<\/p>\n<p>Svima se najiskrenije zahvaljujem na podr\u0161ci koju iskazujete va\u0161im prisustvom u ovolikom broju.<\/p>\n<p>\u017delim se tako\u0111er zahvaliti predstavnicima CLAE-a, organizatoru 29. Festivala Migracija, Kulture i Gra\u0111anstva, koji su sa zadovoljstvom omogu\u0107ili da ovaj na\u0161 skup kao i na\u0161i musafiri, obogate kulturni program festivala.<\/p>\n<p>Obaveza mi je tako\u0111er da se zahvalim mojim najbliskijim saradnicima, inicijativnom odboru BKZ-Luksemburg, na iskazanom povjerenju, i na emanetu koji su mi dali, ako se za emanet uop\u0161te i mo\u017ee zahvaljivat.<\/p>\n<p>Sa zadovoljstvom \u0107u vam predstaviti ostale \u010dlanove odbora BKZ Luksemburg:<\/p>\n<ul>\n<li>Mersad Dragolov\u010danin, potpredsjednik,<\/li>\n<li>Muhamed \u0106eman, sekretar<\/li>\n<li>Erand Agovi\u0107, blagajnik<\/li>\n<\/ul>\n<p>kao i ostale \u010dlanove:<\/p>\n<ul>\n<li>moderator, Mehdija \u010celebi\u0107<\/li>\n<li>Ernad Rastoder<\/li>\n<li>Enver \u0160utkovi\u0107<\/li>\n<li>Asmir Bihorac<\/li>\n<li>i na\u0161eg snimatelja i re\u017eisera, Jasmina Mulahusi\u0107a,<\/li>\n<\/ul>\n<p>Moram napomenut i svu drugu gospodu, koja je u\u010destvovala na osnivanju BKZ- Lux, gospodu: Sulejman Ali\u010dkovi\u0107, Edin Tali\u0107, Enes Kari\u0161ik, Sabahudin Selimovi\u0107 i D\u017eemail Ademovi\u0107.<\/p>\n<p>Da nebih oduljio citiranjem na\u0161ih ciljeva koji su statutom definisani i koji su uskla\u0111eni sa statutom BKZ matice u Novom Pazaru, re\u0107i \u0107u u par rije\u010di \u0161ta nas je podstaklo na osnivanje BKZ u Luksemburgu.<\/p>\n<p><strong>Za\u0161to BKZ u Luksemburgu<\/strong><\/p>\n<p>Najprije \u017eelja da se priklju\u010dimo sand\u017ea\u010dkom pokretu, da ih podr\u017eimo na putu povratka autonomije Sand\u017eaka kao prekograni\u010dne regije, s\u2019ciljem ostvarenja ravnopravnosti Bo\u0161njaka u tom regionu.<\/p>\n<p>S\u2019druge strane prepoznali smo va\u017enost povezivanja Bo\u0161njaka koji \u017eive u raznim dr\u017eavama, po\u010dev od na\u0161e matice Bosne i Hercegovine, te u ju\u017enom i sjevernom Sand\u017eaku, \u0161ire u Crnoj Gori i Srbiji, Makedoniji, Kosovu , Hrvatskoj, te u dijaspori.<\/p>\n<p>Ovo se itekako odra\u017eava na strukturu odbora BKZ u Luksemburgu, \u010diji \u010dlanovi dolaze iz Bosne, ju\u017enog i sjevernog Sand\u017eaka, Makedonije, te Kosova, a dijaspora je zahva\u0107ena jednim \u010dlanom koji je ro\u0111en u Luksemburgu.<\/p>\n<p>Naime, broj Bo\u0161njaka koji \u017eive u Luksemburgu se procjenjuje od 15.000 pa na vi\u0161e, \u0161to \u010dini najmanje 3% od ukupnog Luksembur\u0161kog stanovni\u0161tva.<\/p>\n<p>Jedan od ciljeva BKZ u Luksemburgu jeste o\u010duvanje i afirmisanje bo\u0161njacke kulture i bo\u0161nja\u010dkog identiteta.<\/p>\n<p><strong>Bo\u0161njaci u Luksemburgu dolazili u tri navrata<\/strong><\/p>\n<p>Prvi Bo\u0161njaci dolaze u Luksemburg 70-tih godina pro\u0161log vijeka. Te prve generacije dolaze na privremenom radu u skladu dogovora o radnoj snazi izme\u0111u Luksemburga i Jugoslavije. Me\u0111utim oni ovdje ostaju i do dan danas.<\/p>\n<p>Drugi talas dolaska Bo\u0161njaka u Luksemburg po\u010dinje od 1990. godine, izbijanjem rata u biv\u0161oj Jugoslaviji, gdje Bo\u0161njaci tra\u017ee uto\u010di\u0161te. Dok jedni dolaze prognati ratom sa podru\u010dja Bosne i Hercegovine, drugi dolaze jer bje\u017ee od organizovane dr\u017eavne torture nad Bo\u0161njacima sa podru\u010dja Sand\u017eaka i \u0161ire.<\/p>\n<p>Tre\u0107i val Bo\u0161njaka dolazi po\u010detkom 21. vijeka, trbuhom za kruhom iz Sand\u017eaka zbog, ovoga puta, demokratskog protjerivanja. Ti ljudi su bili primorani napustiti svoja ognji\u0161ta zbog ekonomski ugu\u0161enih sredina. Bez nikakve perspektive za dalji \u017eivot Bo\u0161njaci dolaze u Luksemburg da zarade kruh za svoju porodicu.<\/p>\n<p>Paralelno, zbog rata na Kosovu, Bo\u0161njaci tako\u0111er i iz te zemlje dolaze tra\u017eit uto\u010di\u0161te u Luksemburg.<\/p>\n<p>Mo\u017ee se re\u0107i da su se Bo\u0161njaci uspjeli vrlo dobro integrirati u luksembur\u0161kom dru\u0161tvu. Lahko su se prilagodili novom okru\u017eenju, a bez da zapostave svoje korijenje i tradiciju. Danas imamo veliki broj Bo\u0161njaka biznismena, kao i onih mla\u0111ih, koji su zavr\u0161ili ili zavr\u0161avaju studije na presti\u017enim evropskim fakultetima. Danas ima Bo\u0161njaka koji rade u raznim dr\u017eavnim institucijama.<\/p>\n<p>Bo\u0161njaci Luksemburga su se najprije organizirali na vjerskom nivou osnivaju\u0107i d\u017eemate.<\/p>\n<p>Me\u0111utim na kulturnom nivou, tu su zaostali. Danas se veliki broj Bo\u0161njaka identifikuje kao Crnogorci ili Muslimani, sa veliko M. Slave i uzidi\u017eu tu\u0111e ignoriraju\u0107i svoj Bo\u0161nja\u010dki identitet. Radi se upravo o onim ljudima koji nisu nacionalno osvije\u0161teni. Ali ima i onih u kojima i dalje \u017eivi strah kojeg su do\u017eivjeli zadnjih decenija pro\u0161log vijeka, pa da ne bi imali lo\u0161ih posljedica prilikom putovanja u Crnoj Gori, ne bi da se slu\u010dajno zamjere nekom Srbinu ili Crnogorcu, i ako je danas nepoznato da je itko bio maltretiran u zadnjem periodu zbog toga \u0161to se izja\u0161njava kao Bo\u0161njak.<\/p>\n<p>Ona kap sto je izlila vodu iz vazne je \u010dinjenica da je jedan dobar broj Bo\u0161njaka na zadnjim op\u0107inskim izborima u Luksemburgu podr\u017eao osobu koja javno negira genocid u Srebrenici. Jo\u0161 \u017ealosnije jeste to da se toj istoj osobi davalo prostora da djeluje na bo\u0161nja\u010dkim sijelima i fe\u0161tama. Ova \u010dinjenica je dovoljan dokaz da i dalje ima Bo\u0161njaka koji jo\u0161 nisu svjesni historije koja ih je zadesila i da je vi\u0161e nego kasno da se priklju\u010dimo BKZ pokretu i sa\u010duvamo sebe od modernog genocida.<\/p>\n<p>BKZ u Luksemburgu je ve\u0107 realizirala dva projekta u tom smjeru. Naime ve\u010deras \u0107ete biti u prilici vidjeti isje\u010dak filma \u201cVjeronauka\u201d i \u010duti par sevdalinki. Tako\u0111er ve\u010deras smo vam obezbijedili \u201cBo\u0161nja\u010dki nacionalni kalendar\u201d, kao i reviju Sand\u017eak.<\/p>\n<p>Najnovije jeste to, da \u0107e BKZ u Luksemburgu, organizirat putovanje do Sand\u017eaka povodom predstoje\u0107ih op\u0161tinskih izbora u Srbiji, zakazanih za 6 maj ove godine. Od danas apelujemo na sve Bo\u0161njake koji su prijavljeni u sjevernom Sand\u017eaku, da uzmu odmor 7. i 8. maja, te da nam se priklju\u010de tom odazivu da podr\u017eimo sand\u017ea\u010dku opciju, i ve\u0107 jednom zauvijek stanemo na kraj beogradskoj opciji.<\/p>\n<p><strong>Sarajevo \u2013 srce, Novi Pazar \u2013 plu\u0107a<\/strong><\/p>\n<p>I na kraju, neko jednom re\u010de da svaka osoba zasniva svoj identitet na ime, prezime i nadimak. U tom kontekstu nama Bo\u0161njacima Bosna i Hercegovina je ime, Sand\u017eak prezime a dijaspora nadimak.<\/p>\n<p>Ja bih se na ovo nadovezao: Da bi jedno tijelo zdravo funkcionisalo, mora u najmanje imati zdravo srce i zdrava plu\u0107a. Bo\u0161nja\u010dkom srce je Sarajevo gde je na\u0161 duhovni i kulturni centar, Novi Pazar su nam plu\u0107a, odakle nam dolazi sloboda disanja, a mi u dijaspori \u0107emo doprinijeti Bo\u0161nja\u010dkom tijelu onoliko dobra koliko uspijemo da se pozitivno integri\u0161emo u dru\u0161tvo gde \u017eivimo, a sa\u010duvamo sebe od asimilacije.<\/p>\n<p>A ako bi se neko pitao sta je mozak Bo\u0161nja\u010dkom tijelu? Bez dvoumljenja, to je \u010dasni Kur\u2019an i sunnet na\u0161eg poslanika Muhammeda s.a.v.s., neka selevat i mir na njega i njegovu porodicu.<\/p>\n<p>Izvor: <strong>BKZ.rs<\/strong><\/p>\n","protected":false},"excerpt":{"rendered":"<p>Evropa &#8211; Obra\u0107anje predsjednika Bo\u0161nja\u010dke kulturne zajednice u Luksemburgu (BKZL) Faruka Li\u010dine na Promotivnoj skup\u0161tini u Luksemburgu, 17. marta 2012. prenosimo u cjelosti. Eselamu alejkum, dobro ve\u010de i dobro do\u0161li na Promotivnu skup\u0161tinu BKZ Luksemburga. Svima se najiskrenije zahvaljujem na podr\u0161ci koju iskazujete va\u0161im prisustvom u ovolikom broju. \u017delim se tako\u0111er zahvaliti predstavnicima CLAE-a, organizatoru [&hellip;]<\/p>\n","protected":false},"author":83,"featured_media":34815,"comment_status":"open","ping_status":"open","sticky":false,"template":"","format":"standard","meta":{"footnotes":""},"categories":[800,9549,2693],"tags":[],"class_list":{"0":"post-34814","1":"post","2":"type-post","3":"status-publish","4":"format-standard","5":"has-post-thumbnail","7":"category-nacija","8":"category-luxemburg","9":"category-dijaspora-gradovi"},"yoast_head":"<!-- This site is optimized with the Yoast SEO Premium plugin v23.1 (Yoast SEO v24.9) - https:\/\/yoast.com\/wordpress\/plugins\/seo\/ -->\n<title>Osnovan BKZ Luxemburg<\/title>\n<meta name=\"robots\" content=\"index, follow, max-snippet:-1, max-image-preview:large, max-video-preview:-1\" \/>\n<link rel=\"canonical\" href=\"https:\/\/sandzakpress.net\/arhiva\/osnovan-bkz-luxemburg\/\" \/>\n<meta property=\"og:locale\" content=\"bs_BA\" \/>\n<meta property=\"og:type\" content=\"article\" \/>\n<meta property=\"og:title\" content=\"Osnovan BKZ Luxemburg\" \/>\n<meta property=\"og:description\" content=\"Evropa &#8211; Obra\u0107anje predsjednika Bo\u0161nja\u010dke kulturne zajednice u Luksemburgu (BKZL) Faruka Li\u010dine na Promotivnoj skup\u0161tini u Luksemburgu, 17. marta 2012. prenosimo u cjelosti. Eselamu alejkum, dobro ve\u010de i dobro do\u0161li na Promotivnu skup\u0161tinu BKZ Luksemburga. Svima se najiskrenije zahvaljujem na podr\u0161ci koju iskazujete va\u0161im prisustvom u ovolikom broju. \u017delim se tako\u0111er zahvaliti predstavnicima CLAE-a, organizatoru [&hellip;]\" \/>\n<meta property=\"og:url\" content=\"https:\/\/sandzakpress.net\/arhiva\/osnovan-bkz-luxemburg\/\" \/>\n<meta property=\"og:site_name\" content=\"Sand\u017eak PRESS\" \/>\n<meta property=\"article:published_time\" content=\"2012-03-20T16:22:40+00:00\" \/>\n<meta property=\"article:modified_time\" content=\"2012-07-14T18:35:42+00:00\" \/>\n<meta property=\"og:image\" content=\"https:\/\/sandzakpress.net\/arhiva\/wp-content\/uploads\/2012\/03\/01-4.jpg\" \/>\n\t<meta property=\"og:image:width\" content=\"616\" \/>\n\t<meta property=\"og:image:height\" content=\"410\" \/>\n\t<meta property=\"og:image:type\" content=\"image\/jpeg\" \/>\n<meta name=\"author\" content=\"bosniak\" \/>\n<meta name=\"twitter:card\" content=\"summary_large_image\" \/>\n<meta name=\"twitter:label1\" content=\"Written by\" \/>\n\t<meta name=\"twitter:data1\" content=\"bosniak\" \/>\n\t<meta name=\"twitter:label2\" content=\"Est. reading time\" \/>\n\t<meta name=\"twitter:data2\" content=\"6 minuta\" \/>\n<script type=\"application\/ld+json\" class=\"yoast-schema-graph\">{\"@context\":\"https:\/\/schema.org\",\"@graph\":[{\"@type\":\"Article\",\"@id\":\"https:\/\/sandzakpress.net\/arhiva\/osnovan-bkz-luxemburg\/#article\",\"isPartOf\":{\"@id\":\"https:\/\/sandzakpress.net\/arhiva\/osnovan-bkz-luxemburg\/\"},\"author\":{\"name\":\"bosniak\",\"@id\":\"https:\/\/sandzakpress.net\/arhiva\/#\/schema\/person\/c8baee722073534b583ea7bdb2e36c02\"},\"headline\":\"Osnovan BKZ Luxemburg\",\"datePublished\":\"2012-03-20T16:22:40+00:00\",\"dateModified\":\"2012-07-14T18:35:42+00:00\",\"mainEntityOfPage\":{\"@id\":\"https:\/\/sandzakpress.net\/arhiva\/osnovan-bkz-luxemburg\/\"},\"wordCount\":1136,\"commentCount\":2,\"publisher\":{\"@id\":\"https:\/\/sandzakpress.net\/arhiva\/#\/schema\/person\/6e72b67d6e51910a1117b3b483ba20bd\"},\"image\":{\"@id\":\"https:\/\/sandzakpress.net\/arhiva\/osnovan-bkz-luxemburg\/#primaryimage\"},\"thumbnailUrl\":\"https:\/\/sandzakpress.net\/arhiva\/wp-content\/uploads\/2012\/03\/01-4.jpg\",\"articleSection\":[\"Nacija\",\"Luksemburg\",\"Evropa\"],\"inLanguage\":\"bs-BA\",\"potentialAction\":[{\"@type\":\"CommentAction\",\"name\":\"Comment\",\"target\":[\"https:\/\/sandzakpress.net\/arhiva\/osnovan-bkz-luxemburg\/#respond\"]}]},{\"@type\":\"WebPage\",\"@id\":\"https:\/\/sandzakpress.net\/arhiva\/osnovan-bkz-luxemburg\/\",\"url\":\"https:\/\/sandzakpress.net\/arhiva\/osnovan-bkz-luxemburg\/\",\"name\":\"Osnovan BKZ Luxemburg\",\"isPartOf\":{\"@id\":\"https:\/\/sandzakpress.net\/arhiva\/#website\"},\"primaryImageOfPage\":{\"@id\":\"https:\/\/sandzakpress.net\/arhiva\/osnovan-bkz-luxemburg\/#primaryimage\"},\"image\":{\"@id\":\"https:\/\/sandzakpress.net\/arhiva\/osnovan-bkz-luxemburg\/#primaryimage\"},\"thumbnailUrl\":\"https:\/\/sandzakpress.net\/arhiva\/wp-content\/uploads\/2012\/03\/01-4.jpg\",\"datePublished\":\"2012-03-20T16:22:40+00:00\",\"dateModified\":\"2012-07-14T18:35:42+00:00\",\"breadcrumb\":{\"@id\":\"https:\/\/sandzakpress.net\/arhiva\/osnovan-bkz-luxemburg\/#breadcrumb\"},\"inLanguage\":\"bs-BA\",\"potentialAction\":[{\"@type\":\"ReadAction\",\"target\":[\"https:\/\/sandzakpress.net\/arhiva\/osnovan-bkz-luxemburg\/\"]}]},{\"@type\":\"ImageObject\",\"inLanguage\":\"bs-BA\",\"@id\":\"https:\/\/sandzakpress.net\/arhiva\/osnovan-bkz-luxemburg\/#primaryimage\",\"url\":\"https:\/\/sandzakpress.net\/arhiva\/wp-content\/uploads\/2012\/03\/01-4.jpg\",\"contentUrl\":\"https:\/\/sandzakpress.net\/arhiva\/wp-content\/uploads\/2012\/03\/01-4.jpg\",\"width\":616,\"height\":410},{\"@type\":\"BreadcrumbList\",\"@id\":\"https:\/\/sandzakpress.net\/arhiva\/osnovan-bkz-luxemburg\/#breadcrumb\",\"itemListElement\":[{\"@type\":\"ListItem\",\"position\":1,\"name\":\"Home\",\"item\":\"https:\/\/sandzakpress.net\/arhiva\/\"},{\"@type\":\"ListItem\",\"position\":2,\"name\":\"Osnovan BKZ Luxemburg\"}]},{\"@type\":\"WebSite\",\"@id\":\"https:\/\/sandzakpress.net\/arhiva\/#website\",\"url\":\"https:\/\/sandzakpress.net\/arhiva\/\",\"name\":\"Sand\u017eak PRESS\",\"description\":\"Prve elektronske novine u Sand\u017eaku\",\"publisher\":{\"@id\":\"https:\/\/sandzakpress.net\/arhiva\/#\/schema\/person\/6e72b67d6e51910a1117b3b483ba20bd\"},\"potentialAction\":[{\"@type\":\"SearchAction\",\"target\":{\"@type\":\"EntryPoint\",\"urlTemplate\":\"https:\/\/sandzakpress.net\/arhiva\/?s={search_term_string}\"},\"query-input\":{\"@type\":\"PropertyValueSpecification\",\"valueRequired\":true,\"valueName\":\"search_term_string\"}}],\"inLanguage\":\"bs-BA\"},{\"@type\":[\"Person\",\"Organization\"],\"@id\":\"https:\/\/sandzakpress.net\/arhiva\/#\/schema\/person\/6e72b67d6e51910a1117b3b483ba20bd\",\"name\":\"Kul\",\"image\":{\"@type\":\"ImageObject\",\"inLanguage\":\"bs-BA\",\"@id\":\"https:\/\/sandzakpress.net\/arhiva\/#\/schema\/person\/image\/\",\"url\":\"https:\/\/secure.gravatar.com\/avatar\/42263f39aa27ac04c43cab85c280eb2e?s=96&d=mm&r=pg\",\"contentUrl\":\"https:\/\/secure.gravatar.com\/avatar\/42263f39aa27ac04c43cab85c280eb2e?s=96&d=mm&r=pg\",\"caption\":\"Kul\"},\"logo\":{\"@id\":\"https:\/\/sandzakpress.net\/arhiva\/#\/schema\/person\/image\/\"}},{\"@type\":\"Person\",\"@id\":\"https:\/\/sandzakpress.net\/arhiva\/#\/schema\/person\/c8baee722073534b583ea7bdb2e36c02\",\"name\":\"bosniak\",\"image\":{\"@type\":\"ImageObject\",\"inLanguage\":\"bs-BA\",\"@id\":\"https:\/\/sandzakpress.net\/arhiva\/#\/schema\/person\/image\/\",\"url\":\"https:\/\/secure.gravatar.com\/avatar\/a04fd330bfe3a36a72a0ad4a6d89fca7?s=96&d=mm&r=pg\",\"contentUrl\":\"https:\/\/secure.gravatar.com\/avatar\/a04fd330bfe3a36a72a0ad4a6d89fca7?s=96&d=mm&r=pg\",\"caption\":\"bosniak\"},\"url\":\"https:\/\/sandzakpress.net\/arhiva\/author\/bosniak\/\"}]}<\/script>\n<!-- \/ Yoast SEO Premium plugin. -->","yoast_head_json":{"title":"Osnovan BKZ Luxemburg","robots":{"index":"index","follow":"follow","max-snippet":"max-snippet:-1","max-image-preview":"max-image-preview:large","max-video-preview":"max-video-preview:-1"},"canonical":"https:\/\/sandzakpress.net\/arhiva\/osnovan-bkz-luxemburg\/","og_locale":"bs_BA","og_type":"article","og_title":"Osnovan BKZ Luxemburg","og_description":"Evropa &#8211; Obra\u0107anje predsjednika Bo\u0161nja\u010dke kulturne zajednice u Luksemburgu (BKZL) Faruka Li\u010dine na Promotivnoj skup\u0161tini u Luksemburgu, 17. marta 2012. prenosimo u cjelosti. Eselamu alejkum, dobro ve\u010de i dobro do\u0161li na Promotivnu skup\u0161tinu BKZ Luksemburga. Svima se najiskrenije zahvaljujem na podr\u0161ci koju iskazujete va\u0161im prisustvom u ovolikom broju. \u017delim se tako\u0111er zahvaliti predstavnicima CLAE-a, organizatoru [&hellip;]","og_url":"https:\/\/sandzakpress.net\/arhiva\/osnovan-bkz-luxemburg\/","og_site_name":"Sand\u017eak PRESS","article_published_time":"2012-03-20T16:22:40+00:00","article_modified_time":"2012-07-14T18:35:42+00:00","og_image":[{"width":616,"height":410,"url":"https:\/\/sandzakpress.net\/arhiva\/wp-content\/uploads\/2012\/03\/01-4.jpg","type":"image\/jpeg"}],"author":"bosniak","twitter_card":"summary_large_image","twitter_misc":{"Written by":"bosniak","Est. reading time":"6 minuta"},"schema":{"@context":"https:\/\/schema.org","@graph":[{"@type":"Article","@id":"https:\/\/sandzakpress.net\/arhiva\/osnovan-bkz-luxemburg\/#article","isPartOf":{"@id":"https:\/\/sandzakpress.net\/arhiva\/osnovan-bkz-luxemburg\/"},"author":{"name":"bosniak","@id":"https:\/\/sandzakpress.net\/arhiva\/#\/schema\/person\/c8baee722073534b583ea7bdb2e36c02"},"headline":"Osnovan BKZ Luxemburg","datePublished":"2012-03-20T16:22:40+00:00","dateModified":"2012-07-14T18:35:42+00:00","mainEntityOfPage":{"@id":"https:\/\/sandzakpress.net\/arhiva\/osnovan-bkz-luxemburg\/"},"wordCount":1136,"commentCount":2,"publisher":{"@id":"https:\/\/sandzakpress.net\/arhiva\/#\/schema\/person\/6e72b67d6e51910a1117b3b483ba20bd"},"image":{"@id":"https:\/\/sandzakpress.net\/arhiva\/osnovan-bkz-luxemburg\/#primaryimage"},"thumbnailUrl":"https:\/\/sandzakpress.net\/arhiva\/wp-content\/uploads\/2012\/03\/01-4.jpg","articleSection":["Nacija","Luksemburg","Evropa"],"inLanguage":"bs-BA","potentialAction":[{"@type":"CommentAction","name":"Comment","target":["https:\/\/sandzakpress.net\/arhiva\/osnovan-bkz-luxemburg\/#respond"]}]},{"@type":"WebPage","@id":"https:\/\/sandzakpress.net\/arhiva\/osnovan-bkz-luxemburg\/","url":"https:\/\/sandzakpress.net\/arhiva\/osnovan-bkz-luxemburg\/","name":"Osnovan BKZ Luxemburg","isPartOf":{"@id":"https:\/\/sandzakpress.net\/arhiva\/#website"},"primaryImageOfPage":{"@id":"https:\/\/sandzakpress.net\/arhiva\/osnovan-bkz-luxemburg\/#primaryimage"},"image":{"@id":"https:\/\/sandzakpress.net\/arhiva\/osnovan-bkz-luxemburg\/#primaryimage"},"thumbnailUrl":"https:\/\/sandzakpress.net\/arhiva\/wp-content\/uploads\/2012\/03\/01-4.jpg","datePublished":"2012-03-20T16:22:40+00:00","dateModified":"2012-07-14T18:35:42+00:00","breadcrumb":{"@id":"https:\/\/sandzakpress.net\/arhiva\/osnovan-bkz-luxemburg\/#breadcrumb"},"inLanguage":"bs-BA","potentialAction":[{"@type":"ReadAction","target":["https:\/\/sandzakpress.net\/arhiva\/osnovan-bkz-luxemburg\/"]}]},{"@type":"ImageObject","inLanguage":"bs-BA","@id":"https:\/\/sandzakpress.net\/arhiva\/osnovan-bkz-luxemburg\/#primaryimage","url":"https:\/\/sandzakpress.net\/arhiva\/wp-content\/uploads\/2012\/03\/01-4.jpg","contentUrl":"https:\/\/sandzakpress.net\/arhiva\/wp-content\/uploads\/2012\/03\/01-4.jpg","width":616,"height":410},{"@type":"BreadcrumbList","@id":"https:\/\/sandzakpress.net\/arhiva\/osnovan-bkz-luxemburg\/#breadcrumb","itemListElement":[{"@type":"ListItem","position":1,"name":"Home","item":"https:\/\/sandzakpress.net\/arhiva\/"},{"@type":"ListItem","position":2,"name":"Osnovan BKZ Luxemburg"}]},{"@type":"WebSite","@id":"https:\/\/sandzakpress.net\/arhiva\/#website","url":"https:\/\/sandzakpress.net\/arhiva\/","name":"Sand\u017eak PRESS","description":"Prve elektronske novine u Sand\u017eaku","publisher":{"@id":"https:\/\/sandzakpress.net\/arhiva\/#\/schema\/person\/6e72b67d6e51910a1117b3b483ba20bd"},"potentialAction":[{"@type":"SearchAction","target":{"@type":"EntryPoint","urlTemplate":"https:\/\/sandzakpress.net\/arhiva\/?s={search_term_string}"},"query-input":{"@type":"PropertyValueSpecification","valueRequired":true,"valueName":"search_term_string"}}],"inLanguage":"bs-BA"},{"@type":["Person","Organization"],"@id":"https:\/\/sandzakpress.net\/arhiva\/#\/schema\/person\/6e72b67d6e51910a1117b3b483ba20bd","name":"Kul","image":{"@type":"ImageObject","inLanguage":"bs-BA","@id":"https:\/\/sandzakpress.net\/arhiva\/#\/schema\/person\/image\/","url":"https:\/\/secure.gravatar.com\/avatar\/42263f39aa27ac04c43cab85c280eb2e?s=96&d=mm&r=pg","contentUrl":"https:\/\/secure.gravatar.com\/avatar\/42263f39aa27ac04c43cab85c280eb2e?s=96&d=mm&r=pg","caption":"Kul"},"logo":{"@id":"https:\/\/sandzakpress.net\/arhiva\/#\/schema\/person\/image\/"}},{"@type":"Person","@id":"https:\/\/sandzakpress.net\/arhiva\/#\/schema\/person\/c8baee722073534b583ea7bdb2e36c02","name":"bosniak","image":{"@type":"ImageObject","inLanguage":"bs-BA","@id":"https:\/\/sandzakpress.net\/arhiva\/#\/schema\/person\/image\/","url":"https:\/\/secure.gravatar.com\/avatar\/a04fd330bfe3a36a72a0ad4a6d89fca7?s=96&d=mm&r=pg","contentUrl":"https:\/\/secure.gravatar.com\/avatar\/a04fd330bfe3a36a72a0ad4a6d89fca7?s=96&d=mm&r=pg","caption":"bosniak"},"url":"https:\/\/sandzakpress.net\/arhiva\/author\/bosniak\/"}]}},"_links":{"self":[{"href":"https:\/\/sandzakpress.net\/arhiva\/wp-json\/wp\/v2\/posts\/34814"}],"collection":[{"href":"https:\/\/sandzakpress.net\/arhiva\/wp-json\/wp\/v2\/posts"}],"about":[{"href":"https:\/\/sandzakpress.net\/arhiva\/wp-json\/wp\/v2\/types\/post"}],"author":[{"embeddable":true,"href":"https:\/\/sandzakpress.net\/arhiva\/wp-json\/wp\/v2\/users\/83"}],"replies":[{"embeddable":true,"href":"https:\/\/sandzakpress.net\/arhiva\/wp-json\/wp\/v2\/comments?post=34814"}],"version-history":[{"count":0,"href":"https:\/\/sandzakpress.net\/arhiva\/wp-json\/wp\/v2\/posts\/34814\/revisions"}],"wp:featuredmedia":[{"embeddable":true,"href":"https:\/\/sandzakpress.net\/arhiva\/wp-json\/wp\/v2\/media\/34815"}],"wp:attachment":[{"href":"https:\/\/sandzakpress.net\/arhiva\/wp-json\/wp\/v2\/media?parent=34814"}],"wp:term":[{"taxonomy":"category","embeddable":true,"href":"https:\/\/sandzakpress.net\/arhiva\/wp-json\/wp\/v2\/categories?post=34814"},{"taxonomy":"post_tag","embeddable":true,"href":"https:\/\/sandzakpress.net\/arhiva\/wp-json\/wp\/v2\/tags?post=34814"}],"curies":[{"name":"wp","href":"https:\/\/api.w.org\/{rel}","templated":true}]}}