{"id":34713,"date":"2012-03-20T12:48:04","date_gmt":"2012-03-20T11:48:04","guid":{"rendered":"https:\/\/sandzakpress.net\/arhiva\/?p=34713"},"modified":"2012-03-20T12:48:22","modified_gmt":"2012-03-20T11:48:22","slug":"luksic-znao-da-promovisem-sandzak","status":"publish","type":"post","link":"https:\/\/sandzakpress.net\/arhiva\/luksic-znao-da-promovisem-sandzak\/","title":{"rendered":"Husovi\u0107: Luk\u0161i\u0107 znao da promovi\u0161em Sand\u017eak"},"content":{"rendered":"<p><strong><a href=\"https:\/\/sandzakpress.net\/arhiva\/wp-content\/uploads\/2012\/03\/rafeth-kabinet.jpg\"><img loading=\"lazy\" decoding=\"async\" class=\"alignleft size-medium wp-image-34714\" title=\"OLYMPUS DIGITAL CAMERA\" src=\"https:\/\/sandzakpress.net\/arhiva\/wp-content\/uploads\/2012\/03\/rafeth-kabinet-300x230.jpg\" alt=\"\" width=\"300\" height=\"230\" \/><\/a>Ju\u017eni Sand\u017eak &#8211; Predsjednik Bo\u0161nja\u010dke stranke i ministar bez portfelja Rafet Husovi\u0107 kazao je ju\u010de da je premijer Igor Luk\u0161i\u0107 podr\u017eao njegovu ideju da pro\u0161le godine u Briselu u\u010destvuje na promociji turisti\u010dkih potencijala prekograni\u010dne regije Sand\u017eak. <\/strong><\/p>\n<p>Skup, na kojem je Husovi\u0107 u\u010destvovao zajedno kolegom iz Vlade Srbije Sulejmanom Ugljaninom, ponovo je nedavno aktuelizovan kroz poslani\u010dko pitanje, na koje je \u0161ef diplomatije Milan Ro\u0107en odgovorio da za to nije postojala platforma Vlade niti me\u0111udr\u017eavni sporazum sa Srbijom.<\/p>\n<p>Husovi\u0107 je pojasnio da je jo\u0161 sredinom pro\u0161le godine sa Ugljaninom dogovarao pomenutu promociju, isti\u010du\u0107i da veliki broj evropskih fondova finansira projekte koji se odnose na prekograni\u010dnu saradnju.<\/p>\n<p>\u2013 Prihvatio sam da u decembru pro\u0161le godine budem na promociji monografije turisti\u010dkih potencijala Sand\u017eaka. Odmah sam sa tim upoznao premijera Igora Luk\u0161i\u0107a koji je dao apsolutnu podr\u0161ku. Obavijestio sam i Ministarstvo vanjskih poslova i evropskih integracija \u2013 kazao je Husovi\u0107.<\/p>\n<p>Podvukao je da je sve tro\u0161kove tog njegovog puta i boravka u Briselu snosila Bo\u0161nja\u010dka stranka. Monografija, je, ka\u017ee Husovi\u0107, veoma dobro prihva\u0107ena u Briselu.<\/p>\n<p>\u2013 \u010cak je bilo pri\u010de i o konkurisanju za organizaciju zimske Univerzijade 2017.godine \u2013 otkriva Husovi\u0107.<\/p>\n<p>Zaklju\u010duje podsje\u0107anjem da se BS i u svom strana\u010dkom programu zala\u017ee za afirmaciju Sand\u017eaka kao prekograni\u010dne regije, ali da to ne zna\u010di bilo kakvu promjenu granica.<\/p>\n<p>Izvor: <strong>Dan.co.me<\/strong><\/p>\n","protected":false},"excerpt":{"rendered":"<p>Ju\u017eni Sand\u017eak &#8211; Predsjednik Bo\u0161nja\u010dke stranke i ministar bez portfelja Rafet Husovi\u0107 kazao je ju\u010de da je premijer Igor Luk\u0161i\u0107 podr\u017eao njegovu ideju da pro\u0161le godine u Briselu u\u010destvuje na promociji turisti\u010dkih potencijala prekograni\u010dne regije Sand\u017eak. Skup, na kojem je Husovi\u0107 u\u010destvovao zajedno kolegom iz Vlade Srbije Sulejmanom Ugljaninom, ponovo je nedavno aktuelizovan kroz poslani\u010dko [&hellip;]<\/p>\n","protected":false},"author":14,"featured_media":34714,"comment_status":"open","ping_status":"open","sticky":false,"template":"","format":"standard","meta":{"footnotes":""},"categories":[398,1,396,399],"tags":[],"class_list":{"0":"post-34713","1":"post","2":"type-post","3":"status-publish","4":"format-standard","5":"has-post-thumbnail","7":"category-rozaje","8":"category-politika","9":"category-bijelo_polje","10":"category-plav_"},"yoast_head":"<!-- This site is optimized with the Yoast SEO Premium plugin v23.1 (Yoast SEO v24.9) - https:\/\/yoast.com\/wordpress\/plugins\/seo\/ -->\n<title>Husovi\u0107: Luk\u0161i\u0107 znao da promovi\u0161em Sand\u017eak<\/title>\n<meta name=\"robots\" content=\"index, follow, max-snippet:-1, max-image-preview:large, max-video-preview:-1\" \/>\n<link rel=\"canonical\" href=\"https:\/\/sandzakpress.net\/arhiva\/luksic-znao-da-promovisem-sandzak\/\" \/>\n<meta property=\"og:locale\" content=\"bs_BA\" \/>\n<meta property=\"og:type\" content=\"article\" \/>\n<meta property=\"og:title\" content=\"Husovi\u0107: Luk\u0161i\u0107 znao da promovi\u0161em Sand\u017eak\" \/>\n<meta property=\"og:description\" content=\"Ju\u017eni Sand\u017eak &#8211; Predsjednik Bo\u0161nja\u010dke stranke i ministar bez portfelja Rafet Husovi\u0107 kazao je ju\u010de da je premijer Igor Luk\u0161i\u0107 podr\u017eao njegovu ideju da pro\u0161le godine u Briselu u\u010destvuje na promociji turisti\u010dkih potencijala prekograni\u010dne regije Sand\u017eak. Skup, na kojem je Husovi\u0107 u\u010destvovao zajedno kolegom iz Vlade Srbije Sulejmanom Ugljaninom, ponovo je nedavno aktuelizovan kroz poslani\u010dko [&hellip;]\" \/>\n<meta property=\"og:url\" content=\"https:\/\/sandzakpress.net\/arhiva\/luksic-znao-da-promovisem-sandzak\/\" \/>\n<meta property=\"og:site_name\" content=\"Sand\u017eak PRESS\" \/>\n<meta property=\"article:published_time\" content=\"2012-03-20T11:48:04+00:00\" \/>\n<meta property=\"article:modified_time\" content=\"2012-03-20T11:48:22+00:00\" \/>\n<meta property=\"og:image\" content=\"https:\/\/sandzakpress.net\/arhiva\/wp-content\/uploads\/2012\/03\/rafeth-kabinet.jpg\" \/>\n\t<meta property=\"og:image:width\" content=\"616\" \/>\n\t<meta property=\"og:image:height\" content=\"474\" \/>\n\t<meta property=\"og:image:type\" content=\"image\/jpeg\" \/>\n<meta name=\"twitter:card\" content=\"summary_large_image\" \/>\n<meta name=\"twitter:label1\" content=\"Written by\" \/>\n\t<meta name=\"twitter:data1\" content=\"\" \/>\n\t<meta name=\"twitter:label2\" content=\"Est. reading time\" \/>\n\t<meta name=\"twitter:data2\" content=\"1 minuta\" \/>\n<script type=\"application\/ld+json\" class=\"yoast-schema-graph\">{\"@context\":\"https:\/\/schema.org\",\"@graph\":[{\"@type\":\"Article\",\"@id\":\"https:\/\/sandzakpress.net\/arhiva\/luksic-znao-da-promovisem-sandzak\/#article\",\"isPartOf\":{\"@id\":\"https:\/\/sandzakpress.net\/arhiva\/luksic-znao-da-promovisem-sandzak\/\"},\"author\":{\"name\":\"\",\"@id\":\"\"},\"headline\":\"Husovi\u0107: Luk\u0161i\u0107 znao da promovi\u0161em Sand\u017eak\",\"datePublished\":\"2012-03-20T11:48:04+00:00\",\"dateModified\":\"2012-03-20T11:48:22+00:00\",\"mainEntityOfPage\":{\"@id\":\"https:\/\/sandzakpress.net\/arhiva\/luksic-znao-da-promovisem-sandzak\/\"},\"wordCount\":261,\"commentCount\":1,\"publisher\":{\"@id\":\"https:\/\/sandzakpress.net\/arhiva\/#\/schema\/person\/6e72b67d6e51910a1117b3b483ba20bd\"},\"image\":{\"@id\":\"https:\/\/sandzakpress.net\/arhiva\/luksic-znao-da-promovisem-sandzak\/#primaryimage\"},\"thumbnailUrl\":\"https:\/\/sandzakpress.net\/arhiva\/wp-content\/uploads\/2012\/03\/rafeth-kabinet.jpg\",\"articleSection\":[\"Ro\u017eaje\",\"Politika\",\"Bijelo Polje\",\"Plav\"],\"inLanguage\":\"bs-BA\",\"potentialAction\":[{\"@type\":\"CommentAction\",\"name\":\"Comment\",\"target\":[\"https:\/\/sandzakpress.net\/arhiva\/luksic-znao-da-promovisem-sandzak\/#respond\"]}]},{\"@type\":\"WebPage\",\"@id\":\"https:\/\/sandzakpress.net\/arhiva\/luksic-znao-da-promovisem-sandzak\/\",\"url\":\"https:\/\/sandzakpress.net\/arhiva\/luksic-znao-da-promovisem-sandzak\/\",\"name\":\"Husovi\u0107: Luk\u0161i\u0107 znao da promovi\u0161em Sand\u017eak\",\"isPartOf\":{\"@id\":\"https:\/\/sandzakpress.net\/arhiva\/#website\"},\"primaryImageOfPage\":{\"@id\":\"https:\/\/sandzakpress.net\/arhiva\/luksic-znao-da-promovisem-sandzak\/#primaryimage\"},\"image\":{\"@id\":\"https:\/\/sandzakpress.net\/arhiva\/luksic-znao-da-promovisem-sandzak\/#primaryimage\"},\"thumbnailUrl\":\"https:\/\/sandzakpress.net\/arhiva\/wp-content\/uploads\/2012\/03\/rafeth-kabinet.jpg\",\"datePublished\":\"2012-03-20T11:48:04+00:00\",\"dateModified\":\"2012-03-20T11:48:22+00:00\",\"breadcrumb\":{\"@id\":\"https:\/\/sandzakpress.net\/arhiva\/luksic-znao-da-promovisem-sandzak\/#breadcrumb\"},\"inLanguage\":\"bs-BA\",\"potentialAction\":[{\"@type\":\"ReadAction\",\"target\":[\"https:\/\/sandzakpress.net\/arhiva\/luksic-znao-da-promovisem-sandzak\/\"]}]},{\"@type\":\"ImageObject\",\"inLanguage\":\"bs-BA\",\"@id\":\"https:\/\/sandzakpress.net\/arhiva\/luksic-znao-da-promovisem-sandzak\/#primaryimage\",\"url\":\"https:\/\/sandzakpress.net\/arhiva\/wp-content\/uploads\/2012\/03\/rafeth-kabinet.jpg\",\"contentUrl\":\"https:\/\/sandzakpress.net\/arhiva\/wp-content\/uploads\/2012\/03\/rafeth-kabinet.jpg\",\"width\":616,\"height\":474},{\"@type\":\"BreadcrumbList\",\"@id\":\"https:\/\/sandzakpress.net\/arhiva\/luksic-znao-da-promovisem-sandzak\/#breadcrumb\",\"itemListElement\":[{\"@type\":\"ListItem\",\"position\":1,\"name\":\"Home\",\"item\":\"https:\/\/sandzakpress.net\/arhiva\/\"},{\"@type\":\"ListItem\",\"position\":2,\"name\":\"Husovi\u0107: Luk\u0161i\u0107 znao da promovi\u0161em Sand\u017eak\"}]},{\"@type\":\"WebSite\",\"@id\":\"https:\/\/sandzakpress.net\/arhiva\/#website\",\"url\":\"https:\/\/sandzakpress.net\/arhiva\/\",\"name\":\"Sand\u017eak PRESS\",\"description\":\"Prve elektronske novine u Sand\u017eaku\",\"publisher\":{\"@id\":\"https:\/\/sandzakpress.net\/arhiva\/#\/schema\/person\/6e72b67d6e51910a1117b3b483ba20bd\"},\"potentialAction\":[{\"@type\":\"SearchAction\",\"target\":{\"@type\":\"EntryPoint\",\"urlTemplate\":\"https:\/\/sandzakpress.net\/arhiva\/?s={search_term_string}\"},\"query-input\":{\"@type\":\"PropertyValueSpecification\",\"valueRequired\":true,\"valueName\":\"search_term_string\"}}],\"inLanguage\":\"bs-BA\"},{\"@type\":[\"Person\",\"Organization\"],\"@id\":\"https:\/\/sandzakpress.net\/arhiva\/#\/schema\/person\/6e72b67d6e51910a1117b3b483ba20bd\",\"name\":\"Kul\",\"image\":{\"@type\":\"ImageObject\",\"inLanguage\":\"bs-BA\",\"@id\":\"https:\/\/sandzakpress.net\/arhiva\/#\/schema\/person\/image\/\",\"url\":\"https:\/\/secure.gravatar.com\/avatar\/42263f39aa27ac04c43cab85c280eb2e?s=96&d=mm&r=pg\",\"contentUrl\":\"https:\/\/secure.gravatar.com\/avatar\/42263f39aa27ac04c43cab85c280eb2e?s=96&d=mm&r=pg\",\"caption\":\"Kul\"},\"logo\":{\"@id\":\"https:\/\/sandzakpress.net\/arhiva\/#\/schema\/person\/image\/\"}},{\"@type\":\"Person\",\"@id\":\"\",\"url\":\"https:\/\/sandzakpress.net\/arhiva\/author\/\"}]}<\/script>\n<!-- \/ Yoast SEO Premium plugin. -->","yoast_head_json":{"title":"Husovi\u0107: Luk\u0161i\u0107 znao da promovi\u0161em Sand\u017eak","robots":{"index":"index","follow":"follow","max-snippet":"max-snippet:-1","max-image-preview":"max-image-preview:large","max-video-preview":"max-video-preview:-1"},"canonical":"https:\/\/sandzakpress.net\/arhiva\/luksic-znao-da-promovisem-sandzak\/","og_locale":"bs_BA","og_type":"article","og_title":"Husovi\u0107: Luk\u0161i\u0107 znao da promovi\u0161em Sand\u017eak","og_description":"Ju\u017eni Sand\u017eak &#8211; Predsjednik Bo\u0161nja\u010dke stranke i ministar bez portfelja Rafet Husovi\u0107 kazao je ju\u010de da je premijer Igor Luk\u0161i\u0107 podr\u017eao njegovu ideju da pro\u0161le godine u Briselu u\u010destvuje na promociji turisti\u010dkih potencijala prekograni\u010dne regije Sand\u017eak. Skup, na kojem je Husovi\u0107 u\u010destvovao zajedno kolegom iz Vlade Srbije Sulejmanom Ugljaninom, ponovo je nedavno aktuelizovan kroz poslani\u010dko [&hellip;]","og_url":"https:\/\/sandzakpress.net\/arhiva\/luksic-znao-da-promovisem-sandzak\/","og_site_name":"Sand\u017eak PRESS","article_published_time":"2012-03-20T11:48:04+00:00","article_modified_time":"2012-03-20T11:48:22+00:00","og_image":[{"width":616,"height":474,"url":"https:\/\/sandzakpress.net\/arhiva\/wp-content\/uploads\/2012\/03\/rafeth-kabinet.jpg","type":"image\/jpeg"}],"twitter_card":"summary_large_image","twitter_misc":{"Written by":"","Est. reading time":"1 minuta"},"schema":{"@context":"https:\/\/schema.org","@graph":[{"@type":"Article","@id":"https:\/\/sandzakpress.net\/arhiva\/luksic-znao-da-promovisem-sandzak\/#article","isPartOf":{"@id":"https:\/\/sandzakpress.net\/arhiva\/luksic-znao-da-promovisem-sandzak\/"},"author":{"name":"","@id":""},"headline":"Husovi\u0107: Luk\u0161i\u0107 znao da promovi\u0161em Sand\u017eak","datePublished":"2012-03-20T11:48:04+00:00","dateModified":"2012-03-20T11:48:22+00:00","mainEntityOfPage":{"@id":"https:\/\/sandzakpress.net\/arhiva\/luksic-znao-da-promovisem-sandzak\/"},"wordCount":261,"commentCount":1,"publisher":{"@id":"https:\/\/sandzakpress.net\/arhiva\/#\/schema\/person\/6e72b67d6e51910a1117b3b483ba20bd"},"image":{"@id":"https:\/\/sandzakpress.net\/arhiva\/luksic-znao-da-promovisem-sandzak\/#primaryimage"},"thumbnailUrl":"https:\/\/sandzakpress.net\/arhiva\/wp-content\/uploads\/2012\/03\/rafeth-kabinet.jpg","articleSection":["Ro\u017eaje","Politika","Bijelo Polje","Plav"],"inLanguage":"bs-BA","potentialAction":[{"@type":"CommentAction","name":"Comment","target":["https:\/\/sandzakpress.net\/arhiva\/luksic-znao-da-promovisem-sandzak\/#respond"]}]},{"@type":"WebPage","@id":"https:\/\/sandzakpress.net\/arhiva\/luksic-znao-da-promovisem-sandzak\/","url":"https:\/\/sandzakpress.net\/arhiva\/luksic-znao-da-promovisem-sandzak\/","name":"Husovi\u0107: Luk\u0161i\u0107 znao da promovi\u0161em Sand\u017eak","isPartOf":{"@id":"https:\/\/sandzakpress.net\/arhiva\/#website"},"primaryImageOfPage":{"@id":"https:\/\/sandzakpress.net\/arhiva\/luksic-znao-da-promovisem-sandzak\/#primaryimage"},"image":{"@id":"https:\/\/sandzakpress.net\/arhiva\/luksic-znao-da-promovisem-sandzak\/#primaryimage"},"thumbnailUrl":"https:\/\/sandzakpress.net\/arhiva\/wp-content\/uploads\/2012\/03\/rafeth-kabinet.jpg","datePublished":"2012-03-20T11:48:04+00:00","dateModified":"2012-03-20T11:48:22+00:00","breadcrumb":{"@id":"https:\/\/sandzakpress.net\/arhiva\/luksic-znao-da-promovisem-sandzak\/#breadcrumb"},"inLanguage":"bs-BA","potentialAction":[{"@type":"ReadAction","target":["https:\/\/sandzakpress.net\/arhiva\/luksic-znao-da-promovisem-sandzak\/"]}]},{"@type":"ImageObject","inLanguage":"bs-BA","@id":"https:\/\/sandzakpress.net\/arhiva\/luksic-znao-da-promovisem-sandzak\/#primaryimage","url":"https:\/\/sandzakpress.net\/arhiva\/wp-content\/uploads\/2012\/03\/rafeth-kabinet.jpg","contentUrl":"https:\/\/sandzakpress.net\/arhiva\/wp-content\/uploads\/2012\/03\/rafeth-kabinet.jpg","width":616,"height":474},{"@type":"BreadcrumbList","@id":"https:\/\/sandzakpress.net\/arhiva\/luksic-znao-da-promovisem-sandzak\/#breadcrumb","itemListElement":[{"@type":"ListItem","position":1,"name":"Home","item":"https:\/\/sandzakpress.net\/arhiva\/"},{"@type":"ListItem","position":2,"name":"Husovi\u0107: Luk\u0161i\u0107 znao da promovi\u0161em Sand\u017eak"}]},{"@type":"WebSite","@id":"https:\/\/sandzakpress.net\/arhiva\/#website","url":"https:\/\/sandzakpress.net\/arhiva\/","name":"Sand\u017eak PRESS","description":"Prve elektronske novine u Sand\u017eaku","publisher":{"@id":"https:\/\/sandzakpress.net\/arhiva\/#\/schema\/person\/6e72b67d6e51910a1117b3b483ba20bd"},"potentialAction":[{"@type":"SearchAction","target":{"@type":"EntryPoint","urlTemplate":"https:\/\/sandzakpress.net\/arhiva\/?s={search_term_string}"},"query-input":{"@type":"PropertyValueSpecification","valueRequired":true,"valueName":"search_term_string"}}],"inLanguage":"bs-BA"},{"@type":["Person","Organization"],"@id":"https:\/\/sandzakpress.net\/arhiva\/#\/schema\/person\/6e72b67d6e51910a1117b3b483ba20bd","name":"Kul","image":{"@type":"ImageObject","inLanguage":"bs-BA","@id":"https:\/\/sandzakpress.net\/arhiva\/#\/schema\/person\/image\/","url":"https:\/\/secure.gravatar.com\/avatar\/42263f39aa27ac04c43cab85c280eb2e?s=96&d=mm&r=pg","contentUrl":"https:\/\/secure.gravatar.com\/avatar\/42263f39aa27ac04c43cab85c280eb2e?s=96&d=mm&r=pg","caption":"Kul"},"logo":{"@id":"https:\/\/sandzakpress.net\/arhiva\/#\/schema\/person\/image\/"}},{"@type":"Person","@id":"","url":"https:\/\/sandzakpress.net\/arhiva\/author\/"}]}},"_links":{"self":[{"href":"https:\/\/sandzakpress.net\/arhiva\/wp-json\/wp\/v2\/posts\/34713"}],"collection":[{"href":"https:\/\/sandzakpress.net\/arhiva\/wp-json\/wp\/v2\/posts"}],"about":[{"href":"https:\/\/sandzakpress.net\/arhiva\/wp-json\/wp\/v2\/types\/post"}],"author":[{"embeddable":true,"href":"https:\/\/sandzakpress.net\/arhiva\/wp-json\/wp\/v2\/users\/14"}],"replies":[{"embeddable":true,"href":"https:\/\/sandzakpress.net\/arhiva\/wp-json\/wp\/v2\/comments?post=34713"}],"version-history":[{"count":0,"href":"https:\/\/sandzakpress.net\/arhiva\/wp-json\/wp\/v2\/posts\/34713\/revisions"}],"wp:featuredmedia":[{"embeddable":true,"href":"https:\/\/sandzakpress.net\/arhiva\/wp-json\/wp\/v2\/media\/34714"}],"wp:attachment":[{"href":"https:\/\/sandzakpress.net\/arhiva\/wp-json\/wp\/v2\/media?parent=34713"}],"wp:term":[{"taxonomy":"category","embeddable":true,"href":"https:\/\/sandzakpress.net\/arhiva\/wp-json\/wp\/v2\/categories?post=34713"},{"taxonomy":"post_tag","embeddable":true,"href":"https:\/\/sandzakpress.net\/arhiva\/wp-json\/wp\/v2\/tags?post=34713"}],"curies":[{"name":"wp","href":"https:\/\/api.w.org\/{rel}","templated":true}]}}