{"id":3443,"date":"2010-04-06T01:29:45","date_gmt":"2010-04-05T23:29:45","guid":{"rendered":"https:\/\/sandzakpress.net\/arhiva\/?p=3443"},"modified":"2010-04-06T01:29:45","modified_gmt":"2010-04-05T23:29:45","slug":"seminar-za-odgajatelje-medresa","status":"publish","type":"post","link":"https:\/\/sandzakpress.net\/arhiva\/seminar-za-odgajatelje-medresa\/","title":{"rendered":"Seminar za odgajatelje medresa"},"content":{"rendered":"<p><strong><a href=\"https:\/\/sandzakpress.net\/arhiva\/wp-content\/uploads\/2010\/04\/seminar-za-vaspitace-novi-pazar.jpg\"><img loading=\"lazy\" decoding=\"async\" class=\"alignleft size-medium wp-image-3444\" title=\"seminar za vaspitace novi pazar\" src=\"https:\/\/sandzakpress.net\/arhiva\/wp-content\/uploads\/2010\/04\/seminar-za-vaspitace-novi-pazar-300x225.jpg\" alt=\"\" width=\"300\" height=\"225\" \/><\/a>Novi Pazar &#8211; Vjersko-prosvjetna slu\u017eba Rijaseta Islamske zajednice u BiH organizovala  je danas\u00a0 seminar za odgajatelje u medresama na podru\u010dju Rijaseta. Doma\u0107in ovogodi\u0161njeg seminara je bila Medresa \u201eGazi Isa-beg\u201c u Novom Pazaru. U Velikoj sali Me\u0161ihata, gdje je seminar odr\u017ean, prisustvovalo je 48 odgajatelja.<\/strong><\/p>\n<h2>Seminar<\/h2>\n<p>Seminar je otpo\u010deo u\u010denjem a\u0161ereta koje je prou\u010dio Haris ef. Had\u017ei\u0107,  odgajatelj u Medresi \u201eGazi Isa-beg\u201c u Novom Pazaru.<br \/>\nSeminar je otvorio doma\u0107in, direktor novopazarske Medrese mr. Mustafa  ef. Feti\u0107, koji je poselamio prisutne i po\u017eelio im da se ugodno  osje\u0107aju.<br \/>\nUvodnim izlaganjem obratio se rektor Internacionalnog univerziteta u  Novom Pazaru dr. Mevlud ef. Dudi\u0107. Rektor je tako\u0111er po\u017eelio gostima da  se ugodno osje\u0107aju u Sand\u017eaku.<br \/>\nSeminar se sastojao iz dva predavanja, ankete i diskusije.<br \/>\nPrvo predavanje odr\u017eao je organizator seminara, rukovodilac  Vjersko-prosvjetne slu\u017ebe Rijaseta Islamske zajednice mr. Muharem ef.  Omerdi\u0107. Tema njegovog izlaganja bila je \u201eUloga odgajatelja u  vaspitno-obrazovnom procesu medresa\u201c.<br \/>\nDrugo predavanje odr\u017eao je zamjenik direktora \u201eBehram-begove\u201c medrese u  Tuzli, dr. Sead ef. Seljubac. Govore\u0107i na temu \u201eDomski odgoj u medresi\u201c  dr. Seljubac je govorio o ciljevima, programima i metodama koje se  trebaju korisititi kako bi se izgradila cjelovita li\u010dnost u\u010denika.<br \/>\n\u201e&#8230;islamsko pona\u0161anje kao stil \u017eivljenja koje bi bilo izraz cjelokupne  li\u010dnosti u\u010denika, a zasnivano na Allahovoj Knjizi, praksi Muhammeda, a.  s. i zahtjevima vremena u kojem u\u010denik \u017eivi; spremnost na izvr\u0161avanje  svih vjerskih propisa u medresi ali i van nje; ponos svojom vjerom,\u00a0  kulturom i obi\u010dajima;\u00a0 te isklju\u010divanje kompleksa ni\u017ee vrijednosti&#8230;\u201c \u2013  izdvojio je predava\u010d na po\u010detku predavanja.<br \/>\nNakon ova dva izvanredna predavanja, izvr\u0161eno je anketiranje u\u010desnika  seminara nakon \u010dega je uslijedila diskusija.<br \/>\nNa kraju seminara donijeti su zakklju\u010dci.<\/p>\n<h2>Obilazak<\/h2>\n<p>Nakon odr\u017eanog seminara koji je trajao od 10,00 do 13,30 \u010dasova te  pauze za ru\u010dak, doma\u0107ini su gostima uprili\u010dili obilazak obrazovnih  ustanova koje djeluju u okviru Me\u0161ihata.Po\u010deli su od obilaska  Internacionalnog univerziteta, univerzitetskih prostorija, u\u010dionica,  kancelarija, sala za sastanke i manifestacije, kao i Televizije  Universa, Refref radija i novootvorenog Carier centra.<br \/>\nZatim su obi\u0161li Fakultet za islamske studije u centru Novog Pazara, te  Mektebsku ustanovu \u201eRewda\u201c na Paricama. Goste su primili dekan Fakulteta  dr. hfz. Almir ef. Pramenkovi\u0107 i direktor vrti\u0107a Mersad Curi\u0107.<br \/>\nNakon obilaska gosti su puni lijepih utisaka uputili se svojim domovima.<\/p>\n<p>Izvor: <strong>IslamskaZajednica.org<\/strong><\/p>\n","protected":false},"excerpt":{"rendered":"<p>Novi Pazar &#8211; Vjersko-prosvjetna slu\u017eba Rijaseta Islamske zajednice u BiH organizovala je danas\u00a0 seminar za odgajatelje u medresama na podru\u010dju Rijaseta. Doma\u0107in ovogodi\u0161njeg seminara je bila Medresa \u201eGazi Isa-beg\u201c u Novom Pazaru. U Velikoj sali Me\u0161ihata, gdje je seminar odr\u017ean, prisustvovalo je 48 odgajatelja. Seminar Seminar je otpo\u010deo u\u010denjem a\u0161ereta koje je prou\u010dio Haris ef. [&hellip;]<\/p>\n","protected":false},"author":83,"featured_media":3444,"comment_status":"open","ping_status":"open","sticky":false,"template":"","format":"standard","meta":{"footnotes":""},"categories":[4],"tags":[],"class_list":{"0":"post-3443","1":"post","2":"type-post","3":"status-publish","4":"format-standard","5":"has-post-thumbnail","7":"category-obrazovanje"},"yoast_head":"<!-- This site is optimized with the Yoast SEO Premium plugin v23.1 (Yoast SEO v24.9) - https:\/\/yoast.com\/wordpress\/plugins\/seo\/ -->\n<title>Seminar za odgajatelje medresa<\/title>\n<meta name=\"robots\" content=\"index, follow, max-snippet:-1, max-image-preview:large, max-video-preview:-1\" \/>\n<link rel=\"canonical\" href=\"https:\/\/sandzakpress.net\/arhiva\/seminar-za-odgajatelje-medresa\/\" \/>\n<meta property=\"og:locale\" content=\"bs_BA\" \/>\n<meta property=\"og:type\" content=\"article\" \/>\n<meta property=\"og:title\" content=\"Seminar za odgajatelje medresa\" \/>\n<meta property=\"og:description\" content=\"Novi Pazar &#8211; Vjersko-prosvjetna slu\u017eba Rijaseta Islamske zajednice u BiH organizovala je danas\u00a0 seminar za odgajatelje u medresama na podru\u010dju Rijaseta. Doma\u0107in ovogodi\u0161njeg seminara je bila Medresa \u201eGazi Isa-beg\u201c u Novom Pazaru. U Velikoj sali Me\u0161ihata, gdje je seminar odr\u017ean, prisustvovalo je 48 odgajatelja. Seminar Seminar je otpo\u010deo u\u010denjem a\u0161ereta koje je prou\u010dio Haris ef. [&hellip;]\" \/>\n<meta property=\"og:url\" content=\"https:\/\/sandzakpress.net\/arhiva\/seminar-za-odgajatelje-medresa\/\" \/>\n<meta property=\"og:site_name\" content=\"Sand\u017eak PRESS\" \/>\n<meta property=\"article:published_time\" content=\"2010-04-05T23:29:45+00:00\" \/>\n<meta property=\"og:image\" content=\"https:\/\/sandzakpress.net\/arhiva\/wp-content\/uploads\/2010\/04\/seminar-za-vaspitace-novi-pazar.jpg\" \/>\n\t<meta property=\"og:image:width\" content=\"600\" \/>\n\t<meta property=\"og:image:height\" content=\"450\" \/>\n\t<meta property=\"og:image:type\" content=\"image\/jpeg\" \/>\n<meta name=\"author\" content=\"bosniak\" \/>\n<meta name=\"twitter:card\" content=\"summary_large_image\" \/>\n<meta name=\"twitter:label1\" content=\"Written by\" \/>\n\t<meta name=\"twitter:data1\" content=\"bosniak\" \/>\n\t<meta name=\"twitter:label2\" content=\"Est. reading time\" \/>\n\t<meta name=\"twitter:data2\" content=\"2 minute\" \/>\n<script type=\"application\/ld+json\" class=\"yoast-schema-graph\">{\"@context\":\"https:\/\/schema.org\",\"@graph\":[{\"@type\":\"Article\",\"@id\":\"https:\/\/sandzakpress.net\/arhiva\/seminar-za-odgajatelje-medresa\/#article\",\"isPartOf\":{\"@id\":\"https:\/\/sandzakpress.net\/arhiva\/seminar-za-odgajatelje-medresa\/\"},\"author\":{\"name\":\"bosniak\",\"@id\":\"https:\/\/sandzakpress.net\/arhiva\/#\/schema\/person\/c8baee722073534b583ea7bdb2e36c02\"},\"headline\":\"Seminar za odgajatelje medresa\",\"datePublished\":\"2010-04-05T23:29:45+00:00\",\"mainEntityOfPage\":{\"@id\":\"https:\/\/sandzakpress.net\/arhiva\/seminar-za-odgajatelje-medresa\/\"},\"wordCount\":411,\"commentCount\":0,\"publisher\":{\"@id\":\"https:\/\/sandzakpress.net\/arhiva\/#\/schema\/person\/6e72b67d6e51910a1117b3b483ba20bd\"},\"image\":{\"@id\":\"https:\/\/sandzakpress.net\/arhiva\/seminar-za-odgajatelje-medresa\/#primaryimage\"},\"thumbnailUrl\":\"https:\/\/sandzakpress.net\/arhiva\/wp-content\/uploads\/2010\/04\/seminar-za-vaspitace-novi-pazar.jpg\",\"articleSection\":[\"Obrazovanje\"],\"inLanguage\":\"bs-BA\",\"potentialAction\":[{\"@type\":\"CommentAction\",\"name\":\"Comment\",\"target\":[\"https:\/\/sandzakpress.net\/arhiva\/seminar-za-odgajatelje-medresa\/#respond\"]}]},{\"@type\":\"WebPage\",\"@id\":\"https:\/\/sandzakpress.net\/arhiva\/seminar-za-odgajatelje-medresa\/\",\"url\":\"https:\/\/sandzakpress.net\/arhiva\/seminar-za-odgajatelje-medresa\/\",\"name\":\"Seminar za odgajatelje medresa\",\"isPartOf\":{\"@id\":\"https:\/\/sandzakpress.net\/arhiva\/#website\"},\"primaryImageOfPage\":{\"@id\":\"https:\/\/sandzakpress.net\/arhiva\/seminar-za-odgajatelje-medresa\/#primaryimage\"},\"image\":{\"@id\":\"https:\/\/sandzakpress.net\/arhiva\/seminar-za-odgajatelje-medresa\/#primaryimage\"},\"thumbnailUrl\":\"https:\/\/sandzakpress.net\/arhiva\/wp-content\/uploads\/2010\/04\/seminar-za-vaspitace-novi-pazar.jpg\",\"datePublished\":\"2010-04-05T23:29:45+00:00\",\"breadcrumb\":{\"@id\":\"https:\/\/sandzakpress.net\/arhiva\/seminar-za-odgajatelje-medresa\/#breadcrumb\"},\"inLanguage\":\"bs-BA\",\"potentialAction\":[{\"@type\":\"ReadAction\",\"target\":[\"https:\/\/sandzakpress.net\/arhiva\/seminar-za-odgajatelje-medresa\/\"]}]},{\"@type\":\"ImageObject\",\"inLanguage\":\"bs-BA\",\"@id\":\"https:\/\/sandzakpress.net\/arhiva\/seminar-za-odgajatelje-medresa\/#primaryimage\",\"url\":\"https:\/\/sandzakpress.net\/arhiva\/wp-content\/uploads\/2010\/04\/seminar-za-vaspitace-novi-pazar.jpg\",\"contentUrl\":\"https:\/\/sandzakpress.net\/arhiva\/wp-content\/uploads\/2010\/04\/seminar-za-vaspitace-novi-pazar.jpg\",\"width\":600,\"height\":450},{\"@type\":\"BreadcrumbList\",\"@id\":\"https:\/\/sandzakpress.net\/arhiva\/seminar-za-odgajatelje-medresa\/#breadcrumb\",\"itemListElement\":[{\"@type\":\"ListItem\",\"position\":1,\"name\":\"Home\",\"item\":\"https:\/\/sandzakpress.net\/arhiva\/\"},{\"@type\":\"ListItem\",\"position\":2,\"name\":\"Seminar za odgajatelje medresa\"}]},{\"@type\":\"WebSite\",\"@id\":\"https:\/\/sandzakpress.net\/arhiva\/#website\",\"url\":\"https:\/\/sandzakpress.net\/arhiva\/\",\"name\":\"Sand\u017eak PRESS\",\"description\":\"Prve elektronske novine u Sand\u017eaku\",\"publisher\":{\"@id\":\"https:\/\/sandzakpress.net\/arhiva\/#\/schema\/person\/6e72b67d6e51910a1117b3b483ba20bd\"},\"potentialAction\":[{\"@type\":\"SearchAction\",\"target\":{\"@type\":\"EntryPoint\",\"urlTemplate\":\"https:\/\/sandzakpress.net\/arhiva\/?s={search_term_string}\"},\"query-input\":{\"@type\":\"PropertyValueSpecification\",\"valueRequired\":true,\"valueName\":\"search_term_string\"}}],\"inLanguage\":\"bs-BA\"},{\"@type\":[\"Person\",\"Organization\"],\"@id\":\"https:\/\/sandzakpress.net\/arhiva\/#\/schema\/person\/6e72b67d6e51910a1117b3b483ba20bd\",\"name\":\"Kul\",\"image\":{\"@type\":\"ImageObject\",\"inLanguage\":\"bs-BA\",\"@id\":\"https:\/\/sandzakpress.net\/arhiva\/#\/schema\/person\/image\/\",\"url\":\"https:\/\/secure.gravatar.com\/avatar\/42263f39aa27ac04c43cab85c280eb2e?s=96&d=mm&r=pg\",\"contentUrl\":\"https:\/\/secure.gravatar.com\/avatar\/42263f39aa27ac04c43cab85c280eb2e?s=96&d=mm&r=pg\",\"caption\":\"Kul\"},\"logo\":{\"@id\":\"https:\/\/sandzakpress.net\/arhiva\/#\/schema\/person\/image\/\"}},{\"@type\":\"Person\",\"@id\":\"https:\/\/sandzakpress.net\/arhiva\/#\/schema\/person\/c8baee722073534b583ea7bdb2e36c02\",\"name\":\"bosniak\",\"image\":{\"@type\":\"ImageObject\",\"inLanguage\":\"bs-BA\",\"@id\":\"https:\/\/sandzakpress.net\/arhiva\/#\/schema\/person\/image\/\",\"url\":\"https:\/\/secure.gravatar.com\/avatar\/a04fd330bfe3a36a72a0ad4a6d89fca7?s=96&d=mm&r=pg\",\"contentUrl\":\"https:\/\/secure.gravatar.com\/avatar\/a04fd330bfe3a36a72a0ad4a6d89fca7?s=96&d=mm&r=pg\",\"caption\":\"bosniak\"},\"url\":\"https:\/\/sandzakpress.net\/arhiva\/author\/bosniak\/\"}]}<\/script>\n<!-- \/ Yoast SEO Premium plugin. -->","yoast_head_json":{"title":"Seminar za odgajatelje medresa","robots":{"index":"index","follow":"follow","max-snippet":"max-snippet:-1","max-image-preview":"max-image-preview:large","max-video-preview":"max-video-preview:-1"},"canonical":"https:\/\/sandzakpress.net\/arhiva\/seminar-za-odgajatelje-medresa\/","og_locale":"bs_BA","og_type":"article","og_title":"Seminar za odgajatelje medresa","og_description":"Novi Pazar &#8211; Vjersko-prosvjetna slu\u017eba Rijaseta Islamske zajednice u BiH organizovala je danas\u00a0 seminar za odgajatelje u medresama na podru\u010dju Rijaseta. Doma\u0107in ovogodi\u0161njeg seminara je bila Medresa \u201eGazi Isa-beg\u201c u Novom Pazaru. U Velikoj sali Me\u0161ihata, gdje je seminar odr\u017ean, prisustvovalo je 48 odgajatelja. Seminar Seminar je otpo\u010deo u\u010denjem a\u0161ereta koje je prou\u010dio Haris ef. [&hellip;]","og_url":"https:\/\/sandzakpress.net\/arhiva\/seminar-za-odgajatelje-medresa\/","og_site_name":"Sand\u017eak PRESS","article_published_time":"2010-04-05T23:29:45+00:00","og_image":[{"width":600,"height":450,"url":"https:\/\/sandzakpress.net\/arhiva\/wp-content\/uploads\/2010\/04\/seminar-za-vaspitace-novi-pazar.jpg","type":"image\/jpeg"}],"author":"bosniak","twitter_card":"summary_large_image","twitter_misc":{"Written by":"bosniak","Est. reading time":"2 minute"},"schema":{"@context":"https:\/\/schema.org","@graph":[{"@type":"Article","@id":"https:\/\/sandzakpress.net\/arhiva\/seminar-za-odgajatelje-medresa\/#article","isPartOf":{"@id":"https:\/\/sandzakpress.net\/arhiva\/seminar-za-odgajatelje-medresa\/"},"author":{"name":"bosniak","@id":"https:\/\/sandzakpress.net\/arhiva\/#\/schema\/person\/c8baee722073534b583ea7bdb2e36c02"},"headline":"Seminar za odgajatelje medresa","datePublished":"2010-04-05T23:29:45+00:00","mainEntityOfPage":{"@id":"https:\/\/sandzakpress.net\/arhiva\/seminar-za-odgajatelje-medresa\/"},"wordCount":411,"commentCount":0,"publisher":{"@id":"https:\/\/sandzakpress.net\/arhiva\/#\/schema\/person\/6e72b67d6e51910a1117b3b483ba20bd"},"image":{"@id":"https:\/\/sandzakpress.net\/arhiva\/seminar-za-odgajatelje-medresa\/#primaryimage"},"thumbnailUrl":"https:\/\/sandzakpress.net\/arhiva\/wp-content\/uploads\/2010\/04\/seminar-za-vaspitace-novi-pazar.jpg","articleSection":["Obrazovanje"],"inLanguage":"bs-BA","potentialAction":[{"@type":"CommentAction","name":"Comment","target":["https:\/\/sandzakpress.net\/arhiva\/seminar-za-odgajatelje-medresa\/#respond"]}]},{"@type":"WebPage","@id":"https:\/\/sandzakpress.net\/arhiva\/seminar-za-odgajatelje-medresa\/","url":"https:\/\/sandzakpress.net\/arhiva\/seminar-za-odgajatelje-medresa\/","name":"Seminar za odgajatelje medresa","isPartOf":{"@id":"https:\/\/sandzakpress.net\/arhiva\/#website"},"primaryImageOfPage":{"@id":"https:\/\/sandzakpress.net\/arhiva\/seminar-za-odgajatelje-medresa\/#primaryimage"},"image":{"@id":"https:\/\/sandzakpress.net\/arhiva\/seminar-za-odgajatelje-medresa\/#primaryimage"},"thumbnailUrl":"https:\/\/sandzakpress.net\/arhiva\/wp-content\/uploads\/2010\/04\/seminar-za-vaspitace-novi-pazar.jpg","datePublished":"2010-04-05T23:29:45+00:00","breadcrumb":{"@id":"https:\/\/sandzakpress.net\/arhiva\/seminar-za-odgajatelje-medresa\/#breadcrumb"},"inLanguage":"bs-BA","potentialAction":[{"@type":"ReadAction","target":["https:\/\/sandzakpress.net\/arhiva\/seminar-za-odgajatelje-medresa\/"]}]},{"@type":"ImageObject","inLanguage":"bs-BA","@id":"https:\/\/sandzakpress.net\/arhiva\/seminar-za-odgajatelje-medresa\/#primaryimage","url":"https:\/\/sandzakpress.net\/arhiva\/wp-content\/uploads\/2010\/04\/seminar-za-vaspitace-novi-pazar.jpg","contentUrl":"https:\/\/sandzakpress.net\/arhiva\/wp-content\/uploads\/2010\/04\/seminar-za-vaspitace-novi-pazar.jpg","width":600,"height":450},{"@type":"BreadcrumbList","@id":"https:\/\/sandzakpress.net\/arhiva\/seminar-za-odgajatelje-medresa\/#breadcrumb","itemListElement":[{"@type":"ListItem","position":1,"name":"Home","item":"https:\/\/sandzakpress.net\/arhiva\/"},{"@type":"ListItem","position":2,"name":"Seminar za odgajatelje medresa"}]},{"@type":"WebSite","@id":"https:\/\/sandzakpress.net\/arhiva\/#website","url":"https:\/\/sandzakpress.net\/arhiva\/","name":"Sand\u017eak PRESS","description":"Prve elektronske novine u Sand\u017eaku","publisher":{"@id":"https:\/\/sandzakpress.net\/arhiva\/#\/schema\/person\/6e72b67d6e51910a1117b3b483ba20bd"},"potentialAction":[{"@type":"SearchAction","target":{"@type":"EntryPoint","urlTemplate":"https:\/\/sandzakpress.net\/arhiva\/?s={search_term_string}"},"query-input":{"@type":"PropertyValueSpecification","valueRequired":true,"valueName":"search_term_string"}}],"inLanguage":"bs-BA"},{"@type":["Person","Organization"],"@id":"https:\/\/sandzakpress.net\/arhiva\/#\/schema\/person\/6e72b67d6e51910a1117b3b483ba20bd","name":"Kul","image":{"@type":"ImageObject","inLanguage":"bs-BA","@id":"https:\/\/sandzakpress.net\/arhiva\/#\/schema\/person\/image\/","url":"https:\/\/secure.gravatar.com\/avatar\/42263f39aa27ac04c43cab85c280eb2e?s=96&d=mm&r=pg","contentUrl":"https:\/\/secure.gravatar.com\/avatar\/42263f39aa27ac04c43cab85c280eb2e?s=96&d=mm&r=pg","caption":"Kul"},"logo":{"@id":"https:\/\/sandzakpress.net\/arhiva\/#\/schema\/person\/image\/"}},{"@type":"Person","@id":"https:\/\/sandzakpress.net\/arhiva\/#\/schema\/person\/c8baee722073534b583ea7bdb2e36c02","name":"bosniak","image":{"@type":"ImageObject","inLanguage":"bs-BA","@id":"https:\/\/sandzakpress.net\/arhiva\/#\/schema\/person\/image\/","url":"https:\/\/secure.gravatar.com\/avatar\/a04fd330bfe3a36a72a0ad4a6d89fca7?s=96&d=mm&r=pg","contentUrl":"https:\/\/secure.gravatar.com\/avatar\/a04fd330bfe3a36a72a0ad4a6d89fca7?s=96&d=mm&r=pg","caption":"bosniak"},"url":"https:\/\/sandzakpress.net\/arhiva\/author\/bosniak\/"}]}},"_links":{"self":[{"href":"https:\/\/sandzakpress.net\/arhiva\/wp-json\/wp\/v2\/posts\/3443"}],"collection":[{"href":"https:\/\/sandzakpress.net\/arhiva\/wp-json\/wp\/v2\/posts"}],"about":[{"href":"https:\/\/sandzakpress.net\/arhiva\/wp-json\/wp\/v2\/types\/post"}],"author":[{"embeddable":true,"href":"https:\/\/sandzakpress.net\/arhiva\/wp-json\/wp\/v2\/users\/83"}],"replies":[{"embeddable":true,"href":"https:\/\/sandzakpress.net\/arhiva\/wp-json\/wp\/v2\/comments?post=3443"}],"version-history":[{"count":0,"href":"https:\/\/sandzakpress.net\/arhiva\/wp-json\/wp\/v2\/posts\/3443\/revisions"}],"wp:featuredmedia":[{"embeddable":true,"href":"https:\/\/sandzakpress.net\/arhiva\/wp-json\/wp\/v2\/media\/3444"}],"wp:attachment":[{"href":"https:\/\/sandzakpress.net\/arhiva\/wp-json\/wp\/v2\/media?parent=3443"}],"wp:term":[{"taxonomy":"category","embeddable":true,"href":"https:\/\/sandzakpress.net\/arhiva\/wp-json\/wp\/v2\/categories?post=3443"},{"taxonomy":"post_tag","embeddable":true,"href":"https:\/\/sandzakpress.net\/arhiva\/wp-json\/wp\/v2\/tags?post=3443"}],"curies":[{"name":"wp","href":"https:\/\/api.w.org\/{rel}","templated":true}]}}