{"id":34382,"date":"2012-03-16T15:31:22","date_gmt":"2012-03-16T14:31:22","guid":{"rendered":"https:\/\/sandzakpress.net\/arhiva\/?p=34382"},"modified":"2012-03-16T15:43:54","modified_gmt":"2012-03-16T14:43:54","slug":"zaplakala-turska-kci-za-bosanskom-mati","status":"publish","type":"post","link":"https:\/\/sandzakpress.net\/arhiva\/zaplakala-turska-kci-za-bosanskom-mati\/","title":{"rendered":"Zaplakala turska k\u0107i za bosanskom mati"},"content":{"rendered":"<p><strong><a href=\"https:\/\/sandzakpress.net\/arhiva\/wp-content\/uploads\/2012\/03\/IMG_33081.jpg\"><img loading=\"lazy\" decoding=\"async\" class=\"alignleft size-medium wp-image-34396\" title=\"IMG_3308\" src=\"https:\/\/sandzakpress.net\/arhiva\/wp-content\/uploads\/2012\/03\/IMG_33081-300x161.jpg\" alt=\"\" width=\"300\" height=\"161\" \/><\/a>Turska &#8211; Na me\u0111unarodnim \u010detvorodnevnim danima poezije u Istanbulu me\u0111u 13 predstavnika 13 zemalja pored, Bosne koju je predstavljao D\u017eemaludin Lati\u0107, pozvana je knji\u017eevnica Bisera Sulji\u0107-Bo\u0161kailo kao prestavnik Sand\u017eaka.<!--more--><\/strong><\/p>\n<p>Doma\u0107in mnogobrojnih doma\u0107ih i stranih pisaca bila je istanbulska op\u0161tina Sultanbejli koja je glamurom, srda\u010dno\u0161\u0107u i perfektnom organizacijom i ovaj put pokazala kako Turci idu ispred Evrope u organizaciji ovakvih manifestacija.<\/p>\n<p>Bosanski pjesnik D\u017eemaludin Lati\u0107 dobio je ovom prilikom specijalno priznanje kao strani pjesnik, ali za knji\u017eenicu Biseru Bo\u0161kailo bilo je veliko interesovanje, posebno od strane \u017eena i \u017eenskih organizacija, poput (Medya ve Kadin) Mediji i \u017eena, koje su uz pomo\u0107 Erdoganove partije sve\u010danim tribinama proslavile Dan \u017eena.<\/p>\n<p>Za \u017eenu Bo\u0161njakinju, za njen polo\u017eaj i pravo u dru\u0161tvu vladalo je veliko interesiranje. Kako \u017eena danas poslije rata \u017eivi u Bosni, sa kakvim problemima se sre\u0107e, jesu li ugro\u017eena njena prava, bila su pitanja \u017eenskih pera Turske na koja je odgovarala knji\u017eevnica Bo\u0161kailo, koja je istakla da nije zadovoljna sa polo\u017eajem Bo\u0161njakinje danas u dru\u0161tvu, ali da za polo\u017eaj su i \u017eene krive, jer da je \u017eena vi\u0161e na strani \u017eene, i polo\u017eaj \u017eene bi se promijenio.<\/p>\n<p>Jedna od najbogatijih op\u0161tina u Istanbulu Iskudar je povodom dana \u017eena organizirala je\u00a0 sve\u010danu sesiju pod nazivom \u201eMediji i \u017eana bez granica\u201c na kojima su u\u010destvovale pored ministrice za socijalnu politiku Turske Fatme Sahin, najpoznatije novinarke i knji\u017eevnice Turske, poput Edibe Sozen, Balcicek Iiter,Khadije Bangana, Sanije Ozturk, britanska novinarka iz Londona koja je pre\u0161la na Islam i koja je urednik i vlasnik \u017eenskom islamskog \u010dasopisa \u201eEmel\u201c Sarah Josep. Bosanskohercegova\u010dka knji\u017eevnica dr. Bisera Boskailo bila je specijalni gost.<\/p>\n<p>Njena pjesma \u201eMoja majka\u201c u prevodu poznatog turskog pjesnika iz Makedonije Ilhamija Emina osvojila je srca turskih \u017eena. I ovom prilikom su \u017eene \u017eeljele da \u010duju pjesmu i u originalu, i u prevodu. Pjesma o majci je otela suze mnogim \u017eenama u sve\u010danoj prepunoj sali.<\/p>\n<p>K\u0107erka predsejdnika Turske Red\u017eepa Taipa Erdogana, Esra Albajrak je po zavr\u0161etku tribine pri\u0161la knji\u017eevnici, \u010destitala, priznala da je morala da zapla\u010de nad potresnom pjesmom koja je posve\u0107ena svim Bo\u0161njakinjama, majkama, koje su izgubile najmilije u ratu.<\/p>\n<p>&#8211; Va\u0161a pjesma me natjerala da zapla\u010dem&#8230; Bosna je zemlja koju tako volim, govorila joj je dok joj je stiskala srda\u010dno ruku.<\/p>\n<p>Knji\u017eevnica Bo\u0161kailo je kazala ovom prilikom kako predsejdnika Erdogana, a njenog oca narod Bosne i Sandzaka veoma cijeni i voli.<\/p>\n<p>&#8211; I moj otac voli isto tako Bosnu, rekla joj ne ispu\u0161taju\u0107i joj ruku iz svoje sve dok se nije zavr\u0161ilo sve\u010dano zatvarenje ove tribine gdje je knji\u017eevnici uru\u010deno specijalno priznanje, koje joj je uru\u010dio predsjednik op\u0161tine Iskudar Mustafa Kaja.<\/p>\n<p>Izvor: <strong>Mesihat.org<\/strong><\/p>\n","protected":false},"excerpt":{"rendered":"<p>Turska &#8211; Na me\u0111unarodnim \u010detvorodnevnim danima poezije u Istanbulu me\u0111u 13 predstavnika 13 zemalja pored, Bosne koju je predstavljao D\u017eemaludin Lati\u0107, pozvana je knji\u017eevnica Bisera Sulji\u0107-Bo\u0161kailo kao prestavnik Sand\u017eaka.<\/p>\n","protected":false},"author":83,"featured_media":34396,"comment_status":"open","ping_status":"open","sticky":false,"template":"","format":"standard","meta":{"footnotes":""},"categories":[72,2692],"tags":[],"class_list":{"0":"post-34382","1":"post","2":"type-post","3":"status-publish","4":"format-standard","5":"has-post-thumbnail","7":"category-novi-pazar","8":"category-turska-gradovi"},"yoast_head":"<!-- This site is optimized with the Yoast SEO Premium plugin v23.1 (Yoast SEO v24.9) - https:\/\/yoast.com\/wordpress\/plugins\/seo\/ -->\n<title>Zaplakala turska k\u0107i za bosanskom mati<\/title>\n<meta name=\"robots\" content=\"index, follow, max-snippet:-1, max-image-preview:large, max-video-preview:-1\" \/>\n<link rel=\"canonical\" href=\"https:\/\/sandzakpress.net\/arhiva\/zaplakala-turska-kci-za-bosanskom-mati\/\" \/>\n<meta property=\"og:locale\" content=\"bs_BA\" \/>\n<meta property=\"og:type\" content=\"article\" \/>\n<meta property=\"og:title\" content=\"Zaplakala turska k\u0107i za bosanskom mati\" \/>\n<meta property=\"og:description\" content=\"Turska &#8211; Na me\u0111unarodnim \u010detvorodnevnim danima poezije u Istanbulu me\u0111u 13 predstavnika 13 zemalja pored, Bosne koju je predstavljao D\u017eemaludin Lati\u0107, pozvana je knji\u017eevnica Bisera Sulji\u0107-Bo\u0161kailo kao prestavnik Sand\u017eaka.\" \/>\n<meta property=\"og:url\" content=\"https:\/\/sandzakpress.net\/arhiva\/zaplakala-turska-kci-za-bosanskom-mati\/\" \/>\n<meta property=\"og:site_name\" content=\"Sand\u017eak PRESS\" \/>\n<meta property=\"article:published_time\" content=\"2012-03-16T14:31:22+00:00\" \/>\n<meta property=\"article:modified_time\" content=\"2012-03-16T14:43:54+00:00\" \/>\n<meta property=\"og:image\" content=\"https:\/\/sandzakpress.net\/arhiva\/wp-content\/uploads\/2012\/03\/IMG_33081.jpg\" \/>\n\t<meta property=\"og:image:width\" content=\"600\" \/>\n\t<meta property=\"og:image:height\" content=\"323\" \/>\n\t<meta property=\"og:image:type\" content=\"image\/jpeg\" \/>\n<meta name=\"author\" content=\"bosniak\" \/>\n<meta name=\"twitter:card\" content=\"summary_large_image\" \/>\n<meta name=\"twitter:label1\" content=\"Written by\" \/>\n\t<meta name=\"twitter:data1\" content=\"bosniak\" \/>\n\t<meta name=\"twitter:label2\" content=\"Est. reading time\" \/>\n\t<meta name=\"twitter:data2\" content=\"2 minute\" \/>\n<script type=\"application\/ld+json\" class=\"yoast-schema-graph\">{\"@context\":\"https:\/\/schema.org\",\"@graph\":[{\"@type\":\"Article\",\"@id\":\"https:\/\/sandzakpress.net\/arhiva\/zaplakala-turska-kci-za-bosanskom-mati\/#article\",\"isPartOf\":{\"@id\":\"https:\/\/sandzakpress.net\/arhiva\/zaplakala-turska-kci-za-bosanskom-mati\/\"},\"author\":{\"name\":\"bosniak\",\"@id\":\"https:\/\/sandzakpress.net\/arhiva\/#\/schema\/person\/c8baee722073534b583ea7bdb2e36c02\"},\"headline\":\"Zaplakala turska k\u0107i za bosanskom mati\",\"datePublished\":\"2012-03-16T14:31:22+00:00\",\"dateModified\":\"2012-03-16T14:43:54+00:00\",\"mainEntityOfPage\":{\"@id\":\"https:\/\/sandzakpress.net\/arhiva\/zaplakala-turska-kci-za-bosanskom-mati\/\"},\"wordCount\":492,\"commentCount\":0,\"publisher\":{\"@id\":\"https:\/\/sandzakpress.net\/arhiva\/#\/schema\/person\/6e72b67d6e51910a1117b3b483ba20bd\"},\"image\":{\"@id\":\"https:\/\/sandzakpress.net\/arhiva\/zaplakala-turska-kci-za-bosanskom-mati\/#primaryimage\"},\"thumbnailUrl\":\"https:\/\/sandzakpress.net\/arhiva\/wp-content\/uploads\/2012\/03\/IMG_33081.jpg\",\"articleSection\":[\"Novi Pazar\",\"Turska\"],\"inLanguage\":\"bs-BA\",\"potentialAction\":[{\"@type\":\"CommentAction\",\"name\":\"Comment\",\"target\":[\"https:\/\/sandzakpress.net\/arhiva\/zaplakala-turska-kci-za-bosanskom-mati\/#respond\"]}]},{\"@type\":\"WebPage\",\"@id\":\"https:\/\/sandzakpress.net\/arhiva\/zaplakala-turska-kci-za-bosanskom-mati\/\",\"url\":\"https:\/\/sandzakpress.net\/arhiva\/zaplakala-turska-kci-za-bosanskom-mati\/\",\"name\":\"Zaplakala turska k\u0107i za bosanskom mati\",\"isPartOf\":{\"@id\":\"https:\/\/sandzakpress.net\/arhiva\/#website\"},\"primaryImageOfPage\":{\"@id\":\"https:\/\/sandzakpress.net\/arhiva\/zaplakala-turska-kci-za-bosanskom-mati\/#primaryimage\"},\"image\":{\"@id\":\"https:\/\/sandzakpress.net\/arhiva\/zaplakala-turska-kci-za-bosanskom-mati\/#primaryimage\"},\"thumbnailUrl\":\"https:\/\/sandzakpress.net\/arhiva\/wp-content\/uploads\/2012\/03\/IMG_33081.jpg\",\"datePublished\":\"2012-03-16T14:31:22+00:00\",\"dateModified\":\"2012-03-16T14:43:54+00:00\",\"breadcrumb\":{\"@id\":\"https:\/\/sandzakpress.net\/arhiva\/zaplakala-turska-kci-za-bosanskom-mati\/#breadcrumb\"},\"inLanguage\":\"bs-BA\",\"potentialAction\":[{\"@type\":\"ReadAction\",\"target\":[\"https:\/\/sandzakpress.net\/arhiva\/zaplakala-turska-kci-za-bosanskom-mati\/\"]}]},{\"@type\":\"ImageObject\",\"inLanguage\":\"bs-BA\",\"@id\":\"https:\/\/sandzakpress.net\/arhiva\/zaplakala-turska-kci-za-bosanskom-mati\/#primaryimage\",\"url\":\"https:\/\/sandzakpress.net\/arhiva\/wp-content\/uploads\/2012\/03\/IMG_33081.jpg\",\"contentUrl\":\"https:\/\/sandzakpress.net\/arhiva\/wp-content\/uploads\/2012\/03\/IMG_33081.jpg\",\"width\":600,\"height\":323},{\"@type\":\"BreadcrumbList\",\"@id\":\"https:\/\/sandzakpress.net\/arhiva\/zaplakala-turska-kci-za-bosanskom-mati\/#breadcrumb\",\"itemListElement\":[{\"@type\":\"ListItem\",\"position\":1,\"name\":\"Home\",\"item\":\"https:\/\/sandzakpress.net\/arhiva\/\"},{\"@type\":\"ListItem\",\"position\":2,\"name\":\"Zaplakala turska k\u0107i za bosanskom mati\"}]},{\"@type\":\"WebSite\",\"@id\":\"https:\/\/sandzakpress.net\/arhiva\/#website\",\"url\":\"https:\/\/sandzakpress.net\/arhiva\/\",\"name\":\"Sand\u017eak PRESS\",\"description\":\"Prve elektronske novine u Sand\u017eaku\",\"publisher\":{\"@id\":\"https:\/\/sandzakpress.net\/arhiva\/#\/schema\/person\/6e72b67d6e51910a1117b3b483ba20bd\"},\"potentialAction\":[{\"@type\":\"SearchAction\",\"target\":{\"@type\":\"EntryPoint\",\"urlTemplate\":\"https:\/\/sandzakpress.net\/arhiva\/?s={search_term_string}\"},\"query-input\":{\"@type\":\"PropertyValueSpecification\",\"valueRequired\":true,\"valueName\":\"search_term_string\"}}],\"inLanguage\":\"bs-BA\"},{\"@type\":[\"Person\",\"Organization\"],\"@id\":\"https:\/\/sandzakpress.net\/arhiva\/#\/schema\/person\/6e72b67d6e51910a1117b3b483ba20bd\",\"name\":\"Kul\",\"image\":{\"@type\":\"ImageObject\",\"inLanguage\":\"bs-BA\",\"@id\":\"https:\/\/sandzakpress.net\/arhiva\/#\/schema\/person\/image\/\",\"url\":\"https:\/\/secure.gravatar.com\/avatar\/42263f39aa27ac04c43cab85c280eb2e?s=96&d=mm&r=pg\",\"contentUrl\":\"https:\/\/secure.gravatar.com\/avatar\/42263f39aa27ac04c43cab85c280eb2e?s=96&d=mm&r=pg\",\"caption\":\"Kul\"},\"logo\":{\"@id\":\"https:\/\/sandzakpress.net\/arhiva\/#\/schema\/person\/image\/\"}},{\"@type\":\"Person\",\"@id\":\"https:\/\/sandzakpress.net\/arhiva\/#\/schema\/person\/c8baee722073534b583ea7bdb2e36c02\",\"name\":\"bosniak\",\"image\":{\"@type\":\"ImageObject\",\"inLanguage\":\"bs-BA\",\"@id\":\"https:\/\/sandzakpress.net\/arhiva\/#\/schema\/person\/image\/\",\"url\":\"https:\/\/secure.gravatar.com\/avatar\/a04fd330bfe3a36a72a0ad4a6d89fca7?s=96&d=mm&r=pg\",\"contentUrl\":\"https:\/\/secure.gravatar.com\/avatar\/a04fd330bfe3a36a72a0ad4a6d89fca7?s=96&d=mm&r=pg\",\"caption\":\"bosniak\"},\"url\":\"https:\/\/sandzakpress.net\/arhiva\/author\/bosniak\/\"}]}<\/script>\n<!-- \/ Yoast SEO Premium plugin. -->","yoast_head_json":{"title":"Zaplakala turska k\u0107i za bosanskom mati","robots":{"index":"index","follow":"follow","max-snippet":"max-snippet:-1","max-image-preview":"max-image-preview:large","max-video-preview":"max-video-preview:-1"},"canonical":"https:\/\/sandzakpress.net\/arhiva\/zaplakala-turska-kci-za-bosanskom-mati\/","og_locale":"bs_BA","og_type":"article","og_title":"Zaplakala turska k\u0107i za bosanskom mati","og_description":"Turska &#8211; Na me\u0111unarodnim \u010detvorodnevnim danima poezije u Istanbulu me\u0111u 13 predstavnika 13 zemalja pored, Bosne koju je predstavljao D\u017eemaludin Lati\u0107, pozvana je knji\u017eevnica Bisera Sulji\u0107-Bo\u0161kailo kao prestavnik Sand\u017eaka.","og_url":"https:\/\/sandzakpress.net\/arhiva\/zaplakala-turska-kci-za-bosanskom-mati\/","og_site_name":"Sand\u017eak PRESS","article_published_time":"2012-03-16T14:31:22+00:00","article_modified_time":"2012-03-16T14:43:54+00:00","og_image":[{"width":600,"height":323,"url":"https:\/\/sandzakpress.net\/arhiva\/wp-content\/uploads\/2012\/03\/IMG_33081.jpg","type":"image\/jpeg"}],"author":"bosniak","twitter_card":"summary_large_image","twitter_misc":{"Written by":"bosniak","Est. reading time":"2 minute"},"schema":{"@context":"https:\/\/schema.org","@graph":[{"@type":"Article","@id":"https:\/\/sandzakpress.net\/arhiva\/zaplakala-turska-kci-za-bosanskom-mati\/#article","isPartOf":{"@id":"https:\/\/sandzakpress.net\/arhiva\/zaplakala-turska-kci-za-bosanskom-mati\/"},"author":{"name":"bosniak","@id":"https:\/\/sandzakpress.net\/arhiva\/#\/schema\/person\/c8baee722073534b583ea7bdb2e36c02"},"headline":"Zaplakala turska k\u0107i za bosanskom mati","datePublished":"2012-03-16T14:31:22+00:00","dateModified":"2012-03-16T14:43:54+00:00","mainEntityOfPage":{"@id":"https:\/\/sandzakpress.net\/arhiva\/zaplakala-turska-kci-za-bosanskom-mati\/"},"wordCount":492,"commentCount":0,"publisher":{"@id":"https:\/\/sandzakpress.net\/arhiva\/#\/schema\/person\/6e72b67d6e51910a1117b3b483ba20bd"},"image":{"@id":"https:\/\/sandzakpress.net\/arhiva\/zaplakala-turska-kci-za-bosanskom-mati\/#primaryimage"},"thumbnailUrl":"https:\/\/sandzakpress.net\/arhiva\/wp-content\/uploads\/2012\/03\/IMG_33081.jpg","articleSection":["Novi Pazar","Turska"],"inLanguage":"bs-BA","potentialAction":[{"@type":"CommentAction","name":"Comment","target":["https:\/\/sandzakpress.net\/arhiva\/zaplakala-turska-kci-za-bosanskom-mati\/#respond"]}]},{"@type":"WebPage","@id":"https:\/\/sandzakpress.net\/arhiva\/zaplakala-turska-kci-za-bosanskom-mati\/","url":"https:\/\/sandzakpress.net\/arhiva\/zaplakala-turska-kci-za-bosanskom-mati\/","name":"Zaplakala turska k\u0107i za bosanskom mati","isPartOf":{"@id":"https:\/\/sandzakpress.net\/arhiva\/#website"},"primaryImageOfPage":{"@id":"https:\/\/sandzakpress.net\/arhiva\/zaplakala-turska-kci-za-bosanskom-mati\/#primaryimage"},"image":{"@id":"https:\/\/sandzakpress.net\/arhiva\/zaplakala-turska-kci-za-bosanskom-mati\/#primaryimage"},"thumbnailUrl":"https:\/\/sandzakpress.net\/arhiva\/wp-content\/uploads\/2012\/03\/IMG_33081.jpg","datePublished":"2012-03-16T14:31:22+00:00","dateModified":"2012-03-16T14:43:54+00:00","breadcrumb":{"@id":"https:\/\/sandzakpress.net\/arhiva\/zaplakala-turska-kci-za-bosanskom-mati\/#breadcrumb"},"inLanguage":"bs-BA","potentialAction":[{"@type":"ReadAction","target":["https:\/\/sandzakpress.net\/arhiva\/zaplakala-turska-kci-za-bosanskom-mati\/"]}]},{"@type":"ImageObject","inLanguage":"bs-BA","@id":"https:\/\/sandzakpress.net\/arhiva\/zaplakala-turska-kci-za-bosanskom-mati\/#primaryimage","url":"https:\/\/sandzakpress.net\/arhiva\/wp-content\/uploads\/2012\/03\/IMG_33081.jpg","contentUrl":"https:\/\/sandzakpress.net\/arhiva\/wp-content\/uploads\/2012\/03\/IMG_33081.jpg","width":600,"height":323},{"@type":"BreadcrumbList","@id":"https:\/\/sandzakpress.net\/arhiva\/zaplakala-turska-kci-za-bosanskom-mati\/#breadcrumb","itemListElement":[{"@type":"ListItem","position":1,"name":"Home","item":"https:\/\/sandzakpress.net\/arhiva\/"},{"@type":"ListItem","position":2,"name":"Zaplakala turska k\u0107i za bosanskom mati"}]},{"@type":"WebSite","@id":"https:\/\/sandzakpress.net\/arhiva\/#website","url":"https:\/\/sandzakpress.net\/arhiva\/","name":"Sand\u017eak PRESS","description":"Prve elektronske novine u Sand\u017eaku","publisher":{"@id":"https:\/\/sandzakpress.net\/arhiva\/#\/schema\/person\/6e72b67d6e51910a1117b3b483ba20bd"},"potentialAction":[{"@type":"SearchAction","target":{"@type":"EntryPoint","urlTemplate":"https:\/\/sandzakpress.net\/arhiva\/?s={search_term_string}"},"query-input":{"@type":"PropertyValueSpecification","valueRequired":true,"valueName":"search_term_string"}}],"inLanguage":"bs-BA"},{"@type":["Person","Organization"],"@id":"https:\/\/sandzakpress.net\/arhiva\/#\/schema\/person\/6e72b67d6e51910a1117b3b483ba20bd","name":"Kul","image":{"@type":"ImageObject","inLanguage":"bs-BA","@id":"https:\/\/sandzakpress.net\/arhiva\/#\/schema\/person\/image\/","url":"https:\/\/secure.gravatar.com\/avatar\/42263f39aa27ac04c43cab85c280eb2e?s=96&d=mm&r=pg","contentUrl":"https:\/\/secure.gravatar.com\/avatar\/42263f39aa27ac04c43cab85c280eb2e?s=96&d=mm&r=pg","caption":"Kul"},"logo":{"@id":"https:\/\/sandzakpress.net\/arhiva\/#\/schema\/person\/image\/"}},{"@type":"Person","@id":"https:\/\/sandzakpress.net\/arhiva\/#\/schema\/person\/c8baee722073534b583ea7bdb2e36c02","name":"bosniak","image":{"@type":"ImageObject","inLanguage":"bs-BA","@id":"https:\/\/sandzakpress.net\/arhiva\/#\/schema\/person\/image\/","url":"https:\/\/secure.gravatar.com\/avatar\/a04fd330bfe3a36a72a0ad4a6d89fca7?s=96&d=mm&r=pg","contentUrl":"https:\/\/secure.gravatar.com\/avatar\/a04fd330bfe3a36a72a0ad4a6d89fca7?s=96&d=mm&r=pg","caption":"bosniak"},"url":"https:\/\/sandzakpress.net\/arhiva\/author\/bosniak\/"}]}},"_links":{"self":[{"href":"https:\/\/sandzakpress.net\/arhiva\/wp-json\/wp\/v2\/posts\/34382"}],"collection":[{"href":"https:\/\/sandzakpress.net\/arhiva\/wp-json\/wp\/v2\/posts"}],"about":[{"href":"https:\/\/sandzakpress.net\/arhiva\/wp-json\/wp\/v2\/types\/post"}],"author":[{"embeddable":true,"href":"https:\/\/sandzakpress.net\/arhiva\/wp-json\/wp\/v2\/users\/83"}],"replies":[{"embeddable":true,"href":"https:\/\/sandzakpress.net\/arhiva\/wp-json\/wp\/v2\/comments?post=34382"}],"version-history":[{"count":0,"href":"https:\/\/sandzakpress.net\/arhiva\/wp-json\/wp\/v2\/posts\/34382\/revisions"}],"wp:featuredmedia":[{"embeddable":true,"href":"https:\/\/sandzakpress.net\/arhiva\/wp-json\/wp\/v2\/media\/34396"}],"wp:attachment":[{"href":"https:\/\/sandzakpress.net\/arhiva\/wp-json\/wp\/v2\/media?parent=34382"}],"wp:term":[{"taxonomy":"category","embeddable":true,"href":"https:\/\/sandzakpress.net\/arhiva\/wp-json\/wp\/v2\/categories?post=34382"},{"taxonomy":"post_tag","embeddable":true,"href":"https:\/\/sandzakpress.net\/arhiva\/wp-json\/wp\/v2\/tags?post=34382"}],"curies":[{"name":"wp","href":"https:\/\/api.w.org\/{rel}","templated":true}]}}