{"id":34371,"date":"2012-03-16T14:00:58","date_gmt":"2012-03-16T13:00:58","guid":{"rendered":"https:\/\/sandzakpress.net\/arhiva\/?p=34371"},"modified":"2012-03-16T14:39:44","modified_gmt":"2012-03-16T13:39:44","slug":"posjetu-turskoj-fejzic-nastavio-prijemom-u-direkciji-vladine-agencije-tika","status":"publish","type":"post","link":"https:\/\/sandzakpress.net\/arhiva\/posjetu-turskoj-fejzic-nastavio-prijemom-u-direkciji-vladine-agencije-tika\/","title":{"rendered":"Posjetu Turskoj Fejzi\u0107 nastavio prijemom u direkciji vladine agencije TIKA"},"content":{"rendered":"<p><strong><a href=\"https:\/\/sandzakpress.net\/arhiva\/wp-content\/uploads\/2012\/03\/SAN_8380-610x406.jpg\"><img loading=\"lazy\" decoding=\"async\" class=\"alignleft size-medium wp-image-34372\" title=\"SAN_8380-610x406\" src=\"https:\/\/sandzakpress.net\/arhiva\/wp-content\/uploads\/2012\/03\/SAN_8380-610x406-300x199.jpg\" alt=\"\" width=\"300\" height=\"199\" \/><\/a>Ju\u017eni Sand\u017eak &#8211; Reisa\u00a0Rifata Fejzi\u0107a i direktora kancelarije za odnose sa inostranstvom\u00a0Omera Kajoshaja, u centrali vladine organizacije TIKA primio je generalni direktor\u00a0\u00a0Serdar \u00c7am sa saradnicima zadu\u017eenim za Balkan i Crnu Goru. Od strane gostiju, konstatovano je da je TIKA zna\u010dajnim sredstvima pomogla u realizaciji brojnih su\u0161tinski bitnih projekata Islamske zajednice u Crnoj Gori.<\/strong><\/p>\n<p>Fejzi\u0107 se doma\u0107inima zahvalio da dosada\u0161njoj pomo\u0107i i izrazio o\u010dekivanja da \u0107e TIKA sli\u010dnim intenzitetom nastaviti da bude najprivr\u017eeniji i partner sa najvi\u0161e razumijevanja za potrebe Islamske zajednice.\u00a0D\u0131rektor Serdar \u00c7am se zahvalio reisu na posjeti \u0131 obe\u0107ao da \u0107e T\u0131ka nastaviti da poma\u017ee projekte Islamske zajednice.\u00a0 Da obe\u0107anja ne bi ostala tek na rije\u010dima, na sastanku je iskori\u0161tena prilika za postizanje dogovora da TIKA ve\u0107 u teku\u0107oj godini pomogne izgradnju Islamskog centra u Baru, koji je jedan od najobimnijih projekata u izradi.<\/p>\n<p>Fejzi\u0107 se zahvalio na konkretnoj spremnosti na pomo\u0107 i pozvao direktora da posjeti \u00a0Me\u0161ihat IZ-e. Doma\u0107in je ovu ponudu sa zadovoljstvom prihvatio, a zajedni\u010dki je stav da bi najbolja prilika za to bila ovogodi\u0161nja dodjela diploma prvoj generaciji maturanata medrese \u201cMehmed Fatih\u201d u Podgorici. Osim generalnog direktora, sa delegacijom Islamske zajednice u Crnoj Gori su se sastali zamjenici direktora,\u00a0S\u00fcreyya Er i\u00a0Harun Tuncer, sa kojima se detaljnije govorilo o preuzetim projektima.<\/p>\n<p>Sasvim\u00a0 prijatno iznena\u0111enje reisu su pripremili slu\u017ebenici agencije\u00a0TIKA,\u00a0 biv\u0161i kordinatori i njihovi zamjenici iz Podgorice koji su se svi okupili na jednom mjestu do\u010dekav\u0161i musafire i evociraju\u0107i uspomene iz Crne Gore.<\/p>\n<p>Izvor:<strong> Monteislam.com<\/strong><\/p>\n","protected":false},"excerpt":{"rendered":"<p>Ju\u017eni Sand\u017eak &#8211; Reisa\u00a0Rifata Fejzi\u0107a i direktora kancelarije za odnose sa inostranstvom\u00a0Omera Kajoshaja, u centrali vladine organizacije TIKA primio je generalni direktor\u00a0\u00a0Serdar \u00c7am sa saradnicima zadu\u017eenim za Balkan i Crnu Goru. Od strane gostiju, konstatovano je da je TIKA zna\u010dajnim sredstvima pomogla u realizaciji brojnih su\u0161tinski bitnih projekata Islamske zajednice u Crnoj Gori. Fejzi\u0107 se [&hellip;]<\/p>\n","protected":false},"author":14,"featured_media":34372,"comment_status":"open","ping_status":"open","sticky":false,"template":"","format":"standard","meta":{"footnotes":""},"categories":[398,396,802,399,2692],"tags":[],"class_list":{"0":"post-34371","1":"post","2":"type-post","3":"status-publish","4":"format-standard","5":"has-post-thumbnail","7":"category-rozaje","8":"category-bijelo_polje","9":"category-islamska_zajednica","10":"category-plav_","11":"category-turska-gradovi"},"yoast_head":"<!-- This site is optimized with the Yoast SEO Premium plugin v23.1 (Yoast SEO v24.9) - https:\/\/yoast.com\/wordpress\/plugins\/seo\/ -->\n<title>Posjetu Turskoj Fejzi\u0107 nastavio prijemom u direkciji vladine agencije TIKA<\/title>\n<meta name=\"robots\" content=\"index, follow, max-snippet:-1, max-image-preview:large, max-video-preview:-1\" \/>\n<link rel=\"canonical\" href=\"https:\/\/sandzakpress.net\/arhiva\/posjetu-turskoj-fejzic-nastavio-prijemom-u-direkciji-vladine-agencije-tika\/\" \/>\n<meta property=\"og:locale\" content=\"bs_BA\" \/>\n<meta property=\"og:type\" content=\"article\" \/>\n<meta property=\"og:title\" content=\"Posjetu Turskoj Fejzi\u0107 nastavio prijemom u direkciji vladine agencije TIKA\" \/>\n<meta property=\"og:description\" content=\"Ju\u017eni Sand\u017eak &#8211; Reisa\u00a0Rifata Fejzi\u0107a i direktora kancelarije za odnose sa inostranstvom\u00a0Omera Kajoshaja, u centrali vladine organizacije TIKA primio je generalni direktor\u00a0\u00a0Serdar \u00c7am sa saradnicima zadu\u017eenim za Balkan i Crnu Goru. Od strane gostiju, konstatovano je da je TIKA zna\u010dajnim sredstvima pomogla u realizaciji brojnih su\u0161tinski bitnih projekata Islamske zajednice u Crnoj Gori. Fejzi\u0107 se [&hellip;]\" \/>\n<meta property=\"og:url\" content=\"https:\/\/sandzakpress.net\/arhiva\/posjetu-turskoj-fejzic-nastavio-prijemom-u-direkciji-vladine-agencije-tika\/\" \/>\n<meta property=\"og:site_name\" content=\"Sand\u017eak PRESS\" \/>\n<meta property=\"article:published_time\" content=\"2012-03-16T13:00:58+00:00\" \/>\n<meta property=\"article:modified_time\" content=\"2012-03-16T13:39:44+00:00\" \/>\n<meta property=\"og:image\" content=\"https:\/\/sandzakpress.net\/arhiva\/wp-content\/uploads\/2012\/03\/SAN_8380-610x406.jpg\" \/>\n\t<meta property=\"og:image:width\" content=\"610\" \/>\n\t<meta property=\"og:image:height\" content=\"406\" \/>\n\t<meta property=\"og:image:type\" content=\"image\/jpeg\" \/>\n<meta name=\"twitter:card\" content=\"summary_large_image\" \/>\n<meta name=\"twitter:label1\" content=\"Written by\" \/>\n\t<meta name=\"twitter:data1\" content=\"\" \/>\n\t<meta name=\"twitter:label2\" content=\"Est. reading time\" \/>\n\t<meta name=\"twitter:data2\" content=\"1 minuta\" \/>\n<script type=\"application\/ld+json\" class=\"yoast-schema-graph\">{\"@context\":\"https:\/\/schema.org\",\"@graph\":[{\"@type\":\"Article\",\"@id\":\"https:\/\/sandzakpress.net\/arhiva\/posjetu-turskoj-fejzic-nastavio-prijemom-u-direkciji-vladine-agencije-tika\/#article\",\"isPartOf\":{\"@id\":\"https:\/\/sandzakpress.net\/arhiva\/posjetu-turskoj-fejzic-nastavio-prijemom-u-direkciji-vladine-agencije-tika\/\"},\"author\":{\"name\":\"\",\"@id\":\"\"},\"headline\":\"Posjetu Turskoj Fejzi\u0107 nastavio prijemom u direkciji vladine agencije TIKA\",\"datePublished\":\"2012-03-16T13:00:58+00:00\",\"dateModified\":\"2012-03-16T13:39:44+00:00\",\"mainEntityOfPage\":{\"@id\":\"https:\/\/sandzakpress.net\/arhiva\/posjetu-turskoj-fejzic-nastavio-prijemom-u-direkciji-vladine-agencije-tika\/\"},\"wordCount\":287,\"commentCount\":0,\"publisher\":{\"@id\":\"https:\/\/sandzakpress.net\/arhiva\/#\/schema\/person\/6e72b67d6e51910a1117b3b483ba20bd\"},\"image\":{\"@id\":\"https:\/\/sandzakpress.net\/arhiva\/posjetu-turskoj-fejzic-nastavio-prijemom-u-direkciji-vladine-agencije-tika\/#primaryimage\"},\"thumbnailUrl\":\"https:\/\/sandzakpress.net\/arhiva\/wp-content\/uploads\/2012\/03\/SAN_8380-610x406.jpg\",\"articleSection\":[\"Ro\u017eaje\",\"Bijelo Polje\",\"Islamska zajednica\",\"Plav\",\"Turska\"],\"inLanguage\":\"bs-BA\",\"potentialAction\":[{\"@type\":\"CommentAction\",\"name\":\"Comment\",\"target\":[\"https:\/\/sandzakpress.net\/arhiva\/posjetu-turskoj-fejzic-nastavio-prijemom-u-direkciji-vladine-agencije-tika\/#respond\"]}]},{\"@type\":\"WebPage\",\"@id\":\"https:\/\/sandzakpress.net\/arhiva\/posjetu-turskoj-fejzic-nastavio-prijemom-u-direkciji-vladine-agencije-tika\/\",\"url\":\"https:\/\/sandzakpress.net\/arhiva\/posjetu-turskoj-fejzic-nastavio-prijemom-u-direkciji-vladine-agencije-tika\/\",\"name\":\"Posjetu Turskoj Fejzi\u0107 nastavio prijemom u direkciji vladine agencije TIKA\",\"isPartOf\":{\"@id\":\"https:\/\/sandzakpress.net\/arhiva\/#website\"},\"primaryImageOfPage\":{\"@id\":\"https:\/\/sandzakpress.net\/arhiva\/posjetu-turskoj-fejzic-nastavio-prijemom-u-direkciji-vladine-agencije-tika\/#primaryimage\"},\"image\":{\"@id\":\"https:\/\/sandzakpress.net\/arhiva\/posjetu-turskoj-fejzic-nastavio-prijemom-u-direkciji-vladine-agencije-tika\/#primaryimage\"},\"thumbnailUrl\":\"https:\/\/sandzakpress.net\/arhiva\/wp-content\/uploads\/2012\/03\/SAN_8380-610x406.jpg\",\"datePublished\":\"2012-03-16T13:00:58+00:00\",\"dateModified\":\"2012-03-16T13:39:44+00:00\",\"breadcrumb\":{\"@id\":\"https:\/\/sandzakpress.net\/arhiva\/posjetu-turskoj-fejzic-nastavio-prijemom-u-direkciji-vladine-agencije-tika\/#breadcrumb\"},\"inLanguage\":\"bs-BA\",\"potentialAction\":[{\"@type\":\"ReadAction\",\"target\":[\"https:\/\/sandzakpress.net\/arhiva\/posjetu-turskoj-fejzic-nastavio-prijemom-u-direkciji-vladine-agencije-tika\/\"]}]},{\"@type\":\"ImageObject\",\"inLanguage\":\"bs-BA\",\"@id\":\"https:\/\/sandzakpress.net\/arhiva\/posjetu-turskoj-fejzic-nastavio-prijemom-u-direkciji-vladine-agencije-tika\/#primaryimage\",\"url\":\"https:\/\/sandzakpress.net\/arhiva\/wp-content\/uploads\/2012\/03\/SAN_8380-610x406.jpg\",\"contentUrl\":\"https:\/\/sandzakpress.net\/arhiva\/wp-content\/uploads\/2012\/03\/SAN_8380-610x406.jpg\",\"width\":610,\"height\":406},{\"@type\":\"BreadcrumbList\",\"@id\":\"https:\/\/sandzakpress.net\/arhiva\/posjetu-turskoj-fejzic-nastavio-prijemom-u-direkciji-vladine-agencije-tika\/#breadcrumb\",\"itemListElement\":[{\"@type\":\"ListItem\",\"position\":1,\"name\":\"Home\",\"item\":\"https:\/\/sandzakpress.net\/arhiva\/\"},{\"@type\":\"ListItem\",\"position\":2,\"name\":\"Posjetu Turskoj Fejzi\u0107 nastavio prijemom u direkciji vladine agencije TIKA\"}]},{\"@type\":\"WebSite\",\"@id\":\"https:\/\/sandzakpress.net\/arhiva\/#website\",\"url\":\"https:\/\/sandzakpress.net\/arhiva\/\",\"name\":\"Sand\u017eak PRESS\",\"description\":\"Prve elektronske novine u Sand\u017eaku\",\"publisher\":{\"@id\":\"https:\/\/sandzakpress.net\/arhiva\/#\/schema\/person\/6e72b67d6e51910a1117b3b483ba20bd\"},\"potentialAction\":[{\"@type\":\"SearchAction\",\"target\":{\"@type\":\"EntryPoint\",\"urlTemplate\":\"https:\/\/sandzakpress.net\/arhiva\/?s={search_term_string}\"},\"query-input\":{\"@type\":\"PropertyValueSpecification\",\"valueRequired\":true,\"valueName\":\"search_term_string\"}}],\"inLanguage\":\"bs-BA\"},{\"@type\":[\"Person\",\"Organization\"],\"@id\":\"https:\/\/sandzakpress.net\/arhiva\/#\/schema\/person\/6e72b67d6e51910a1117b3b483ba20bd\",\"name\":\"Kul\",\"image\":{\"@type\":\"ImageObject\",\"inLanguage\":\"bs-BA\",\"@id\":\"https:\/\/sandzakpress.net\/arhiva\/#\/schema\/person\/image\/\",\"url\":\"https:\/\/secure.gravatar.com\/avatar\/42263f39aa27ac04c43cab85c280eb2e?s=96&d=mm&r=pg\",\"contentUrl\":\"https:\/\/secure.gravatar.com\/avatar\/42263f39aa27ac04c43cab85c280eb2e?s=96&d=mm&r=pg\",\"caption\":\"Kul\"},\"logo\":{\"@id\":\"https:\/\/sandzakpress.net\/arhiva\/#\/schema\/person\/image\/\"}},{\"@type\":\"Person\",\"@id\":\"\",\"url\":\"https:\/\/sandzakpress.net\/arhiva\/author\/\"}]}<\/script>\n<!-- \/ Yoast SEO Premium plugin. -->","yoast_head_json":{"title":"Posjetu Turskoj Fejzi\u0107 nastavio prijemom u direkciji vladine agencije TIKA","robots":{"index":"index","follow":"follow","max-snippet":"max-snippet:-1","max-image-preview":"max-image-preview:large","max-video-preview":"max-video-preview:-1"},"canonical":"https:\/\/sandzakpress.net\/arhiva\/posjetu-turskoj-fejzic-nastavio-prijemom-u-direkciji-vladine-agencije-tika\/","og_locale":"bs_BA","og_type":"article","og_title":"Posjetu Turskoj Fejzi\u0107 nastavio prijemom u direkciji vladine agencije TIKA","og_description":"Ju\u017eni Sand\u017eak &#8211; Reisa\u00a0Rifata Fejzi\u0107a i direktora kancelarije za odnose sa inostranstvom\u00a0Omera Kajoshaja, u centrali vladine organizacije TIKA primio je generalni direktor\u00a0\u00a0Serdar \u00c7am sa saradnicima zadu\u017eenim za Balkan i Crnu Goru. Od strane gostiju, konstatovano je da je TIKA zna\u010dajnim sredstvima pomogla u realizaciji brojnih su\u0161tinski bitnih projekata Islamske zajednice u Crnoj Gori. Fejzi\u0107 se [&hellip;]","og_url":"https:\/\/sandzakpress.net\/arhiva\/posjetu-turskoj-fejzic-nastavio-prijemom-u-direkciji-vladine-agencije-tika\/","og_site_name":"Sand\u017eak PRESS","article_published_time":"2012-03-16T13:00:58+00:00","article_modified_time":"2012-03-16T13:39:44+00:00","og_image":[{"width":610,"height":406,"url":"https:\/\/sandzakpress.net\/arhiva\/wp-content\/uploads\/2012\/03\/SAN_8380-610x406.jpg","type":"image\/jpeg"}],"twitter_card":"summary_large_image","twitter_misc":{"Written by":"","Est. reading time":"1 minuta"},"schema":{"@context":"https:\/\/schema.org","@graph":[{"@type":"Article","@id":"https:\/\/sandzakpress.net\/arhiva\/posjetu-turskoj-fejzic-nastavio-prijemom-u-direkciji-vladine-agencije-tika\/#article","isPartOf":{"@id":"https:\/\/sandzakpress.net\/arhiva\/posjetu-turskoj-fejzic-nastavio-prijemom-u-direkciji-vladine-agencije-tika\/"},"author":{"name":"","@id":""},"headline":"Posjetu Turskoj Fejzi\u0107 nastavio prijemom u direkciji vladine agencije TIKA","datePublished":"2012-03-16T13:00:58+00:00","dateModified":"2012-03-16T13:39:44+00:00","mainEntityOfPage":{"@id":"https:\/\/sandzakpress.net\/arhiva\/posjetu-turskoj-fejzic-nastavio-prijemom-u-direkciji-vladine-agencije-tika\/"},"wordCount":287,"commentCount":0,"publisher":{"@id":"https:\/\/sandzakpress.net\/arhiva\/#\/schema\/person\/6e72b67d6e51910a1117b3b483ba20bd"},"image":{"@id":"https:\/\/sandzakpress.net\/arhiva\/posjetu-turskoj-fejzic-nastavio-prijemom-u-direkciji-vladine-agencije-tika\/#primaryimage"},"thumbnailUrl":"https:\/\/sandzakpress.net\/arhiva\/wp-content\/uploads\/2012\/03\/SAN_8380-610x406.jpg","articleSection":["Ro\u017eaje","Bijelo Polje","Islamska zajednica","Plav","Turska"],"inLanguage":"bs-BA","potentialAction":[{"@type":"CommentAction","name":"Comment","target":["https:\/\/sandzakpress.net\/arhiva\/posjetu-turskoj-fejzic-nastavio-prijemom-u-direkciji-vladine-agencije-tika\/#respond"]}]},{"@type":"WebPage","@id":"https:\/\/sandzakpress.net\/arhiva\/posjetu-turskoj-fejzic-nastavio-prijemom-u-direkciji-vladine-agencije-tika\/","url":"https:\/\/sandzakpress.net\/arhiva\/posjetu-turskoj-fejzic-nastavio-prijemom-u-direkciji-vladine-agencije-tika\/","name":"Posjetu Turskoj Fejzi\u0107 nastavio prijemom u direkciji vladine agencije TIKA","isPartOf":{"@id":"https:\/\/sandzakpress.net\/arhiva\/#website"},"primaryImageOfPage":{"@id":"https:\/\/sandzakpress.net\/arhiva\/posjetu-turskoj-fejzic-nastavio-prijemom-u-direkciji-vladine-agencije-tika\/#primaryimage"},"image":{"@id":"https:\/\/sandzakpress.net\/arhiva\/posjetu-turskoj-fejzic-nastavio-prijemom-u-direkciji-vladine-agencije-tika\/#primaryimage"},"thumbnailUrl":"https:\/\/sandzakpress.net\/arhiva\/wp-content\/uploads\/2012\/03\/SAN_8380-610x406.jpg","datePublished":"2012-03-16T13:00:58+00:00","dateModified":"2012-03-16T13:39:44+00:00","breadcrumb":{"@id":"https:\/\/sandzakpress.net\/arhiva\/posjetu-turskoj-fejzic-nastavio-prijemom-u-direkciji-vladine-agencije-tika\/#breadcrumb"},"inLanguage":"bs-BA","potentialAction":[{"@type":"ReadAction","target":["https:\/\/sandzakpress.net\/arhiva\/posjetu-turskoj-fejzic-nastavio-prijemom-u-direkciji-vladine-agencije-tika\/"]}]},{"@type":"ImageObject","inLanguage":"bs-BA","@id":"https:\/\/sandzakpress.net\/arhiva\/posjetu-turskoj-fejzic-nastavio-prijemom-u-direkciji-vladine-agencije-tika\/#primaryimage","url":"https:\/\/sandzakpress.net\/arhiva\/wp-content\/uploads\/2012\/03\/SAN_8380-610x406.jpg","contentUrl":"https:\/\/sandzakpress.net\/arhiva\/wp-content\/uploads\/2012\/03\/SAN_8380-610x406.jpg","width":610,"height":406},{"@type":"BreadcrumbList","@id":"https:\/\/sandzakpress.net\/arhiva\/posjetu-turskoj-fejzic-nastavio-prijemom-u-direkciji-vladine-agencije-tika\/#breadcrumb","itemListElement":[{"@type":"ListItem","position":1,"name":"Home","item":"https:\/\/sandzakpress.net\/arhiva\/"},{"@type":"ListItem","position":2,"name":"Posjetu Turskoj Fejzi\u0107 nastavio prijemom u direkciji vladine agencije TIKA"}]},{"@type":"WebSite","@id":"https:\/\/sandzakpress.net\/arhiva\/#website","url":"https:\/\/sandzakpress.net\/arhiva\/","name":"Sand\u017eak PRESS","description":"Prve elektronske novine u Sand\u017eaku","publisher":{"@id":"https:\/\/sandzakpress.net\/arhiva\/#\/schema\/person\/6e72b67d6e51910a1117b3b483ba20bd"},"potentialAction":[{"@type":"SearchAction","target":{"@type":"EntryPoint","urlTemplate":"https:\/\/sandzakpress.net\/arhiva\/?s={search_term_string}"},"query-input":{"@type":"PropertyValueSpecification","valueRequired":true,"valueName":"search_term_string"}}],"inLanguage":"bs-BA"},{"@type":["Person","Organization"],"@id":"https:\/\/sandzakpress.net\/arhiva\/#\/schema\/person\/6e72b67d6e51910a1117b3b483ba20bd","name":"Kul","image":{"@type":"ImageObject","inLanguage":"bs-BA","@id":"https:\/\/sandzakpress.net\/arhiva\/#\/schema\/person\/image\/","url":"https:\/\/secure.gravatar.com\/avatar\/42263f39aa27ac04c43cab85c280eb2e?s=96&d=mm&r=pg","contentUrl":"https:\/\/secure.gravatar.com\/avatar\/42263f39aa27ac04c43cab85c280eb2e?s=96&d=mm&r=pg","caption":"Kul"},"logo":{"@id":"https:\/\/sandzakpress.net\/arhiva\/#\/schema\/person\/image\/"}},{"@type":"Person","@id":"","url":"https:\/\/sandzakpress.net\/arhiva\/author\/"}]}},"_links":{"self":[{"href":"https:\/\/sandzakpress.net\/arhiva\/wp-json\/wp\/v2\/posts\/34371"}],"collection":[{"href":"https:\/\/sandzakpress.net\/arhiva\/wp-json\/wp\/v2\/posts"}],"about":[{"href":"https:\/\/sandzakpress.net\/arhiva\/wp-json\/wp\/v2\/types\/post"}],"author":[{"embeddable":true,"href":"https:\/\/sandzakpress.net\/arhiva\/wp-json\/wp\/v2\/users\/14"}],"replies":[{"embeddable":true,"href":"https:\/\/sandzakpress.net\/arhiva\/wp-json\/wp\/v2\/comments?post=34371"}],"version-history":[{"count":0,"href":"https:\/\/sandzakpress.net\/arhiva\/wp-json\/wp\/v2\/posts\/34371\/revisions"}],"wp:featuredmedia":[{"embeddable":true,"href":"https:\/\/sandzakpress.net\/arhiva\/wp-json\/wp\/v2\/media\/34372"}],"wp:attachment":[{"href":"https:\/\/sandzakpress.net\/arhiva\/wp-json\/wp\/v2\/media?parent=34371"}],"wp:term":[{"taxonomy":"category","embeddable":true,"href":"https:\/\/sandzakpress.net\/arhiva\/wp-json\/wp\/v2\/categories?post=34371"},{"taxonomy":"post_tag","embeddable":true,"href":"https:\/\/sandzakpress.net\/arhiva\/wp-json\/wp\/v2\/tags?post=34371"}],"curies":[{"name":"wp","href":"https:\/\/api.w.org\/{rel}","templated":true}]}}