{"id":34368,"date":"2012-03-16T14:21:00","date_gmt":"2012-03-16T13:21:00","guid":{"rendered":"https:\/\/sandzakpress.net\/arhiva\/?p=34368"},"modified":"2012-03-16T17:19:02","modified_gmt":"2012-03-16T16:19:02","slug":"rocen-ne-postoji-vladina-platforma-o-sandzaku","status":"publish","type":"post","link":"https:\/\/sandzakpress.net\/arhiva\/rocen-ne-postoji-vladina-platforma-o-sandzaku\/","title":{"rendered":"Ro\u0107en: Ne postoji Vladina platforma o Sand\u017eaku"},"content":{"rendered":"<p><strong><a href=\"https:\/\/sandzakpress.net\/arhiva\/wp-content\/uploads\/2012\/03\/milan_rocen_nova_001.jpg\"><img loading=\"lazy\" decoding=\"async\" class=\"alignleft size-medium wp-image-34369\" title=\"milan_rocen_nova_001\" src=\"https:\/\/sandzakpress.net\/arhiva\/wp-content\/uploads\/2012\/03\/milan_rocen_nova_001-300x142.jpg\" alt=\"\" width=\"300\" height=\"142\" \/><\/a>Ju\u017eni Sand\u017eak &#8211; Ministar vanjskih poslova i evropskih integracija Milan Ro\u0107en je, odgovaraju\u0107i na poslani\u010dka pitanja u parlamentu, kazao da Vlada Crne Gore nije usvojila platformu kojom se Sand\u017eak tretira kao prekograni\u010dna regija, niti je potpisala ugovor sa Srbijom o promociji te oblasti.<\/strong><\/p>\n<p>vaj odgovor je uslijedio na pitanje poslanika SNP Milana Kne\u017eevi\u0107a \u201eda li je \u0161ef diplomatije dao saglasnost ministru bez portfelja Rafetu Husovi\u0107u da u\u010destvuje u turisti\u010dkoj promociji prekograni\u010dne regije Sand\u017eaka u decembru pro\u0161le godine u Briselu\u201c.<\/p>\n<p>Ministar Ro\u0107en je odgovorio da je Husovi\u0107 o u\u010de\u0161\u0107u na prezentaciji u oktobru obavijestio Ministarstvo vanjskih poslova i evropskih integracija i crnogorsku Misiju pri Evropskoj uniji, kao i premijera Igora Luk\u0161i\u0107a.<\/p>\n<p>&#8211; Vlada nije usvajala platformu tim povodom, niti je imala bilo kakvih finansijskih obaveza. Ne postoji me\u0111udr\u017eavni sporazum sa Srbijom o promociji prekograni\u010dne regije Sand\u017eak, niti je to neophodno za organizovanje takvih i sli\u010dnih zajedni\u010dkih aktivnosti u bilo kom dijelu na\u0161e granice \u2013 kazao je Ro\u0107en odgovaraju\u0107i na pitanje Kne\u017eevi\u0107a. Prema rije\u010dima ministra, Husovi\u0107 je obavijestio da je glavni promoter i nosilac tog projekta bila Kancelarija za odr\u017eivi razvoj Vlade Srbije.<\/p>\n<p>\u0160ef diplomatije je kazao da se kroz promociju prekograni\u010dnih projekata privla\u010de zna\u010dajna sredstva iz IPA fondova. Na ovu sugestiju ministra, Kne\u017eevi\u0107 je predlo\u017eio da se promovi\u0161u \u201eturisti\u010dki potencijali bokeljsko-zetske regije\u201c.<\/p>\n<p><strong>Ni\u0161ta sporno oko pregovora<\/strong><\/p>\n<p>Poslanika SNP Vasilija Lalo\u0161evi\u0107a interesovalo kako te\u010de proces uspostavljanja pregovara\u010dkih struktura i da li \u0107e predstavnici NVO u radnim grupama biti jednako tretirani kao \u010dlanovi iz dr\u017eavnih institucija.<\/p>\n<p>&#8211; Da vas relaksiram, pregovara\u010dka struktura ne mo\u017ee biti formirana druga\u010dije od onoga \u0161to je Vlada zacrtala kao svoju politiku. Ta politika je do kraja utemeljena na\u00a0 procedurama, praksi i o\u010dekivanjima Evropske komisije i zemalja \u010dlanica Evropske unije. Sve i kada bi neko htio da postupa druga\u010dije\u00a0 to nije mogu\u0107e u pregovara\u010dkom procesu \u2013 kazao je Ro\u0107en.<\/p>\n<p>Prema ministrovim rije\u010dima, u procesu kreiranja pregovara\u010dkih struktura je ostavljena i mogu\u0107nost formiranja radnih podgrupa, u kojima mo\u017ee biti anga\u017eovan neograni\u010den broj eksperata na ovom poslu.<\/p>\n<p>Komentari\u0161u\u0107i informacije da predstavnicima\u00a0 nevladinog sektora iz bud\u017eeta ne\u0107e biti finansirane zvani\u010dne posjete Briselu, Ro\u0107en je naveo da to \u201enije sudbinsko pitanje, ali da \u0107e i ono biti sagledano\u201c.<\/p>\n<p>&#8211; Crna Gora je prva dr\u017eava kandidat koja u pregovara\u010dki proces neposredno uklju\u010duje predstavnike organizacija civilnog dru\u0161tva. Odlukom o obrazovanju radnih grupa jasno je definisano kako se finansiraju predstavnici pojedinih institucija \u2013 istakao je Ro\u0107en<\/p>\n<p>Odgovaraju\u0107i na poslani\u010dko pitanje poslanice DPS Valentine Radulovi\u0107 \u2013 \u0160\u0107epanovi\u0107 Ro\u0107en je kazao da obaveze u procesu evropskih integracija do kraja korespondiraju onim koje proisti\u010du iz \u010dlanstva u Savjetu Evrope, jer su to kompatibilne organizacije u nizu oblasti od zajedni\u010dkog interesa.<\/p>\n<p><strong>Miris tamjana i r\u0111e<\/strong><strong> <\/strong><strong> <\/strong><\/p>\n<p>Poslanik Demokratskog saveza Mehmet Bardhi ponovo je upitao\u00a0 kada \u0107e se ukloniti crkva sa Rumije nazivaju\u0107i\u00a0 je maketom i prijetnjom Albancima.<\/p>\n<p>&#8211; Kada \u0107e Vlada osloboditi vrh Rumije uklanjaju\u0107i maketu nalik na crkvu koju je u ratnom pohodu postavila Srpska pravoslavna crkva uz pomo\u0107 Vojske Srbije i Crne Gore. Taj objekat, kojim je vrh Rumije okupiran ne samo da nije legalan, ve\u0107 predstavlja najve\u0107u provokaciju za\u00a0 albansko stanovni\u0161tvo i druge ljude, ljubitelje planina. Kamenje, gusta trava, rijetke lijepe biljke ne trpe miris gvo\u017e\u0111a, \u010delika, r\u0111e i tamjana \u2013 kazao je Bardhi.<\/p>\n<p>Ovakve njegove kvalifikacije isprvocirale su pojedine poslanike opozicije, koji su reagovali, ne \u010dekaju\u0107i odgovor ministra.<\/p>\n<p>&#8211; Crkva Svete Trojice na Rumiji za nas je svetinja. Ko poku\u0161a da pri\u010da da Crnoj Gori smeta miris tamjana taj nije dobronamjeran \u2013 odgovorio je Vasilije Lalo\u0161evi\u0107<\/p>\n<p>Ministar turizma i odr\u017eaivog razvoja Predrag Sekuli\u0107 u odgovoru je podsjetio na moratorijum na uklanjanje bespravno podignutih objekata u skladu sa ugovorom sa Svjetskom bankom koji \u0107e biti na snazi sve do usvajanja odgovaraju\u0107e planske dokumentacije.<\/p>\n<p>Izvor: <strong>Pobjeda.me<\/strong><\/p>\n","protected":false},"excerpt":{"rendered":"<p>Ju\u017eni Sand\u017eak &#8211; Ministar vanjskih poslova i evropskih integracija Milan Ro\u0107en je, odgovaraju\u0107i na poslani\u010dka pitanja u parlamentu, kazao da Vlada Crne Gore nije usvojila platformu kojom se Sand\u017eak tretira kao prekograni\u010dna regija, niti je potpisala ugovor sa Srbijom o promociji te oblasti. vaj odgovor je uslijedio na pitanje poslanika SNP Milana Kne\u017eevi\u0107a \u201eda li [&hellip;]<\/p>\n","protected":false},"author":14,"featured_media":34369,"comment_status":"open","ping_status":"open","sticky":false,"template":"","format":"standard","meta":{"footnotes":""},"categories":[398,800,397,396,395,399],"tags":[],"class_list":{"0":"post-34368","1":"post","2":"type-post","3":"status-publish","4":"format-standard","5":"has-post-thumbnail","7":"category-rozaje","8":"category-nacija","9":"category-berane","10":"category-bijelo_polje","11":"category-pljevlja_","12":"category-plav_"},"yoast_head":"<!-- This site is optimized with the Yoast SEO Premium plugin v23.1 (Yoast SEO v24.9) - https:\/\/yoast.com\/wordpress\/plugins\/seo\/ -->\n<title>Ro\u0107en: Ne postoji Vladina platforma o Sand\u017eaku<\/title>\n<meta name=\"robots\" content=\"index, follow, max-snippet:-1, max-image-preview:large, max-video-preview:-1\" \/>\n<link rel=\"canonical\" href=\"https:\/\/sandzakpress.net\/arhiva\/rocen-ne-postoji-vladina-platforma-o-sandzaku\/\" \/>\n<meta property=\"og:locale\" content=\"bs_BA\" \/>\n<meta property=\"og:type\" content=\"article\" \/>\n<meta property=\"og:title\" content=\"Ro\u0107en: Ne postoji Vladina platforma o Sand\u017eaku\" \/>\n<meta property=\"og:description\" content=\"Ju\u017eni Sand\u017eak &#8211; Ministar vanjskih poslova i evropskih integracija Milan Ro\u0107en je, odgovaraju\u0107i na poslani\u010dka pitanja u parlamentu, kazao da Vlada Crne Gore nije usvojila platformu kojom se Sand\u017eak tretira kao prekograni\u010dna regija, niti je potpisala ugovor sa Srbijom o promociji te oblasti. vaj odgovor je uslijedio na pitanje poslanika SNP Milana Kne\u017eevi\u0107a \u201eda li [&hellip;]\" \/>\n<meta property=\"og:url\" content=\"https:\/\/sandzakpress.net\/arhiva\/rocen-ne-postoji-vladina-platforma-o-sandzaku\/\" \/>\n<meta property=\"og:site_name\" content=\"Sand\u017eak PRESS\" \/>\n<meta property=\"article:published_time\" content=\"2012-03-16T13:21:00+00:00\" \/>\n<meta property=\"article:modified_time\" content=\"2012-03-16T16:19:02+00:00\" \/>\n<meta property=\"og:image\" content=\"https:\/\/sandzakpress.net\/arhiva\/wp-content\/uploads\/2012\/03\/milan_rocen_nova_001.jpg\" \/>\n\t<meta property=\"og:image:width\" content=\"616\" \/>\n\t<meta property=\"og:image:height\" content=\"292\" \/>\n\t<meta property=\"og:image:type\" content=\"image\/jpeg\" \/>\n<meta name=\"twitter:card\" content=\"summary_large_image\" \/>\n<meta name=\"twitter:label1\" content=\"Written by\" \/>\n\t<meta name=\"twitter:data1\" content=\"\" \/>\n\t<meta name=\"twitter:label2\" content=\"Est. reading time\" \/>\n\t<meta name=\"twitter:data2\" content=\"3 minute\" \/>\n<script type=\"application\/ld+json\" class=\"yoast-schema-graph\">{\"@context\":\"https:\/\/schema.org\",\"@graph\":[{\"@type\":\"Article\",\"@id\":\"https:\/\/sandzakpress.net\/arhiva\/rocen-ne-postoji-vladina-platforma-o-sandzaku\/#article\",\"isPartOf\":{\"@id\":\"https:\/\/sandzakpress.net\/arhiva\/rocen-ne-postoji-vladina-platforma-o-sandzaku\/\"},\"author\":{\"name\":\"\",\"@id\":\"\"},\"headline\":\"Ro\u0107en: Ne postoji Vladina platforma o Sand\u017eaku\",\"datePublished\":\"2012-03-16T13:21:00+00:00\",\"dateModified\":\"2012-03-16T16:19:02+00:00\",\"mainEntityOfPage\":{\"@id\":\"https:\/\/sandzakpress.net\/arhiva\/rocen-ne-postoji-vladina-platforma-o-sandzaku\/\"},\"wordCount\":700,\"commentCount\":3,\"publisher\":{\"@id\":\"https:\/\/sandzakpress.net\/arhiva\/#\/schema\/person\/6e72b67d6e51910a1117b3b483ba20bd\"},\"image\":{\"@id\":\"https:\/\/sandzakpress.net\/arhiva\/rocen-ne-postoji-vladina-platforma-o-sandzaku\/#primaryimage\"},\"thumbnailUrl\":\"https:\/\/sandzakpress.net\/arhiva\/wp-content\/uploads\/2012\/03\/milan_rocen_nova_001.jpg\",\"articleSection\":[\"Ro\u017eaje\",\"Nacija\",\"Berane\",\"Bijelo Polje\",\"Pljevlja\",\"Plav\"],\"inLanguage\":\"bs-BA\",\"potentialAction\":[{\"@type\":\"CommentAction\",\"name\":\"Comment\",\"target\":[\"https:\/\/sandzakpress.net\/arhiva\/rocen-ne-postoji-vladina-platforma-o-sandzaku\/#respond\"]}]},{\"@type\":\"WebPage\",\"@id\":\"https:\/\/sandzakpress.net\/arhiva\/rocen-ne-postoji-vladina-platforma-o-sandzaku\/\",\"url\":\"https:\/\/sandzakpress.net\/arhiva\/rocen-ne-postoji-vladina-platforma-o-sandzaku\/\",\"name\":\"Ro\u0107en: Ne postoji Vladina platforma o Sand\u017eaku\",\"isPartOf\":{\"@id\":\"https:\/\/sandzakpress.net\/arhiva\/#website\"},\"primaryImageOfPage\":{\"@id\":\"https:\/\/sandzakpress.net\/arhiva\/rocen-ne-postoji-vladina-platforma-o-sandzaku\/#primaryimage\"},\"image\":{\"@id\":\"https:\/\/sandzakpress.net\/arhiva\/rocen-ne-postoji-vladina-platforma-o-sandzaku\/#primaryimage\"},\"thumbnailUrl\":\"https:\/\/sandzakpress.net\/arhiva\/wp-content\/uploads\/2012\/03\/milan_rocen_nova_001.jpg\",\"datePublished\":\"2012-03-16T13:21:00+00:00\",\"dateModified\":\"2012-03-16T16:19:02+00:00\",\"breadcrumb\":{\"@id\":\"https:\/\/sandzakpress.net\/arhiva\/rocen-ne-postoji-vladina-platforma-o-sandzaku\/#breadcrumb\"},\"inLanguage\":\"bs-BA\",\"potentialAction\":[{\"@type\":\"ReadAction\",\"target\":[\"https:\/\/sandzakpress.net\/arhiva\/rocen-ne-postoji-vladina-platforma-o-sandzaku\/\"]}]},{\"@type\":\"ImageObject\",\"inLanguage\":\"bs-BA\",\"@id\":\"https:\/\/sandzakpress.net\/arhiva\/rocen-ne-postoji-vladina-platforma-o-sandzaku\/#primaryimage\",\"url\":\"https:\/\/sandzakpress.net\/arhiva\/wp-content\/uploads\/2012\/03\/milan_rocen_nova_001.jpg\",\"contentUrl\":\"https:\/\/sandzakpress.net\/arhiva\/wp-content\/uploads\/2012\/03\/milan_rocen_nova_001.jpg\",\"width\":616,\"height\":292},{\"@type\":\"BreadcrumbList\",\"@id\":\"https:\/\/sandzakpress.net\/arhiva\/rocen-ne-postoji-vladina-platforma-o-sandzaku\/#breadcrumb\",\"itemListElement\":[{\"@type\":\"ListItem\",\"position\":1,\"name\":\"Home\",\"item\":\"https:\/\/sandzakpress.net\/arhiva\/\"},{\"@type\":\"ListItem\",\"position\":2,\"name\":\"Ro\u0107en: Ne postoji Vladina platforma o Sand\u017eaku\"}]},{\"@type\":\"WebSite\",\"@id\":\"https:\/\/sandzakpress.net\/arhiva\/#website\",\"url\":\"https:\/\/sandzakpress.net\/arhiva\/\",\"name\":\"Sand\u017eak PRESS\",\"description\":\"Prve elektronske novine u Sand\u017eaku\",\"publisher\":{\"@id\":\"https:\/\/sandzakpress.net\/arhiva\/#\/schema\/person\/6e72b67d6e51910a1117b3b483ba20bd\"},\"potentialAction\":[{\"@type\":\"SearchAction\",\"target\":{\"@type\":\"EntryPoint\",\"urlTemplate\":\"https:\/\/sandzakpress.net\/arhiva\/?s={search_term_string}\"},\"query-input\":{\"@type\":\"PropertyValueSpecification\",\"valueRequired\":true,\"valueName\":\"search_term_string\"}}],\"inLanguage\":\"bs-BA\"},{\"@type\":[\"Person\",\"Organization\"],\"@id\":\"https:\/\/sandzakpress.net\/arhiva\/#\/schema\/person\/6e72b67d6e51910a1117b3b483ba20bd\",\"name\":\"Kul\",\"image\":{\"@type\":\"ImageObject\",\"inLanguage\":\"bs-BA\",\"@id\":\"https:\/\/sandzakpress.net\/arhiva\/#\/schema\/person\/image\/\",\"url\":\"https:\/\/secure.gravatar.com\/avatar\/42263f39aa27ac04c43cab85c280eb2e?s=96&d=mm&r=pg\",\"contentUrl\":\"https:\/\/secure.gravatar.com\/avatar\/42263f39aa27ac04c43cab85c280eb2e?s=96&d=mm&r=pg\",\"caption\":\"Kul\"},\"logo\":{\"@id\":\"https:\/\/sandzakpress.net\/arhiva\/#\/schema\/person\/image\/\"}},{\"@type\":\"Person\",\"@id\":\"\",\"url\":\"https:\/\/sandzakpress.net\/arhiva\/author\/\"}]}<\/script>\n<!-- \/ Yoast SEO Premium plugin. -->","yoast_head_json":{"title":"Ro\u0107en: Ne postoji Vladina platforma o Sand\u017eaku","robots":{"index":"index","follow":"follow","max-snippet":"max-snippet:-1","max-image-preview":"max-image-preview:large","max-video-preview":"max-video-preview:-1"},"canonical":"https:\/\/sandzakpress.net\/arhiva\/rocen-ne-postoji-vladina-platforma-o-sandzaku\/","og_locale":"bs_BA","og_type":"article","og_title":"Ro\u0107en: Ne postoji Vladina platforma o Sand\u017eaku","og_description":"Ju\u017eni Sand\u017eak &#8211; Ministar vanjskih poslova i evropskih integracija Milan Ro\u0107en je, odgovaraju\u0107i na poslani\u010dka pitanja u parlamentu, kazao da Vlada Crne Gore nije usvojila platformu kojom se Sand\u017eak tretira kao prekograni\u010dna regija, niti je potpisala ugovor sa Srbijom o promociji te oblasti. vaj odgovor je uslijedio na pitanje poslanika SNP Milana Kne\u017eevi\u0107a \u201eda li [&hellip;]","og_url":"https:\/\/sandzakpress.net\/arhiva\/rocen-ne-postoji-vladina-platforma-o-sandzaku\/","og_site_name":"Sand\u017eak PRESS","article_published_time":"2012-03-16T13:21:00+00:00","article_modified_time":"2012-03-16T16:19:02+00:00","og_image":[{"width":616,"height":292,"url":"https:\/\/sandzakpress.net\/arhiva\/wp-content\/uploads\/2012\/03\/milan_rocen_nova_001.jpg","type":"image\/jpeg"}],"twitter_card":"summary_large_image","twitter_misc":{"Written by":"","Est. reading time":"3 minute"},"schema":{"@context":"https:\/\/schema.org","@graph":[{"@type":"Article","@id":"https:\/\/sandzakpress.net\/arhiva\/rocen-ne-postoji-vladina-platforma-o-sandzaku\/#article","isPartOf":{"@id":"https:\/\/sandzakpress.net\/arhiva\/rocen-ne-postoji-vladina-platforma-o-sandzaku\/"},"author":{"name":"","@id":""},"headline":"Ro\u0107en: Ne postoji Vladina platforma o Sand\u017eaku","datePublished":"2012-03-16T13:21:00+00:00","dateModified":"2012-03-16T16:19:02+00:00","mainEntityOfPage":{"@id":"https:\/\/sandzakpress.net\/arhiva\/rocen-ne-postoji-vladina-platforma-o-sandzaku\/"},"wordCount":700,"commentCount":3,"publisher":{"@id":"https:\/\/sandzakpress.net\/arhiva\/#\/schema\/person\/6e72b67d6e51910a1117b3b483ba20bd"},"image":{"@id":"https:\/\/sandzakpress.net\/arhiva\/rocen-ne-postoji-vladina-platforma-o-sandzaku\/#primaryimage"},"thumbnailUrl":"https:\/\/sandzakpress.net\/arhiva\/wp-content\/uploads\/2012\/03\/milan_rocen_nova_001.jpg","articleSection":["Ro\u017eaje","Nacija","Berane","Bijelo Polje","Pljevlja","Plav"],"inLanguage":"bs-BA","potentialAction":[{"@type":"CommentAction","name":"Comment","target":["https:\/\/sandzakpress.net\/arhiva\/rocen-ne-postoji-vladina-platforma-o-sandzaku\/#respond"]}]},{"@type":"WebPage","@id":"https:\/\/sandzakpress.net\/arhiva\/rocen-ne-postoji-vladina-platforma-o-sandzaku\/","url":"https:\/\/sandzakpress.net\/arhiva\/rocen-ne-postoji-vladina-platforma-o-sandzaku\/","name":"Ro\u0107en: Ne postoji Vladina platforma o Sand\u017eaku","isPartOf":{"@id":"https:\/\/sandzakpress.net\/arhiva\/#website"},"primaryImageOfPage":{"@id":"https:\/\/sandzakpress.net\/arhiva\/rocen-ne-postoji-vladina-platforma-o-sandzaku\/#primaryimage"},"image":{"@id":"https:\/\/sandzakpress.net\/arhiva\/rocen-ne-postoji-vladina-platforma-o-sandzaku\/#primaryimage"},"thumbnailUrl":"https:\/\/sandzakpress.net\/arhiva\/wp-content\/uploads\/2012\/03\/milan_rocen_nova_001.jpg","datePublished":"2012-03-16T13:21:00+00:00","dateModified":"2012-03-16T16:19:02+00:00","breadcrumb":{"@id":"https:\/\/sandzakpress.net\/arhiva\/rocen-ne-postoji-vladina-platforma-o-sandzaku\/#breadcrumb"},"inLanguage":"bs-BA","potentialAction":[{"@type":"ReadAction","target":["https:\/\/sandzakpress.net\/arhiva\/rocen-ne-postoji-vladina-platforma-o-sandzaku\/"]}]},{"@type":"ImageObject","inLanguage":"bs-BA","@id":"https:\/\/sandzakpress.net\/arhiva\/rocen-ne-postoji-vladina-platforma-o-sandzaku\/#primaryimage","url":"https:\/\/sandzakpress.net\/arhiva\/wp-content\/uploads\/2012\/03\/milan_rocen_nova_001.jpg","contentUrl":"https:\/\/sandzakpress.net\/arhiva\/wp-content\/uploads\/2012\/03\/milan_rocen_nova_001.jpg","width":616,"height":292},{"@type":"BreadcrumbList","@id":"https:\/\/sandzakpress.net\/arhiva\/rocen-ne-postoji-vladina-platforma-o-sandzaku\/#breadcrumb","itemListElement":[{"@type":"ListItem","position":1,"name":"Home","item":"https:\/\/sandzakpress.net\/arhiva\/"},{"@type":"ListItem","position":2,"name":"Ro\u0107en: Ne postoji Vladina platforma o Sand\u017eaku"}]},{"@type":"WebSite","@id":"https:\/\/sandzakpress.net\/arhiva\/#website","url":"https:\/\/sandzakpress.net\/arhiva\/","name":"Sand\u017eak PRESS","description":"Prve elektronske novine u Sand\u017eaku","publisher":{"@id":"https:\/\/sandzakpress.net\/arhiva\/#\/schema\/person\/6e72b67d6e51910a1117b3b483ba20bd"},"potentialAction":[{"@type":"SearchAction","target":{"@type":"EntryPoint","urlTemplate":"https:\/\/sandzakpress.net\/arhiva\/?s={search_term_string}"},"query-input":{"@type":"PropertyValueSpecification","valueRequired":true,"valueName":"search_term_string"}}],"inLanguage":"bs-BA"},{"@type":["Person","Organization"],"@id":"https:\/\/sandzakpress.net\/arhiva\/#\/schema\/person\/6e72b67d6e51910a1117b3b483ba20bd","name":"Kul","image":{"@type":"ImageObject","inLanguage":"bs-BA","@id":"https:\/\/sandzakpress.net\/arhiva\/#\/schema\/person\/image\/","url":"https:\/\/secure.gravatar.com\/avatar\/42263f39aa27ac04c43cab85c280eb2e?s=96&d=mm&r=pg","contentUrl":"https:\/\/secure.gravatar.com\/avatar\/42263f39aa27ac04c43cab85c280eb2e?s=96&d=mm&r=pg","caption":"Kul"},"logo":{"@id":"https:\/\/sandzakpress.net\/arhiva\/#\/schema\/person\/image\/"}},{"@type":"Person","@id":"","url":"https:\/\/sandzakpress.net\/arhiva\/author\/"}]}},"_links":{"self":[{"href":"https:\/\/sandzakpress.net\/arhiva\/wp-json\/wp\/v2\/posts\/34368"}],"collection":[{"href":"https:\/\/sandzakpress.net\/arhiva\/wp-json\/wp\/v2\/posts"}],"about":[{"href":"https:\/\/sandzakpress.net\/arhiva\/wp-json\/wp\/v2\/types\/post"}],"author":[{"embeddable":true,"href":"https:\/\/sandzakpress.net\/arhiva\/wp-json\/wp\/v2\/users\/14"}],"replies":[{"embeddable":true,"href":"https:\/\/sandzakpress.net\/arhiva\/wp-json\/wp\/v2\/comments?post=34368"}],"version-history":[{"count":0,"href":"https:\/\/sandzakpress.net\/arhiva\/wp-json\/wp\/v2\/posts\/34368\/revisions"}],"wp:featuredmedia":[{"embeddable":true,"href":"https:\/\/sandzakpress.net\/arhiva\/wp-json\/wp\/v2\/media\/34369"}],"wp:attachment":[{"href":"https:\/\/sandzakpress.net\/arhiva\/wp-json\/wp\/v2\/media?parent=34368"}],"wp:term":[{"taxonomy":"category","embeddable":true,"href":"https:\/\/sandzakpress.net\/arhiva\/wp-json\/wp\/v2\/categories?post=34368"},{"taxonomy":"post_tag","embeddable":true,"href":"https:\/\/sandzakpress.net\/arhiva\/wp-json\/wp\/v2\/tags?post=34368"}],"curies":[{"name":"wp","href":"https:\/\/api.w.org\/{rel}","templated":true}]}}