{"id":34365,"date":"2012-03-16T14:16:50","date_gmt":"2012-03-16T13:16:50","guid":{"rendered":"https:\/\/sandzakpress.net\/arhiva\/?p=34365"},"modified":"2012-03-16T14:16:50","modified_gmt":"2012-03-16T13:16:50","slug":"panbosnjak-nas-a-svjetski","status":"publish","type":"post","link":"https:\/\/sandzakpress.net\/arhiva\/panbosnjak-nas-a-svjetski\/","title":{"rendered":"PanBo\u0161njak &#8211; na\u0161 a svjetski!"},"content":{"rendered":"<p><strong><a href=\"https:\/\/sandzakpress.net\/arhiva\/wp-content\/uploads\/2012\/03\/nedzad_Latic_2_big.jpg\"><img loading=\"lazy\" decoding=\"async\" class=\"alignleft size-full wp-image-34366\" title=\"nedzad_Latic_2_big\" src=\"https:\/\/sandzakpress.net\/arhiva\/wp-content\/uploads\/2012\/03\/nedzad_Latic_2_big.jpg\" alt=\"\" width=\"200\" height=\"253\" \/><\/a>BiH, Sand\u017eak &#8211; Iz \u0161tampe je iza\u0161ao prvi broj svebo\u0161nja\u010dkog nacionalnog mjese\u010dnika \u201ePan Bo\u0161njak&#8221;, koji \u0107e se baviti dru\u0161tvenim i politi\u010dkim temama, te geopoliti\u010dkim i strategijskim istra\u017eivanjima.<\/strong><\/p>\n<p><strong><\/strong>Prema informacijama koje su objavili mediji, ovaj magazin je namijenjen Bo\u0161njacima Bosne i Hercegovine, Sand\u017eaka i Dijaspore, a u izdanju Bo\u0161nja\u010dke kulturne zajednice \u0161tampa se u Novom Pazaru i New Yorku. Glavni i odgovorni urednik ovog lista bit \u0107e Ned\u017ead Lati\u0107, istaknuti bosanskohercegova\u010dki novinar i publicista, \u0161to je klju\u010dni povod za ovaj razgovor.<\/p>\n<p>Bo\u0161njaci.Net: Povod na\u0161eg razgovora je vijest da ste pokrenuli mjese\u010dni \u010dasopis. Uz srda\u010dne \u010destitke &#8211; recite nam, kad, kako gdje, za\u0161to?<\/p>\n<p><strong>LATI\u0106:<\/strong> Bismillah. Nek ovo bude i moj prvi intervju sa pozicije glavnog urednika \u201cPan Bo\u0161njaka\u201d. Jer zaista sam dosta pisao i govorio na Va\u0161em portalu, tako da to i zaslu\u017eujete. Za dan ro\u0111endana Muhammeda, salallahu alejhi vesselem, dakle 4. februara, sjedio sam sa muftijom Muamer ef. Zukorli\u0107em, kad sam mu iskreno \u010destitao na pokretanju inicijative amnestije i pomirenja me\u0111u Bo\u0161njacima u Sand\u017eaku. To je jedinstven i konkretan primjer poziva na me\u0111ubo\u0161nja\u010dku toleranciju, koju ve\u0107 dugo i uporno zagovaram. Tad mi je iznio ideju o pokretanju probo\u0161nja\u010dkog, ili svebo\u0161nja\u010dkog lista. Bio sam odbio ponudu, ne zbog toga \u0161to to ne mogu i ne \u017eelim raditi, naprotiv, ve\u0107 zbog toga \u0161to aktulano politi\u010dko, pa i vjersko stanje me\u0111u Bo\u0161njacima je tako da nisu spremni \u010duti, a kamoli \u010ditati drugog, osim svoje vjerske ili ideolo\u0161ke frakcije i opcije, odnosno stranke i halke. Tek po\u0161to sam preno\u0107io, promijenio sam stav, jer zapravo nisam mogao propustiti priliku. Dugo, zaista dugo \u201ckosim na tu\u0111im njivama\u201d, ho\u0107u re\u0107i pi\u0161em za druge novine.<\/p>\n<p><strong>Bo\u0161njaci.Net: <\/strong>Zar ste za samo dvadeset dana napravili ovako kvalitetan \u010dasopis?!<\/p>\n<p><strong>LATI\u0106: <\/strong>Vjerovali ili ne, novina je bila od\u0161tampana 1. marta, na Dan neovisnosti BiH!<\/p>\n<p><strong>Bo\u0161njaci.Net:<\/strong> Da ne ulazimo u \u017eurnalisti\u010dke analize tako brzinskog postupka ure\u0111ivanja ove ambiciozne novine, sa takvom nevjericom bismo mogli do\u0107i do zaklju\u010dka da ste to improvizirali. Kakav je koncept ovog svebo\u0161nja\u010dkog nacionalnog \u010dasopisa?<\/p>\n<p><strong>LATI\u0106: <\/strong>Govorim otvoreno, i, narvano, istinito. Jer sam veoma ponosan na ovaj doga\u0111aj. Isto tako sam vrlo zahvalan prijateljima koji su mi izi\u0161li u susret i a\u017eurno poslali tekstove. A, koncept lista je, kako smo ga definirali i oficijelno predstavili \u010ditaocima, da se bavi dru\u0161tvenim i politi\u010dkim temama, te geopliti\u010dkim i starte\u0161kim istra\u017eivanjima.<\/p>\n<p>Bo\u0161njaci.Net: Vi ste radili u svim redakcijama tzv. nacionalnih bo\u0161nja\u010dkih \u010dasopisa. \u0160ta ste pobolj\u0161ali, a \u0161ta zadr\u017eali od tih starih iskustava?<\/p>\n<p><strong>LATI\u0106: <\/strong>Radio sam za \u201cPreporod\u201d, zatim, \u201cMuslimanski glas\u201d, zatim \u201cLjiljan\u201d, a danas pi\u0161em za \u201cDnevni avaz\u201d. Mo\u017eda, a to se vidi po dizajnu, nikad nisam prebolio svoj \u201cLjiljan\u201d. Ovo \u0107e biti pobolj\u0161ana verzija Ljiljana.<\/p>\n<p><strong>Bo\u0161njaci.Net: <\/strong>Imate li frustracije zbog toga \u0161to iza Vas stoje propali projekti, kakav je na\u017ealost i \u201cLjiljan\u201d?<\/p>\n<p><strong>LATI\u0106: <\/strong>Da, i zbog toga, mo\u017eda, nisam ni \u017eelio prihvatiti ovu ulogu. Ali, sa ove distance, koliko \u017ealim \u201cLjiljan\u201d, kao novinu, toliko sam zahvalan Allahu da sam istupio iz tog kruga ljudi, optere\u0107enih hsedom (zavi\u0161\u0107u), punih kompleksa i arogancije, \u0161to je, po meni i uni\u0161tilo \u201cLjiljan\u201d. U njihove ovakve osobine mo\u017eete se uvjeriti kroz njihove stavove koje danas iznose u, kako su ih nekad tretirali, \u201cmu\u0161ri\u010dko-komunisti\u010dkim\u201d medijima.<\/p>\n<p>Bo\u0161njaci.Net: Po vanjskom izgledu novine, ili dizajnu bar naslovne strane, ostajete vjerni Aliji Izetbegovi\u0107u i ljiljanu kao simbolu?<\/p>\n<p><strong>LATI\u0106:<\/strong> Ta\u010dno takvu poruku sam \u017eelio poslati \u010ditaocima. \u201cPan Bo\u0161njak\u201d \u0107e poku\u0161ati reafirmirati te Alijine ideale, i njegovu viziju BiH.<\/p>\n<p><strong>Bo\u0161njaci.Net: <\/strong>Ali, Vi ste danas jedan od najve\u0107ih kritizera SDA. Bar takve su reakcije na Va\u0161u knjigu \u201cBosna od A. do B. Izetbegvi\u0107a\u201d. Kako je to ostvarivo?<\/p>\n<p><strong>LATI\u0106:<\/strong> Mo\u017eda \u0107e moje ime biti optere\u0107enje za novinu, u smislu tira\u017ea, jer \u0107e ga mnogi esdeaovci bojkotirati. Sa tog aspekta ja \u201cplivam uz maticu\u201d \u0161to je veoma te\u0161ko u ovoj op\u0107enarodnoj besparici. Ali, kao \u0161to je op\u0107a politi\u010dka kriza kod Bo\u0161njaka devalvirala ugled stranaka, lidera, tako je devalvirao i utjecaj svih medija. Ovo \u0107e biti osvje\u017eenje, jer \u0107emo sigurno iznositi \u201cmu\u0161ke\u201d ideje i stavove.<\/p>\n<p><strong>Bo\u0161njaci.Net:<\/strong> Niste nam odgovorili za\u0161to \u0161tampate \u010dasopis u Sand\u017eaku?<\/p>\n<p><strong>LATI\u0106:<\/strong> Da ka\u017eem \u201ciz strate\u0161kih razloga\u201d. Odatle se najlak\u0161e distirbuira do svih Bo\u0161njaka na Balkanu. A to \u0107e biti sna\u017ena poruka da nikad vi\u0161e ne\u0107emo Sand\u017eak prepusti \u201csamom sebi\u201d!<\/p>\n<p>Izvor: <strong>Bosnjaci.net<\/strong><\/p>\n","protected":false},"excerpt":{"rendered":"<p>BiH, Sand\u017eak &#8211; Iz \u0161tampe je iza\u0161ao prvi broj svebo\u0161nja\u010dkog nacionalnog mjese\u010dnika \u201ePan Bo\u0161njak&#8221;, koji \u0107e se baviti dru\u0161tvenim i politi\u010dkim temama, te geopoliti\u010dkim i strategijskim istra\u017eivanjima. Prema informacijama koje su objavili mediji, ovaj magazin je namijenjen Bo\u0161njacima Bosne i Hercegovine, Sand\u017eaka i Dijaspore, a u izdanju Bo\u0161nja\u010dke kulturne zajednice \u0161tampa se u Novom Pazaru [&hellip;]<\/p>\n","protected":false},"author":14,"featured_media":34366,"comment_status":"open","ping_status":"open","sticky":false,"template":"","format":"standard","meta":{"footnotes":""},"categories":[72,398,800,2860,52,2690,327,392,396,2691,399,2692],"tags":[],"class_list":{"0":"post-34365","1":"post","2":"type-post","3":"status-publish","4":"format-standard","5":"has-post-thumbnail","7":"category-novi-pazar","8":"category-rozaje","9":"category-nacija","10":"category-bosna-i-hercegovina-gradovi","11":"category-sjenica","12":"category-kosovo-gradovi","13":"category-tutin","14":"category-prijepolje_","15":"category-bijelo_polje","16":"category-makedonija","17":"category-plav_","18":"category-turska-gradovi"},"yoast_head":"<!-- This site is optimized with the Yoast SEO Premium plugin v23.1 (Yoast SEO v24.9) - https:\/\/yoast.com\/wordpress\/plugins\/seo\/ -->\n<title>PanBo\u0161njak - na\u0161 a svjetski!<\/title>\n<meta name=\"robots\" content=\"index, follow, max-snippet:-1, max-image-preview:large, max-video-preview:-1\" \/>\n<link rel=\"canonical\" href=\"https:\/\/sandzakpress.net\/arhiva\/panbosnjak-nas-a-svjetski\/\" \/>\n<meta property=\"og:locale\" content=\"bs_BA\" \/>\n<meta property=\"og:type\" content=\"article\" \/>\n<meta property=\"og:title\" content=\"PanBo\u0161njak - na\u0161 a svjetski!\" \/>\n<meta property=\"og:description\" content=\"BiH, Sand\u017eak &#8211; Iz \u0161tampe je iza\u0161ao prvi broj svebo\u0161nja\u010dkog nacionalnog mjese\u010dnika \u201ePan Bo\u0161njak&#8221;, koji \u0107e se baviti dru\u0161tvenim i politi\u010dkim temama, te geopoliti\u010dkim i strategijskim istra\u017eivanjima. Prema informacijama koje su objavili mediji, ovaj magazin je namijenjen Bo\u0161njacima Bosne i Hercegovine, Sand\u017eaka i Dijaspore, a u izdanju Bo\u0161nja\u010dke kulturne zajednice \u0161tampa se u Novom Pazaru [&hellip;]\" \/>\n<meta property=\"og:url\" content=\"https:\/\/sandzakpress.net\/arhiva\/panbosnjak-nas-a-svjetski\/\" \/>\n<meta property=\"og:site_name\" content=\"Sand\u017eak PRESS\" \/>\n<meta property=\"article:published_time\" content=\"2012-03-16T13:16:50+00:00\" \/>\n<meta property=\"og:image\" content=\"https:\/\/sandzakpress.net\/arhiva\/wp-content\/uploads\/2012\/03\/nedzad_Latic_2_big.jpg\" \/>\n\t<meta property=\"og:image:width\" content=\"200\" \/>\n\t<meta property=\"og:image:height\" content=\"253\" \/>\n\t<meta property=\"og:image:type\" content=\"image\/jpeg\" \/>\n<meta name=\"twitter:card\" content=\"summary_large_image\" \/>\n<meta name=\"twitter:label1\" content=\"Written by\" \/>\n\t<meta name=\"twitter:data1\" content=\"\" \/>\n\t<meta name=\"twitter:label2\" content=\"Est. reading time\" \/>\n\t<meta name=\"twitter:data2\" content=\"4 minute\" \/>\n<script type=\"application\/ld+json\" class=\"yoast-schema-graph\">{\"@context\":\"https:\/\/schema.org\",\"@graph\":[{\"@type\":\"Article\",\"@id\":\"https:\/\/sandzakpress.net\/arhiva\/panbosnjak-nas-a-svjetski\/#article\",\"isPartOf\":{\"@id\":\"https:\/\/sandzakpress.net\/arhiva\/panbosnjak-nas-a-svjetski\/\"},\"author\":{\"name\":\"\",\"@id\":\"\"},\"headline\":\"PanBo\u0161njak &#8211; na\u0161 a svjetski!\",\"datePublished\":\"2012-03-16T13:16:50+00:00\",\"mainEntityOfPage\":{\"@id\":\"https:\/\/sandzakpress.net\/arhiva\/panbosnjak-nas-a-svjetski\/\"},\"wordCount\":811,\"commentCount\":4,\"publisher\":{\"@id\":\"https:\/\/sandzakpress.net\/arhiva\/#\/schema\/person\/6e72b67d6e51910a1117b3b483ba20bd\"},\"image\":{\"@id\":\"https:\/\/sandzakpress.net\/arhiva\/panbosnjak-nas-a-svjetski\/#primaryimage\"},\"thumbnailUrl\":\"https:\/\/sandzakpress.net\/arhiva\/wp-content\/uploads\/2012\/03\/nedzad_Latic_2_big.jpg\",\"articleSection\":[\"Novi Pazar\",\"Ro\u017eaje\",\"Nacija\",\"Bosna i Hercegovina\",\"Sjenica\",\"Kosovo\",\"Tutin\",\"Prijepolje\",\"Bijelo Polje\",\"Makedonija\",\"Plav\",\"Turska\"],\"inLanguage\":\"bs-BA\",\"potentialAction\":[{\"@type\":\"CommentAction\",\"name\":\"Comment\",\"target\":[\"https:\/\/sandzakpress.net\/arhiva\/panbosnjak-nas-a-svjetski\/#respond\"]}]},{\"@type\":\"WebPage\",\"@id\":\"https:\/\/sandzakpress.net\/arhiva\/panbosnjak-nas-a-svjetski\/\",\"url\":\"https:\/\/sandzakpress.net\/arhiva\/panbosnjak-nas-a-svjetski\/\",\"name\":\"PanBo\u0161njak - na\u0161 a svjetski!\",\"isPartOf\":{\"@id\":\"https:\/\/sandzakpress.net\/arhiva\/#website\"},\"primaryImageOfPage\":{\"@id\":\"https:\/\/sandzakpress.net\/arhiva\/panbosnjak-nas-a-svjetski\/#primaryimage\"},\"image\":{\"@id\":\"https:\/\/sandzakpress.net\/arhiva\/panbosnjak-nas-a-svjetski\/#primaryimage\"},\"thumbnailUrl\":\"https:\/\/sandzakpress.net\/arhiva\/wp-content\/uploads\/2012\/03\/nedzad_Latic_2_big.jpg\",\"datePublished\":\"2012-03-16T13:16:50+00:00\",\"breadcrumb\":{\"@id\":\"https:\/\/sandzakpress.net\/arhiva\/panbosnjak-nas-a-svjetski\/#breadcrumb\"},\"inLanguage\":\"bs-BA\",\"potentialAction\":[{\"@type\":\"ReadAction\",\"target\":[\"https:\/\/sandzakpress.net\/arhiva\/panbosnjak-nas-a-svjetski\/\"]}]},{\"@type\":\"ImageObject\",\"inLanguage\":\"bs-BA\",\"@id\":\"https:\/\/sandzakpress.net\/arhiva\/panbosnjak-nas-a-svjetski\/#primaryimage\",\"url\":\"https:\/\/sandzakpress.net\/arhiva\/wp-content\/uploads\/2012\/03\/nedzad_Latic_2_big.jpg\",\"contentUrl\":\"https:\/\/sandzakpress.net\/arhiva\/wp-content\/uploads\/2012\/03\/nedzad_Latic_2_big.jpg\",\"width\":200,\"height\":253},{\"@type\":\"BreadcrumbList\",\"@id\":\"https:\/\/sandzakpress.net\/arhiva\/panbosnjak-nas-a-svjetski\/#breadcrumb\",\"itemListElement\":[{\"@type\":\"ListItem\",\"position\":1,\"name\":\"Home\",\"item\":\"https:\/\/sandzakpress.net\/arhiva\/\"},{\"@type\":\"ListItem\",\"position\":2,\"name\":\"PanBo\u0161njak &#8211; na\u0161 a svjetski!\"}]},{\"@type\":\"WebSite\",\"@id\":\"https:\/\/sandzakpress.net\/arhiva\/#website\",\"url\":\"https:\/\/sandzakpress.net\/arhiva\/\",\"name\":\"Sand\u017eak PRESS\",\"description\":\"Prve elektronske novine u Sand\u017eaku\",\"publisher\":{\"@id\":\"https:\/\/sandzakpress.net\/arhiva\/#\/schema\/person\/6e72b67d6e51910a1117b3b483ba20bd\"},\"potentialAction\":[{\"@type\":\"SearchAction\",\"target\":{\"@type\":\"EntryPoint\",\"urlTemplate\":\"https:\/\/sandzakpress.net\/arhiva\/?s={search_term_string}\"},\"query-input\":{\"@type\":\"PropertyValueSpecification\",\"valueRequired\":true,\"valueName\":\"search_term_string\"}}],\"inLanguage\":\"bs-BA\"},{\"@type\":[\"Person\",\"Organization\"],\"@id\":\"https:\/\/sandzakpress.net\/arhiva\/#\/schema\/person\/6e72b67d6e51910a1117b3b483ba20bd\",\"name\":\"Kul\",\"image\":{\"@type\":\"ImageObject\",\"inLanguage\":\"bs-BA\",\"@id\":\"https:\/\/sandzakpress.net\/arhiva\/#\/schema\/person\/image\/\",\"url\":\"https:\/\/secure.gravatar.com\/avatar\/42263f39aa27ac04c43cab85c280eb2e?s=96&d=mm&r=pg\",\"contentUrl\":\"https:\/\/secure.gravatar.com\/avatar\/42263f39aa27ac04c43cab85c280eb2e?s=96&d=mm&r=pg\",\"caption\":\"Kul\"},\"logo\":{\"@id\":\"https:\/\/sandzakpress.net\/arhiva\/#\/schema\/person\/image\/\"}},{\"@type\":\"Person\",\"@id\":\"\",\"url\":\"https:\/\/sandzakpress.net\/arhiva\/author\/\"}]}<\/script>\n<!-- \/ Yoast SEO Premium plugin. -->","yoast_head_json":{"title":"PanBo\u0161njak - na\u0161 a svjetski!","robots":{"index":"index","follow":"follow","max-snippet":"max-snippet:-1","max-image-preview":"max-image-preview:large","max-video-preview":"max-video-preview:-1"},"canonical":"https:\/\/sandzakpress.net\/arhiva\/panbosnjak-nas-a-svjetski\/","og_locale":"bs_BA","og_type":"article","og_title":"PanBo\u0161njak - na\u0161 a svjetski!","og_description":"BiH, Sand\u017eak &#8211; Iz \u0161tampe je iza\u0161ao prvi broj svebo\u0161nja\u010dkog nacionalnog mjese\u010dnika \u201ePan Bo\u0161njak&#8221;, koji \u0107e se baviti dru\u0161tvenim i politi\u010dkim temama, te geopoliti\u010dkim i strategijskim istra\u017eivanjima. Prema informacijama koje su objavili mediji, ovaj magazin je namijenjen Bo\u0161njacima Bosne i Hercegovine, Sand\u017eaka i Dijaspore, a u izdanju Bo\u0161nja\u010dke kulturne zajednice \u0161tampa se u Novom Pazaru [&hellip;]","og_url":"https:\/\/sandzakpress.net\/arhiva\/panbosnjak-nas-a-svjetski\/","og_site_name":"Sand\u017eak PRESS","article_published_time":"2012-03-16T13:16:50+00:00","og_image":[{"width":200,"height":253,"url":"https:\/\/sandzakpress.net\/arhiva\/wp-content\/uploads\/2012\/03\/nedzad_Latic_2_big.jpg","type":"image\/jpeg"}],"twitter_card":"summary_large_image","twitter_misc":{"Written by":"","Est. reading time":"4 minute"},"schema":{"@context":"https:\/\/schema.org","@graph":[{"@type":"Article","@id":"https:\/\/sandzakpress.net\/arhiva\/panbosnjak-nas-a-svjetski\/#article","isPartOf":{"@id":"https:\/\/sandzakpress.net\/arhiva\/panbosnjak-nas-a-svjetski\/"},"author":{"name":"","@id":""},"headline":"PanBo\u0161njak &#8211; na\u0161 a svjetski!","datePublished":"2012-03-16T13:16:50+00:00","mainEntityOfPage":{"@id":"https:\/\/sandzakpress.net\/arhiva\/panbosnjak-nas-a-svjetski\/"},"wordCount":811,"commentCount":4,"publisher":{"@id":"https:\/\/sandzakpress.net\/arhiva\/#\/schema\/person\/6e72b67d6e51910a1117b3b483ba20bd"},"image":{"@id":"https:\/\/sandzakpress.net\/arhiva\/panbosnjak-nas-a-svjetski\/#primaryimage"},"thumbnailUrl":"https:\/\/sandzakpress.net\/arhiva\/wp-content\/uploads\/2012\/03\/nedzad_Latic_2_big.jpg","articleSection":["Novi Pazar","Ro\u017eaje","Nacija","Bosna i Hercegovina","Sjenica","Kosovo","Tutin","Prijepolje","Bijelo Polje","Makedonija","Plav","Turska"],"inLanguage":"bs-BA","potentialAction":[{"@type":"CommentAction","name":"Comment","target":["https:\/\/sandzakpress.net\/arhiva\/panbosnjak-nas-a-svjetski\/#respond"]}]},{"@type":"WebPage","@id":"https:\/\/sandzakpress.net\/arhiva\/panbosnjak-nas-a-svjetski\/","url":"https:\/\/sandzakpress.net\/arhiva\/panbosnjak-nas-a-svjetski\/","name":"PanBo\u0161njak - na\u0161 a svjetski!","isPartOf":{"@id":"https:\/\/sandzakpress.net\/arhiva\/#website"},"primaryImageOfPage":{"@id":"https:\/\/sandzakpress.net\/arhiva\/panbosnjak-nas-a-svjetski\/#primaryimage"},"image":{"@id":"https:\/\/sandzakpress.net\/arhiva\/panbosnjak-nas-a-svjetski\/#primaryimage"},"thumbnailUrl":"https:\/\/sandzakpress.net\/arhiva\/wp-content\/uploads\/2012\/03\/nedzad_Latic_2_big.jpg","datePublished":"2012-03-16T13:16:50+00:00","breadcrumb":{"@id":"https:\/\/sandzakpress.net\/arhiva\/panbosnjak-nas-a-svjetski\/#breadcrumb"},"inLanguage":"bs-BA","potentialAction":[{"@type":"ReadAction","target":["https:\/\/sandzakpress.net\/arhiva\/panbosnjak-nas-a-svjetski\/"]}]},{"@type":"ImageObject","inLanguage":"bs-BA","@id":"https:\/\/sandzakpress.net\/arhiva\/panbosnjak-nas-a-svjetski\/#primaryimage","url":"https:\/\/sandzakpress.net\/arhiva\/wp-content\/uploads\/2012\/03\/nedzad_Latic_2_big.jpg","contentUrl":"https:\/\/sandzakpress.net\/arhiva\/wp-content\/uploads\/2012\/03\/nedzad_Latic_2_big.jpg","width":200,"height":253},{"@type":"BreadcrumbList","@id":"https:\/\/sandzakpress.net\/arhiva\/panbosnjak-nas-a-svjetski\/#breadcrumb","itemListElement":[{"@type":"ListItem","position":1,"name":"Home","item":"https:\/\/sandzakpress.net\/arhiva\/"},{"@type":"ListItem","position":2,"name":"PanBo\u0161njak &#8211; na\u0161 a svjetski!"}]},{"@type":"WebSite","@id":"https:\/\/sandzakpress.net\/arhiva\/#website","url":"https:\/\/sandzakpress.net\/arhiva\/","name":"Sand\u017eak PRESS","description":"Prve elektronske novine u Sand\u017eaku","publisher":{"@id":"https:\/\/sandzakpress.net\/arhiva\/#\/schema\/person\/6e72b67d6e51910a1117b3b483ba20bd"},"potentialAction":[{"@type":"SearchAction","target":{"@type":"EntryPoint","urlTemplate":"https:\/\/sandzakpress.net\/arhiva\/?s={search_term_string}"},"query-input":{"@type":"PropertyValueSpecification","valueRequired":true,"valueName":"search_term_string"}}],"inLanguage":"bs-BA"},{"@type":["Person","Organization"],"@id":"https:\/\/sandzakpress.net\/arhiva\/#\/schema\/person\/6e72b67d6e51910a1117b3b483ba20bd","name":"Kul","image":{"@type":"ImageObject","inLanguage":"bs-BA","@id":"https:\/\/sandzakpress.net\/arhiva\/#\/schema\/person\/image\/","url":"https:\/\/secure.gravatar.com\/avatar\/42263f39aa27ac04c43cab85c280eb2e?s=96&d=mm&r=pg","contentUrl":"https:\/\/secure.gravatar.com\/avatar\/42263f39aa27ac04c43cab85c280eb2e?s=96&d=mm&r=pg","caption":"Kul"},"logo":{"@id":"https:\/\/sandzakpress.net\/arhiva\/#\/schema\/person\/image\/"}},{"@type":"Person","@id":"","url":"https:\/\/sandzakpress.net\/arhiva\/author\/"}]}},"_links":{"self":[{"href":"https:\/\/sandzakpress.net\/arhiva\/wp-json\/wp\/v2\/posts\/34365"}],"collection":[{"href":"https:\/\/sandzakpress.net\/arhiva\/wp-json\/wp\/v2\/posts"}],"about":[{"href":"https:\/\/sandzakpress.net\/arhiva\/wp-json\/wp\/v2\/types\/post"}],"author":[{"embeddable":true,"href":"https:\/\/sandzakpress.net\/arhiva\/wp-json\/wp\/v2\/users\/14"}],"replies":[{"embeddable":true,"href":"https:\/\/sandzakpress.net\/arhiva\/wp-json\/wp\/v2\/comments?post=34365"}],"version-history":[{"count":0,"href":"https:\/\/sandzakpress.net\/arhiva\/wp-json\/wp\/v2\/posts\/34365\/revisions"}],"wp:featuredmedia":[{"embeddable":true,"href":"https:\/\/sandzakpress.net\/arhiva\/wp-json\/wp\/v2\/media\/34366"}],"wp:attachment":[{"href":"https:\/\/sandzakpress.net\/arhiva\/wp-json\/wp\/v2\/media?parent=34365"}],"wp:term":[{"taxonomy":"category","embeddable":true,"href":"https:\/\/sandzakpress.net\/arhiva\/wp-json\/wp\/v2\/categories?post=34365"},{"taxonomy":"post_tag","embeddable":true,"href":"https:\/\/sandzakpress.net\/arhiva\/wp-json\/wp\/v2\/tags?post=34365"}],"curies":[{"name":"wp","href":"https:\/\/api.w.org\/{rel}","templated":true}]}}