{"id":34275,"date":"2012-03-15T14:00:08","date_gmt":"2012-03-15T13:00:08","guid":{"rendered":"https:\/\/sandzakpress.net\/arhiva\/?p=34275"},"modified":"2012-03-15T14:00:08","modified_gmt":"2012-03-15T13:00:08","slug":"akademik-prof-dr-serbo-rastoder-se-susreo-sa-dr-ivom-josipovicem-i-bakirom-izetbegovicem","status":"publish","type":"post","link":"https:\/\/sandzakpress.net\/arhiva\/akademik-prof-dr-serbo-rastoder-se-susreo-sa-dr-ivom-josipovicem-i-bakirom-izetbegovicem\/","title":{"rendered":"Akademik prof. dr. \u0160erbo Rastoder se susreo sa dr Ivom Josipovi\u0107em i Bakirom Izetbegovi\u0107em"},"content":{"rendered":"<p><strong><a href=\"https:\/\/sandzakpress.net\/arhiva\/wp-content\/uploads\/2012\/03\/SUSRET-RASTODERA-SA-PREDSJEDNIKOM-IVOM-JOSIPOVICEM-2.jpg\"><img loading=\"lazy\" decoding=\"async\" class=\"alignleft size-medium wp-image-34276\" title=\"SUSRET-RASTODERA-SA-PREDSJEDNIKOM-IVOM-JOSIPOVICEM-2\" src=\"https:\/\/sandzakpress.net\/arhiva\/wp-content\/uploads\/2012\/03\/SUSRET-RASTODERA-SA-PREDSJEDNIKOM-IVOM-JOSIPOVICEM-2-300x201.jpg\" alt=\"\" width=\"300\" height=\"201\" \/><\/a>Ju\u017eni Sand\u017eak &#8211; Na sve\u010danosti organizovanoj povodom 20 godina rada \u00a0KPD \u201cPreporod\u201d u Zagrebu odr\u017eanoj 20.decembra 2011. godine , \u010diji je pokrovitelj bio dr Ivo Josipovi\u0107, predsjednik Hrvatske kao gost Bo\u0161njaka u Hrvatskoj bio je prisutan i predsjednik Bo\u0161nja\u010dkog savjeta prof.dr \u0160erbo Rastoder.<\/strong><\/p>\n<p>Predstavnici Bo\u0161njaka u Hrvatskoj i \u010delnici KPD \u201cPreporod\u201d iz Zagreba su vi\u0161e puta bili gosti svojih sunarodnika u Crnoj Gori. Dobra, uspje\u0161na i plodotvorna saradnja , posebno sa kulturno-prosvjetnim dru\u0161tvom Bo\u0161njaka u Hrvatskoj, ostvarena je kroz realizaciju \u00a0niza zna\u010dajnih projekata. Zahvaljuju\u0107i Bo\u0161njacima porijeklom iz Crne Gore koji su veoma aktivni i uticajni u radu ovog poznatog bo\u0161nja\u010dkog udru\u017eenja, prof.dr \u0160erbo Rastoder, je kao predstavnik Bo\u0161njaka iz Crne Gore iskoristio i ovu priliku da se susretne sa brojnim zna\u010dajnim li\u010dnostima iz politi\u010dkog, javnog i kulturnog \u017eivota, dogovori nove oblike saradnje i prenese rukovodstvu \u00a0KPD \u201cPreporod\u201d iskrene \u010destitke povodom njihovog 20-godi\u0161njeg veoma uspje\u0161nog rada. Pri KPD \u201cPreporod\u201d u Zagrebu okupljaju se razni \u00a0bo\u0161nja\u010dki kulturni stvaraoci, koji posredstvom \u010dasopisa \u201cBehar\u201d, pozori\u0161ne i dramske sekcije i posebno muzi\u010dkog ansambla \u201cBulbul\u201d pod vo\u0111stvom Ismeta Kurtovi\u0107a, svestrano rade na afirmaciji, promociji i o\u010duvanju bo\u0161nja\u010dke kulture.<\/p>\n<p>Iskustvo i na\u010din rada ovoga udru\u017eenja mo\u017ee slu\u017eiti i slu\u017ei \u00a0za primjer sli\u010dnim bo\u0161nja\u010dkim udru\u017eenjima \u0161irom svijeta, dok je polo\u017eaj bo\u0161nja\u010dke manjine u Hrvatskoj za sada na veoma zavidnom nivou. Koliki zna\u010daj tome prila\u017ee zvani\u010dna Hrvatska, najbolje ilustruje \u010dinjenica da je njen prvi \u010dovjek, predsjednik dr Ivo Josipovi\u0107, bio zvani\u010dni pokrovitelj sve\u010danosti uprili\u010dene povodom 20-godi\u0161njice rada ovog poznatog bo\u0161nja\u010dkog udru\u017eenja.<\/p>\n<p>Izvor: <strong>Bosnjaci.org.me<\/strong><\/p>\n","protected":false},"excerpt":{"rendered":"<p>Ju\u017eni Sand\u017eak &#8211; Na sve\u010danosti organizovanoj povodom 20 godina rada \u00a0KPD \u201cPreporod\u201d u Zagrebu odr\u017eanoj 20.decembra 2011. godine , \u010diji je pokrovitelj bio dr Ivo Josipovi\u0107, predsjednik Hrvatske kao gost Bo\u0161njaka u Hrvatskoj bio je prisutan i predsjednik Bo\u0161nja\u010dkog savjeta prof.dr \u0160erbo Rastoder. Predstavnici Bo\u0161njaka u Hrvatskoj i \u010delnici KPD \u201cPreporod\u201d iz Zagreba su vi\u0161e [&hellip;]<\/p>\n","protected":false},"author":14,"featured_media":34276,"comment_status":"open","ping_status":"open","sticky":false,"template":"","format":"standard","meta":{"footnotes":""},"categories":[398,800,396,395,399],"tags":[],"class_list":{"0":"post-34275","1":"post","2":"type-post","3":"status-publish","4":"format-standard","5":"has-post-thumbnail","7":"category-rozaje","8":"category-nacija","9":"category-bijelo_polje","10":"category-pljevlja_","11":"category-plav_"},"yoast_head":"<!-- This site is optimized with the Yoast SEO Premium plugin v23.1 (Yoast SEO v24.9) - https:\/\/yoast.com\/wordpress\/plugins\/seo\/ -->\n<title>Akademik prof. dr. \u0160erbo Rastoder se susreo sa dr Ivom Josipovi\u0107em i Bakirom Izetbegovi\u0107em<\/title>\n<meta name=\"robots\" content=\"index, follow, max-snippet:-1, max-image-preview:large, max-video-preview:-1\" \/>\n<link rel=\"canonical\" href=\"https:\/\/sandzakpress.net\/arhiva\/akademik-prof-dr-serbo-rastoder-se-susreo-sa-dr-ivom-josipovicem-i-bakirom-izetbegovicem\/\" \/>\n<meta property=\"og:locale\" content=\"bs_BA\" \/>\n<meta property=\"og:type\" content=\"article\" \/>\n<meta property=\"og:title\" content=\"Akademik prof. dr. \u0160erbo Rastoder se susreo sa dr Ivom Josipovi\u0107em i Bakirom Izetbegovi\u0107em\" \/>\n<meta property=\"og:description\" content=\"Ju\u017eni Sand\u017eak &#8211; Na sve\u010danosti organizovanoj povodom 20 godina rada \u00a0KPD \u201cPreporod\u201d u Zagrebu odr\u017eanoj 20.decembra 2011. godine , \u010diji je pokrovitelj bio dr Ivo Josipovi\u0107, predsjednik Hrvatske kao gost Bo\u0161njaka u Hrvatskoj bio je prisutan i predsjednik Bo\u0161nja\u010dkog savjeta prof.dr \u0160erbo Rastoder. Predstavnici Bo\u0161njaka u Hrvatskoj i \u010delnici KPD \u201cPreporod\u201d iz Zagreba su vi\u0161e [&hellip;]\" \/>\n<meta property=\"og:url\" content=\"https:\/\/sandzakpress.net\/arhiva\/akademik-prof-dr-serbo-rastoder-se-susreo-sa-dr-ivom-josipovicem-i-bakirom-izetbegovicem\/\" \/>\n<meta property=\"og:site_name\" content=\"Sand\u017eak PRESS\" \/>\n<meta property=\"article:published_time\" content=\"2012-03-15T13:00:08+00:00\" \/>\n<meta property=\"og:image\" content=\"https:\/\/sandzakpress.net\/arhiva\/wp-content\/uploads\/2012\/03\/SUSRET-RASTODERA-SA-PREDSJEDNIKOM-IVOM-JOSIPOVICEM-2.jpg\" \/>\n\t<meta property=\"og:image:width\" content=\"616\" \/>\n\t<meta property=\"og:image:height\" content=\"413\" \/>\n\t<meta property=\"og:image:type\" content=\"image\/jpeg\" \/>\n<meta name=\"twitter:card\" content=\"summary_large_image\" \/>\n<meta name=\"twitter:label1\" content=\"Written by\" \/>\n\t<meta name=\"twitter:data1\" content=\"\" \/>\n\t<meta name=\"twitter:label2\" content=\"Est. reading time\" \/>\n\t<meta name=\"twitter:data2\" content=\"1 minuta\" \/>\n<script type=\"application\/ld+json\" class=\"yoast-schema-graph\">{\"@context\":\"https:\/\/schema.org\",\"@graph\":[{\"@type\":\"Article\",\"@id\":\"https:\/\/sandzakpress.net\/arhiva\/akademik-prof-dr-serbo-rastoder-se-susreo-sa-dr-ivom-josipovicem-i-bakirom-izetbegovicem\/#article\",\"isPartOf\":{\"@id\":\"https:\/\/sandzakpress.net\/arhiva\/akademik-prof-dr-serbo-rastoder-se-susreo-sa-dr-ivom-josipovicem-i-bakirom-izetbegovicem\/\"},\"author\":{\"name\":\"\",\"@id\":\"\"},\"headline\":\"Akademik prof. dr. \u0160erbo Rastoder se susreo sa dr Ivom Josipovi\u0107em i Bakirom Izetbegovi\u0107em\",\"datePublished\":\"2012-03-15T13:00:08+00:00\",\"mainEntityOfPage\":{\"@id\":\"https:\/\/sandzakpress.net\/arhiva\/akademik-prof-dr-serbo-rastoder-se-susreo-sa-dr-ivom-josipovicem-i-bakirom-izetbegovicem\/\"},\"wordCount\":315,\"commentCount\":0,\"publisher\":{\"@id\":\"https:\/\/sandzakpress.net\/arhiva\/#\/schema\/person\/6e72b67d6e51910a1117b3b483ba20bd\"},\"image\":{\"@id\":\"https:\/\/sandzakpress.net\/arhiva\/akademik-prof-dr-serbo-rastoder-se-susreo-sa-dr-ivom-josipovicem-i-bakirom-izetbegovicem\/#primaryimage\"},\"thumbnailUrl\":\"https:\/\/sandzakpress.net\/arhiva\/wp-content\/uploads\/2012\/03\/SUSRET-RASTODERA-SA-PREDSJEDNIKOM-IVOM-JOSIPOVICEM-2.jpg\",\"articleSection\":[\"Ro\u017eaje\",\"Nacija\",\"Bijelo Polje\",\"Pljevlja\",\"Plav\"],\"inLanguage\":\"bs-BA\",\"potentialAction\":[{\"@type\":\"CommentAction\",\"name\":\"Comment\",\"target\":[\"https:\/\/sandzakpress.net\/arhiva\/akademik-prof-dr-serbo-rastoder-se-susreo-sa-dr-ivom-josipovicem-i-bakirom-izetbegovicem\/#respond\"]}]},{\"@type\":\"WebPage\",\"@id\":\"https:\/\/sandzakpress.net\/arhiva\/akademik-prof-dr-serbo-rastoder-se-susreo-sa-dr-ivom-josipovicem-i-bakirom-izetbegovicem\/\",\"url\":\"https:\/\/sandzakpress.net\/arhiva\/akademik-prof-dr-serbo-rastoder-se-susreo-sa-dr-ivom-josipovicem-i-bakirom-izetbegovicem\/\",\"name\":\"Akademik prof. dr. \u0160erbo Rastoder se susreo sa dr Ivom Josipovi\u0107em i Bakirom Izetbegovi\u0107em\",\"isPartOf\":{\"@id\":\"https:\/\/sandzakpress.net\/arhiva\/#website\"},\"primaryImageOfPage\":{\"@id\":\"https:\/\/sandzakpress.net\/arhiva\/akademik-prof-dr-serbo-rastoder-se-susreo-sa-dr-ivom-josipovicem-i-bakirom-izetbegovicem\/#primaryimage\"},\"image\":{\"@id\":\"https:\/\/sandzakpress.net\/arhiva\/akademik-prof-dr-serbo-rastoder-se-susreo-sa-dr-ivom-josipovicem-i-bakirom-izetbegovicem\/#primaryimage\"},\"thumbnailUrl\":\"https:\/\/sandzakpress.net\/arhiva\/wp-content\/uploads\/2012\/03\/SUSRET-RASTODERA-SA-PREDSJEDNIKOM-IVOM-JOSIPOVICEM-2.jpg\",\"datePublished\":\"2012-03-15T13:00:08+00:00\",\"breadcrumb\":{\"@id\":\"https:\/\/sandzakpress.net\/arhiva\/akademik-prof-dr-serbo-rastoder-se-susreo-sa-dr-ivom-josipovicem-i-bakirom-izetbegovicem\/#breadcrumb\"},\"inLanguage\":\"bs-BA\",\"potentialAction\":[{\"@type\":\"ReadAction\",\"target\":[\"https:\/\/sandzakpress.net\/arhiva\/akademik-prof-dr-serbo-rastoder-se-susreo-sa-dr-ivom-josipovicem-i-bakirom-izetbegovicem\/\"]}]},{\"@type\":\"ImageObject\",\"inLanguage\":\"bs-BA\",\"@id\":\"https:\/\/sandzakpress.net\/arhiva\/akademik-prof-dr-serbo-rastoder-se-susreo-sa-dr-ivom-josipovicem-i-bakirom-izetbegovicem\/#primaryimage\",\"url\":\"https:\/\/sandzakpress.net\/arhiva\/wp-content\/uploads\/2012\/03\/SUSRET-RASTODERA-SA-PREDSJEDNIKOM-IVOM-JOSIPOVICEM-2.jpg\",\"contentUrl\":\"https:\/\/sandzakpress.net\/arhiva\/wp-content\/uploads\/2012\/03\/SUSRET-RASTODERA-SA-PREDSJEDNIKOM-IVOM-JOSIPOVICEM-2.jpg\",\"width\":616,\"height\":413},{\"@type\":\"BreadcrumbList\",\"@id\":\"https:\/\/sandzakpress.net\/arhiva\/akademik-prof-dr-serbo-rastoder-se-susreo-sa-dr-ivom-josipovicem-i-bakirom-izetbegovicem\/#breadcrumb\",\"itemListElement\":[{\"@type\":\"ListItem\",\"position\":1,\"name\":\"Home\",\"item\":\"https:\/\/sandzakpress.net\/arhiva\/\"},{\"@type\":\"ListItem\",\"position\":2,\"name\":\"Akademik prof. dr. \u0160erbo Rastoder se susreo sa dr Ivom Josipovi\u0107em i Bakirom Izetbegovi\u0107em\"}]},{\"@type\":\"WebSite\",\"@id\":\"https:\/\/sandzakpress.net\/arhiva\/#website\",\"url\":\"https:\/\/sandzakpress.net\/arhiva\/\",\"name\":\"Sand\u017eak PRESS\",\"description\":\"Prve elektronske novine u Sand\u017eaku\",\"publisher\":{\"@id\":\"https:\/\/sandzakpress.net\/arhiva\/#\/schema\/person\/6e72b67d6e51910a1117b3b483ba20bd\"},\"potentialAction\":[{\"@type\":\"SearchAction\",\"target\":{\"@type\":\"EntryPoint\",\"urlTemplate\":\"https:\/\/sandzakpress.net\/arhiva\/?s={search_term_string}\"},\"query-input\":{\"@type\":\"PropertyValueSpecification\",\"valueRequired\":true,\"valueName\":\"search_term_string\"}}],\"inLanguage\":\"bs-BA\"},{\"@type\":[\"Person\",\"Organization\"],\"@id\":\"https:\/\/sandzakpress.net\/arhiva\/#\/schema\/person\/6e72b67d6e51910a1117b3b483ba20bd\",\"name\":\"Kul\",\"image\":{\"@type\":\"ImageObject\",\"inLanguage\":\"bs-BA\",\"@id\":\"https:\/\/sandzakpress.net\/arhiva\/#\/schema\/person\/image\/\",\"url\":\"https:\/\/secure.gravatar.com\/avatar\/42263f39aa27ac04c43cab85c280eb2e?s=96&d=mm&r=pg\",\"contentUrl\":\"https:\/\/secure.gravatar.com\/avatar\/42263f39aa27ac04c43cab85c280eb2e?s=96&d=mm&r=pg\",\"caption\":\"Kul\"},\"logo\":{\"@id\":\"https:\/\/sandzakpress.net\/arhiva\/#\/schema\/person\/image\/\"}},{\"@type\":\"Person\",\"@id\":\"\",\"url\":\"https:\/\/sandzakpress.net\/arhiva\/author\/\"}]}<\/script>\n<!-- \/ Yoast SEO Premium plugin. -->","yoast_head_json":{"title":"Akademik prof. dr. \u0160erbo Rastoder se susreo sa dr Ivom Josipovi\u0107em i Bakirom Izetbegovi\u0107em","robots":{"index":"index","follow":"follow","max-snippet":"max-snippet:-1","max-image-preview":"max-image-preview:large","max-video-preview":"max-video-preview:-1"},"canonical":"https:\/\/sandzakpress.net\/arhiva\/akademik-prof-dr-serbo-rastoder-se-susreo-sa-dr-ivom-josipovicem-i-bakirom-izetbegovicem\/","og_locale":"bs_BA","og_type":"article","og_title":"Akademik prof. dr. \u0160erbo Rastoder se susreo sa dr Ivom Josipovi\u0107em i Bakirom Izetbegovi\u0107em","og_description":"Ju\u017eni Sand\u017eak &#8211; Na sve\u010danosti organizovanoj povodom 20 godina rada \u00a0KPD \u201cPreporod\u201d u Zagrebu odr\u017eanoj 20.decembra 2011. godine , \u010diji je pokrovitelj bio dr Ivo Josipovi\u0107, predsjednik Hrvatske kao gost Bo\u0161njaka u Hrvatskoj bio je prisutan i predsjednik Bo\u0161nja\u010dkog savjeta prof.dr \u0160erbo Rastoder. Predstavnici Bo\u0161njaka u Hrvatskoj i \u010delnici KPD \u201cPreporod\u201d iz Zagreba su vi\u0161e [&hellip;]","og_url":"https:\/\/sandzakpress.net\/arhiva\/akademik-prof-dr-serbo-rastoder-se-susreo-sa-dr-ivom-josipovicem-i-bakirom-izetbegovicem\/","og_site_name":"Sand\u017eak PRESS","article_published_time":"2012-03-15T13:00:08+00:00","og_image":[{"width":616,"height":413,"url":"https:\/\/sandzakpress.net\/arhiva\/wp-content\/uploads\/2012\/03\/SUSRET-RASTODERA-SA-PREDSJEDNIKOM-IVOM-JOSIPOVICEM-2.jpg","type":"image\/jpeg"}],"twitter_card":"summary_large_image","twitter_misc":{"Written by":"","Est. reading time":"1 minuta"},"schema":{"@context":"https:\/\/schema.org","@graph":[{"@type":"Article","@id":"https:\/\/sandzakpress.net\/arhiva\/akademik-prof-dr-serbo-rastoder-se-susreo-sa-dr-ivom-josipovicem-i-bakirom-izetbegovicem\/#article","isPartOf":{"@id":"https:\/\/sandzakpress.net\/arhiva\/akademik-prof-dr-serbo-rastoder-se-susreo-sa-dr-ivom-josipovicem-i-bakirom-izetbegovicem\/"},"author":{"name":"","@id":""},"headline":"Akademik prof. dr. \u0160erbo Rastoder se susreo sa dr Ivom Josipovi\u0107em i Bakirom Izetbegovi\u0107em","datePublished":"2012-03-15T13:00:08+00:00","mainEntityOfPage":{"@id":"https:\/\/sandzakpress.net\/arhiva\/akademik-prof-dr-serbo-rastoder-se-susreo-sa-dr-ivom-josipovicem-i-bakirom-izetbegovicem\/"},"wordCount":315,"commentCount":0,"publisher":{"@id":"https:\/\/sandzakpress.net\/arhiva\/#\/schema\/person\/6e72b67d6e51910a1117b3b483ba20bd"},"image":{"@id":"https:\/\/sandzakpress.net\/arhiva\/akademik-prof-dr-serbo-rastoder-se-susreo-sa-dr-ivom-josipovicem-i-bakirom-izetbegovicem\/#primaryimage"},"thumbnailUrl":"https:\/\/sandzakpress.net\/arhiva\/wp-content\/uploads\/2012\/03\/SUSRET-RASTODERA-SA-PREDSJEDNIKOM-IVOM-JOSIPOVICEM-2.jpg","articleSection":["Ro\u017eaje","Nacija","Bijelo Polje","Pljevlja","Plav"],"inLanguage":"bs-BA","potentialAction":[{"@type":"CommentAction","name":"Comment","target":["https:\/\/sandzakpress.net\/arhiva\/akademik-prof-dr-serbo-rastoder-se-susreo-sa-dr-ivom-josipovicem-i-bakirom-izetbegovicem\/#respond"]}]},{"@type":"WebPage","@id":"https:\/\/sandzakpress.net\/arhiva\/akademik-prof-dr-serbo-rastoder-se-susreo-sa-dr-ivom-josipovicem-i-bakirom-izetbegovicem\/","url":"https:\/\/sandzakpress.net\/arhiva\/akademik-prof-dr-serbo-rastoder-se-susreo-sa-dr-ivom-josipovicem-i-bakirom-izetbegovicem\/","name":"Akademik prof. dr. \u0160erbo Rastoder se susreo sa dr Ivom Josipovi\u0107em i Bakirom Izetbegovi\u0107em","isPartOf":{"@id":"https:\/\/sandzakpress.net\/arhiva\/#website"},"primaryImageOfPage":{"@id":"https:\/\/sandzakpress.net\/arhiva\/akademik-prof-dr-serbo-rastoder-se-susreo-sa-dr-ivom-josipovicem-i-bakirom-izetbegovicem\/#primaryimage"},"image":{"@id":"https:\/\/sandzakpress.net\/arhiva\/akademik-prof-dr-serbo-rastoder-se-susreo-sa-dr-ivom-josipovicem-i-bakirom-izetbegovicem\/#primaryimage"},"thumbnailUrl":"https:\/\/sandzakpress.net\/arhiva\/wp-content\/uploads\/2012\/03\/SUSRET-RASTODERA-SA-PREDSJEDNIKOM-IVOM-JOSIPOVICEM-2.jpg","datePublished":"2012-03-15T13:00:08+00:00","breadcrumb":{"@id":"https:\/\/sandzakpress.net\/arhiva\/akademik-prof-dr-serbo-rastoder-se-susreo-sa-dr-ivom-josipovicem-i-bakirom-izetbegovicem\/#breadcrumb"},"inLanguage":"bs-BA","potentialAction":[{"@type":"ReadAction","target":["https:\/\/sandzakpress.net\/arhiva\/akademik-prof-dr-serbo-rastoder-se-susreo-sa-dr-ivom-josipovicem-i-bakirom-izetbegovicem\/"]}]},{"@type":"ImageObject","inLanguage":"bs-BA","@id":"https:\/\/sandzakpress.net\/arhiva\/akademik-prof-dr-serbo-rastoder-se-susreo-sa-dr-ivom-josipovicem-i-bakirom-izetbegovicem\/#primaryimage","url":"https:\/\/sandzakpress.net\/arhiva\/wp-content\/uploads\/2012\/03\/SUSRET-RASTODERA-SA-PREDSJEDNIKOM-IVOM-JOSIPOVICEM-2.jpg","contentUrl":"https:\/\/sandzakpress.net\/arhiva\/wp-content\/uploads\/2012\/03\/SUSRET-RASTODERA-SA-PREDSJEDNIKOM-IVOM-JOSIPOVICEM-2.jpg","width":616,"height":413},{"@type":"BreadcrumbList","@id":"https:\/\/sandzakpress.net\/arhiva\/akademik-prof-dr-serbo-rastoder-se-susreo-sa-dr-ivom-josipovicem-i-bakirom-izetbegovicem\/#breadcrumb","itemListElement":[{"@type":"ListItem","position":1,"name":"Home","item":"https:\/\/sandzakpress.net\/arhiva\/"},{"@type":"ListItem","position":2,"name":"Akademik prof. dr. \u0160erbo Rastoder se susreo sa dr Ivom Josipovi\u0107em i Bakirom Izetbegovi\u0107em"}]},{"@type":"WebSite","@id":"https:\/\/sandzakpress.net\/arhiva\/#website","url":"https:\/\/sandzakpress.net\/arhiva\/","name":"Sand\u017eak PRESS","description":"Prve elektronske novine u Sand\u017eaku","publisher":{"@id":"https:\/\/sandzakpress.net\/arhiva\/#\/schema\/person\/6e72b67d6e51910a1117b3b483ba20bd"},"potentialAction":[{"@type":"SearchAction","target":{"@type":"EntryPoint","urlTemplate":"https:\/\/sandzakpress.net\/arhiva\/?s={search_term_string}"},"query-input":{"@type":"PropertyValueSpecification","valueRequired":true,"valueName":"search_term_string"}}],"inLanguage":"bs-BA"},{"@type":["Person","Organization"],"@id":"https:\/\/sandzakpress.net\/arhiva\/#\/schema\/person\/6e72b67d6e51910a1117b3b483ba20bd","name":"Kul","image":{"@type":"ImageObject","inLanguage":"bs-BA","@id":"https:\/\/sandzakpress.net\/arhiva\/#\/schema\/person\/image\/","url":"https:\/\/secure.gravatar.com\/avatar\/42263f39aa27ac04c43cab85c280eb2e?s=96&d=mm&r=pg","contentUrl":"https:\/\/secure.gravatar.com\/avatar\/42263f39aa27ac04c43cab85c280eb2e?s=96&d=mm&r=pg","caption":"Kul"},"logo":{"@id":"https:\/\/sandzakpress.net\/arhiva\/#\/schema\/person\/image\/"}},{"@type":"Person","@id":"","url":"https:\/\/sandzakpress.net\/arhiva\/author\/"}]}},"_links":{"self":[{"href":"https:\/\/sandzakpress.net\/arhiva\/wp-json\/wp\/v2\/posts\/34275"}],"collection":[{"href":"https:\/\/sandzakpress.net\/arhiva\/wp-json\/wp\/v2\/posts"}],"about":[{"href":"https:\/\/sandzakpress.net\/arhiva\/wp-json\/wp\/v2\/types\/post"}],"author":[{"embeddable":true,"href":"https:\/\/sandzakpress.net\/arhiva\/wp-json\/wp\/v2\/users\/14"}],"replies":[{"embeddable":true,"href":"https:\/\/sandzakpress.net\/arhiva\/wp-json\/wp\/v2\/comments?post=34275"}],"version-history":[{"count":0,"href":"https:\/\/sandzakpress.net\/arhiva\/wp-json\/wp\/v2\/posts\/34275\/revisions"}],"wp:featuredmedia":[{"embeddable":true,"href":"https:\/\/sandzakpress.net\/arhiva\/wp-json\/wp\/v2\/media\/34276"}],"wp:attachment":[{"href":"https:\/\/sandzakpress.net\/arhiva\/wp-json\/wp\/v2\/media?parent=34275"}],"wp:term":[{"taxonomy":"category","embeddable":true,"href":"https:\/\/sandzakpress.net\/arhiva\/wp-json\/wp\/v2\/categories?post=34275"},{"taxonomy":"post_tag","embeddable":true,"href":"https:\/\/sandzakpress.net\/arhiva\/wp-json\/wp\/v2\/tags?post=34275"}],"curies":[{"name":"wp","href":"https:\/\/api.w.org\/{rel}","templated":true}]}}