{"id":34104,"date":"2012-03-13T14:40:17","date_gmt":"2012-03-13T13:40:17","guid":{"rendered":"https:\/\/sandzakpress.net\/arhiva\/?p=34104"},"modified":"2012-03-13T15:57:53","modified_gmt":"2012-03-13T14:57:53","slug":"navrsava-129-godina-od-rodenja-znamenitog-bosnjaka-spahu-su-ubili-jer-je-bio-protiv-podjele-bosne","status":"publish","type":"post","link":"https:\/\/sandzakpress.net\/arhiva\/navrsava-129-godina-od-rodenja-znamenitog-bosnjaka-spahu-su-ubili-jer-je-bio-protiv-podjele-bosne\/","title":{"rendered":"129 godina od ro\u0111enja dr. Spahe: Ubili su ga jer je bio protiv podjele Bosne!"},"content":{"rendered":"<p><strong><a href=\"https:\/\/sandzakpress.net\/arhiva\/wp-content\/uploads\/2012\/03\/mehmed-spaho.jpg\"><img loading=\"lazy\" decoding=\"async\" class=\"alignleft size-medium wp-image-34105\" title=\"mehmed-spaho\" src=\"https:\/\/sandzakpress.net\/arhiva\/wp-content\/uploads\/2012\/03\/mehmed-spaho-300x138.jpg\" alt=\"\" width=\"300\" height=\"138\" \/><\/a>BiH &#8211; Bio je utemeljitelj Jugoslavenske muslimanske organizacije, a ono za \u0161ta se najvi\u0161e borio bila je Bosna, pri\u010da Spahina k\u0107erka Emina<\/strong><\/p>\n<p>Nema nikakve sumnje da je moj otac otrovan, kazala je u razgovoru za &#8220;Dnevni avaz&#8221; Emina Kadi\u0107, k\u0107erka jednog od najznamentijih bo\u0161nja\u010dkih politi\u010dara 20. stolje\u0107a Mehmeda Spahe, vo\u0111e Jugoslavenske muslimanske organizacije (JMO) i prvog Bo\u0161njaka u Vladi Kraljevine Srba, Hrvata i Slovenaca (SHS).<\/p>\n<p>Nije bio bolestan<\/p>\n<p>Danas se navr\u0161ava 129 godina od ro\u0111enja jednog od najzna\u010dajnijih bosanskih politi\u010dara, koji je umro 29. juna 1939. godine pod jo\u0161 nerazja\u0161njenim okolnostima.<\/p>\n<p>Emina Kadi\u0107, njegova jedina \u017eiva nasljednica, i sama ima 90 godina, ali pam\u0107enje je jo\u0161 dobro slu\u017ei.<\/p>\n<p>&#8211; On je bio \u010dovjek koji je volio sve ljude svijeta. Nikada ih nije dijelio po nacionalnosti. Njegovi najbolji prijatelji bili su drugih religija, Jelavi\u0107, Ungar, Ljeskovac. Volio je Bosnu, borio se za muslimane. Uvijek je gledao da ih zaposli \u0161to vi\u0161e, pogotovo kada je bio ministar saobra\u0107aja. Bio je vo\u0111a muslimana i na kraju je ubijen u toj borbi &#8211; ka\u017ee Emina.<\/p>\n<p>Pri\u010de da je Spaho umro prirodnom smr\u0107u ne stoje, jer, kako ka\u017ee Emina, koja je imala 17 godina kada je izgubila oca, on, fakti\u010dki, nikada nije bio bolestan.<\/p>\n<p>&#8211; Nikada se nije po\u017ealio na zdravlje. Imali smo ku\u0107nog ljekara, njegovog prijatelja dr. Vejsila Bi\u010dak\u010di\u0107a. Nikada ga nije ni pregledao, jer nije trebalo. Otac je bio sna\u017ean \u010dovjek, jak. Pri\u010de da je mo\u017eda bio slabog zdravlja, pa da je zbog toga umro, nisu ta\u010dne. To neki na\u0161i profesori zagovaraju, ne znam zbog \u010dega &#8211; ka\u017ee Kadi\u0107.<\/p>\n<p>Dr. Spaho: Uvijek gledao da pomogne muslimanima (Foto: Porodi\u010dni album)<\/p>\n<p>Ona isti\u010de da se pouzdano zna ko je naredio njegovo ubistvo, a to je knez Pavle, kojem je Spaho bio smetnja.<\/p>\n<p>&#8211; Moj otac bio je smetnja sporazumu Cvetkovi\u0107-Ma\u010dek. Nije dao da podijele Bosnu, ta\u010dnije da ona nestane. Zbog toga je sigurno i ubijen, i to na Vidovdan. U to vi\u0161e nema sumnje. Otrovali su ga u hotelu &#8220;Srpski kralj&#8221;. Konobar je nekoliko godina kasnije mom bratu Ziji priznao da je ubacio otrov u njegovu \u0161oljicu. Zbog \u010dega nikada nije provedena istraga, to je druga pri\u010da &#8211; nagla\u0161ava Emina Kadi\u0107.<\/p>\n<p>\u0160ok i nevjerica<\/p>\n<p>Navodi da je u vrijeme o\u010deve smrti bila mlada i da tada nije ni znala koliki je to bio gubitak, koliki \u0107e \u0161ok i nevjericu izazvati me\u0111u porodicom, ali i svim njegovim prijateljima, cijelim narodom Bosne.<\/p>\n<p>&#8211; Zanimjivo je, a to mi je majka Habiba kasnije pri\u010dala, da se nakon njegove smrti o tome uop\u0107e nije smijelo govoriti, niti se Spaho uop\u0107e vi\u0161e smio spominjati. Takva je bila politika. O tome niko nije smio ni\u0161ta ni pitati. Majka nije \u017eeljela ni da se uradi obdukcija. Mo\u017eda i zbog vjerskih na\u010dela, ili ne\u010deg drugog, ali na tome je sve stalo &#8211; ka\u017ee Emina Kadi\u0107.<\/p>\n<p>Bio je divan otac<\/p>\n<p>Emina Kadi\u0107 ka\u017ee da je njen otac bio veliki zaljubljenik u cvije\u0107e, a da je ku\u0107a u Sarajevu bila okru\u017eena ru\u017ei\u010dnjakom, lozama i staklenicima.<\/p>\n<p>&#8211; \u010cesto je boravio u Beogradu, ali kada do\u0111e u Sarajevo, najvi\u0161e se odmarao u ba\u0161\u010di. Bio je divan otac, suprug. Nije bio strog. Bila sam njegova mezimica. Znam i da je jako volio moju majku Habibu, bila je to velika ljubav. Vodio nas je na krstarenja i putovanja. Bila sam mala, ali i tada sam u\u017eivala &#8211; pri\u010da Kadi\u0107.<\/p>\n<p>Istinski lider Bo\u0161njaka<\/p>\n<p>Dr. Mehmed Spaho bio je prvi Bo\u0161njak u Vladi Kraljevine SHS koji se sna\u017eno zalagao za prava Bo\u0161njaka muslimana. Bio je jedan od utemeljitelja Jugoslavenske muslimanske organizacije. Njegov politi\u010dki \u017eivot po\u010dinje u\u010dlanjivanjem u Muslimansku narodnu organizaciju (MNO), koja je bila prva bo\u0161nja\u010dka politi\u010dka stranka u doba Austro-Ugarske. Ve\u0107 tada postaje istinski vo\u0111a Bo\u0161njaka.<\/p>\n<p>Jedinstveno je njegovo dr\u017eanje po pitanju podjele Bosne sporazumom Cvetkovi\u0107-Ma\u010dek. Bio je svjestan da bi podjela Bosne zna\u010dila i kraj Bo\u0161njaka, a ne samo Bosne. Bio je i ostao bosanski politi\u010dar koji je principe autonomije, i posebnosti BiH unutar jugoslavenske zajednice, \u010dvrsto afirmirao kao cilj vlastite politike.<\/p>\n<p>Izvor: <strong>Avaz.ba<\/strong><\/p>\n","protected":false},"excerpt":{"rendered":"<p>BiH &#8211; Bio je utemeljitelj Jugoslavenske muslimanske organizacije, a ono za \u0161ta se najvi\u0161e borio bila je Bosna, pri\u010da Spahina k\u0107erka Emina Nema nikakve sumnje da je moj otac otrovan, kazala je u razgovoru za &#8220;Dnevni avaz&#8221; Emina Kadi\u0107, k\u0107erka jednog od najznamentijih bo\u0161nja\u010dkih politi\u010dara 20. stolje\u0107a Mehmeda Spahe, vo\u0111e Jugoslavenske muslimanske organizacije (JMO) i [&hellip;]<\/p>\n","protected":false},"author":14,"featured_media":34105,"comment_status":"open","ping_status":"open","sticky":false,"template":"","format":"standard","meta":{"footnotes":""},"categories":[14,2860],"tags":[],"class_list":{"0":"post-34104","1":"post","2":"type-post","3":"status-publish","4":"format-standard","5":"has-post-thumbnail","7":"category-sandzak-historija","8":"category-bosna-i-hercegovina-gradovi"},"yoast_head":"<!-- This site is optimized with the Yoast SEO Premium plugin v23.1 (Yoast SEO v24.9) - https:\/\/yoast.com\/wordpress\/plugins\/seo\/ -->\n<title>129 godina od ro\u0111enja dr. Spahe: Ubili su ga jer je bio protiv podjele Bosne!<\/title>\n<meta name=\"robots\" content=\"index, follow, max-snippet:-1, max-image-preview:large, max-video-preview:-1\" \/>\n<link rel=\"canonical\" href=\"https:\/\/sandzakpress.net\/arhiva\/navrsava-129-godina-od-rodenja-znamenitog-bosnjaka-spahu-su-ubili-jer-je-bio-protiv-podjele-bosne\/\" \/>\n<meta property=\"og:locale\" content=\"bs_BA\" \/>\n<meta property=\"og:type\" content=\"article\" \/>\n<meta property=\"og:title\" content=\"129 godina od ro\u0111enja dr. Spahe: Ubili su ga jer je bio protiv podjele Bosne!\" \/>\n<meta property=\"og:description\" content=\"BiH &#8211; Bio je utemeljitelj Jugoslavenske muslimanske organizacije, a ono za \u0161ta se najvi\u0161e borio bila je Bosna, pri\u010da Spahina k\u0107erka Emina Nema nikakve sumnje da je moj otac otrovan, kazala je u razgovoru za &#8220;Dnevni avaz&#8221; Emina Kadi\u0107, k\u0107erka jednog od najznamentijih bo\u0161nja\u010dkih politi\u010dara 20. stolje\u0107a Mehmeda Spahe, vo\u0111e Jugoslavenske muslimanske organizacije (JMO) i [&hellip;]\" \/>\n<meta property=\"og:url\" content=\"https:\/\/sandzakpress.net\/arhiva\/navrsava-129-godina-od-rodenja-znamenitog-bosnjaka-spahu-su-ubili-jer-je-bio-protiv-podjele-bosne\/\" \/>\n<meta property=\"og:site_name\" content=\"Sand\u017eak PRESS\" \/>\n<meta property=\"article:published_time\" content=\"2012-03-13T13:40:17+00:00\" \/>\n<meta property=\"article:modified_time\" content=\"2012-03-13T14:57:53+00:00\" \/>\n<meta property=\"og:image\" content=\"https:\/\/sandzakpress.net\/arhiva\/wp-content\/uploads\/2012\/03\/mehmed-spaho.jpg\" \/>\n\t<meta property=\"og:image:width\" content=\"616\" \/>\n\t<meta property=\"og:image:height\" content=\"285\" \/>\n\t<meta property=\"og:image:type\" content=\"image\/jpeg\" \/>\n<meta name=\"twitter:card\" content=\"summary_large_image\" \/>\n<meta name=\"twitter:label1\" content=\"Written by\" \/>\n\t<meta name=\"twitter:data1\" content=\"\" \/>\n\t<meta name=\"twitter:label2\" content=\"Est. reading time\" \/>\n\t<meta name=\"twitter:data2\" content=\"4 minute\" \/>\n<script type=\"application\/ld+json\" class=\"yoast-schema-graph\">{\"@context\":\"https:\/\/schema.org\",\"@graph\":[{\"@type\":\"Article\",\"@id\":\"https:\/\/sandzakpress.net\/arhiva\/navrsava-129-godina-od-rodenja-znamenitog-bosnjaka-spahu-su-ubili-jer-je-bio-protiv-podjele-bosne\/#article\",\"isPartOf\":{\"@id\":\"https:\/\/sandzakpress.net\/arhiva\/navrsava-129-godina-od-rodenja-znamenitog-bosnjaka-spahu-su-ubili-jer-je-bio-protiv-podjele-bosne\/\"},\"author\":{\"name\":\"\",\"@id\":\"\"},\"headline\":\"129 godina od ro\u0111enja dr. Spahe: Ubili su ga jer je bio protiv podjele Bosne!\",\"datePublished\":\"2012-03-13T13:40:17+00:00\",\"dateModified\":\"2012-03-13T14:57:53+00:00\",\"mainEntityOfPage\":{\"@id\":\"https:\/\/sandzakpress.net\/arhiva\/navrsava-129-godina-od-rodenja-znamenitog-bosnjaka-spahu-su-ubili-jer-je-bio-protiv-podjele-bosne\/\"},\"wordCount\":749,\"commentCount\":3,\"publisher\":{\"@id\":\"https:\/\/sandzakpress.net\/arhiva\/#\/schema\/person\/6e72b67d6e51910a1117b3b483ba20bd\"},\"image\":{\"@id\":\"https:\/\/sandzakpress.net\/arhiva\/navrsava-129-godina-od-rodenja-znamenitog-bosnjaka-spahu-su-ubili-jer-je-bio-protiv-podjele-bosne\/#primaryimage\"},\"thumbnailUrl\":\"https:\/\/sandzakpress.net\/arhiva\/wp-content\/uploads\/2012\/03\/mehmed-spaho.jpg\",\"articleSection\":[\"Sand\u017eak HISTORIJA\",\"Bosna i Hercegovina\"],\"inLanguage\":\"bs-BA\",\"potentialAction\":[{\"@type\":\"CommentAction\",\"name\":\"Comment\",\"target\":[\"https:\/\/sandzakpress.net\/arhiva\/navrsava-129-godina-od-rodenja-znamenitog-bosnjaka-spahu-su-ubili-jer-je-bio-protiv-podjele-bosne\/#respond\"]}]},{\"@type\":\"WebPage\",\"@id\":\"https:\/\/sandzakpress.net\/arhiva\/navrsava-129-godina-od-rodenja-znamenitog-bosnjaka-spahu-su-ubili-jer-je-bio-protiv-podjele-bosne\/\",\"url\":\"https:\/\/sandzakpress.net\/arhiva\/navrsava-129-godina-od-rodenja-znamenitog-bosnjaka-spahu-su-ubili-jer-je-bio-protiv-podjele-bosne\/\",\"name\":\"129 godina od ro\u0111enja dr. Spahe: Ubili su ga jer je bio protiv podjele Bosne!\",\"isPartOf\":{\"@id\":\"https:\/\/sandzakpress.net\/arhiva\/#website\"},\"primaryImageOfPage\":{\"@id\":\"https:\/\/sandzakpress.net\/arhiva\/navrsava-129-godina-od-rodenja-znamenitog-bosnjaka-spahu-su-ubili-jer-je-bio-protiv-podjele-bosne\/#primaryimage\"},\"image\":{\"@id\":\"https:\/\/sandzakpress.net\/arhiva\/navrsava-129-godina-od-rodenja-znamenitog-bosnjaka-spahu-su-ubili-jer-je-bio-protiv-podjele-bosne\/#primaryimage\"},\"thumbnailUrl\":\"https:\/\/sandzakpress.net\/arhiva\/wp-content\/uploads\/2012\/03\/mehmed-spaho.jpg\",\"datePublished\":\"2012-03-13T13:40:17+00:00\",\"dateModified\":\"2012-03-13T14:57:53+00:00\",\"breadcrumb\":{\"@id\":\"https:\/\/sandzakpress.net\/arhiva\/navrsava-129-godina-od-rodenja-znamenitog-bosnjaka-spahu-su-ubili-jer-je-bio-protiv-podjele-bosne\/#breadcrumb\"},\"inLanguage\":\"bs-BA\",\"potentialAction\":[{\"@type\":\"ReadAction\",\"target\":[\"https:\/\/sandzakpress.net\/arhiva\/navrsava-129-godina-od-rodenja-znamenitog-bosnjaka-spahu-su-ubili-jer-je-bio-protiv-podjele-bosne\/\"]}]},{\"@type\":\"ImageObject\",\"inLanguage\":\"bs-BA\",\"@id\":\"https:\/\/sandzakpress.net\/arhiva\/navrsava-129-godina-od-rodenja-znamenitog-bosnjaka-spahu-su-ubili-jer-je-bio-protiv-podjele-bosne\/#primaryimage\",\"url\":\"https:\/\/sandzakpress.net\/arhiva\/wp-content\/uploads\/2012\/03\/mehmed-spaho.jpg\",\"contentUrl\":\"https:\/\/sandzakpress.net\/arhiva\/wp-content\/uploads\/2012\/03\/mehmed-spaho.jpg\",\"width\":616,\"height\":285},{\"@type\":\"BreadcrumbList\",\"@id\":\"https:\/\/sandzakpress.net\/arhiva\/navrsava-129-godina-od-rodenja-znamenitog-bosnjaka-spahu-su-ubili-jer-je-bio-protiv-podjele-bosne\/#breadcrumb\",\"itemListElement\":[{\"@type\":\"ListItem\",\"position\":1,\"name\":\"Home\",\"item\":\"https:\/\/sandzakpress.net\/arhiva\/\"},{\"@type\":\"ListItem\",\"position\":2,\"name\":\"129 godina od ro\u0111enja dr. Spahe: Ubili su ga jer je bio protiv podjele Bosne!\"}]},{\"@type\":\"WebSite\",\"@id\":\"https:\/\/sandzakpress.net\/arhiva\/#website\",\"url\":\"https:\/\/sandzakpress.net\/arhiva\/\",\"name\":\"Sand\u017eak PRESS\",\"description\":\"Prve elektronske novine u Sand\u017eaku\",\"publisher\":{\"@id\":\"https:\/\/sandzakpress.net\/arhiva\/#\/schema\/person\/6e72b67d6e51910a1117b3b483ba20bd\"},\"potentialAction\":[{\"@type\":\"SearchAction\",\"target\":{\"@type\":\"EntryPoint\",\"urlTemplate\":\"https:\/\/sandzakpress.net\/arhiva\/?s={search_term_string}\"},\"query-input\":{\"@type\":\"PropertyValueSpecification\",\"valueRequired\":true,\"valueName\":\"search_term_string\"}}],\"inLanguage\":\"bs-BA\"},{\"@type\":[\"Person\",\"Organization\"],\"@id\":\"https:\/\/sandzakpress.net\/arhiva\/#\/schema\/person\/6e72b67d6e51910a1117b3b483ba20bd\",\"name\":\"Kul\",\"image\":{\"@type\":\"ImageObject\",\"inLanguage\":\"bs-BA\",\"@id\":\"https:\/\/sandzakpress.net\/arhiva\/#\/schema\/person\/image\/\",\"url\":\"https:\/\/secure.gravatar.com\/avatar\/42263f39aa27ac04c43cab85c280eb2e?s=96&d=mm&r=pg\",\"contentUrl\":\"https:\/\/secure.gravatar.com\/avatar\/42263f39aa27ac04c43cab85c280eb2e?s=96&d=mm&r=pg\",\"caption\":\"Kul\"},\"logo\":{\"@id\":\"https:\/\/sandzakpress.net\/arhiva\/#\/schema\/person\/image\/\"}},{\"@type\":\"Person\",\"@id\":\"\",\"url\":\"https:\/\/sandzakpress.net\/arhiva\/author\/\"}]}<\/script>\n<!-- \/ Yoast SEO Premium plugin. -->","yoast_head_json":{"title":"129 godina od ro\u0111enja dr. Spahe: Ubili su ga jer je bio protiv podjele Bosne!","robots":{"index":"index","follow":"follow","max-snippet":"max-snippet:-1","max-image-preview":"max-image-preview:large","max-video-preview":"max-video-preview:-1"},"canonical":"https:\/\/sandzakpress.net\/arhiva\/navrsava-129-godina-od-rodenja-znamenitog-bosnjaka-spahu-su-ubili-jer-je-bio-protiv-podjele-bosne\/","og_locale":"bs_BA","og_type":"article","og_title":"129 godina od ro\u0111enja dr. Spahe: Ubili su ga jer je bio protiv podjele Bosne!","og_description":"BiH &#8211; Bio je utemeljitelj Jugoslavenske muslimanske organizacije, a ono za \u0161ta se najvi\u0161e borio bila je Bosna, pri\u010da Spahina k\u0107erka Emina Nema nikakve sumnje da je moj otac otrovan, kazala je u razgovoru za &#8220;Dnevni avaz&#8221; Emina Kadi\u0107, k\u0107erka jednog od najznamentijih bo\u0161nja\u010dkih politi\u010dara 20. stolje\u0107a Mehmeda Spahe, vo\u0111e Jugoslavenske muslimanske organizacije (JMO) i [&hellip;]","og_url":"https:\/\/sandzakpress.net\/arhiva\/navrsava-129-godina-od-rodenja-znamenitog-bosnjaka-spahu-su-ubili-jer-je-bio-protiv-podjele-bosne\/","og_site_name":"Sand\u017eak PRESS","article_published_time":"2012-03-13T13:40:17+00:00","article_modified_time":"2012-03-13T14:57:53+00:00","og_image":[{"width":616,"height":285,"url":"https:\/\/sandzakpress.net\/arhiva\/wp-content\/uploads\/2012\/03\/mehmed-spaho.jpg","type":"image\/jpeg"}],"twitter_card":"summary_large_image","twitter_misc":{"Written by":"","Est. reading time":"4 minute"},"schema":{"@context":"https:\/\/schema.org","@graph":[{"@type":"Article","@id":"https:\/\/sandzakpress.net\/arhiva\/navrsava-129-godina-od-rodenja-znamenitog-bosnjaka-spahu-su-ubili-jer-je-bio-protiv-podjele-bosne\/#article","isPartOf":{"@id":"https:\/\/sandzakpress.net\/arhiva\/navrsava-129-godina-od-rodenja-znamenitog-bosnjaka-spahu-su-ubili-jer-je-bio-protiv-podjele-bosne\/"},"author":{"name":"","@id":""},"headline":"129 godina od ro\u0111enja dr. Spahe: Ubili su ga jer je bio protiv podjele Bosne!","datePublished":"2012-03-13T13:40:17+00:00","dateModified":"2012-03-13T14:57:53+00:00","mainEntityOfPage":{"@id":"https:\/\/sandzakpress.net\/arhiva\/navrsava-129-godina-od-rodenja-znamenitog-bosnjaka-spahu-su-ubili-jer-je-bio-protiv-podjele-bosne\/"},"wordCount":749,"commentCount":3,"publisher":{"@id":"https:\/\/sandzakpress.net\/arhiva\/#\/schema\/person\/6e72b67d6e51910a1117b3b483ba20bd"},"image":{"@id":"https:\/\/sandzakpress.net\/arhiva\/navrsava-129-godina-od-rodenja-znamenitog-bosnjaka-spahu-su-ubili-jer-je-bio-protiv-podjele-bosne\/#primaryimage"},"thumbnailUrl":"https:\/\/sandzakpress.net\/arhiva\/wp-content\/uploads\/2012\/03\/mehmed-spaho.jpg","articleSection":["Sand\u017eak HISTORIJA","Bosna i Hercegovina"],"inLanguage":"bs-BA","potentialAction":[{"@type":"CommentAction","name":"Comment","target":["https:\/\/sandzakpress.net\/arhiva\/navrsava-129-godina-od-rodenja-znamenitog-bosnjaka-spahu-su-ubili-jer-je-bio-protiv-podjele-bosne\/#respond"]}]},{"@type":"WebPage","@id":"https:\/\/sandzakpress.net\/arhiva\/navrsava-129-godina-od-rodenja-znamenitog-bosnjaka-spahu-su-ubili-jer-je-bio-protiv-podjele-bosne\/","url":"https:\/\/sandzakpress.net\/arhiva\/navrsava-129-godina-od-rodenja-znamenitog-bosnjaka-spahu-su-ubili-jer-je-bio-protiv-podjele-bosne\/","name":"129 godina od ro\u0111enja dr. Spahe: Ubili su ga jer je bio protiv podjele Bosne!","isPartOf":{"@id":"https:\/\/sandzakpress.net\/arhiva\/#website"},"primaryImageOfPage":{"@id":"https:\/\/sandzakpress.net\/arhiva\/navrsava-129-godina-od-rodenja-znamenitog-bosnjaka-spahu-su-ubili-jer-je-bio-protiv-podjele-bosne\/#primaryimage"},"image":{"@id":"https:\/\/sandzakpress.net\/arhiva\/navrsava-129-godina-od-rodenja-znamenitog-bosnjaka-spahu-su-ubili-jer-je-bio-protiv-podjele-bosne\/#primaryimage"},"thumbnailUrl":"https:\/\/sandzakpress.net\/arhiva\/wp-content\/uploads\/2012\/03\/mehmed-spaho.jpg","datePublished":"2012-03-13T13:40:17+00:00","dateModified":"2012-03-13T14:57:53+00:00","breadcrumb":{"@id":"https:\/\/sandzakpress.net\/arhiva\/navrsava-129-godina-od-rodenja-znamenitog-bosnjaka-spahu-su-ubili-jer-je-bio-protiv-podjele-bosne\/#breadcrumb"},"inLanguage":"bs-BA","potentialAction":[{"@type":"ReadAction","target":["https:\/\/sandzakpress.net\/arhiva\/navrsava-129-godina-od-rodenja-znamenitog-bosnjaka-spahu-su-ubili-jer-je-bio-protiv-podjele-bosne\/"]}]},{"@type":"ImageObject","inLanguage":"bs-BA","@id":"https:\/\/sandzakpress.net\/arhiva\/navrsava-129-godina-od-rodenja-znamenitog-bosnjaka-spahu-su-ubili-jer-je-bio-protiv-podjele-bosne\/#primaryimage","url":"https:\/\/sandzakpress.net\/arhiva\/wp-content\/uploads\/2012\/03\/mehmed-spaho.jpg","contentUrl":"https:\/\/sandzakpress.net\/arhiva\/wp-content\/uploads\/2012\/03\/mehmed-spaho.jpg","width":616,"height":285},{"@type":"BreadcrumbList","@id":"https:\/\/sandzakpress.net\/arhiva\/navrsava-129-godina-od-rodenja-znamenitog-bosnjaka-spahu-su-ubili-jer-je-bio-protiv-podjele-bosne\/#breadcrumb","itemListElement":[{"@type":"ListItem","position":1,"name":"Home","item":"https:\/\/sandzakpress.net\/arhiva\/"},{"@type":"ListItem","position":2,"name":"129 godina od ro\u0111enja dr. Spahe: Ubili su ga jer je bio protiv podjele Bosne!"}]},{"@type":"WebSite","@id":"https:\/\/sandzakpress.net\/arhiva\/#website","url":"https:\/\/sandzakpress.net\/arhiva\/","name":"Sand\u017eak PRESS","description":"Prve elektronske novine u Sand\u017eaku","publisher":{"@id":"https:\/\/sandzakpress.net\/arhiva\/#\/schema\/person\/6e72b67d6e51910a1117b3b483ba20bd"},"potentialAction":[{"@type":"SearchAction","target":{"@type":"EntryPoint","urlTemplate":"https:\/\/sandzakpress.net\/arhiva\/?s={search_term_string}"},"query-input":{"@type":"PropertyValueSpecification","valueRequired":true,"valueName":"search_term_string"}}],"inLanguage":"bs-BA"},{"@type":["Person","Organization"],"@id":"https:\/\/sandzakpress.net\/arhiva\/#\/schema\/person\/6e72b67d6e51910a1117b3b483ba20bd","name":"Kul","image":{"@type":"ImageObject","inLanguage":"bs-BA","@id":"https:\/\/sandzakpress.net\/arhiva\/#\/schema\/person\/image\/","url":"https:\/\/secure.gravatar.com\/avatar\/42263f39aa27ac04c43cab85c280eb2e?s=96&d=mm&r=pg","contentUrl":"https:\/\/secure.gravatar.com\/avatar\/42263f39aa27ac04c43cab85c280eb2e?s=96&d=mm&r=pg","caption":"Kul"},"logo":{"@id":"https:\/\/sandzakpress.net\/arhiva\/#\/schema\/person\/image\/"}},{"@type":"Person","@id":"","url":"https:\/\/sandzakpress.net\/arhiva\/author\/"}]}},"_links":{"self":[{"href":"https:\/\/sandzakpress.net\/arhiva\/wp-json\/wp\/v2\/posts\/34104"}],"collection":[{"href":"https:\/\/sandzakpress.net\/arhiva\/wp-json\/wp\/v2\/posts"}],"about":[{"href":"https:\/\/sandzakpress.net\/arhiva\/wp-json\/wp\/v2\/types\/post"}],"author":[{"embeddable":true,"href":"https:\/\/sandzakpress.net\/arhiva\/wp-json\/wp\/v2\/users\/14"}],"replies":[{"embeddable":true,"href":"https:\/\/sandzakpress.net\/arhiva\/wp-json\/wp\/v2\/comments?post=34104"}],"version-history":[{"count":0,"href":"https:\/\/sandzakpress.net\/arhiva\/wp-json\/wp\/v2\/posts\/34104\/revisions"}],"wp:featuredmedia":[{"embeddable":true,"href":"https:\/\/sandzakpress.net\/arhiva\/wp-json\/wp\/v2\/media\/34105"}],"wp:attachment":[{"href":"https:\/\/sandzakpress.net\/arhiva\/wp-json\/wp\/v2\/media?parent=34104"}],"wp:term":[{"taxonomy":"category","embeddable":true,"href":"https:\/\/sandzakpress.net\/arhiva\/wp-json\/wp\/v2\/categories?post=34104"},{"taxonomy":"post_tag","embeddable":true,"href":"https:\/\/sandzakpress.net\/arhiva\/wp-json\/wp\/v2\/tags?post=34104"}],"curies":[{"name":"wp","href":"https:\/\/api.w.org\/{rel}","templated":true}]}}