{"id":3316,"date":"2010-04-02T20:49:22","date_gmt":"2010-04-02T18:49:22","guid":{"rendered":"https:\/\/sandzakpress.net\/arhiva\/?p=3316"},"modified":"2010-04-02T20:49:22","modified_gmt":"2010-04-02T18:49:22","slug":"uhapseni-jer-su-klanjali-u-preuredenoj-dzamiji","status":"publish","type":"post","link":"https:\/\/sandzakpress.net\/arhiva\/uhapseni-jer-su-klanjali-u-preuredenoj-dzamiji\/","title":{"rendered":"Uhap\u0161eni jer su klanjali u preure\u0111enoj d\u017eamiji"},"content":{"rendered":"<p><strong><a href=\"https:\/\/sandzakpress.net\/arhiva\/wp-content\/uploads\/2010\/04\/kordoba-katedrala-dzamija.jpg\"><img loading=\"lazy\" decoding=\"async\" class=\"alignleft size-full wp-image-3317\" title=\"kordoba katedrala dzamija\" src=\"https:\/\/sandzakpress.net\/arhiva\/wp-content\/uploads\/2010\/04\/kordoba-katedrala-dzamija.jpg\" alt=\"\" width=\"165\" height=\"201\" \/><\/a>\u0160panija &#8211; Prilikom posjete jednoj d\u017eamiji u Cordobi, koja je preure\u0111ena u  katedralu, 6 turista muslimana su odlu\u010dili da tu obave namaz.     \u010clanovi osiguranja su im naredili da prekinu \u010dim su ih vidjeli, ali oni  nisu prekidali svoju molitvu. Nakon toga im je nare\u0111eno ili da nastave  svoju posjetu &#8220;katedrali&#8221; ili da je napuste, ali bez rezultata.<\/strong><\/p>\n<p>Nakon  toga je uslijedio poziv policiji, koja je uskoro bila na licu mjesta i  upustila se u fizi\u010dki okr\u0161aj s turistima. Tom prilikom je nekoliko ljudi  ranjeno, a dvojica turista su uhap\u0161ena. U ovoj &#8220;katedrali&#8221; je na snazi zabrana muslimanske molitve.<\/p>\n<p>Biskup  Demetrio Fernandez Gonzales je ponovio da zabrana muslimanske molitve u  ovoj biv\u0161oj d\u017eamiji, preure\u0111enoj u katedralu u 13. stolje\u0107u, mora ostati  na snazi uprkos zahtjevima muslimana da se zabrana olabavi.<\/p>\n<p>Izvor: <strong>IslamBosna.ba<\/strong><\/p>\n","protected":false},"excerpt":{"rendered":"<p>\u0160panija &#8211; Prilikom posjete jednoj d\u017eamiji u Cordobi, koja je preure\u0111ena u katedralu, 6 turista muslimana su odlu\u010dili da tu obave namaz. \u010clanovi osiguranja su im naredili da prekinu \u010dim su ih vidjeli, ali oni nisu prekidali svoju molitvu. Nakon toga im je nare\u0111eno ili da nastave svoju posjetu &#8220;katedrali&#8221; ili da je napuste, ali [&hellip;]<\/p>\n","protected":false},"author":83,"featured_media":3317,"comment_status":"open","ping_status":"open","sticky":false,"template":"","format":"standard","meta":{"footnotes":""},"categories":[9],"tags":[],"class_list":{"0":"post-3316","1":"post","2":"type-post","3":"status-publish","4":"format-standard","5":"has-post-thumbnail","7":"category-svijet"},"yoast_head":"<!-- This site is optimized with the Yoast SEO Premium plugin v23.1 (Yoast SEO v24.9) - https:\/\/yoast.com\/wordpress\/plugins\/seo\/ -->\n<title>Uhap\u0161eni jer su klanjali u preure\u0111enoj d\u017eamiji<\/title>\n<meta name=\"robots\" content=\"index, follow, max-snippet:-1, max-image-preview:large, max-video-preview:-1\" \/>\n<link rel=\"canonical\" href=\"https:\/\/sandzakpress.net\/arhiva\/uhapseni-jer-su-klanjali-u-preuredenoj-dzamiji\/\" \/>\n<meta property=\"og:locale\" content=\"bs_BA\" \/>\n<meta property=\"og:type\" content=\"article\" \/>\n<meta property=\"og:title\" content=\"Uhap\u0161eni jer su klanjali u preure\u0111enoj d\u017eamiji\" \/>\n<meta property=\"og:description\" content=\"\u0160panija &#8211; Prilikom posjete jednoj d\u017eamiji u Cordobi, koja je preure\u0111ena u katedralu, 6 turista muslimana su odlu\u010dili da tu obave namaz. \u010clanovi osiguranja su im naredili da prekinu \u010dim su ih vidjeli, ali oni nisu prekidali svoju molitvu. Nakon toga im je nare\u0111eno ili da nastave svoju posjetu &#8220;katedrali&#8221; ili da je napuste, ali [&hellip;]\" \/>\n<meta property=\"og:url\" content=\"https:\/\/sandzakpress.net\/arhiva\/uhapseni-jer-su-klanjali-u-preuredenoj-dzamiji\/\" \/>\n<meta property=\"og:site_name\" content=\"Sand\u017eak PRESS\" \/>\n<meta property=\"article:published_time\" content=\"2010-04-02T18:49:22+00:00\" \/>\n<meta property=\"og:image\" content=\"https:\/\/sandzakpress.net\/arhiva\/wp-content\/uploads\/2010\/04\/kordoba-katedrala-dzamija.jpg\" \/>\n\t<meta property=\"og:image:width\" content=\"180\" \/>\n\t<meta property=\"og:image:height\" content=\"220\" \/>\n\t<meta property=\"og:image:type\" content=\"image\/jpeg\" \/>\n<meta name=\"author\" content=\"bosniak\" \/>\n<meta name=\"twitter:card\" content=\"summary_large_image\" \/>\n<meta name=\"twitter:label1\" content=\"Written by\" \/>\n\t<meta name=\"twitter:data1\" content=\"bosniak\" \/>\n\t<meta name=\"twitter:label2\" content=\"Est. reading time\" \/>\n\t<meta name=\"twitter:data2\" content=\"1 minuta\" \/>\n<script type=\"application\/ld+json\" class=\"yoast-schema-graph\">{\"@context\":\"https:\/\/schema.org\",\"@graph\":[{\"@type\":\"Article\",\"@id\":\"https:\/\/sandzakpress.net\/arhiva\/uhapseni-jer-su-klanjali-u-preuredenoj-dzamiji\/#article\",\"isPartOf\":{\"@id\":\"https:\/\/sandzakpress.net\/arhiva\/uhapseni-jer-su-klanjali-u-preuredenoj-dzamiji\/\"},\"author\":{\"name\":\"bosniak\",\"@id\":\"https:\/\/sandzakpress.net\/arhiva\/#\/schema\/person\/c8baee722073534b583ea7bdb2e36c02\"},\"headline\":\"Uhap\u0161eni jer su klanjali u preure\u0111enoj d\u017eamiji\",\"datePublished\":\"2010-04-02T18:49:22+00:00\",\"mainEntityOfPage\":{\"@id\":\"https:\/\/sandzakpress.net\/arhiva\/uhapseni-jer-su-klanjali-u-preuredenoj-dzamiji\/\"},\"wordCount\":151,\"commentCount\":0,\"publisher\":{\"@id\":\"https:\/\/sandzakpress.net\/arhiva\/#\/schema\/person\/6e72b67d6e51910a1117b3b483ba20bd\"},\"image\":{\"@id\":\"https:\/\/sandzakpress.net\/arhiva\/uhapseni-jer-su-klanjali-u-preuredenoj-dzamiji\/#primaryimage\"},\"thumbnailUrl\":\"https:\/\/sandzakpress.net\/arhiva\/wp-content\/uploads\/2010\/04\/kordoba-katedrala-dzamija.jpg\",\"articleSection\":[\"Svijet\"],\"inLanguage\":\"bs-BA\",\"potentialAction\":[{\"@type\":\"CommentAction\",\"name\":\"Comment\",\"target\":[\"https:\/\/sandzakpress.net\/arhiva\/uhapseni-jer-su-klanjali-u-preuredenoj-dzamiji\/#respond\"]}]},{\"@type\":\"WebPage\",\"@id\":\"https:\/\/sandzakpress.net\/arhiva\/uhapseni-jer-su-klanjali-u-preuredenoj-dzamiji\/\",\"url\":\"https:\/\/sandzakpress.net\/arhiva\/uhapseni-jer-su-klanjali-u-preuredenoj-dzamiji\/\",\"name\":\"Uhap\u0161eni jer su klanjali u preure\u0111enoj d\u017eamiji\",\"isPartOf\":{\"@id\":\"https:\/\/sandzakpress.net\/arhiva\/#website\"},\"primaryImageOfPage\":{\"@id\":\"https:\/\/sandzakpress.net\/arhiva\/uhapseni-jer-su-klanjali-u-preuredenoj-dzamiji\/#primaryimage\"},\"image\":{\"@id\":\"https:\/\/sandzakpress.net\/arhiva\/uhapseni-jer-su-klanjali-u-preuredenoj-dzamiji\/#primaryimage\"},\"thumbnailUrl\":\"https:\/\/sandzakpress.net\/arhiva\/wp-content\/uploads\/2010\/04\/kordoba-katedrala-dzamija.jpg\",\"datePublished\":\"2010-04-02T18:49:22+00:00\",\"breadcrumb\":{\"@id\":\"https:\/\/sandzakpress.net\/arhiva\/uhapseni-jer-su-klanjali-u-preuredenoj-dzamiji\/#breadcrumb\"},\"inLanguage\":\"bs-BA\",\"potentialAction\":[{\"@type\":\"ReadAction\",\"target\":[\"https:\/\/sandzakpress.net\/arhiva\/uhapseni-jer-su-klanjali-u-preuredenoj-dzamiji\/\"]}]},{\"@type\":\"ImageObject\",\"inLanguage\":\"bs-BA\",\"@id\":\"https:\/\/sandzakpress.net\/arhiva\/uhapseni-jer-su-klanjali-u-preuredenoj-dzamiji\/#primaryimage\",\"url\":\"https:\/\/sandzakpress.net\/arhiva\/wp-content\/uploads\/2010\/04\/kordoba-katedrala-dzamija.jpg\",\"contentUrl\":\"https:\/\/sandzakpress.net\/arhiva\/wp-content\/uploads\/2010\/04\/kordoba-katedrala-dzamija.jpg\",\"width\":180,\"height\":220},{\"@type\":\"BreadcrumbList\",\"@id\":\"https:\/\/sandzakpress.net\/arhiva\/uhapseni-jer-su-klanjali-u-preuredenoj-dzamiji\/#breadcrumb\",\"itemListElement\":[{\"@type\":\"ListItem\",\"position\":1,\"name\":\"Home\",\"item\":\"https:\/\/sandzakpress.net\/arhiva\/\"},{\"@type\":\"ListItem\",\"position\":2,\"name\":\"Uhap\u0161eni jer su klanjali u preure\u0111enoj d\u017eamiji\"}]},{\"@type\":\"WebSite\",\"@id\":\"https:\/\/sandzakpress.net\/arhiva\/#website\",\"url\":\"https:\/\/sandzakpress.net\/arhiva\/\",\"name\":\"Sand\u017eak PRESS\",\"description\":\"Prve elektronske novine u Sand\u017eaku\",\"publisher\":{\"@id\":\"https:\/\/sandzakpress.net\/arhiva\/#\/schema\/person\/6e72b67d6e51910a1117b3b483ba20bd\"},\"potentialAction\":[{\"@type\":\"SearchAction\",\"target\":{\"@type\":\"EntryPoint\",\"urlTemplate\":\"https:\/\/sandzakpress.net\/arhiva\/?s={search_term_string}\"},\"query-input\":{\"@type\":\"PropertyValueSpecification\",\"valueRequired\":true,\"valueName\":\"search_term_string\"}}],\"inLanguage\":\"bs-BA\"},{\"@type\":[\"Person\",\"Organization\"],\"@id\":\"https:\/\/sandzakpress.net\/arhiva\/#\/schema\/person\/6e72b67d6e51910a1117b3b483ba20bd\",\"name\":\"Kul\",\"image\":{\"@type\":\"ImageObject\",\"inLanguage\":\"bs-BA\",\"@id\":\"https:\/\/sandzakpress.net\/arhiva\/#\/schema\/person\/image\/\",\"url\":\"https:\/\/secure.gravatar.com\/avatar\/42263f39aa27ac04c43cab85c280eb2e?s=96&d=mm&r=pg\",\"contentUrl\":\"https:\/\/secure.gravatar.com\/avatar\/42263f39aa27ac04c43cab85c280eb2e?s=96&d=mm&r=pg\",\"caption\":\"Kul\"},\"logo\":{\"@id\":\"https:\/\/sandzakpress.net\/arhiva\/#\/schema\/person\/image\/\"}},{\"@type\":\"Person\",\"@id\":\"https:\/\/sandzakpress.net\/arhiva\/#\/schema\/person\/c8baee722073534b583ea7bdb2e36c02\",\"name\":\"bosniak\",\"image\":{\"@type\":\"ImageObject\",\"inLanguage\":\"bs-BA\",\"@id\":\"https:\/\/sandzakpress.net\/arhiva\/#\/schema\/person\/image\/\",\"url\":\"https:\/\/secure.gravatar.com\/avatar\/a04fd330bfe3a36a72a0ad4a6d89fca7?s=96&d=mm&r=pg\",\"contentUrl\":\"https:\/\/secure.gravatar.com\/avatar\/a04fd330bfe3a36a72a0ad4a6d89fca7?s=96&d=mm&r=pg\",\"caption\":\"bosniak\"},\"url\":\"https:\/\/sandzakpress.net\/arhiva\/author\/bosniak\/\"}]}<\/script>\n<!-- \/ Yoast SEO Premium plugin. -->","yoast_head_json":{"title":"Uhap\u0161eni jer su klanjali u preure\u0111enoj d\u017eamiji","robots":{"index":"index","follow":"follow","max-snippet":"max-snippet:-1","max-image-preview":"max-image-preview:large","max-video-preview":"max-video-preview:-1"},"canonical":"https:\/\/sandzakpress.net\/arhiva\/uhapseni-jer-su-klanjali-u-preuredenoj-dzamiji\/","og_locale":"bs_BA","og_type":"article","og_title":"Uhap\u0161eni jer su klanjali u preure\u0111enoj d\u017eamiji","og_description":"\u0160panija &#8211; Prilikom posjete jednoj d\u017eamiji u Cordobi, koja je preure\u0111ena u katedralu, 6 turista muslimana su odlu\u010dili da tu obave namaz. \u010clanovi osiguranja su im naredili da prekinu \u010dim su ih vidjeli, ali oni nisu prekidali svoju molitvu. Nakon toga im je nare\u0111eno ili da nastave svoju posjetu &#8220;katedrali&#8221; ili da je napuste, ali [&hellip;]","og_url":"https:\/\/sandzakpress.net\/arhiva\/uhapseni-jer-su-klanjali-u-preuredenoj-dzamiji\/","og_site_name":"Sand\u017eak PRESS","article_published_time":"2010-04-02T18:49:22+00:00","og_image":[{"width":180,"height":220,"url":"https:\/\/sandzakpress.net\/arhiva\/wp-content\/uploads\/2010\/04\/kordoba-katedrala-dzamija.jpg","type":"image\/jpeg"}],"author":"bosniak","twitter_card":"summary_large_image","twitter_misc":{"Written by":"bosniak","Est. reading time":"1 minuta"},"schema":{"@context":"https:\/\/schema.org","@graph":[{"@type":"Article","@id":"https:\/\/sandzakpress.net\/arhiva\/uhapseni-jer-su-klanjali-u-preuredenoj-dzamiji\/#article","isPartOf":{"@id":"https:\/\/sandzakpress.net\/arhiva\/uhapseni-jer-su-klanjali-u-preuredenoj-dzamiji\/"},"author":{"name":"bosniak","@id":"https:\/\/sandzakpress.net\/arhiva\/#\/schema\/person\/c8baee722073534b583ea7bdb2e36c02"},"headline":"Uhap\u0161eni jer su klanjali u preure\u0111enoj d\u017eamiji","datePublished":"2010-04-02T18:49:22+00:00","mainEntityOfPage":{"@id":"https:\/\/sandzakpress.net\/arhiva\/uhapseni-jer-su-klanjali-u-preuredenoj-dzamiji\/"},"wordCount":151,"commentCount":0,"publisher":{"@id":"https:\/\/sandzakpress.net\/arhiva\/#\/schema\/person\/6e72b67d6e51910a1117b3b483ba20bd"},"image":{"@id":"https:\/\/sandzakpress.net\/arhiva\/uhapseni-jer-su-klanjali-u-preuredenoj-dzamiji\/#primaryimage"},"thumbnailUrl":"https:\/\/sandzakpress.net\/arhiva\/wp-content\/uploads\/2010\/04\/kordoba-katedrala-dzamija.jpg","articleSection":["Svijet"],"inLanguage":"bs-BA","potentialAction":[{"@type":"CommentAction","name":"Comment","target":["https:\/\/sandzakpress.net\/arhiva\/uhapseni-jer-su-klanjali-u-preuredenoj-dzamiji\/#respond"]}]},{"@type":"WebPage","@id":"https:\/\/sandzakpress.net\/arhiva\/uhapseni-jer-su-klanjali-u-preuredenoj-dzamiji\/","url":"https:\/\/sandzakpress.net\/arhiva\/uhapseni-jer-su-klanjali-u-preuredenoj-dzamiji\/","name":"Uhap\u0161eni jer su klanjali u preure\u0111enoj d\u017eamiji","isPartOf":{"@id":"https:\/\/sandzakpress.net\/arhiva\/#website"},"primaryImageOfPage":{"@id":"https:\/\/sandzakpress.net\/arhiva\/uhapseni-jer-su-klanjali-u-preuredenoj-dzamiji\/#primaryimage"},"image":{"@id":"https:\/\/sandzakpress.net\/arhiva\/uhapseni-jer-su-klanjali-u-preuredenoj-dzamiji\/#primaryimage"},"thumbnailUrl":"https:\/\/sandzakpress.net\/arhiva\/wp-content\/uploads\/2010\/04\/kordoba-katedrala-dzamija.jpg","datePublished":"2010-04-02T18:49:22+00:00","breadcrumb":{"@id":"https:\/\/sandzakpress.net\/arhiva\/uhapseni-jer-su-klanjali-u-preuredenoj-dzamiji\/#breadcrumb"},"inLanguage":"bs-BA","potentialAction":[{"@type":"ReadAction","target":["https:\/\/sandzakpress.net\/arhiva\/uhapseni-jer-su-klanjali-u-preuredenoj-dzamiji\/"]}]},{"@type":"ImageObject","inLanguage":"bs-BA","@id":"https:\/\/sandzakpress.net\/arhiva\/uhapseni-jer-su-klanjali-u-preuredenoj-dzamiji\/#primaryimage","url":"https:\/\/sandzakpress.net\/arhiva\/wp-content\/uploads\/2010\/04\/kordoba-katedrala-dzamija.jpg","contentUrl":"https:\/\/sandzakpress.net\/arhiva\/wp-content\/uploads\/2010\/04\/kordoba-katedrala-dzamija.jpg","width":180,"height":220},{"@type":"BreadcrumbList","@id":"https:\/\/sandzakpress.net\/arhiva\/uhapseni-jer-su-klanjali-u-preuredenoj-dzamiji\/#breadcrumb","itemListElement":[{"@type":"ListItem","position":1,"name":"Home","item":"https:\/\/sandzakpress.net\/arhiva\/"},{"@type":"ListItem","position":2,"name":"Uhap\u0161eni jer su klanjali u preure\u0111enoj d\u017eamiji"}]},{"@type":"WebSite","@id":"https:\/\/sandzakpress.net\/arhiva\/#website","url":"https:\/\/sandzakpress.net\/arhiva\/","name":"Sand\u017eak PRESS","description":"Prve elektronske novine u Sand\u017eaku","publisher":{"@id":"https:\/\/sandzakpress.net\/arhiva\/#\/schema\/person\/6e72b67d6e51910a1117b3b483ba20bd"},"potentialAction":[{"@type":"SearchAction","target":{"@type":"EntryPoint","urlTemplate":"https:\/\/sandzakpress.net\/arhiva\/?s={search_term_string}"},"query-input":{"@type":"PropertyValueSpecification","valueRequired":true,"valueName":"search_term_string"}}],"inLanguage":"bs-BA"},{"@type":["Person","Organization"],"@id":"https:\/\/sandzakpress.net\/arhiva\/#\/schema\/person\/6e72b67d6e51910a1117b3b483ba20bd","name":"Kul","image":{"@type":"ImageObject","inLanguage":"bs-BA","@id":"https:\/\/sandzakpress.net\/arhiva\/#\/schema\/person\/image\/","url":"https:\/\/secure.gravatar.com\/avatar\/42263f39aa27ac04c43cab85c280eb2e?s=96&d=mm&r=pg","contentUrl":"https:\/\/secure.gravatar.com\/avatar\/42263f39aa27ac04c43cab85c280eb2e?s=96&d=mm&r=pg","caption":"Kul"},"logo":{"@id":"https:\/\/sandzakpress.net\/arhiva\/#\/schema\/person\/image\/"}},{"@type":"Person","@id":"https:\/\/sandzakpress.net\/arhiva\/#\/schema\/person\/c8baee722073534b583ea7bdb2e36c02","name":"bosniak","image":{"@type":"ImageObject","inLanguage":"bs-BA","@id":"https:\/\/sandzakpress.net\/arhiva\/#\/schema\/person\/image\/","url":"https:\/\/secure.gravatar.com\/avatar\/a04fd330bfe3a36a72a0ad4a6d89fca7?s=96&d=mm&r=pg","contentUrl":"https:\/\/secure.gravatar.com\/avatar\/a04fd330bfe3a36a72a0ad4a6d89fca7?s=96&d=mm&r=pg","caption":"bosniak"},"url":"https:\/\/sandzakpress.net\/arhiva\/author\/bosniak\/"}]}},"_links":{"self":[{"href":"https:\/\/sandzakpress.net\/arhiva\/wp-json\/wp\/v2\/posts\/3316"}],"collection":[{"href":"https:\/\/sandzakpress.net\/arhiva\/wp-json\/wp\/v2\/posts"}],"about":[{"href":"https:\/\/sandzakpress.net\/arhiva\/wp-json\/wp\/v2\/types\/post"}],"author":[{"embeddable":true,"href":"https:\/\/sandzakpress.net\/arhiva\/wp-json\/wp\/v2\/users\/83"}],"replies":[{"embeddable":true,"href":"https:\/\/sandzakpress.net\/arhiva\/wp-json\/wp\/v2\/comments?post=3316"}],"version-history":[{"count":0,"href":"https:\/\/sandzakpress.net\/arhiva\/wp-json\/wp\/v2\/posts\/3316\/revisions"}],"wp:featuredmedia":[{"embeddable":true,"href":"https:\/\/sandzakpress.net\/arhiva\/wp-json\/wp\/v2\/media\/3317"}],"wp:attachment":[{"href":"https:\/\/sandzakpress.net\/arhiva\/wp-json\/wp\/v2\/media?parent=3316"}],"wp:term":[{"taxonomy":"category","embeddable":true,"href":"https:\/\/sandzakpress.net\/arhiva\/wp-json\/wp\/v2\/categories?post=3316"},{"taxonomy":"post_tag","embeddable":true,"href":"https:\/\/sandzakpress.net\/arhiva\/wp-json\/wp\/v2\/tags?post=3316"}],"curies":[{"name":"wp","href":"https:\/\/api.w.org\/{rel}","templated":true}]}}