{"id":33066,"date":"2012-02-28T12:54:22","date_gmt":"2012-02-28T11:54:22","guid":{"rendered":"https:\/\/sandzakpress.net\/arhiva\/?p=33066"},"modified":"2012-02-28T12:54:22","modified_gmt":"2012-02-28T11:54:22","slug":"pocela-nastava-u-skolama-u-plavu","status":"publish","type":"post","link":"https:\/\/sandzakpress.net\/arhiva\/pocela-nastava-u-skolama-u-plavu\/","title":{"rendered":"Po\u010dela nastava u \u0161kolama u Plavu"},"content":{"rendered":"<p><strong><a href=\"https:\/\/sandzakpress.net\/arhiva\/wp-content\/uploads\/2012\/02\/bivsi-direktor-skole-plavu-osumnjicen-da-je-ostetio-budzet-18-548-eura-slika-89006.jpg\"><img loading=\"lazy\" decoding=\"async\" class=\"alignleft size-medium wp-image-33067\" title=\"bivsi-direktor-skole-plavu-osumnjicen-da-je-ostetio-budzet-18-548-eura-slika-89006\" src=\"https:\/\/sandzakpress.net\/arhiva\/wp-content\/uploads\/2012\/02\/bivsi-direktor-skole-plavu-osumnjicen-da-je-ostetio-budzet-18-548-eura-slika-89006-300x182.jpg\" alt=\"\" width=\"300\" height=\"182\" \/><\/a>Plav &#8211; Iako je jutros osvanuo novi snijeg i me\u0107ava, ipak su \u00a0stvoreni \u00a0minimalni uslovi da nastava po\u010dne u svim pret\u0161kolskim, osnovnim i srednjoj mje\u0161ovitoj \u0161koli u Plavu Gusinju i Murini.<\/strong><\/p>\n<p>Zbog velikih snije\u017enih padavina koje nijesu zapamtili ni najstariji \u017eitelji Plava,\u00a0nastava je bila obustavljena ve\u0107 dvadeset dana.<\/p>\n<p>Jutros su otvorene: O\u0160 \u201cHajro \u0160ahmanovi\u0107\u201d Plav, O\u0160 \u201cD\u017eafer Niko\u010devi\u0107\u201d Gusinje, O\u0160 \u201cPetar Dedovi\u0107\u201dMurino,\u00a0Mje\u0161ovita srednja \u0161kola \u201cBe\u0107o Ba\u0161i\u0107\u201d Plav, kao i Dje\u010dji vrti\u0107 Plav sa isturenim odjeljenjima u Gusinju i Murini.<\/p>\n<p>Izvor: <strong>SANAPRESS<\/strong><\/p>\n","protected":false},"excerpt":{"rendered":"<p>Plav &#8211; Iako je jutros osvanuo novi snijeg i me\u0107ava, ipak su \u00a0stvoreni \u00a0minimalni uslovi da nastava po\u010dne u svim pret\u0161kolskim, osnovnim i srednjoj mje\u0161ovitoj \u0161koli u Plavu Gusinju i Murini. Zbog velikih snije\u017enih padavina koje nijesu zapamtili ni najstariji \u017eitelji Plava,\u00a0nastava je bila obustavljena ve\u0107 dvadeset dana. Jutros su otvorene: O\u0160 \u201cHajro \u0160ahmanovi\u0107\u201d Plav, [&hellip;]<\/p>\n","protected":false},"author":14,"featured_media":33067,"comment_status":"open","ping_status":"open","sticky":false,"template":"","format":"standard","meta":{"footnotes":""},"categories":[4,399],"tags":[],"class_list":{"0":"post-33066","1":"post","2":"type-post","3":"status-publish","4":"format-standard","5":"has-post-thumbnail","7":"category-obrazovanje","8":"category-plav_"},"yoast_head":"<!-- This site is optimized with the Yoast SEO Premium plugin v23.1 (Yoast SEO v24.9) - https:\/\/yoast.com\/wordpress\/plugins\/seo\/ -->\n<title>Po\u010dela nastava u \u0161kolama u Plavu<\/title>\n<meta name=\"robots\" content=\"index, follow, max-snippet:-1, max-image-preview:large, max-video-preview:-1\" \/>\n<link rel=\"canonical\" href=\"https:\/\/sandzakpress.net\/arhiva\/pocela-nastava-u-skolama-u-plavu\/\" \/>\n<meta property=\"og:locale\" content=\"bs_BA\" \/>\n<meta property=\"og:type\" content=\"article\" \/>\n<meta property=\"og:title\" content=\"Po\u010dela nastava u \u0161kolama u Plavu\" \/>\n<meta property=\"og:description\" content=\"Plav &#8211; Iako je jutros osvanuo novi snijeg i me\u0107ava, ipak su \u00a0stvoreni \u00a0minimalni uslovi da nastava po\u010dne u svim pret\u0161kolskim, osnovnim i srednjoj mje\u0161ovitoj \u0161koli u Plavu Gusinju i Murini. Zbog velikih snije\u017enih padavina koje nijesu zapamtili ni najstariji \u017eitelji Plava,\u00a0nastava je bila obustavljena ve\u0107 dvadeset dana. Jutros su otvorene: O\u0160 \u201cHajro \u0160ahmanovi\u0107\u201d Plav, [&hellip;]\" \/>\n<meta property=\"og:url\" content=\"https:\/\/sandzakpress.net\/arhiva\/pocela-nastava-u-skolama-u-plavu\/\" \/>\n<meta property=\"og:site_name\" content=\"Sand\u017eak PRESS\" \/>\n<meta property=\"article:published_time\" content=\"2012-02-28T11:54:22+00:00\" \/>\n<meta property=\"og:image\" content=\"https:\/\/sandzakpress.net\/arhiva\/wp-content\/uploads\/2012\/02\/bivsi-direktor-skole-plavu-osumnjicen-da-je-ostetio-budzet-18-548-eura-slika-89006.jpg\" \/>\n\t<meta property=\"og:image:width\" content=\"519\" \/>\n\t<meta property=\"og:image:height\" content=\"316\" \/>\n\t<meta property=\"og:image:type\" content=\"image\/jpeg\" \/>\n<meta name=\"twitter:card\" content=\"summary_large_image\" \/>\n<meta name=\"twitter:label1\" content=\"Written by\" \/>\n\t<meta name=\"twitter:data1\" content=\"\" \/>\n<script type=\"application\/ld+json\" class=\"yoast-schema-graph\">{\"@context\":\"https:\/\/schema.org\",\"@graph\":[{\"@type\":\"Article\",\"@id\":\"https:\/\/sandzakpress.net\/arhiva\/pocela-nastava-u-skolama-u-plavu\/#article\",\"isPartOf\":{\"@id\":\"https:\/\/sandzakpress.net\/arhiva\/pocela-nastava-u-skolama-u-plavu\/\"},\"author\":{\"name\":\"\",\"@id\":\"\"},\"headline\":\"Po\u010dela nastava u \u0161kolama u Plavu\",\"datePublished\":\"2012-02-28T11:54:22+00:00\",\"mainEntityOfPage\":{\"@id\":\"https:\/\/sandzakpress.net\/arhiva\/pocela-nastava-u-skolama-u-plavu\/\"},\"wordCount\":102,\"commentCount\":0,\"publisher\":{\"@id\":\"https:\/\/sandzakpress.net\/arhiva\/#\/schema\/person\/6e72b67d6e51910a1117b3b483ba20bd\"},\"image\":{\"@id\":\"https:\/\/sandzakpress.net\/arhiva\/pocela-nastava-u-skolama-u-plavu\/#primaryimage\"},\"thumbnailUrl\":\"https:\/\/sandzakpress.net\/arhiva\/wp-content\/uploads\/2012\/02\/bivsi-direktor-skole-plavu-osumnjicen-da-je-ostetio-budzet-18-548-eura-slika-89006.jpg\",\"articleSection\":[\"Obrazovanje\",\"Plav\"],\"inLanguage\":\"bs-BA\",\"potentialAction\":[{\"@type\":\"CommentAction\",\"name\":\"Comment\",\"target\":[\"https:\/\/sandzakpress.net\/arhiva\/pocela-nastava-u-skolama-u-plavu\/#respond\"]}]},{\"@type\":\"WebPage\",\"@id\":\"https:\/\/sandzakpress.net\/arhiva\/pocela-nastava-u-skolama-u-plavu\/\",\"url\":\"https:\/\/sandzakpress.net\/arhiva\/pocela-nastava-u-skolama-u-plavu\/\",\"name\":\"Po\u010dela nastava u \u0161kolama u Plavu\",\"isPartOf\":{\"@id\":\"https:\/\/sandzakpress.net\/arhiva\/#website\"},\"primaryImageOfPage\":{\"@id\":\"https:\/\/sandzakpress.net\/arhiva\/pocela-nastava-u-skolama-u-plavu\/#primaryimage\"},\"image\":{\"@id\":\"https:\/\/sandzakpress.net\/arhiva\/pocela-nastava-u-skolama-u-plavu\/#primaryimage\"},\"thumbnailUrl\":\"https:\/\/sandzakpress.net\/arhiva\/wp-content\/uploads\/2012\/02\/bivsi-direktor-skole-plavu-osumnjicen-da-je-ostetio-budzet-18-548-eura-slika-89006.jpg\",\"datePublished\":\"2012-02-28T11:54:22+00:00\",\"breadcrumb\":{\"@id\":\"https:\/\/sandzakpress.net\/arhiva\/pocela-nastava-u-skolama-u-plavu\/#breadcrumb\"},\"inLanguage\":\"bs-BA\",\"potentialAction\":[{\"@type\":\"ReadAction\",\"target\":[\"https:\/\/sandzakpress.net\/arhiva\/pocela-nastava-u-skolama-u-plavu\/\"]}]},{\"@type\":\"ImageObject\",\"inLanguage\":\"bs-BA\",\"@id\":\"https:\/\/sandzakpress.net\/arhiva\/pocela-nastava-u-skolama-u-plavu\/#primaryimage\",\"url\":\"https:\/\/sandzakpress.net\/arhiva\/wp-content\/uploads\/2012\/02\/bivsi-direktor-skole-plavu-osumnjicen-da-je-ostetio-budzet-18-548-eura-slika-89006.jpg\",\"contentUrl\":\"https:\/\/sandzakpress.net\/arhiva\/wp-content\/uploads\/2012\/02\/bivsi-direktor-skole-plavu-osumnjicen-da-je-ostetio-budzet-18-548-eura-slika-89006.jpg\",\"width\":519,\"height\":316},{\"@type\":\"BreadcrumbList\",\"@id\":\"https:\/\/sandzakpress.net\/arhiva\/pocela-nastava-u-skolama-u-plavu\/#breadcrumb\",\"itemListElement\":[{\"@type\":\"ListItem\",\"position\":1,\"name\":\"Home\",\"item\":\"https:\/\/sandzakpress.net\/arhiva\/\"},{\"@type\":\"ListItem\",\"position\":2,\"name\":\"Po\u010dela nastava u \u0161kolama u Plavu\"}]},{\"@type\":\"WebSite\",\"@id\":\"https:\/\/sandzakpress.net\/arhiva\/#website\",\"url\":\"https:\/\/sandzakpress.net\/arhiva\/\",\"name\":\"Sand\u017eak PRESS\",\"description\":\"Prve elektronske novine u Sand\u017eaku\",\"publisher\":{\"@id\":\"https:\/\/sandzakpress.net\/arhiva\/#\/schema\/person\/6e72b67d6e51910a1117b3b483ba20bd\"},\"potentialAction\":[{\"@type\":\"SearchAction\",\"target\":{\"@type\":\"EntryPoint\",\"urlTemplate\":\"https:\/\/sandzakpress.net\/arhiva\/?s={search_term_string}\"},\"query-input\":{\"@type\":\"PropertyValueSpecification\",\"valueRequired\":true,\"valueName\":\"search_term_string\"}}],\"inLanguage\":\"bs-BA\"},{\"@type\":[\"Person\",\"Organization\"],\"@id\":\"https:\/\/sandzakpress.net\/arhiva\/#\/schema\/person\/6e72b67d6e51910a1117b3b483ba20bd\",\"name\":\"Kul\",\"image\":{\"@type\":\"ImageObject\",\"inLanguage\":\"bs-BA\",\"@id\":\"https:\/\/sandzakpress.net\/arhiva\/#\/schema\/person\/image\/\",\"url\":\"https:\/\/secure.gravatar.com\/avatar\/42263f39aa27ac04c43cab85c280eb2e?s=96&d=mm&r=pg\",\"contentUrl\":\"https:\/\/secure.gravatar.com\/avatar\/42263f39aa27ac04c43cab85c280eb2e?s=96&d=mm&r=pg\",\"caption\":\"Kul\"},\"logo\":{\"@id\":\"https:\/\/sandzakpress.net\/arhiva\/#\/schema\/person\/image\/\"}},{\"@type\":\"Person\",\"@id\":\"\",\"url\":\"https:\/\/sandzakpress.net\/arhiva\/author\/\"}]}<\/script>\n<!-- \/ Yoast SEO Premium plugin. -->","yoast_head_json":{"title":"Po\u010dela nastava u \u0161kolama u Plavu","robots":{"index":"index","follow":"follow","max-snippet":"max-snippet:-1","max-image-preview":"max-image-preview:large","max-video-preview":"max-video-preview:-1"},"canonical":"https:\/\/sandzakpress.net\/arhiva\/pocela-nastava-u-skolama-u-plavu\/","og_locale":"bs_BA","og_type":"article","og_title":"Po\u010dela nastava u \u0161kolama u Plavu","og_description":"Plav &#8211; Iako je jutros osvanuo novi snijeg i me\u0107ava, ipak su \u00a0stvoreni \u00a0minimalni uslovi da nastava po\u010dne u svim pret\u0161kolskim, osnovnim i srednjoj mje\u0161ovitoj \u0161koli u Plavu Gusinju i Murini. Zbog velikih snije\u017enih padavina koje nijesu zapamtili ni najstariji \u017eitelji Plava,\u00a0nastava je bila obustavljena ve\u0107 dvadeset dana. Jutros su otvorene: O\u0160 \u201cHajro \u0160ahmanovi\u0107\u201d Plav, [&hellip;]","og_url":"https:\/\/sandzakpress.net\/arhiva\/pocela-nastava-u-skolama-u-plavu\/","og_site_name":"Sand\u017eak PRESS","article_published_time":"2012-02-28T11:54:22+00:00","og_image":[{"width":519,"height":316,"url":"https:\/\/sandzakpress.net\/arhiva\/wp-content\/uploads\/2012\/02\/bivsi-direktor-skole-plavu-osumnjicen-da-je-ostetio-budzet-18-548-eura-slika-89006.jpg","type":"image\/jpeg"}],"twitter_card":"summary_large_image","twitter_misc":{"Written by":""},"schema":{"@context":"https:\/\/schema.org","@graph":[{"@type":"Article","@id":"https:\/\/sandzakpress.net\/arhiva\/pocela-nastava-u-skolama-u-plavu\/#article","isPartOf":{"@id":"https:\/\/sandzakpress.net\/arhiva\/pocela-nastava-u-skolama-u-plavu\/"},"author":{"name":"","@id":""},"headline":"Po\u010dela nastava u \u0161kolama u Plavu","datePublished":"2012-02-28T11:54:22+00:00","mainEntityOfPage":{"@id":"https:\/\/sandzakpress.net\/arhiva\/pocela-nastava-u-skolama-u-plavu\/"},"wordCount":102,"commentCount":0,"publisher":{"@id":"https:\/\/sandzakpress.net\/arhiva\/#\/schema\/person\/6e72b67d6e51910a1117b3b483ba20bd"},"image":{"@id":"https:\/\/sandzakpress.net\/arhiva\/pocela-nastava-u-skolama-u-plavu\/#primaryimage"},"thumbnailUrl":"https:\/\/sandzakpress.net\/arhiva\/wp-content\/uploads\/2012\/02\/bivsi-direktor-skole-plavu-osumnjicen-da-je-ostetio-budzet-18-548-eura-slika-89006.jpg","articleSection":["Obrazovanje","Plav"],"inLanguage":"bs-BA","potentialAction":[{"@type":"CommentAction","name":"Comment","target":["https:\/\/sandzakpress.net\/arhiva\/pocela-nastava-u-skolama-u-plavu\/#respond"]}]},{"@type":"WebPage","@id":"https:\/\/sandzakpress.net\/arhiva\/pocela-nastava-u-skolama-u-plavu\/","url":"https:\/\/sandzakpress.net\/arhiva\/pocela-nastava-u-skolama-u-plavu\/","name":"Po\u010dela nastava u \u0161kolama u Plavu","isPartOf":{"@id":"https:\/\/sandzakpress.net\/arhiva\/#website"},"primaryImageOfPage":{"@id":"https:\/\/sandzakpress.net\/arhiva\/pocela-nastava-u-skolama-u-plavu\/#primaryimage"},"image":{"@id":"https:\/\/sandzakpress.net\/arhiva\/pocela-nastava-u-skolama-u-plavu\/#primaryimage"},"thumbnailUrl":"https:\/\/sandzakpress.net\/arhiva\/wp-content\/uploads\/2012\/02\/bivsi-direktor-skole-plavu-osumnjicen-da-je-ostetio-budzet-18-548-eura-slika-89006.jpg","datePublished":"2012-02-28T11:54:22+00:00","breadcrumb":{"@id":"https:\/\/sandzakpress.net\/arhiva\/pocela-nastava-u-skolama-u-plavu\/#breadcrumb"},"inLanguage":"bs-BA","potentialAction":[{"@type":"ReadAction","target":["https:\/\/sandzakpress.net\/arhiva\/pocela-nastava-u-skolama-u-plavu\/"]}]},{"@type":"ImageObject","inLanguage":"bs-BA","@id":"https:\/\/sandzakpress.net\/arhiva\/pocela-nastava-u-skolama-u-plavu\/#primaryimage","url":"https:\/\/sandzakpress.net\/arhiva\/wp-content\/uploads\/2012\/02\/bivsi-direktor-skole-plavu-osumnjicen-da-je-ostetio-budzet-18-548-eura-slika-89006.jpg","contentUrl":"https:\/\/sandzakpress.net\/arhiva\/wp-content\/uploads\/2012\/02\/bivsi-direktor-skole-plavu-osumnjicen-da-je-ostetio-budzet-18-548-eura-slika-89006.jpg","width":519,"height":316},{"@type":"BreadcrumbList","@id":"https:\/\/sandzakpress.net\/arhiva\/pocela-nastava-u-skolama-u-plavu\/#breadcrumb","itemListElement":[{"@type":"ListItem","position":1,"name":"Home","item":"https:\/\/sandzakpress.net\/arhiva\/"},{"@type":"ListItem","position":2,"name":"Po\u010dela nastava u \u0161kolama u Plavu"}]},{"@type":"WebSite","@id":"https:\/\/sandzakpress.net\/arhiva\/#website","url":"https:\/\/sandzakpress.net\/arhiva\/","name":"Sand\u017eak PRESS","description":"Prve elektronske novine u Sand\u017eaku","publisher":{"@id":"https:\/\/sandzakpress.net\/arhiva\/#\/schema\/person\/6e72b67d6e51910a1117b3b483ba20bd"},"potentialAction":[{"@type":"SearchAction","target":{"@type":"EntryPoint","urlTemplate":"https:\/\/sandzakpress.net\/arhiva\/?s={search_term_string}"},"query-input":{"@type":"PropertyValueSpecification","valueRequired":true,"valueName":"search_term_string"}}],"inLanguage":"bs-BA"},{"@type":["Person","Organization"],"@id":"https:\/\/sandzakpress.net\/arhiva\/#\/schema\/person\/6e72b67d6e51910a1117b3b483ba20bd","name":"Kul","image":{"@type":"ImageObject","inLanguage":"bs-BA","@id":"https:\/\/sandzakpress.net\/arhiva\/#\/schema\/person\/image\/","url":"https:\/\/secure.gravatar.com\/avatar\/42263f39aa27ac04c43cab85c280eb2e?s=96&d=mm&r=pg","contentUrl":"https:\/\/secure.gravatar.com\/avatar\/42263f39aa27ac04c43cab85c280eb2e?s=96&d=mm&r=pg","caption":"Kul"},"logo":{"@id":"https:\/\/sandzakpress.net\/arhiva\/#\/schema\/person\/image\/"}},{"@type":"Person","@id":"","url":"https:\/\/sandzakpress.net\/arhiva\/author\/"}]}},"_links":{"self":[{"href":"https:\/\/sandzakpress.net\/arhiva\/wp-json\/wp\/v2\/posts\/33066"}],"collection":[{"href":"https:\/\/sandzakpress.net\/arhiva\/wp-json\/wp\/v2\/posts"}],"about":[{"href":"https:\/\/sandzakpress.net\/arhiva\/wp-json\/wp\/v2\/types\/post"}],"author":[{"embeddable":true,"href":"https:\/\/sandzakpress.net\/arhiva\/wp-json\/wp\/v2\/users\/14"}],"replies":[{"embeddable":true,"href":"https:\/\/sandzakpress.net\/arhiva\/wp-json\/wp\/v2\/comments?post=33066"}],"version-history":[{"count":0,"href":"https:\/\/sandzakpress.net\/arhiva\/wp-json\/wp\/v2\/posts\/33066\/revisions"}],"wp:featuredmedia":[{"embeddable":true,"href":"https:\/\/sandzakpress.net\/arhiva\/wp-json\/wp\/v2\/media\/33067"}],"wp:attachment":[{"href":"https:\/\/sandzakpress.net\/arhiva\/wp-json\/wp\/v2\/media?parent=33066"}],"wp:term":[{"taxonomy":"category","embeddable":true,"href":"https:\/\/sandzakpress.net\/arhiva\/wp-json\/wp\/v2\/categories?post=33066"},{"taxonomy":"post_tag","embeddable":true,"href":"https:\/\/sandzakpress.net\/arhiva\/wp-json\/wp\/v2\/tags?post=33066"}],"curies":[{"name":"wp","href":"https:\/\/api.w.org\/{rel}","templated":true}]}}