{"id":32914,"date":"2012-02-25T18:19:24","date_gmt":"2012-02-25T17:19:24","guid":{"rendered":"https:\/\/sandzakpress.net\/arhiva\/?p=32914"},"modified":"2012-02-25T18:19:24","modified_gmt":"2012-02-25T17:19:24","slug":"drzava-srbija-de-fakto-priznala-kosovo","status":"publish","type":"post","link":"https:\/\/sandzakpress.net\/arhiva\/drzava-srbija-de-fakto-priznala-kosovo\/","title":{"rendered":"Dr\u017eava Srbija de fakto priznala Kosovo"},"content":{"rendered":"<p><strong><a href=\"https:\/\/sandzakpress.net\/arhiva\/wp-content\/uploads\/2012\/02\/146958_edita-tahiri2-beta_f.jpg\"><img loading=\"lazy\" decoding=\"async\" class=\"alignleft size-medium wp-image-32915\" title=\"146958_edita-tahiri2-beta_f\" src=\"https:\/\/sandzakpress.net\/arhiva\/wp-content\/uploads\/2012\/02\/146958_edita-tahiri2-beta_f-300x172.jpg\" alt=\"\" width=\"300\" height=\"172\" \/><\/a>Kosovo, Srbija &#8211; \u0160efica pregovara\u010dkog tima Kosova Edita Tahiri izjavila je da su danas, u dijalogu u Briselu, postignuti &#8220;istorijski sporazumi kojima se otvara novo  poglavlje u odnosu Kosova sa dr\u017eavama u regionu kao i dr\u017eavama u EU&#8221;.<\/strong><\/p>\n<p>Tahiri je, po zavr\u0160etku razgovora sa delegacijom Beograda, istakla da<br \/>\nje su\u0161tina sporazuma o regionalnom predstavljanju Kosova &#8220;to \u0161to \u0107e Kosovo odsad biti ravnopravno zastupljeno na regionalnim skupovima sa ostalim dr\u017eavama, kao i prilikom potpisivanja me\u0111udr\u017eavnih sporazuma&#8221;.<\/p>\n<p>I, kako je to rekla \u0161efica pregovara\u010dkog tima Pri\u0161tine, &#8220;za UNMIK-om nema vi\u0161e nikakve potrebe&#8221;.<\/p>\n<p>Kometari\u0161u\u0107i \u010dinjenicu da Deklaracija Skup\u0161tine Kosova o nezavisnosti nije uklju\u010dena u fusnotu ispod imena Kosova prilikom regionalnog predstavljanja, Tahiri je rekla da je to &#8220;ve\u0107 uklju\u010deno kroz Mi\u0161ljenje Me\u0111unarodnog suda pravde&#8221; koje se, dodala je, odnosi upravo na tu Deklaraciju.<\/p>\n<p>Upitana da li zvezdica pored imena Kosova ipak zna\u010di da \u0107e se Kosovo razlikovati od ostalih zemalaja u regionu, Tahiri je odgovrila: &#8220;Ta zvezdica je kao pahuljica, istopi\u0107e se kad pro\u0111e zima&#8221;.<\/p>\n<p>Tahiri je tako\u0111e rekla da danas potpisani protokol o integrisanom upravljanju granicama\/prelazima zna\u010di da je &#8220;dr\u017eava Srbija de fakto priznala Kosovo&#8221;.<\/p>\n<p>Izvor: <strong>GoraPress.net<\/strong><\/p>\n","protected":false},"excerpt":{"rendered":"<p>Kosovo, Srbija &#8211; \u0160efica pregovara\u010dkog tima Kosova Edita Tahiri izjavila je da su danas, u dijalogu u Briselu, postignuti &#8220;istorijski sporazumi kojima se otvara novo poglavlje u odnosu Kosova sa dr\u017eavama u regionu kao i dr\u017eavama u EU&#8221;. Tahiri je, po zavr\u0160etku razgovora sa delegacijom Beograda, istakla da je su\u0161tina sporazuma o regionalnom predstavljanju Kosova [&hellip;]<\/p>\n","protected":false},"author":14,"featured_media":32915,"comment_status":"open","ping_status":"open","sticky":false,"template":"","format":"standard","meta":{"footnotes":""},"categories":[2690],"tags":[],"class_list":{"0":"post-32914","1":"post","2":"type-post","3":"status-publish","4":"format-standard","5":"has-post-thumbnail","7":"category-kosovo-gradovi"},"yoast_head":"<!-- This site is optimized with the Yoast SEO Premium plugin v23.1 (Yoast SEO v24.9) - https:\/\/yoast.com\/wordpress\/plugins\/seo\/ -->\n<title>Dr\u017eava Srbija de fakto priznala Kosovo<\/title>\n<meta name=\"robots\" content=\"index, follow, max-snippet:-1, max-image-preview:large, max-video-preview:-1\" \/>\n<link rel=\"canonical\" href=\"https:\/\/sandzakpress.net\/arhiva\/drzava-srbija-de-fakto-priznala-kosovo\/\" \/>\n<meta property=\"og:locale\" content=\"bs_BA\" \/>\n<meta property=\"og:type\" content=\"article\" \/>\n<meta property=\"og:title\" content=\"Dr\u017eava Srbija de fakto priznala Kosovo\" \/>\n<meta property=\"og:description\" content=\"Kosovo, Srbija &#8211; \u0160efica pregovara\u010dkog tima Kosova Edita Tahiri izjavila je da su danas, u dijalogu u Briselu, postignuti &#8220;istorijski sporazumi kojima se otvara novo poglavlje u odnosu Kosova sa dr\u017eavama u regionu kao i dr\u017eavama u EU&#8221;. Tahiri je, po zavr\u0160etku razgovora sa delegacijom Beograda, istakla da je su\u0161tina sporazuma o regionalnom predstavljanju Kosova [&hellip;]\" \/>\n<meta property=\"og:url\" content=\"https:\/\/sandzakpress.net\/arhiva\/drzava-srbija-de-fakto-priznala-kosovo\/\" \/>\n<meta property=\"og:site_name\" content=\"Sand\u017eak PRESS\" \/>\n<meta property=\"article:published_time\" content=\"2012-02-25T17:19:24+00:00\" \/>\n<meta property=\"og:image\" content=\"https:\/\/sandzakpress.net\/arhiva\/wp-content\/uploads\/2012\/02\/146958_edita-tahiri2-beta_f.jpg\" \/>\n\t<meta property=\"og:image:width\" content=\"470\" \/>\n\t<meta property=\"og:image:height\" content=\"270\" \/>\n\t<meta property=\"og:image:type\" content=\"image\/jpeg\" \/>\n<meta name=\"twitter:card\" content=\"summary_large_image\" \/>\n<meta name=\"twitter:label1\" content=\"Written by\" \/>\n\t<meta name=\"twitter:data1\" content=\"\" \/>\n\t<meta name=\"twitter:label2\" content=\"Est. reading time\" \/>\n\t<meta name=\"twitter:data2\" content=\"1 minuta\" \/>\n<script type=\"application\/ld+json\" class=\"yoast-schema-graph\">{\"@context\":\"https:\/\/schema.org\",\"@graph\":[{\"@type\":\"Article\",\"@id\":\"https:\/\/sandzakpress.net\/arhiva\/drzava-srbija-de-fakto-priznala-kosovo\/#article\",\"isPartOf\":{\"@id\":\"https:\/\/sandzakpress.net\/arhiva\/drzava-srbija-de-fakto-priznala-kosovo\/\"},\"author\":{\"name\":\"\",\"@id\":\"\"},\"headline\":\"Dr\u017eava Srbija de fakto priznala Kosovo\",\"datePublished\":\"2012-02-25T17:19:24+00:00\",\"mainEntityOfPage\":{\"@id\":\"https:\/\/sandzakpress.net\/arhiva\/drzava-srbija-de-fakto-priznala-kosovo\/\"},\"wordCount\":218,\"commentCount\":3,\"publisher\":{\"@id\":\"https:\/\/sandzakpress.net\/arhiva\/#\/schema\/person\/6e72b67d6e51910a1117b3b483ba20bd\"},\"image\":{\"@id\":\"https:\/\/sandzakpress.net\/arhiva\/drzava-srbija-de-fakto-priznala-kosovo\/#primaryimage\"},\"thumbnailUrl\":\"https:\/\/sandzakpress.net\/arhiva\/wp-content\/uploads\/2012\/02\/146958_edita-tahiri2-beta_f.jpg\",\"articleSection\":[\"Kosovo\"],\"inLanguage\":\"bs-BA\",\"potentialAction\":[{\"@type\":\"CommentAction\",\"name\":\"Comment\",\"target\":[\"https:\/\/sandzakpress.net\/arhiva\/drzava-srbija-de-fakto-priznala-kosovo\/#respond\"]}]},{\"@type\":\"WebPage\",\"@id\":\"https:\/\/sandzakpress.net\/arhiva\/drzava-srbija-de-fakto-priznala-kosovo\/\",\"url\":\"https:\/\/sandzakpress.net\/arhiva\/drzava-srbija-de-fakto-priznala-kosovo\/\",\"name\":\"Dr\u017eava Srbija de fakto priznala Kosovo\",\"isPartOf\":{\"@id\":\"https:\/\/sandzakpress.net\/arhiva\/#website\"},\"primaryImageOfPage\":{\"@id\":\"https:\/\/sandzakpress.net\/arhiva\/drzava-srbija-de-fakto-priznala-kosovo\/#primaryimage\"},\"image\":{\"@id\":\"https:\/\/sandzakpress.net\/arhiva\/drzava-srbija-de-fakto-priznala-kosovo\/#primaryimage\"},\"thumbnailUrl\":\"https:\/\/sandzakpress.net\/arhiva\/wp-content\/uploads\/2012\/02\/146958_edita-tahiri2-beta_f.jpg\",\"datePublished\":\"2012-02-25T17:19:24+00:00\",\"breadcrumb\":{\"@id\":\"https:\/\/sandzakpress.net\/arhiva\/drzava-srbija-de-fakto-priznala-kosovo\/#breadcrumb\"},\"inLanguage\":\"bs-BA\",\"potentialAction\":[{\"@type\":\"ReadAction\",\"target\":[\"https:\/\/sandzakpress.net\/arhiva\/drzava-srbija-de-fakto-priznala-kosovo\/\"]}]},{\"@type\":\"ImageObject\",\"inLanguage\":\"bs-BA\",\"@id\":\"https:\/\/sandzakpress.net\/arhiva\/drzava-srbija-de-fakto-priznala-kosovo\/#primaryimage\",\"url\":\"https:\/\/sandzakpress.net\/arhiva\/wp-content\/uploads\/2012\/02\/146958_edita-tahiri2-beta_f.jpg\",\"contentUrl\":\"https:\/\/sandzakpress.net\/arhiva\/wp-content\/uploads\/2012\/02\/146958_edita-tahiri2-beta_f.jpg\",\"width\":470,\"height\":270},{\"@type\":\"BreadcrumbList\",\"@id\":\"https:\/\/sandzakpress.net\/arhiva\/drzava-srbija-de-fakto-priznala-kosovo\/#breadcrumb\",\"itemListElement\":[{\"@type\":\"ListItem\",\"position\":1,\"name\":\"Home\",\"item\":\"https:\/\/sandzakpress.net\/arhiva\/\"},{\"@type\":\"ListItem\",\"position\":2,\"name\":\"Dr\u017eava Srbija de fakto priznala Kosovo\"}]},{\"@type\":\"WebSite\",\"@id\":\"https:\/\/sandzakpress.net\/arhiva\/#website\",\"url\":\"https:\/\/sandzakpress.net\/arhiva\/\",\"name\":\"Sand\u017eak PRESS\",\"description\":\"Prve elektronske novine u Sand\u017eaku\",\"publisher\":{\"@id\":\"https:\/\/sandzakpress.net\/arhiva\/#\/schema\/person\/6e72b67d6e51910a1117b3b483ba20bd\"},\"potentialAction\":[{\"@type\":\"SearchAction\",\"target\":{\"@type\":\"EntryPoint\",\"urlTemplate\":\"https:\/\/sandzakpress.net\/arhiva\/?s={search_term_string}\"},\"query-input\":{\"@type\":\"PropertyValueSpecification\",\"valueRequired\":true,\"valueName\":\"search_term_string\"}}],\"inLanguage\":\"bs-BA\"},{\"@type\":[\"Person\",\"Organization\"],\"@id\":\"https:\/\/sandzakpress.net\/arhiva\/#\/schema\/person\/6e72b67d6e51910a1117b3b483ba20bd\",\"name\":\"Kul\",\"image\":{\"@type\":\"ImageObject\",\"inLanguage\":\"bs-BA\",\"@id\":\"https:\/\/sandzakpress.net\/arhiva\/#\/schema\/person\/image\/\",\"url\":\"https:\/\/secure.gravatar.com\/avatar\/42263f39aa27ac04c43cab85c280eb2e?s=96&d=mm&r=pg\",\"contentUrl\":\"https:\/\/secure.gravatar.com\/avatar\/42263f39aa27ac04c43cab85c280eb2e?s=96&d=mm&r=pg\",\"caption\":\"Kul\"},\"logo\":{\"@id\":\"https:\/\/sandzakpress.net\/arhiva\/#\/schema\/person\/image\/\"}},{\"@type\":\"Person\",\"@id\":\"\",\"url\":\"https:\/\/sandzakpress.net\/arhiva\/author\/\"}]}<\/script>\n<!-- \/ Yoast SEO Premium plugin. -->","yoast_head_json":{"title":"Dr\u017eava Srbija de fakto priznala Kosovo","robots":{"index":"index","follow":"follow","max-snippet":"max-snippet:-1","max-image-preview":"max-image-preview:large","max-video-preview":"max-video-preview:-1"},"canonical":"https:\/\/sandzakpress.net\/arhiva\/drzava-srbija-de-fakto-priznala-kosovo\/","og_locale":"bs_BA","og_type":"article","og_title":"Dr\u017eava Srbija de fakto priznala Kosovo","og_description":"Kosovo, Srbija &#8211; \u0160efica pregovara\u010dkog tima Kosova Edita Tahiri izjavila je da su danas, u dijalogu u Briselu, postignuti &#8220;istorijski sporazumi kojima se otvara novo poglavlje u odnosu Kosova sa dr\u017eavama u regionu kao i dr\u017eavama u EU&#8221;. Tahiri je, po zavr\u0160etku razgovora sa delegacijom Beograda, istakla da je su\u0161tina sporazuma o regionalnom predstavljanju Kosova [&hellip;]","og_url":"https:\/\/sandzakpress.net\/arhiva\/drzava-srbija-de-fakto-priznala-kosovo\/","og_site_name":"Sand\u017eak PRESS","article_published_time":"2012-02-25T17:19:24+00:00","og_image":[{"width":470,"height":270,"url":"https:\/\/sandzakpress.net\/arhiva\/wp-content\/uploads\/2012\/02\/146958_edita-tahiri2-beta_f.jpg","type":"image\/jpeg"}],"twitter_card":"summary_large_image","twitter_misc":{"Written by":"","Est. reading time":"1 minuta"},"schema":{"@context":"https:\/\/schema.org","@graph":[{"@type":"Article","@id":"https:\/\/sandzakpress.net\/arhiva\/drzava-srbija-de-fakto-priznala-kosovo\/#article","isPartOf":{"@id":"https:\/\/sandzakpress.net\/arhiva\/drzava-srbija-de-fakto-priznala-kosovo\/"},"author":{"name":"","@id":""},"headline":"Dr\u017eava Srbija de fakto priznala Kosovo","datePublished":"2012-02-25T17:19:24+00:00","mainEntityOfPage":{"@id":"https:\/\/sandzakpress.net\/arhiva\/drzava-srbija-de-fakto-priznala-kosovo\/"},"wordCount":218,"commentCount":3,"publisher":{"@id":"https:\/\/sandzakpress.net\/arhiva\/#\/schema\/person\/6e72b67d6e51910a1117b3b483ba20bd"},"image":{"@id":"https:\/\/sandzakpress.net\/arhiva\/drzava-srbija-de-fakto-priznala-kosovo\/#primaryimage"},"thumbnailUrl":"https:\/\/sandzakpress.net\/arhiva\/wp-content\/uploads\/2012\/02\/146958_edita-tahiri2-beta_f.jpg","articleSection":["Kosovo"],"inLanguage":"bs-BA","potentialAction":[{"@type":"CommentAction","name":"Comment","target":["https:\/\/sandzakpress.net\/arhiva\/drzava-srbija-de-fakto-priznala-kosovo\/#respond"]}]},{"@type":"WebPage","@id":"https:\/\/sandzakpress.net\/arhiva\/drzava-srbija-de-fakto-priznala-kosovo\/","url":"https:\/\/sandzakpress.net\/arhiva\/drzava-srbija-de-fakto-priznala-kosovo\/","name":"Dr\u017eava Srbija de fakto priznala Kosovo","isPartOf":{"@id":"https:\/\/sandzakpress.net\/arhiva\/#website"},"primaryImageOfPage":{"@id":"https:\/\/sandzakpress.net\/arhiva\/drzava-srbija-de-fakto-priznala-kosovo\/#primaryimage"},"image":{"@id":"https:\/\/sandzakpress.net\/arhiva\/drzava-srbija-de-fakto-priznala-kosovo\/#primaryimage"},"thumbnailUrl":"https:\/\/sandzakpress.net\/arhiva\/wp-content\/uploads\/2012\/02\/146958_edita-tahiri2-beta_f.jpg","datePublished":"2012-02-25T17:19:24+00:00","breadcrumb":{"@id":"https:\/\/sandzakpress.net\/arhiva\/drzava-srbija-de-fakto-priznala-kosovo\/#breadcrumb"},"inLanguage":"bs-BA","potentialAction":[{"@type":"ReadAction","target":["https:\/\/sandzakpress.net\/arhiva\/drzava-srbija-de-fakto-priznala-kosovo\/"]}]},{"@type":"ImageObject","inLanguage":"bs-BA","@id":"https:\/\/sandzakpress.net\/arhiva\/drzava-srbija-de-fakto-priznala-kosovo\/#primaryimage","url":"https:\/\/sandzakpress.net\/arhiva\/wp-content\/uploads\/2012\/02\/146958_edita-tahiri2-beta_f.jpg","contentUrl":"https:\/\/sandzakpress.net\/arhiva\/wp-content\/uploads\/2012\/02\/146958_edita-tahiri2-beta_f.jpg","width":470,"height":270},{"@type":"BreadcrumbList","@id":"https:\/\/sandzakpress.net\/arhiva\/drzava-srbija-de-fakto-priznala-kosovo\/#breadcrumb","itemListElement":[{"@type":"ListItem","position":1,"name":"Home","item":"https:\/\/sandzakpress.net\/arhiva\/"},{"@type":"ListItem","position":2,"name":"Dr\u017eava Srbija de fakto priznala Kosovo"}]},{"@type":"WebSite","@id":"https:\/\/sandzakpress.net\/arhiva\/#website","url":"https:\/\/sandzakpress.net\/arhiva\/","name":"Sand\u017eak PRESS","description":"Prve elektronske novine u Sand\u017eaku","publisher":{"@id":"https:\/\/sandzakpress.net\/arhiva\/#\/schema\/person\/6e72b67d6e51910a1117b3b483ba20bd"},"potentialAction":[{"@type":"SearchAction","target":{"@type":"EntryPoint","urlTemplate":"https:\/\/sandzakpress.net\/arhiva\/?s={search_term_string}"},"query-input":{"@type":"PropertyValueSpecification","valueRequired":true,"valueName":"search_term_string"}}],"inLanguage":"bs-BA"},{"@type":["Person","Organization"],"@id":"https:\/\/sandzakpress.net\/arhiva\/#\/schema\/person\/6e72b67d6e51910a1117b3b483ba20bd","name":"Kul","image":{"@type":"ImageObject","inLanguage":"bs-BA","@id":"https:\/\/sandzakpress.net\/arhiva\/#\/schema\/person\/image\/","url":"https:\/\/secure.gravatar.com\/avatar\/42263f39aa27ac04c43cab85c280eb2e?s=96&d=mm&r=pg","contentUrl":"https:\/\/secure.gravatar.com\/avatar\/42263f39aa27ac04c43cab85c280eb2e?s=96&d=mm&r=pg","caption":"Kul"},"logo":{"@id":"https:\/\/sandzakpress.net\/arhiva\/#\/schema\/person\/image\/"}},{"@type":"Person","@id":"","url":"https:\/\/sandzakpress.net\/arhiva\/author\/"}]}},"_links":{"self":[{"href":"https:\/\/sandzakpress.net\/arhiva\/wp-json\/wp\/v2\/posts\/32914"}],"collection":[{"href":"https:\/\/sandzakpress.net\/arhiva\/wp-json\/wp\/v2\/posts"}],"about":[{"href":"https:\/\/sandzakpress.net\/arhiva\/wp-json\/wp\/v2\/types\/post"}],"author":[{"embeddable":true,"href":"https:\/\/sandzakpress.net\/arhiva\/wp-json\/wp\/v2\/users\/14"}],"replies":[{"embeddable":true,"href":"https:\/\/sandzakpress.net\/arhiva\/wp-json\/wp\/v2\/comments?post=32914"}],"version-history":[{"count":0,"href":"https:\/\/sandzakpress.net\/arhiva\/wp-json\/wp\/v2\/posts\/32914\/revisions"}],"wp:featuredmedia":[{"embeddable":true,"href":"https:\/\/sandzakpress.net\/arhiva\/wp-json\/wp\/v2\/media\/32915"}],"wp:attachment":[{"href":"https:\/\/sandzakpress.net\/arhiva\/wp-json\/wp\/v2\/media?parent=32914"}],"wp:term":[{"taxonomy":"category","embeddable":true,"href":"https:\/\/sandzakpress.net\/arhiva\/wp-json\/wp\/v2\/categories?post=32914"},{"taxonomy":"post_tag","embeddable":true,"href":"https:\/\/sandzakpress.net\/arhiva\/wp-json\/wp\/v2\/tags?post=32914"}],"curies":[{"name":"wp","href":"https:\/\/api.w.org\/{rel}","templated":true}]}}