{"id":3283,"date":"2010-04-01T16:01:07","date_gmt":"2010-04-01T14:01:07","guid":{"rendered":"https:\/\/sandzakpress.net\/arhiva\/?p=3283"},"modified":"2010-04-01T16:01:07","modified_gmt":"2010-04-01T14:01:07","slug":"dvanaest-mrtvih-u-dagestanu","status":"publish","type":"post","link":"https:\/\/sandzakpress.net\/arhiva\/dvanaest-mrtvih-u-dagestanu\/","title":{"rendered":"Dvanaest mrtvih u Dagestanu"},"content":{"rendered":"<p><strong><a href=\"https:\/\/sandzakpress.net\/arhiva\/wp-content\/uploads\/2010\/04\/dagestan.jpg\"><img loading=\"lazy\" decoding=\"async\" class=\"alignleft size-full wp-image-3284\" title=\"dagestan\" src=\"https:\/\/sandzakpress.net\/arhiva\/wp-content\/uploads\/2010\/04\/dagestan.jpg\" alt=\"\" width=\"180\" height=\"220\" \/><\/a>Degestan &#8211; Najmanje 12 ljudi je poginulo, me\u0111u kojima jedan visoki funkcioner   policije i 8 policajaca, a 23 osobe su ranjene u eksplozijama u gradu   Kizljaru, u Dagestanu.<br \/>\n<\/strong><br \/>\nAutomobil bomba, parkiran u blizini  gimnazije i republi\u010dkog MUP-a,  eksplodirao je kada je pored njega  prolazila policijska patrola  usmrtiv\u0161i dva policajca. Policijski  zvani\u010dnik je izjavio da je drugu  bombu aktivirao bomba\u0161 samoubica koji  je nosio policijsku uniformu  ubrzo po\u0161to su se na mjestu prethodne  eksplozije okupili policija i  posmatra\u010di, prenose agencije.<\/p>\n<p>Prva  eksplozija odjeknula je  ispred jedne \u0161kole u mjestu <strong>Kizlijaru<\/strong>. U  toj  detonaciji poginula su dvojica policajaca. Lokalna televizija  emitovala  je potresne snimke raskomadanih tijela dvije \u017ertve.<\/p>\n<p>Druga   eksplozija dogodila se neposredno poslije prve, kada su se na mjestu   napada okupili prolaznici i policajci.<\/p>\n<p>Sa 2,5 miliona stanovnika   raznih nacija, Dagestan je, kao i druge oblasti Kavkaza, mjesecima   popri\u0161te smrtonosnih sukoba islamskih oslobodioca i ruskih teroristi\u010dkih   snaga, a atentati su \u010desti.<\/p>\n<p>Napadi na moskovski metro u kome je   poginulo 39 ljudi, ponovo su aktuelnim u\u010dinili pitanje odnosa  kavkaskog  regiona i centralne ruske vlade.<\/p>\n<p>Mediji podsje\u0107aju na  poruku vo\u0111e  \u010de\u010denskih pobunjenika prije 2 mjeseca.<\/p>\n<p><em>Ako Rusi  ne shvataju  da se rat vodi i na njihovim ulicama i u njihovim  gradovima, ako misle  da se rat doga\u0111a samo na Kavkazu i ako ih to ne  interesuje, dokaza\u0107emo  im, uz pomo\u0107 Allaha s.w.t., da \u0107e rat sti\u0107i i u  njihove ku\u0107e. Zona  sukoba bi\u0107e pro\u0161irena na cijelu Rusiju<\/em>, rekao  je vo\u0111a \u010de\u010denskih  oslobobodilaca <strong>Doku Umarov<\/strong>.<\/p>\n<p>Umarov  je naslijedio \u010duvenog <strong>\u0160amila  Basajeva<\/strong>, ubijenog 2006.  godine. Napad u Moskvi prije 2 dana, za  koji snage bezbjednosti  optu\u017euju grupu Crne udovice, pokazuje da Umarov  vrlo uspje\u0161no rukovodi  \u010de\u010denskim borcima i da njihov uticaj ne slabi.<\/p>\n<p>Oni  su i prije  koristili \u017eene, kojima je neko blizak poginuo u borbi sa  ruskom  vojskom, za napade.<\/p>\n<p>Rusima je jo\u0161 svje\u017ee u sje\u0107anju napad  na  pozori\u0161te Dubrovka u Moskvi kada su teroristi posjetioce tri dana   dr\u017eali kao taoce. U akciji spasavanja tada je poginulo 90 civila.<\/p>\n<p><strong>Putin:   Iza eksplozija mo\u017eda stoji &#8220;ista banda&#8221;<\/strong><\/p>\n<p>Ruski premijer  <strong>Vladimir  Putin<\/strong> nije isklju\u010dio mogu\u0107nost da iza  eksplozija u moskovskom  metrou i dagestanskom gradu Kizljaru stoji  &#8220;ista banda&#8221;, prenijele su  ruske novinske agencije.<\/p>\n<p><em>Ne  isklju\u010dujem da dejstvuje jedna  ista banda<\/em>, rekao je ruski premijer  na sjednici predsjedni\u0161tva  Vlade, dodaju\u0107i da je eksplozija u bilo kom  regionu zlo\u010din protiv cijele  zemlje, prenio je Itar-Tas.<\/p>\n<p><em>Nije  nam va\u017eno u kom delu zemlje  je izvr\u0161en takav zlo\u010din, nije va\u017eno ko je  \u017ertva, kakve je nacionalnosti i  veroispovesti. Polazimo od toga da je  to zlo\u010din protiv Rusije<\/em>,  rekao je Putin.<\/p>\n<p>Itar-Tas preneo je  i izjavu <strong>Magomedsalama  Magomedova<\/strong>, predsjednika ruske  republike Dagestan da su teroristi\u010dki  napadi preklju\u010de u moskovskom  metrou i danas u Kizljaru karike istog  lanca.<\/p>\n<p><em>Teroristi su  imali \u0161ansu da se vrate mirnom \u017eivotu, ali  je nisu iskoristili. I dalje  \u0107emo ih uni\u0161tavati do potpunog  iskorjenjivanja<\/em>, rekao je  Magomedov.<\/p>\n<p>Ministar unutra\u0161njih  poslova Dagestana <strong>Ali  Magomedov<\/strong> rekao je da je li\u010dnost  teroriste-samoubice utvr\u0111ena,  ali da se ime ne saop\u0107ava zbog interesa  istrage.<\/p>\n<p>Predsjednik  ruske vlade je nalo\u017eio ministru unutra\u0161njih  poslova Rusije <strong>Ra\u0161idu  Nurgalijevu<\/strong> da razmotri mogu\u0107nost ja\u010danja  policijskih  jedinica na Sjevernom Kavkazu, izme\u0111u ostalog u Dagestanu, i  da podnese  prijedlog.<\/p>\n<p><strong>Medvedev: Banditi \u0107e biti prona\u0111eni i   uni\u0161teni<\/strong><\/p>\n<p>Ruski predsednik <strong>Dmitrij Medvedev<\/strong> izjavio je  na sjednici Savjeta za nacionalnu bezbjednost da \u0107e  banditi, koji su  po\u010dinili najnovije teroristi\u010dke akte u Rusiji, biti  prona\u0111eni i  uni\u0161teni.<\/p>\n<p>Medvedev je rekao da su teroristi\u010dki akti u  ponedeljak u  moskovskom metrou i dana\u0161nji u dagestanskom gradu  Kizljaru \u201ckarike  istog lanca\u201c i manifestacija teroristi\u010dke aktivnosti  koja se pojavljuje u  poslednje vrijeme ponovo na Kavkazu.<\/p>\n<p><em>Cilj  terorista je  destabilizacija stanja u zemlji, ru\u0161enje civilnog dru\u0161tva  i \u017eelja da se  unese strah i panika me\u0111u stanovni\u0161tvo. To ne\u0107emo  dopustiti<\/em>,  naglasio je Medvedev.<\/p>\n<p><em>Sve \u0161to \u0107e se raditi  bi\u0107e usmereno na  konsolidaciju na\u0161e zemlje i na\u0161e nacije<\/em>, dodao je  ruski predsednik,  preneo je Itar-Tas.<\/p>\n<p>Isti\u010du\u0107i da \u0107e dr\u017eava  pru\u017eiti pomo\u0107 svim  porodicama poginulih i povrije\u0111enih, Medvedev je  rekao da je za potpuno  iskorijenjivanje terorizma i ekstremizma  neophodno raditi sa ljudima na  Sjevernom Kakvazu i ponuditi im \u201cnove  uslove \u017eivota\u201c.<\/p>\n<p>Izvor: <strong>IslamBosna.ba<\/strong><\/p>\n","protected":false},"excerpt":{"rendered":"<p>Degestan &#8211; Najmanje 12 ljudi je poginulo, me\u0111u kojima jedan visoki funkcioner policije i 8 policajaca, a 23 osobe su ranjene u eksplozijama u gradu Kizljaru, u Dagestanu. Automobil bomba, parkiran u blizini gimnazije i republi\u010dkog MUP-a, eksplodirao je kada je pored njega prolazila policijska patrola usmrtiv\u0161i dva policajca. Policijski zvani\u010dnik je izjavio da je [&hellip;]<\/p>\n","protected":false},"author":83,"featured_media":3284,"comment_status":"open","ping_status":"open","sticky":false,"template":"","format":"standard","meta":{"footnotes":""},"categories":[9],"tags":[],"class_list":{"0":"post-3283","1":"post","2":"type-post","3":"status-publish","4":"format-standard","5":"has-post-thumbnail","7":"category-svijet"},"yoast_head":"<!-- This site is optimized with the Yoast SEO Premium plugin v23.1 (Yoast SEO v24.9) - https:\/\/yoast.com\/wordpress\/plugins\/seo\/ -->\n<title>Dvanaest mrtvih u Dagestanu<\/title>\n<meta name=\"robots\" content=\"index, follow, max-snippet:-1, max-image-preview:large, max-video-preview:-1\" \/>\n<link rel=\"canonical\" href=\"https:\/\/sandzakpress.net\/arhiva\/dvanaest-mrtvih-u-dagestanu\/\" \/>\n<meta property=\"og:locale\" content=\"bs_BA\" \/>\n<meta property=\"og:type\" content=\"article\" \/>\n<meta property=\"og:title\" content=\"Dvanaest mrtvih u Dagestanu\" \/>\n<meta property=\"og:description\" content=\"Degestan &#8211; Najmanje 12 ljudi je poginulo, me\u0111u kojima jedan visoki funkcioner policije i 8 policajaca, a 23 osobe su ranjene u eksplozijama u gradu Kizljaru, u Dagestanu. Automobil bomba, parkiran u blizini gimnazije i republi\u010dkog MUP-a, eksplodirao je kada je pored njega prolazila policijska patrola usmrtiv\u0161i dva policajca. Policijski zvani\u010dnik je izjavio da je [&hellip;]\" \/>\n<meta property=\"og:url\" content=\"https:\/\/sandzakpress.net\/arhiva\/dvanaest-mrtvih-u-dagestanu\/\" \/>\n<meta property=\"og:site_name\" content=\"Sand\u017eak PRESS\" \/>\n<meta property=\"article:published_time\" content=\"2010-04-01T14:01:07+00:00\" \/>\n<meta property=\"og:image\" content=\"https:\/\/sandzakpress.net\/arhiva\/wp-content\/uploads\/2010\/04\/dagestan.jpg\" \/>\n\t<meta property=\"og:image:width\" content=\"180\" \/>\n\t<meta property=\"og:image:height\" content=\"220\" \/>\n\t<meta property=\"og:image:type\" content=\"image\/jpeg\" \/>\n<meta name=\"author\" content=\"bosniak\" \/>\n<meta name=\"twitter:card\" content=\"summary_large_image\" \/>\n<meta name=\"twitter:label1\" content=\"Written by\" \/>\n\t<meta name=\"twitter:data1\" content=\"bosniak\" \/>\n\t<meta name=\"twitter:label2\" content=\"Est. reading time\" \/>\n\t<meta name=\"twitter:data2\" content=\"4 minute\" \/>\n<script type=\"application\/ld+json\" class=\"yoast-schema-graph\">{\"@context\":\"https:\/\/schema.org\",\"@graph\":[{\"@type\":\"Article\",\"@id\":\"https:\/\/sandzakpress.net\/arhiva\/dvanaest-mrtvih-u-dagestanu\/#article\",\"isPartOf\":{\"@id\":\"https:\/\/sandzakpress.net\/arhiva\/dvanaest-mrtvih-u-dagestanu\/\"},\"author\":{\"name\":\"bosniak\",\"@id\":\"https:\/\/sandzakpress.net\/arhiva\/#\/schema\/person\/c8baee722073534b583ea7bdb2e36c02\"},\"headline\":\"Dvanaest mrtvih u Dagestanu\",\"datePublished\":\"2010-04-01T14:01:07+00:00\",\"mainEntityOfPage\":{\"@id\":\"https:\/\/sandzakpress.net\/arhiva\/dvanaest-mrtvih-u-dagestanu\/\"},\"wordCount\":744,\"commentCount\":0,\"publisher\":{\"@id\":\"https:\/\/sandzakpress.net\/arhiva\/#\/schema\/person\/6e72b67d6e51910a1117b3b483ba20bd\"},\"image\":{\"@id\":\"https:\/\/sandzakpress.net\/arhiva\/dvanaest-mrtvih-u-dagestanu\/#primaryimage\"},\"thumbnailUrl\":\"https:\/\/sandzakpress.net\/arhiva\/wp-content\/uploads\/2010\/04\/dagestan.jpg\",\"articleSection\":[\"Svijet\"],\"inLanguage\":\"bs-BA\",\"potentialAction\":[{\"@type\":\"CommentAction\",\"name\":\"Comment\",\"target\":[\"https:\/\/sandzakpress.net\/arhiva\/dvanaest-mrtvih-u-dagestanu\/#respond\"]}]},{\"@type\":\"WebPage\",\"@id\":\"https:\/\/sandzakpress.net\/arhiva\/dvanaest-mrtvih-u-dagestanu\/\",\"url\":\"https:\/\/sandzakpress.net\/arhiva\/dvanaest-mrtvih-u-dagestanu\/\",\"name\":\"Dvanaest mrtvih u Dagestanu\",\"isPartOf\":{\"@id\":\"https:\/\/sandzakpress.net\/arhiva\/#website\"},\"primaryImageOfPage\":{\"@id\":\"https:\/\/sandzakpress.net\/arhiva\/dvanaest-mrtvih-u-dagestanu\/#primaryimage\"},\"image\":{\"@id\":\"https:\/\/sandzakpress.net\/arhiva\/dvanaest-mrtvih-u-dagestanu\/#primaryimage\"},\"thumbnailUrl\":\"https:\/\/sandzakpress.net\/arhiva\/wp-content\/uploads\/2010\/04\/dagestan.jpg\",\"datePublished\":\"2010-04-01T14:01:07+00:00\",\"breadcrumb\":{\"@id\":\"https:\/\/sandzakpress.net\/arhiva\/dvanaest-mrtvih-u-dagestanu\/#breadcrumb\"},\"inLanguage\":\"bs-BA\",\"potentialAction\":[{\"@type\":\"ReadAction\",\"target\":[\"https:\/\/sandzakpress.net\/arhiva\/dvanaest-mrtvih-u-dagestanu\/\"]}]},{\"@type\":\"ImageObject\",\"inLanguage\":\"bs-BA\",\"@id\":\"https:\/\/sandzakpress.net\/arhiva\/dvanaest-mrtvih-u-dagestanu\/#primaryimage\",\"url\":\"https:\/\/sandzakpress.net\/arhiva\/wp-content\/uploads\/2010\/04\/dagestan.jpg\",\"contentUrl\":\"https:\/\/sandzakpress.net\/arhiva\/wp-content\/uploads\/2010\/04\/dagestan.jpg\",\"width\":180,\"height\":220},{\"@type\":\"BreadcrumbList\",\"@id\":\"https:\/\/sandzakpress.net\/arhiva\/dvanaest-mrtvih-u-dagestanu\/#breadcrumb\",\"itemListElement\":[{\"@type\":\"ListItem\",\"position\":1,\"name\":\"Home\",\"item\":\"https:\/\/sandzakpress.net\/arhiva\/\"},{\"@type\":\"ListItem\",\"position\":2,\"name\":\"Dvanaest mrtvih u Dagestanu\"}]},{\"@type\":\"WebSite\",\"@id\":\"https:\/\/sandzakpress.net\/arhiva\/#website\",\"url\":\"https:\/\/sandzakpress.net\/arhiva\/\",\"name\":\"Sand\u017eak PRESS\",\"description\":\"Prve elektronske novine u Sand\u017eaku\",\"publisher\":{\"@id\":\"https:\/\/sandzakpress.net\/arhiva\/#\/schema\/person\/6e72b67d6e51910a1117b3b483ba20bd\"},\"potentialAction\":[{\"@type\":\"SearchAction\",\"target\":{\"@type\":\"EntryPoint\",\"urlTemplate\":\"https:\/\/sandzakpress.net\/arhiva\/?s={search_term_string}\"},\"query-input\":{\"@type\":\"PropertyValueSpecification\",\"valueRequired\":true,\"valueName\":\"search_term_string\"}}],\"inLanguage\":\"bs-BA\"},{\"@type\":[\"Person\",\"Organization\"],\"@id\":\"https:\/\/sandzakpress.net\/arhiva\/#\/schema\/person\/6e72b67d6e51910a1117b3b483ba20bd\",\"name\":\"Kul\",\"image\":{\"@type\":\"ImageObject\",\"inLanguage\":\"bs-BA\",\"@id\":\"https:\/\/sandzakpress.net\/arhiva\/#\/schema\/person\/image\/\",\"url\":\"https:\/\/secure.gravatar.com\/avatar\/42263f39aa27ac04c43cab85c280eb2e?s=96&d=mm&r=pg\",\"contentUrl\":\"https:\/\/secure.gravatar.com\/avatar\/42263f39aa27ac04c43cab85c280eb2e?s=96&d=mm&r=pg\",\"caption\":\"Kul\"},\"logo\":{\"@id\":\"https:\/\/sandzakpress.net\/arhiva\/#\/schema\/person\/image\/\"}},{\"@type\":\"Person\",\"@id\":\"https:\/\/sandzakpress.net\/arhiva\/#\/schema\/person\/c8baee722073534b583ea7bdb2e36c02\",\"name\":\"bosniak\",\"image\":{\"@type\":\"ImageObject\",\"inLanguage\":\"bs-BA\",\"@id\":\"https:\/\/sandzakpress.net\/arhiva\/#\/schema\/person\/image\/\",\"url\":\"https:\/\/secure.gravatar.com\/avatar\/a04fd330bfe3a36a72a0ad4a6d89fca7?s=96&d=mm&r=pg\",\"contentUrl\":\"https:\/\/secure.gravatar.com\/avatar\/a04fd330bfe3a36a72a0ad4a6d89fca7?s=96&d=mm&r=pg\",\"caption\":\"bosniak\"},\"url\":\"https:\/\/sandzakpress.net\/arhiva\/author\/bosniak\/\"}]}<\/script>\n<!-- \/ Yoast SEO Premium plugin. -->","yoast_head_json":{"title":"Dvanaest mrtvih u Dagestanu","robots":{"index":"index","follow":"follow","max-snippet":"max-snippet:-1","max-image-preview":"max-image-preview:large","max-video-preview":"max-video-preview:-1"},"canonical":"https:\/\/sandzakpress.net\/arhiva\/dvanaest-mrtvih-u-dagestanu\/","og_locale":"bs_BA","og_type":"article","og_title":"Dvanaest mrtvih u Dagestanu","og_description":"Degestan &#8211; Najmanje 12 ljudi je poginulo, me\u0111u kojima jedan visoki funkcioner policije i 8 policajaca, a 23 osobe su ranjene u eksplozijama u gradu Kizljaru, u Dagestanu. Automobil bomba, parkiran u blizini gimnazije i republi\u010dkog MUP-a, eksplodirao je kada je pored njega prolazila policijska patrola usmrtiv\u0161i dva policajca. Policijski zvani\u010dnik je izjavio da je [&hellip;]","og_url":"https:\/\/sandzakpress.net\/arhiva\/dvanaest-mrtvih-u-dagestanu\/","og_site_name":"Sand\u017eak PRESS","article_published_time":"2010-04-01T14:01:07+00:00","og_image":[{"width":180,"height":220,"url":"https:\/\/sandzakpress.net\/arhiva\/wp-content\/uploads\/2010\/04\/dagestan.jpg","type":"image\/jpeg"}],"author":"bosniak","twitter_card":"summary_large_image","twitter_misc":{"Written by":"bosniak","Est. reading time":"4 minute"},"schema":{"@context":"https:\/\/schema.org","@graph":[{"@type":"Article","@id":"https:\/\/sandzakpress.net\/arhiva\/dvanaest-mrtvih-u-dagestanu\/#article","isPartOf":{"@id":"https:\/\/sandzakpress.net\/arhiva\/dvanaest-mrtvih-u-dagestanu\/"},"author":{"name":"bosniak","@id":"https:\/\/sandzakpress.net\/arhiva\/#\/schema\/person\/c8baee722073534b583ea7bdb2e36c02"},"headline":"Dvanaest mrtvih u Dagestanu","datePublished":"2010-04-01T14:01:07+00:00","mainEntityOfPage":{"@id":"https:\/\/sandzakpress.net\/arhiva\/dvanaest-mrtvih-u-dagestanu\/"},"wordCount":744,"commentCount":0,"publisher":{"@id":"https:\/\/sandzakpress.net\/arhiva\/#\/schema\/person\/6e72b67d6e51910a1117b3b483ba20bd"},"image":{"@id":"https:\/\/sandzakpress.net\/arhiva\/dvanaest-mrtvih-u-dagestanu\/#primaryimage"},"thumbnailUrl":"https:\/\/sandzakpress.net\/arhiva\/wp-content\/uploads\/2010\/04\/dagestan.jpg","articleSection":["Svijet"],"inLanguage":"bs-BA","potentialAction":[{"@type":"CommentAction","name":"Comment","target":["https:\/\/sandzakpress.net\/arhiva\/dvanaest-mrtvih-u-dagestanu\/#respond"]}]},{"@type":"WebPage","@id":"https:\/\/sandzakpress.net\/arhiva\/dvanaest-mrtvih-u-dagestanu\/","url":"https:\/\/sandzakpress.net\/arhiva\/dvanaest-mrtvih-u-dagestanu\/","name":"Dvanaest mrtvih u Dagestanu","isPartOf":{"@id":"https:\/\/sandzakpress.net\/arhiva\/#website"},"primaryImageOfPage":{"@id":"https:\/\/sandzakpress.net\/arhiva\/dvanaest-mrtvih-u-dagestanu\/#primaryimage"},"image":{"@id":"https:\/\/sandzakpress.net\/arhiva\/dvanaest-mrtvih-u-dagestanu\/#primaryimage"},"thumbnailUrl":"https:\/\/sandzakpress.net\/arhiva\/wp-content\/uploads\/2010\/04\/dagestan.jpg","datePublished":"2010-04-01T14:01:07+00:00","breadcrumb":{"@id":"https:\/\/sandzakpress.net\/arhiva\/dvanaest-mrtvih-u-dagestanu\/#breadcrumb"},"inLanguage":"bs-BA","potentialAction":[{"@type":"ReadAction","target":["https:\/\/sandzakpress.net\/arhiva\/dvanaest-mrtvih-u-dagestanu\/"]}]},{"@type":"ImageObject","inLanguage":"bs-BA","@id":"https:\/\/sandzakpress.net\/arhiva\/dvanaest-mrtvih-u-dagestanu\/#primaryimage","url":"https:\/\/sandzakpress.net\/arhiva\/wp-content\/uploads\/2010\/04\/dagestan.jpg","contentUrl":"https:\/\/sandzakpress.net\/arhiva\/wp-content\/uploads\/2010\/04\/dagestan.jpg","width":180,"height":220},{"@type":"BreadcrumbList","@id":"https:\/\/sandzakpress.net\/arhiva\/dvanaest-mrtvih-u-dagestanu\/#breadcrumb","itemListElement":[{"@type":"ListItem","position":1,"name":"Home","item":"https:\/\/sandzakpress.net\/arhiva\/"},{"@type":"ListItem","position":2,"name":"Dvanaest mrtvih u Dagestanu"}]},{"@type":"WebSite","@id":"https:\/\/sandzakpress.net\/arhiva\/#website","url":"https:\/\/sandzakpress.net\/arhiva\/","name":"Sand\u017eak PRESS","description":"Prve elektronske novine u Sand\u017eaku","publisher":{"@id":"https:\/\/sandzakpress.net\/arhiva\/#\/schema\/person\/6e72b67d6e51910a1117b3b483ba20bd"},"potentialAction":[{"@type":"SearchAction","target":{"@type":"EntryPoint","urlTemplate":"https:\/\/sandzakpress.net\/arhiva\/?s={search_term_string}"},"query-input":{"@type":"PropertyValueSpecification","valueRequired":true,"valueName":"search_term_string"}}],"inLanguage":"bs-BA"},{"@type":["Person","Organization"],"@id":"https:\/\/sandzakpress.net\/arhiva\/#\/schema\/person\/6e72b67d6e51910a1117b3b483ba20bd","name":"Kul","image":{"@type":"ImageObject","inLanguage":"bs-BA","@id":"https:\/\/sandzakpress.net\/arhiva\/#\/schema\/person\/image\/","url":"https:\/\/secure.gravatar.com\/avatar\/42263f39aa27ac04c43cab85c280eb2e?s=96&d=mm&r=pg","contentUrl":"https:\/\/secure.gravatar.com\/avatar\/42263f39aa27ac04c43cab85c280eb2e?s=96&d=mm&r=pg","caption":"Kul"},"logo":{"@id":"https:\/\/sandzakpress.net\/arhiva\/#\/schema\/person\/image\/"}},{"@type":"Person","@id":"https:\/\/sandzakpress.net\/arhiva\/#\/schema\/person\/c8baee722073534b583ea7bdb2e36c02","name":"bosniak","image":{"@type":"ImageObject","inLanguage":"bs-BA","@id":"https:\/\/sandzakpress.net\/arhiva\/#\/schema\/person\/image\/","url":"https:\/\/secure.gravatar.com\/avatar\/a04fd330bfe3a36a72a0ad4a6d89fca7?s=96&d=mm&r=pg","contentUrl":"https:\/\/secure.gravatar.com\/avatar\/a04fd330bfe3a36a72a0ad4a6d89fca7?s=96&d=mm&r=pg","caption":"bosniak"},"url":"https:\/\/sandzakpress.net\/arhiva\/author\/bosniak\/"}]}},"_links":{"self":[{"href":"https:\/\/sandzakpress.net\/arhiva\/wp-json\/wp\/v2\/posts\/3283"}],"collection":[{"href":"https:\/\/sandzakpress.net\/arhiva\/wp-json\/wp\/v2\/posts"}],"about":[{"href":"https:\/\/sandzakpress.net\/arhiva\/wp-json\/wp\/v2\/types\/post"}],"author":[{"embeddable":true,"href":"https:\/\/sandzakpress.net\/arhiva\/wp-json\/wp\/v2\/users\/83"}],"replies":[{"embeddable":true,"href":"https:\/\/sandzakpress.net\/arhiva\/wp-json\/wp\/v2\/comments?post=3283"}],"version-history":[{"count":0,"href":"https:\/\/sandzakpress.net\/arhiva\/wp-json\/wp\/v2\/posts\/3283\/revisions"}],"wp:featuredmedia":[{"embeddable":true,"href":"https:\/\/sandzakpress.net\/arhiva\/wp-json\/wp\/v2\/media\/3284"}],"wp:attachment":[{"href":"https:\/\/sandzakpress.net\/arhiva\/wp-json\/wp\/v2\/media?parent=3283"}],"wp:term":[{"taxonomy":"category","embeddable":true,"href":"https:\/\/sandzakpress.net\/arhiva\/wp-json\/wp\/v2\/categories?post=3283"},{"taxonomy":"post_tag","embeddable":true,"href":"https:\/\/sandzakpress.net\/arhiva\/wp-json\/wp\/v2\/tags?post=3283"}],"curies":[{"name":"wp","href":"https:\/\/api.w.org\/{rel}","templated":true}]}}