{"id":32701,"date":"2012-02-24T13:15:22","date_gmt":"2012-02-24T12:15:22","guid":{"rendered":"https:\/\/sandzakpress.net\/arhiva\/?p=32701"},"modified":"2012-02-24T23:07:15","modified_gmt":"2012-02-24T22:07:15","slug":"crnagora-vjera-muslimanska-ili-islamska","status":"publish","type":"post","link":"https:\/\/sandzakpress.net\/arhiva\/crnagora-vjera-muslimanska-ili-islamska\/","title":{"rendered":"CG: Ispravljena podjela muslimana na &#8220;muslimanska&#8221; i &#8220;islamska&#8221; vjera"},"content":{"rendered":"<p><strong><a href=\"https:\/\/sandzakpress.net\/arhiva\/wp-content\/uploads\/2012\/02\/monstat12.jpg\"><img loading=\"lazy\" decoding=\"async\" class=\"alignleft size-medium wp-image-32702\" title=\"monstat12\" src=\"https:\/\/sandzakpress.net\/arhiva\/wp-content\/uploads\/2012\/02\/monstat12-300x297.jpg\" alt=\"\" width=\"300\" height=\"297\" \/><\/a>Ju\u017eni Sand\u017eak &#8211; Nakon rezultata Popisa stanovni\u0161tva 2011. godine,\u00a0 Me\u0161ihat Islamske zajednice u Crnoj Gori, reagovao je na pogre\u0161ku po\u010dinjenu ovom prilikom, kojom se u rubrici koja tretira vjeroispovjest, za pripadnike islama tretiraju dva modaliteta pripadnosti \u201cmuslimanska\u201d i \u201cislamska\u201d. <\/strong><\/p>\n<p>Reis Rifat ef. Fejzi\u0107 je tom prilikom u Reagovanju naglasio da \u0107e se Islamska zajednica ograditi od rezultata Popisa, ako ova pogre\u0161ka ne bude korigovana.<\/p>\n<p>O ovom pitanju, reis Fejzi\u0107 je razgovarao i sa premijerom\u00a0Igorom Luk\u0161i\u0107em, i napor Islamske zajednice je nai\u0161ao na pozitivan prijem i razumijevanje. Na adresu Me\u0161ihata Islamske zajednice, reisu Fejzi\u0107u je od strane direktorice MONSTAT-a, mr. Gordane Radojevi\u0107, upu\u0107eno obavje\u0161tenje o ispravci pomenutog propusta.<\/p>\n<p>U dopisu se ka\u017ee:<\/p>\n<p>\u201cPo\u0161tovani gospodine Fejzi\u0107u,<\/p>\n<p>Uva\u017eavaju\u0107i zahtjeve Islamske zajednice u Crnoj Gori, a povodom iskazivanja rezultata Popisa stanovni\u0161tva 2011. godine, \u017eelim da Vas informi\u0161em da je Zavod za statistiku 7. februara 2012. godine, objavio detaljne, kona\u010dne podatke Popisa stanovni\u0161tva po op\u0161tinama i naseljima. Tom prilikom, smo pojedine modalitete po kojima su podaci bili iskazani, prikazali kao jedan zbirni modalitet (modalitet za vjeroispovjest \u201cmuslimanska\u201d i \u00a0\u201dislamska\u201d u detaljnim tabelama prikazani su preko jednog modaliteta \u201cislamska\u201d).\u00a0 Podatke mo\u017eete preuzeti sa na\u0161eg sajta:<\/p>\n<p>Tako\u0111e, tokom 2012. godine, Zavod za statistiku planira publikovati kona\u010dne podatke popisa knjigom \u201cAtlas Popisa 2012. godine\u201d, u kojoj \u0107emo za iskazivanje raznih modaliteta koji se odnose na islamsku vjeroispovjest iskazati kao jedan modalitet \u201cislam\u201d.<\/p>\n<p>Za dodatna pitanja, stojimo na raspolaganju.<\/p>\n<p>S po\u0161tovanjem,<\/p>\n<p>Direktorica<br \/>\nMr Gordana Radojevi\u0107\u201d<\/p>\n<p>Ovom prilikom, Me\u0161ihat Islamske zajednice u Crnoj Gori, iskazuje zahvalnost premijeru Igoru Luk\u0161i\u0107u, na razumijevanju i pord\u0161ci u otklanjanju ove pogre\u0161ke, MONSTAT-u na \u010delu sa mr. Gordanom Radojevi\u0107, kao i NVO Gra\u0111anska Alijansa na njihovom interesovanju povodom ovog slu\u010daja. Iskreno vjerujemo da se ovakvi previdi ne\u0107e de\u0161avati u budu\u0107nosti.<\/p>\n<p>Izvor: <strong>Monteislam.com<\/strong><\/p>\n","protected":false},"excerpt":{"rendered":"<p>Ju\u017eni Sand\u017eak &#8211; Nakon rezultata Popisa stanovni\u0161tva 2011. godine,\u00a0 Me\u0161ihat Islamske zajednice u Crnoj Gori, reagovao je na pogre\u0161ku po\u010dinjenu ovom prilikom, kojom se u rubrici koja tretira vjeroispovjest, za pripadnike islama tretiraju dva modaliteta pripadnosti \u201cmuslimanska\u201d i \u201cislamska\u201d. Reis Rifat ef. Fejzi\u0107 je tom prilikom u Reagovanju naglasio da \u0107e se Islamska zajednica ograditi [&hellip;]<\/p>\n","protected":false},"author":14,"featured_media":32702,"comment_status":"open","ping_status":"open","sticky":false,"template":"","format":"standard","meta":{"footnotes":""},"categories":[398,1,397,396,395,399],"tags":[],"class_list":{"0":"post-32701","1":"post","2":"type-post","3":"status-publish","4":"format-standard","5":"has-post-thumbnail","7":"category-rozaje","8":"category-politika","9":"category-berane","10":"category-bijelo_polje","11":"category-pljevlja_","12":"category-plav_"},"yoast_head":"<!-- This site is optimized with the Yoast SEO Premium plugin v23.1 (Yoast SEO v24.9) - https:\/\/yoast.com\/wordpress\/plugins\/seo\/ -->\n<title>CG: Ispravljena podjela muslimana na &quot;muslimanska&quot; i &quot;islamska&quot; vjera<\/title>\n<meta name=\"robots\" content=\"index, follow, max-snippet:-1, max-image-preview:large, max-video-preview:-1\" \/>\n<link rel=\"canonical\" href=\"https:\/\/sandzakpress.net\/arhiva\/crnagora-vjera-muslimanska-ili-islamska\/\" \/>\n<meta property=\"og:locale\" content=\"bs_BA\" \/>\n<meta property=\"og:type\" content=\"article\" \/>\n<meta property=\"og:title\" content=\"CG: Ispravljena podjela muslimana na &quot;muslimanska&quot; i &quot;islamska&quot; vjera\" \/>\n<meta property=\"og:description\" content=\"Ju\u017eni Sand\u017eak &#8211; Nakon rezultata Popisa stanovni\u0161tva 2011. godine,\u00a0 Me\u0161ihat Islamske zajednice u Crnoj Gori, reagovao je na pogre\u0161ku po\u010dinjenu ovom prilikom, kojom se u rubrici koja tretira vjeroispovjest, za pripadnike islama tretiraju dva modaliteta pripadnosti \u201cmuslimanska\u201d i \u201cislamska\u201d. Reis Rifat ef. Fejzi\u0107 je tom prilikom u Reagovanju naglasio da \u0107e se Islamska zajednica ograditi [&hellip;]\" \/>\n<meta property=\"og:url\" content=\"https:\/\/sandzakpress.net\/arhiva\/crnagora-vjera-muslimanska-ili-islamska\/\" \/>\n<meta property=\"og:site_name\" content=\"Sand\u017eak PRESS\" \/>\n<meta property=\"article:published_time\" content=\"2012-02-24T12:15:22+00:00\" \/>\n<meta property=\"article:modified_time\" content=\"2012-02-24T22:07:15+00:00\" \/>\n<meta property=\"og:image\" content=\"https:\/\/sandzakpress.net\/arhiva\/wp-content\/uploads\/2012\/02\/monstat12.jpg\" \/>\n\t<meta property=\"og:image:width\" content=\"455\" \/>\n\t<meta property=\"og:image:height\" content=\"451\" \/>\n\t<meta property=\"og:image:type\" content=\"image\/jpeg\" \/>\n<meta name=\"twitter:card\" content=\"summary_large_image\" \/>\n<meta name=\"twitter:label1\" content=\"Written by\" \/>\n\t<meta name=\"twitter:data1\" content=\"\" \/>\n\t<meta name=\"twitter:label2\" content=\"Est. reading time\" \/>\n\t<meta name=\"twitter:data2\" content=\"2 minute\" \/>\n<script type=\"application\/ld+json\" class=\"yoast-schema-graph\">{\"@context\":\"https:\/\/schema.org\",\"@graph\":[{\"@type\":\"Article\",\"@id\":\"https:\/\/sandzakpress.net\/arhiva\/crnagora-vjera-muslimanska-ili-islamska\/#article\",\"isPartOf\":{\"@id\":\"https:\/\/sandzakpress.net\/arhiva\/crnagora-vjera-muslimanska-ili-islamska\/\"},\"author\":{\"name\":\"\",\"@id\":\"\"},\"headline\":\"CG: Ispravljena podjela muslimana na &#8220;muslimanska&#8221; i &#8220;islamska&#8221; vjera\",\"datePublished\":\"2012-02-24T12:15:22+00:00\",\"dateModified\":\"2012-02-24T22:07:15+00:00\",\"mainEntityOfPage\":{\"@id\":\"https:\/\/sandzakpress.net\/arhiva\/crnagora-vjera-muslimanska-ili-islamska\/\"},\"wordCount\":331,\"commentCount\":5,\"publisher\":{\"@id\":\"https:\/\/sandzakpress.net\/arhiva\/#\/schema\/person\/6e72b67d6e51910a1117b3b483ba20bd\"},\"image\":{\"@id\":\"https:\/\/sandzakpress.net\/arhiva\/crnagora-vjera-muslimanska-ili-islamska\/#primaryimage\"},\"thumbnailUrl\":\"https:\/\/sandzakpress.net\/arhiva\/wp-content\/uploads\/2012\/02\/monstat12.jpg\",\"articleSection\":[\"Ro\u017eaje\",\"Politika\",\"Berane\",\"Bijelo Polje\",\"Pljevlja\",\"Plav\"],\"inLanguage\":\"bs-BA\",\"potentialAction\":[{\"@type\":\"CommentAction\",\"name\":\"Comment\",\"target\":[\"https:\/\/sandzakpress.net\/arhiva\/crnagora-vjera-muslimanska-ili-islamska\/#respond\"]}]},{\"@type\":\"WebPage\",\"@id\":\"https:\/\/sandzakpress.net\/arhiva\/crnagora-vjera-muslimanska-ili-islamska\/\",\"url\":\"https:\/\/sandzakpress.net\/arhiva\/crnagora-vjera-muslimanska-ili-islamska\/\",\"name\":\"CG: Ispravljena podjela muslimana na \\\"muslimanska\\\" i \\\"islamska\\\" vjera\",\"isPartOf\":{\"@id\":\"https:\/\/sandzakpress.net\/arhiva\/#website\"},\"primaryImageOfPage\":{\"@id\":\"https:\/\/sandzakpress.net\/arhiva\/crnagora-vjera-muslimanska-ili-islamska\/#primaryimage\"},\"image\":{\"@id\":\"https:\/\/sandzakpress.net\/arhiva\/crnagora-vjera-muslimanska-ili-islamska\/#primaryimage\"},\"thumbnailUrl\":\"https:\/\/sandzakpress.net\/arhiva\/wp-content\/uploads\/2012\/02\/monstat12.jpg\",\"datePublished\":\"2012-02-24T12:15:22+00:00\",\"dateModified\":\"2012-02-24T22:07:15+00:00\",\"breadcrumb\":{\"@id\":\"https:\/\/sandzakpress.net\/arhiva\/crnagora-vjera-muslimanska-ili-islamska\/#breadcrumb\"},\"inLanguage\":\"bs-BA\",\"potentialAction\":[{\"@type\":\"ReadAction\",\"target\":[\"https:\/\/sandzakpress.net\/arhiva\/crnagora-vjera-muslimanska-ili-islamska\/\"]}]},{\"@type\":\"ImageObject\",\"inLanguage\":\"bs-BA\",\"@id\":\"https:\/\/sandzakpress.net\/arhiva\/crnagora-vjera-muslimanska-ili-islamska\/#primaryimage\",\"url\":\"https:\/\/sandzakpress.net\/arhiva\/wp-content\/uploads\/2012\/02\/monstat12.jpg\",\"contentUrl\":\"https:\/\/sandzakpress.net\/arhiva\/wp-content\/uploads\/2012\/02\/monstat12.jpg\",\"width\":455,\"height\":451},{\"@type\":\"BreadcrumbList\",\"@id\":\"https:\/\/sandzakpress.net\/arhiva\/crnagora-vjera-muslimanska-ili-islamska\/#breadcrumb\",\"itemListElement\":[{\"@type\":\"ListItem\",\"position\":1,\"name\":\"Home\",\"item\":\"https:\/\/sandzakpress.net\/arhiva\/\"},{\"@type\":\"ListItem\",\"position\":2,\"name\":\"CG: Ispravljena podjela muslimana na &#8220;muslimanska&#8221; i &#8220;islamska&#8221; vjera\"}]},{\"@type\":\"WebSite\",\"@id\":\"https:\/\/sandzakpress.net\/arhiva\/#website\",\"url\":\"https:\/\/sandzakpress.net\/arhiva\/\",\"name\":\"Sand\u017eak PRESS\",\"description\":\"Prve elektronske novine u Sand\u017eaku\",\"publisher\":{\"@id\":\"https:\/\/sandzakpress.net\/arhiva\/#\/schema\/person\/6e72b67d6e51910a1117b3b483ba20bd\"},\"potentialAction\":[{\"@type\":\"SearchAction\",\"target\":{\"@type\":\"EntryPoint\",\"urlTemplate\":\"https:\/\/sandzakpress.net\/arhiva\/?s={search_term_string}\"},\"query-input\":{\"@type\":\"PropertyValueSpecification\",\"valueRequired\":true,\"valueName\":\"search_term_string\"}}],\"inLanguage\":\"bs-BA\"},{\"@type\":[\"Person\",\"Organization\"],\"@id\":\"https:\/\/sandzakpress.net\/arhiva\/#\/schema\/person\/6e72b67d6e51910a1117b3b483ba20bd\",\"name\":\"Kul\",\"image\":{\"@type\":\"ImageObject\",\"inLanguage\":\"bs-BA\",\"@id\":\"https:\/\/sandzakpress.net\/arhiva\/#\/schema\/person\/image\/\",\"url\":\"https:\/\/secure.gravatar.com\/avatar\/42263f39aa27ac04c43cab85c280eb2e?s=96&d=mm&r=pg\",\"contentUrl\":\"https:\/\/secure.gravatar.com\/avatar\/42263f39aa27ac04c43cab85c280eb2e?s=96&d=mm&r=pg\",\"caption\":\"Kul\"},\"logo\":{\"@id\":\"https:\/\/sandzakpress.net\/arhiva\/#\/schema\/person\/image\/\"}},{\"@type\":\"Person\",\"@id\":\"\",\"url\":\"https:\/\/sandzakpress.net\/arhiva\/author\/\"}]}<\/script>\n<!-- \/ Yoast SEO Premium plugin. -->","yoast_head_json":{"title":"CG: Ispravljena podjela muslimana na \"muslimanska\" i \"islamska\" vjera","robots":{"index":"index","follow":"follow","max-snippet":"max-snippet:-1","max-image-preview":"max-image-preview:large","max-video-preview":"max-video-preview:-1"},"canonical":"https:\/\/sandzakpress.net\/arhiva\/crnagora-vjera-muslimanska-ili-islamska\/","og_locale":"bs_BA","og_type":"article","og_title":"CG: Ispravljena podjela muslimana na \"muslimanska\" i \"islamska\" vjera","og_description":"Ju\u017eni Sand\u017eak &#8211; Nakon rezultata Popisa stanovni\u0161tva 2011. godine,\u00a0 Me\u0161ihat Islamske zajednice u Crnoj Gori, reagovao je na pogre\u0161ku po\u010dinjenu ovom prilikom, kojom se u rubrici koja tretira vjeroispovjest, za pripadnike islama tretiraju dva modaliteta pripadnosti \u201cmuslimanska\u201d i \u201cislamska\u201d. Reis Rifat ef. Fejzi\u0107 je tom prilikom u Reagovanju naglasio da \u0107e se Islamska zajednica ograditi [&hellip;]","og_url":"https:\/\/sandzakpress.net\/arhiva\/crnagora-vjera-muslimanska-ili-islamska\/","og_site_name":"Sand\u017eak PRESS","article_published_time":"2012-02-24T12:15:22+00:00","article_modified_time":"2012-02-24T22:07:15+00:00","og_image":[{"width":455,"height":451,"url":"https:\/\/sandzakpress.net\/arhiva\/wp-content\/uploads\/2012\/02\/monstat12.jpg","type":"image\/jpeg"}],"twitter_card":"summary_large_image","twitter_misc":{"Written by":"","Est. reading time":"2 minute"},"schema":{"@context":"https:\/\/schema.org","@graph":[{"@type":"Article","@id":"https:\/\/sandzakpress.net\/arhiva\/crnagora-vjera-muslimanska-ili-islamska\/#article","isPartOf":{"@id":"https:\/\/sandzakpress.net\/arhiva\/crnagora-vjera-muslimanska-ili-islamska\/"},"author":{"name":"","@id":""},"headline":"CG: Ispravljena podjela muslimana na &#8220;muslimanska&#8221; i &#8220;islamska&#8221; vjera","datePublished":"2012-02-24T12:15:22+00:00","dateModified":"2012-02-24T22:07:15+00:00","mainEntityOfPage":{"@id":"https:\/\/sandzakpress.net\/arhiva\/crnagora-vjera-muslimanska-ili-islamska\/"},"wordCount":331,"commentCount":5,"publisher":{"@id":"https:\/\/sandzakpress.net\/arhiva\/#\/schema\/person\/6e72b67d6e51910a1117b3b483ba20bd"},"image":{"@id":"https:\/\/sandzakpress.net\/arhiva\/crnagora-vjera-muslimanska-ili-islamska\/#primaryimage"},"thumbnailUrl":"https:\/\/sandzakpress.net\/arhiva\/wp-content\/uploads\/2012\/02\/monstat12.jpg","articleSection":["Ro\u017eaje","Politika","Berane","Bijelo Polje","Pljevlja","Plav"],"inLanguage":"bs-BA","potentialAction":[{"@type":"CommentAction","name":"Comment","target":["https:\/\/sandzakpress.net\/arhiva\/crnagora-vjera-muslimanska-ili-islamska\/#respond"]}]},{"@type":"WebPage","@id":"https:\/\/sandzakpress.net\/arhiva\/crnagora-vjera-muslimanska-ili-islamska\/","url":"https:\/\/sandzakpress.net\/arhiva\/crnagora-vjera-muslimanska-ili-islamska\/","name":"CG: Ispravljena podjela muslimana na \"muslimanska\" i \"islamska\" vjera","isPartOf":{"@id":"https:\/\/sandzakpress.net\/arhiva\/#website"},"primaryImageOfPage":{"@id":"https:\/\/sandzakpress.net\/arhiva\/crnagora-vjera-muslimanska-ili-islamska\/#primaryimage"},"image":{"@id":"https:\/\/sandzakpress.net\/arhiva\/crnagora-vjera-muslimanska-ili-islamska\/#primaryimage"},"thumbnailUrl":"https:\/\/sandzakpress.net\/arhiva\/wp-content\/uploads\/2012\/02\/monstat12.jpg","datePublished":"2012-02-24T12:15:22+00:00","dateModified":"2012-02-24T22:07:15+00:00","breadcrumb":{"@id":"https:\/\/sandzakpress.net\/arhiva\/crnagora-vjera-muslimanska-ili-islamska\/#breadcrumb"},"inLanguage":"bs-BA","potentialAction":[{"@type":"ReadAction","target":["https:\/\/sandzakpress.net\/arhiva\/crnagora-vjera-muslimanska-ili-islamska\/"]}]},{"@type":"ImageObject","inLanguage":"bs-BA","@id":"https:\/\/sandzakpress.net\/arhiva\/crnagora-vjera-muslimanska-ili-islamska\/#primaryimage","url":"https:\/\/sandzakpress.net\/arhiva\/wp-content\/uploads\/2012\/02\/monstat12.jpg","contentUrl":"https:\/\/sandzakpress.net\/arhiva\/wp-content\/uploads\/2012\/02\/monstat12.jpg","width":455,"height":451},{"@type":"BreadcrumbList","@id":"https:\/\/sandzakpress.net\/arhiva\/crnagora-vjera-muslimanska-ili-islamska\/#breadcrumb","itemListElement":[{"@type":"ListItem","position":1,"name":"Home","item":"https:\/\/sandzakpress.net\/arhiva\/"},{"@type":"ListItem","position":2,"name":"CG: Ispravljena podjela muslimana na &#8220;muslimanska&#8221; i &#8220;islamska&#8221; vjera"}]},{"@type":"WebSite","@id":"https:\/\/sandzakpress.net\/arhiva\/#website","url":"https:\/\/sandzakpress.net\/arhiva\/","name":"Sand\u017eak PRESS","description":"Prve elektronske novine u Sand\u017eaku","publisher":{"@id":"https:\/\/sandzakpress.net\/arhiva\/#\/schema\/person\/6e72b67d6e51910a1117b3b483ba20bd"},"potentialAction":[{"@type":"SearchAction","target":{"@type":"EntryPoint","urlTemplate":"https:\/\/sandzakpress.net\/arhiva\/?s={search_term_string}"},"query-input":{"@type":"PropertyValueSpecification","valueRequired":true,"valueName":"search_term_string"}}],"inLanguage":"bs-BA"},{"@type":["Person","Organization"],"@id":"https:\/\/sandzakpress.net\/arhiva\/#\/schema\/person\/6e72b67d6e51910a1117b3b483ba20bd","name":"Kul","image":{"@type":"ImageObject","inLanguage":"bs-BA","@id":"https:\/\/sandzakpress.net\/arhiva\/#\/schema\/person\/image\/","url":"https:\/\/secure.gravatar.com\/avatar\/42263f39aa27ac04c43cab85c280eb2e?s=96&d=mm&r=pg","contentUrl":"https:\/\/secure.gravatar.com\/avatar\/42263f39aa27ac04c43cab85c280eb2e?s=96&d=mm&r=pg","caption":"Kul"},"logo":{"@id":"https:\/\/sandzakpress.net\/arhiva\/#\/schema\/person\/image\/"}},{"@type":"Person","@id":"","url":"https:\/\/sandzakpress.net\/arhiva\/author\/"}]}},"_links":{"self":[{"href":"https:\/\/sandzakpress.net\/arhiva\/wp-json\/wp\/v2\/posts\/32701"}],"collection":[{"href":"https:\/\/sandzakpress.net\/arhiva\/wp-json\/wp\/v2\/posts"}],"about":[{"href":"https:\/\/sandzakpress.net\/arhiva\/wp-json\/wp\/v2\/types\/post"}],"author":[{"embeddable":true,"href":"https:\/\/sandzakpress.net\/arhiva\/wp-json\/wp\/v2\/users\/14"}],"replies":[{"embeddable":true,"href":"https:\/\/sandzakpress.net\/arhiva\/wp-json\/wp\/v2\/comments?post=32701"}],"version-history":[{"count":0,"href":"https:\/\/sandzakpress.net\/arhiva\/wp-json\/wp\/v2\/posts\/32701\/revisions"}],"wp:featuredmedia":[{"embeddable":true,"href":"https:\/\/sandzakpress.net\/arhiva\/wp-json\/wp\/v2\/media\/32702"}],"wp:attachment":[{"href":"https:\/\/sandzakpress.net\/arhiva\/wp-json\/wp\/v2\/media?parent=32701"}],"wp:term":[{"taxonomy":"category","embeddable":true,"href":"https:\/\/sandzakpress.net\/arhiva\/wp-json\/wp\/v2\/categories?post=32701"},{"taxonomy":"post_tag","embeddable":true,"href":"https:\/\/sandzakpress.net\/arhiva\/wp-json\/wp\/v2\/tags?post=32701"}],"curies":[{"name":"wp","href":"https:\/\/api.w.org\/{rel}","templated":true}]}}