{"id":32424,"date":"2012-02-22T15:41:26","date_gmt":"2012-02-22T14:41:26","guid":{"rendered":"https:\/\/sandzakpress.net\/arhiva\/?p=32424"},"modified":"2012-02-22T15:41:26","modified_gmt":"2012-02-22T14:41:26","slug":"nastava-ni-danas-nije-pocela-u-skolama-u-plavu-gusinju-i-murini","status":"publish","type":"post","link":"https:\/\/sandzakpress.net\/arhiva\/nastava-ni-danas-nije-pocela-u-skolama-u-plavu-gusinju-i-murini\/","title":{"rendered":"Nastava ni danas nije pocela u \u0161kolama u Plavu, Gusinju i Murini"},"content":{"rendered":"<p><strong><a href=\"https:\/\/sandzakpress.net\/arhiva\/wp-content\/uploads\/2012\/02\/ristan-pavlovic-snijeg1.jpg\"><img loading=\"lazy\" decoding=\"async\" class=\"alignleft size-medium wp-image-32425\" title=\"ristan-pavlovic-snijeg1\" src=\"https:\/\/sandzakpress.net\/arhiva\/wp-content\/uploads\/2012\/02\/ristan-pavlovic-snijeg1-300x206.jpg\" alt=\"\" width=\"300\" height=\"206\" \/><\/a>Plav &#8211; Kako smo ranije najavili, nastava nije danas po\u010dela \u00a0u \u0161kolama u Plavu, Gusinju i Murini. <\/strong><\/p>\n<p>Zbog neadekvatne opremljenosti javnog preduze\u0107a za komunalno stambene  djelatnosti\u00a0i o\u010diglednih propusta u organizaciji i utvr\u0111ivanju  prioriteta lokalnog \u00a0\u0160taba za vanredne prilike,\u00a0nijesu o\u010di\u0161\u0107eni prilazni  putevi niti trotoari i pje\u0161a\u010dke staze ulica do \u0161kola, pa se po\u010detak  nastave odla\u017ee za nekoliko dana.<\/p>\n<p>Nastavno i pomo\u0107no osoblje \u0161kola, od prvog dana snije\u017enih padavina,  preduzimalo je akcije \u010di\u0161\u0107enja svojih objekata, prilaza i dvori\u0161ta.<\/p>\n<p>Me\u0111utim, na op\u0161tinskom nivou, o\u010digledno je bilo propusta, neefikasnog i neblagovremenog anga\u017eovanja.<\/p>\n<p>Ve\u0107 nekoliko dana su prestale padavine, temperatura porasla pa se  snijeg topi, a \u0161kole locirane u centru Plava, Gusinja i Murine,\u00a0kao i  dje\u010dji vrti\u0107i ne rade, jer im se nemo\u017ee pri\u0107i.\u00a0Trotoari prepuni snijega  preko 2-3 metra, a kolovozom otopljena voda do koljena.<\/p>\n<p>Isto je stanje u Gusinju i Murini.<\/p>\n<p>Izvor:<strong> SANAPRESS<\/strong><\/p>\n","protected":false},"excerpt":{"rendered":"<p>Plav &#8211; Kako smo ranije najavili, nastava nije danas po\u010dela \u00a0u \u0161kolama u Plavu, Gusinju i Murini. Zbog neadekvatne opremljenosti javnog preduze\u0107a za komunalno stambene djelatnosti\u00a0i o\u010diglednih propusta u organizaciji i utvr\u0111ivanju prioriteta lokalnog \u00a0\u0160taba za vanredne prilike,\u00a0nijesu o\u010di\u0161\u0107eni prilazni putevi niti trotoari i pje\u0161a\u010dke staze ulica do \u0161kola, pa se po\u010detak nastave odla\u017ee za [&hellip;]<\/p>\n","protected":false},"author":13,"featured_media":32425,"comment_status":"open","ping_status":"open","sticky":false,"template":"","format":"standard","meta":{"footnotes":""},"categories":[399,4],"tags":[],"class_list":{"0":"post-32424","1":"post","2":"type-post","3":"status-publish","4":"format-standard","5":"has-post-thumbnail","7":"category-plav_","8":"category-obrazovanje"},"yoast_head":"<!-- This site is optimized with the Yoast SEO Premium plugin v23.1 (Yoast SEO v24.9) - https:\/\/yoast.com\/wordpress\/plugins\/seo\/ -->\n<title>Nastava ni danas nije pocela u \u0161kolama u Plavu, Gusinju i Murini<\/title>\n<meta name=\"robots\" content=\"index, follow, max-snippet:-1, max-image-preview:large, max-video-preview:-1\" \/>\n<link rel=\"canonical\" href=\"https:\/\/sandzakpress.net\/arhiva\/nastava-ni-danas-nije-pocela-u-skolama-u-plavu-gusinju-i-murini\/\" \/>\n<meta property=\"og:locale\" content=\"bs_BA\" \/>\n<meta property=\"og:type\" content=\"article\" \/>\n<meta property=\"og:title\" content=\"Nastava ni danas nije pocela u \u0161kolama u Plavu, Gusinju i Murini\" \/>\n<meta property=\"og:description\" content=\"Plav &#8211; Kako smo ranije najavili, nastava nije danas po\u010dela \u00a0u \u0161kolama u Plavu, Gusinju i Murini. Zbog neadekvatne opremljenosti javnog preduze\u0107a za komunalno stambene djelatnosti\u00a0i o\u010diglednih propusta u organizaciji i utvr\u0111ivanju prioriteta lokalnog \u00a0\u0160taba za vanredne prilike,\u00a0nijesu o\u010di\u0161\u0107eni prilazni putevi niti trotoari i pje\u0161a\u010dke staze ulica do \u0161kola, pa se po\u010detak nastave odla\u017ee za [&hellip;]\" \/>\n<meta property=\"og:url\" content=\"https:\/\/sandzakpress.net\/arhiva\/nastava-ni-danas-nije-pocela-u-skolama-u-plavu-gusinju-i-murini\/\" \/>\n<meta property=\"og:site_name\" content=\"Sand\u017eak PRESS\" \/>\n<meta property=\"article:published_time\" content=\"2012-02-22T14:41:26+00:00\" \/>\n<meta property=\"og:image\" content=\"https:\/\/sandzakpress.net\/arhiva\/wp-content\/uploads\/2012\/02\/ristan-pavlovic-snijeg1.jpg\" \/>\n\t<meta property=\"og:image:width\" content=\"616\" \/>\n\t<meta property=\"og:image:height\" content=\"424\" \/>\n\t<meta property=\"og:image:type\" content=\"image\/jpeg\" \/>\n<meta name=\"twitter:card\" content=\"summary_large_image\" \/>\n<meta name=\"twitter:label1\" content=\"Written by\" \/>\n\t<meta name=\"twitter:data1\" content=\"\" \/>\n\t<meta name=\"twitter:label2\" content=\"Est. reading time\" \/>\n\t<meta name=\"twitter:data2\" content=\"1 minuta\" \/>\n<script type=\"application\/ld+json\" class=\"yoast-schema-graph\">{\"@context\":\"https:\/\/schema.org\",\"@graph\":[{\"@type\":\"Article\",\"@id\":\"https:\/\/sandzakpress.net\/arhiva\/nastava-ni-danas-nije-pocela-u-skolama-u-plavu-gusinju-i-murini\/#article\",\"isPartOf\":{\"@id\":\"https:\/\/sandzakpress.net\/arhiva\/nastava-ni-danas-nije-pocela-u-skolama-u-plavu-gusinju-i-murini\/\"},\"author\":{\"name\":\"\",\"@id\":\"\"},\"headline\":\"Nastava ni danas nije pocela u \u0161kolama u Plavu, Gusinju i Murini\",\"datePublished\":\"2012-02-22T14:41:26+00:00\",\"mainEntityOfPage\":{\"@id\":\"https:\/\/sandzakpress.net\/arhiva\/nastava-ni-danas-nije-pocela-u-skolama-u-plavu-gusinju-i-murini\/\"},\"wordCount\":177,\"commentCount\":0,\"publisher\":{\"@id\":\"https:\/\/sandzakpress.net\/arhiva\/#\/schema\/person\/6e72b67d6e51910a1117b3b483ba20bd\"},\"image\":{\"@id\":\"https:\/\/sandzakpress.net\/arhiva\/nastava-ni-danas-nije-pocela-u-skolama-u-plavu-gusinju-i-murini\/#primaryimage\"},\"thumbnailUrl\":\"https:\/\/sandzakpress.net\/arhiva\/wp-content\/uploads\/2012\/02\/ristan-pavlovic-snijeg1.jpg\",\"articleSection\":[\"Plav\",\"Obrazovanje\"],\"inLanguage\":\"bs-BA\",\"potentialAction\":[{\"@type\":\"CommentAction\",\"name\":\"Comment\",\"target\":[\"https:\/\/sandzakpress.net\/arhiva\/nastava-ni-danas-nije-pocela-u-skolama-u-plavu-gusinju-i-murini\/#respond\"]}]},{\"@type\":\"WebPage\",\"@id\":\"https:\/\/sandzakpress.net\/arhiva\/nastava-ni-danas-nije-pocela-u-skolama-u-plavu-gusinju-i-murini\/\",\"url\":\"https:\/\/sandzakpress.net\/arhiva\/nastava-ni-danas-nije-pocela-u-skolama-u-plavu-gusinju-i-murini\/\",\"name\":\"Nastava ni danas nije pocela u \u0161kolama u Plavu, Gusinju i Murini\",\"isPartOf\":{\"@id\":\"https:\/\/sandzakpress.net\/arhiva\/#website\"},\"primaryImageOfPage\":{\"@id\":\"https:\/\/sandzakpress.net\/arhiva\/nastava-ni-danas-nije-pocela-u-skolama-u-plavu-gusinju-i-murini\/#primaryimage\"},\"image\":{\"@id\":\"https:\/\/sandzakpress.net\/arhiva\/nastava-ni-danas-nije-pocela-u-skolama-u-plavu-gusinju-i-murini\/#primaryimage\"},\"thumbnailUrl\":\"https:\/\/sandzakpress.net\/arhiva\/wp-content\/uploads\/2012\/02\/ristan-pavlovic-snijeg1.jpg\",\"datePublished\":\"2012-02-22T14:41:26+00:00\",\"breadcrumb\":{\"@id\":\"https:\/\/sandzakpress.net\/arhiva\/nastava-ni-danas-nije-pocela-u-skolama-u-plavu-gusinju-i-murini\/#breadcrumb\"},\"inLanguage\":\"bs-BA\",\"potentialAction\":[{\"@type\":\"ReadAction\",\"target\":[\"https:\/\/sandzakpress.net\/arhiva\/nastava-ni-danas-nije-pocela-u-skolama-u-plavu-gusinju-i-murini\/\"]}]},{\"@type\":\"ImageObject\",\"inLanguage\":\"bs-BA\",\"@id\":\"https:\/\/sandzakpress.net\/arhiva\/nastava-ni-danas-nije-pocela-u-skolama-u-plavu-gusinju-i-murini\/#primaryimage\",\"url\":\"https:\/\/sandzakpress.net\/arhiva\/wp-content\/uploads\/2012\/02\/ristan-pavlovic-snijeg1.jpg\",\"contentUrl\":\"https:\/\/sandzakpress.net\/arhiva\/wp-content\/uploads\/2012\/02\/ristan-pavlovic-snijeg1.jpg\",\"width\":616,\"height\":424},{\"@type\":\"BreadcrumbList\",\"@id\":\"https:\/\/sandzakpress.net\/arhiva\/nastava-ni-danas-nije-pocela-u-skolama-u-plavu-gusinju-i-murini\/#breadcrumb\",\"itemListElement\":[{\"@type\":\"ListItem\",\"position\":1,\"name\":\"Home\",\"item\":\"https:\/\/sandzakpress.net\/arhiva\/\"},{\"@type\":\"ListItem\",\"position\":2,\"name\":\"Nastava ni danas nije pocela u \u0161kolama u Plavu, Gusinju i Murini\"}]},{\"@type\":\"WebSite\",\"@id\":\"https:\/\/sandzakpress.net\/arhiva\/#website\",\"url\":\"https:\/\/sandzakpress.net\/arhiva\/\",\"name\":\"Sand\u017eak PRESS\",\"description\":\"Prve elektronske novine u Sand\u017eaku\",\"publisher\":{\"@id\":\"https:\/\/sandzakpress.net\/arhiva\/#\/schema\/person\/6e72b67d6e51910a1117b3b483ba20bd\"},\"potentialAction\":[{\"@type\":\"SearchAction\",\"target\":{\"@type\":\"EntryPoint\",\"urlTemplate\":\"https:\/\/sandzakpress.net\/arhiva\/?s={search_term_string}\"},\"query-input\":{\"@type\":\"PropertyValueSpecification\",\"valueRequired\":true,\"valueName\":\"search_term_string\"}}],\"inLanguage\":\"bs-BA\"},{\"@type\":[\"Person\",\"Organization\"],\"@id\":\"https:\/\/sandzakpress.net\/arhiva\/#\/schema\/person\/6e72b67d6e51910a1117b3b483ba20bd\",\"name\":\"Kul\",\"image\":{\"@type\":\"ImageObject\",\"inLanguage\":\"bs-BA\",\"@id\":\"https:\/\/sandzakpress.net\/arhiva\/#\/schema\/person\/image\/\",\"url\":\"https:\/\/secure.gravatar.com\/avatar\/42263f39aa27ac04c43cab85c280eb2e?s=96&d=mm&r=pg\",\"contentUrl\":\"https:\/\/secure.gravatar.com\/avatar\/42263f39aa27ac04c43cab85c280eb2e?s=96&d=mm&r=pg\",\"caption\":\"Kul\"},\"logo\":{\"@id\":\"https:\/\/sandzakpress.net\/arhiva\/#\/schema\/person\/image\/\"}},{\"@type\":\"Person\",\"@id\":\"\",\"url\":\"https:\/\/sandzakpress.net\/arhiva\/author\/\"}]}<\/script>\n<!-- \/ Yoast SEO Premium plugin. -->","yoast_head_json":{"title":"Nastava ni danas nije pocela u \u0161kolama u Plavu, Gusinju i Murini","robots":{"index":"index","follow":"follow","max-snippet":"max-snippet:-1","max-image-preview":"max-image-preview:large","max-video-preview":"max-video-preview:-1"},"canonical":"https:\/\/sandzakpress.net\/arhiva\/nastava-ni-danas-nije-pocela-u-skolama-u-plavu-gusinju-i-murini\/","og_locale":"bs_BA","og_type":"article","og_title":"Nastava ni danas nije pocela u \u0161kolama u Plavu, Gusinju i Murini","og_description":"Plav &#8211; Kako smo ranije najavili, nastava nije danas po\u010dela \u00a0u \u0161kolama u Plavu, Gusinju i Murini. Zbog neadekvatne opremljenosti javnog preduze\u0107a za komunalno stambene djelatnosti\u00a0i o\u010diglednih propusta u organizaciji i utvr\u0111ivanju prioriteta lokalnog \u00a0\u0160taba za vanredne prilike,\u00a0nijesu o\u010di\u0161\u0107eni prilazni putevi niti trotoari i pje\u0161a\u010dke staze ulica do \u0161kola, pa se po\u010detak nastave odla\u017ee za [&hellip;]","og_url":"https:\/\/sandzakpress.net\/arhiva\/nastava-ni-danas-nije-pocela-u-skolama-u-plavu-gusinju-i-murini\/","og_site_name":"Sand\u017eak PRESS","article_published_time":"2012-02-22T14:41:26+00:00","og_image":[{"width":616,"height":424,"url":"https:\/\/sandzakpress.net\/arhiva\/wp-content\/uploads\/2012\/02\/ristan-pavlovic-snijeg1.jpg","type":"image\/jpeg"}],"twitter_card":"summary_large_image","twitter_misc":{"Written by":"","Est. reading time":"1 minuta"},"schema":{"@context":"https:\/\/schema.org","@graph":[{"@type":"Article","@id":"https:\/\/sandzakpress.net\/arhiva\/nastava-ni-danas-nije-pocela-u-skolama-u-plavu-gusinju-i-murini\/#article","isPartOf":{"@id":"https:\/\/sandzakpress.net\/arhiva\/nastava-ni-danas-nije-pocela-u-skolama-u-plavu-gusinju-i-murini\/"},"author":{"name":"","@id":""},"headline":"Nastava ni danas nije pocela u \u0161kolama u Plavu, Gusinju i Murini","datePublished":"2012-02-22T14:41:26+00:00","mainEntityOfPage":{"@id":"https:\/\/sandzakpress.net\/arhiva\/nastava-ni-danas-nije-pocela-u-skolama-u-plavu-gusinju-i-murini\/"},"wordCount":177,"commentCount":0,"publisher":{"@id":"https:\/\/sandzakpress.net\/arhiva\/#\/schema\/person\/6e72b67d6e51910a1117b3b483ba20bd"},"image":{"@id":"https:\/\/sandzakpress.net\/arhiva\/nastava-ni-danas-nije-pocela-u-skolama-u-plavu-gusinju-i-murini\/#primaryimage"},"thumbnailUrl":"https:\/\/sandzakpress.net\/arhiva\/wp-content\/uploads\/2012\/02\/ristan-pavlovic-snijeg1.jpg","articleSection":["Plav","Obrazovanje"],"inLanguage":"bs-BA","potentialAction":[{"@type":"CommentAction","name":"Comment","target":["https:\/\/sandzakpress.net\/arhiva\/nastava-ni-danas-nije-pocela-u-skolama-u-plavu-gusinju-i-murini\/#respond"]}]},{"@type":"WebPage","@id":"https:\/\/sandzakpress.net\/arhiva\/nastava-ni-danas-nije-pocela-u-skolama-u-plavu-gusinju-i-murini\/","url":"https:\/\/sandzakpress.net\/arhiva\/nastava-ni-danas-nije-pocela-u-skolama-u-plavu-gusinju-i-murini\/","name":"Nastava ni danas nije pocela u \u0161kolama u Plavu, Gusinju i Murini","isPartOf":{"@id":"https:\/\/sandzakpress.net\/arhiva\/#website"},"primaryImageOfPage":{"@id":"https:\/\/sandzakpress.net\/arhiva\/nastava-ni-danas-nije-pocela-u-skolama-u-plavu-gusinju-i-murini\/#primaryimage"},"image":{"@id":"https:\/\/sandzakpress.net\/arhiva\/nastava-ni-danas-nije-pocela-u-skolama-u-plavu-gusinju-i-murini\/#primaryimage"},"thumbnailUrl":"https:\/\/sandzakpress.net\/arhiva\/wp-content\/uploads\/2012\/02\/ristan-pavlovic-snijeg1.jpg","datePublished":"2012-02-22T14:41:26+00:00","breadcrumb":{"@id":"https:\/\/sandzakpress.net\/arhiva\/nastava-ni-danas-nije-pocela-u-skolama-u-plavu-gusinju-i-murini\/#breadcrumb"},"inLanguage":"bs-BA","potentialAction":[{"@type":"ReadAction","target":["https:\/\/sandzakpress.net\/arhiva\/nastava-ni-danas-nije-pocela-u-skolama-u-plavu-gusinju-i-murini\/"]}]},{"@type":"ImageObject","inLanguage":"bs-BA","@id":"https:\/\/sandzakpress.net\/arhiva\/nastava-ni-danas-nije-pocela-u-skolama-u-plavu-gusinju-i-murini\/#primaryimage","url":"https:\/\/sandzakpress.net\/arhiva\/wp-content\/uploads\/2012\/02\/ristan-pavlovic-snijeg1.jpg","contentUrl":"https:\/\/sandzakpress.net\/arhiva\/wp-content\/uploads\/2012\/02\/ristan-pavlovic-snijeg1.jpg","width":616,"height":424},{"@type":"BreadcrumbList","@id":"https:\/\/sandzakpress.net\/arhiva\/nastava-ni-danas-nije-pocela-u-skolama-u-plavu-gusinju-i-murini\/#breadcrumb","itemListElement":[{"@type":"ListItem","position":1,"name":"Home","item":"https:\/\/sandzakpress.net\/arhiva\/"},{"@type":"ListItem","position":2,"name":"Nastava ni danas nije pocela u \u0161kolama u Plavu, Gusinju i Murini"}]},{"@type":"WebSite","@id":"https:\/\/sandzakpress.net\/arhiva\/#website","url":"https:\/\/sandzakpress.net\/arhiva\/","name":"Sand\u017eak PRESS","description":"Prve elektronske novine u Sand\u017eaku","publisher":{"@id":"https:\/\/sandzakpress.net\/arhiva\/#\/schema\/person\/6e72b67d6e51910a1117b3b483ba20bd"},"potentialAction":[{"@type":"SearchAction","target":{"@type":"EntryPoint","urlTemplate":"https:\/\/sandzakpress.net\/arhiva\/?s={search_term_string}"},"query-input":{"@type":"PropertyValueSpecification","valueRequired":true,"valueName":"search_term_string"}}],"inLanguage":"bs-BA"},{"@type":["Person","Organization"],"@id":"https:\/\/sandzakpress.net\/arhiva\/#\/schema\/person\/6e72b67d6e51910a1117b3b483ba20bd","name":"Kul","image":{"@type":"ImageObject","inLanguage":"bs-BA","@id":"https:\/\/sandzakpress.net\/arhiva\/#\/schema\/person\/image\/","url":"https:\/\/secure.gravatar.com\/avatar\/42263f39aa27ac04c43cab85c280eb2e?s=96&d=mm&r=pg","contentUrl":"https:\/\/secure.gravatar.com\/avatar\/42263f39aa27ac04c43cab85c280eb2e?s=96&d=mm&r=pg","caption":"Kul"},"logo":{"@id":"https:\/\/sandzakpress.net\/arhiva\/#\/schema\/person\/image\/"}},{"@type":"Person","@id":"","url":"https:\/\/sandzakpress.net\/arhiva\/author\/"}]}},"_links":{"self":[{"href":"https:\/\/sandzakpress.net\/arhiva\/wp-json\/wp\/v2\/posts\/32424"}],"collection":[{"href":"https:\/\/sandzakpress.net\/arhiva\/wp-json\/wp\/v2\/posts"}],"about":[{"href":"https:\/\/sandzakpress.net\/arhiva\/wp-json\/wp\/v2\/types\/post"}],"author":[{"embeddable":true,"href":"https:\/\/sandzakpress.net\/arhiva\/wp-json\/wp\/v2\/users\/13"}],"replies":[{"embeddable":true,"href":"https:\/\/sandzakpress.net\/arhiva\/wp-json\/wp\/v2\/comments?post=32424"}],"version-history":[{"count":0,"href":"https:\/\/sandzakpress.net\/arhiva\/wp-json\/wp\/v2\/posts\/32424\/revisions"}],"wp:featuredmedia":[{"embeddable":true,"href":"https:\/\/sandzakpress.net\/arhiva\/wp-json\/wp\/v2\/media\/32425"}],"wp:attachment":[{"href":"https:\/\/sandzakpress.net\/arhiva\/wp-json\/wp\/v2\/media?parent=32424"}],"wp:term":[{"taxonomy":"category","embeddable":true,"href":"https:\/\/sandzakpress.net\/arhiva\/wp-json\/wp\/v2\/categories?post=32424"},{"taxonomy":"post_tag","embeddable":true,"href":"https:\/\/sandzakpress.net\/arhiva\/wp-json\/wp\/v2\/tags?post=32424"}],"curies":[{"name":"wp","href":"https:\/\/api.w.org\/{rel}","templated":true}]}}