{"id":32317,"date":"2012-02-21T15:38:30","date_gmt":"2012-02-21T14:38:30","guid":{"rendered":"https:\/\/sandzakpress.net\/arhiva\/?p=32317"},"modified":"2012-02-22T19:24:25","modified_gmt":"2012-02-22T18:24:25","slug":"sandzacka-biznis-asocijacija-saba-pocela-sa-radom","status":"publish","type":"post","link":"https:\/\/sandzakpress.net\/arhiva\/sandzacka-biznis-asocijacija-saba-pocela-sa-radom\/","title":{"rendered":"Sand\u017ea\u010dka biznis asocijacija (SABA) po\u010dela sa radom"},"content":{"rendered":"<p><strong><a href=\"https:\/\/sandzakpress.net\/arhiva\/wp-content\/uploads\/2012\/02\/Direktor_Hako_Duljevic1-1.jpg\"><img loading=\"lazy\" decoding=\"async\" class=\"alignleft size-medium wp-image-32490\" title=\"Direktor_Hako_Duljevic1-1\" src=\"https:\/\/sandzakpress.net\/arhiva\/wp-content\/uploads\/2012\/02\/Direktor_Hako_Duljevic1-1-300x153.jpg\" alt=\"\" width=\"300\" height=\"153\" \/><\/a>Sand\u017eak &#8211; Sand\u017ea\u010dka biznis asocijacija (SABA) je sve\u010dano otvorena 11.02.2012.god., dok \u00a0je\u00a0 sa radom po\u010dela\u00a013.02.2012.god.<\/strong><\/p>\n<p>Oni navode da je regija Sand\u017eak,\u00a0 jedna je od ekonomski najnerazvijenih regija na prostoru Zapadnog Balkana, \u00a0iako posjeduje dovoljne komparativne prednosti i privredne potencijale.<\/p>\n<p>U dopisu koji nam je stigao od iste organizacije stoji da je:<\/p>\n<p>\u201eSand\u017ea\u010dka biznis asocijacija\u201d (SABA) je osnovana radi ostvarivanja ciljeva u oblasti unapre\u0111enja odr\u017eivog ekonomskog razvoja i pobolj\u0161anja \u017eivotnog standarda. SABA planira organizovati stru\u010dne skupove, savjetovanja, biznis forume, seminare i druge oblike edukacije u oblasti preduzetni\u0161tva i odr\u017eivog razvoja.<\/p>\n<p>Zatim\u00a0\u00a0sara\u0111ivati sa univerzitetima, \u0161kolama, stru\u010dnim udru\u017eenjima i drugim organizacijama u zemlji i inostranstvu koje se bave odr\u017eivim razvojem, unapre\u0111enjem \u017eivotnog standarda, promocijom preduzetni\u0161tva i sl. Sprovodit \u0107e i druge vidove aktivnosti i projekte koji imaju za cilj unapre\u0111enje odr\u017eivog ekonomskog razvoja i pove\u0107anje \u017eivotnog standarda gra\u0111ana. U narednom periodu je planirano da SABA koordinira izradu nekoliko studija izvodljivosti za ulaganja u klju\u010dne privredne grane u Sand\u017eaku-stoji u dopisu.<\/p>\n<p>Izvor: <strong>SANAPRESS<\/strong><\/p>\n","protected":false},"excerpt":{"rendered":"<p>Sand\u017eak &#8211; Sand\u017ea\u010dka biznis asocijacija (SABA) je sve\u010dano otvorena 11.02.2012.god., dok \u00a0je\u00a0 sa radom po\u010dela\u00a013.02.2012.god. Oni navode da je regija Sand\u017eak,\u00a0 jedna je od ekonomski najnerazvijenih regija na prostoru Zapadnog Balkana, \u00a0iako posjeduje dovoljne komparativne prednosti i privredne potencijale. U dopisu koji nam je stigao od iste organizacije stoji da je: \u201eSand\u017ea\u010dka biznis asocijacija\u201d (SABA) [&hellip;]<\/p>\n","protected":false},"author":14,"featured_media":32490,"comment_status":"open","ping_status":"open","sticky":false,"template":"","format":"standard","meta":{"footnotes":""},"categories":[398,72,397,52,327,3,392,396,393,395,399,394],"tags":[],"class_list":{"0":"post-32317","1":"post","2":"type-post","3":"status-publish","4":"format-standard","5":"has-post-thumbnail","7":"category-rozaje","8":"category-novi-pazar","9":"category-berane","10":"category-sjenica","11":"category-tutin","12":"category-privreda","13":"category-prijepolje_","14":"category-bijelo_polje","15":"category-priboj","16":"category-pljevlja_","17":"category-plav_","18":"category-nova-varos"},"yoast_head":"<!-- This site is optimized with the Yoast SEO Premium plugin v23.1 (Yoast SEO v24.9) - https:\/\/yoast.com\/wordpress\/plugins\/seo\/ -->\n<title>Sand\u017ea\u010dka biznis asocijacija (SABA) po\u010dela sa radom<\/title>\n<meta name=\"robots\" content=\"index, follow, max-snippet:-1, max-image-preview:large, max-video-preview:-1\" \/>\n<link rel=\"canonical\" href=\"https:\/\/sandzakpress.net\/arhiva\/sandzacka-biznis-asocijacija-saba-pocela-sa-radom\/\" \/>\n<meta property=\"og:locale\" content=\"bs_BA\" \/>\n<meta property=\"og:type\" content=\"article\" \/>\n<meta property=\"og:title\" content=\"Sand\u017ea\u010dka biznis asocijacija (SABA) po\u010dela sa radom\" \/>\n<meta property=\"og:description\" content=\"Sand\u017eak &#8211; Sand\u017ea\u010dka biznis asocijacija (SABA) je sve\u010dano otvorena 11.02.2012.god., dok \u00a0je\u00a0 sa radom po\u010dela\u00a013.02.2012.god. Oni navode da je regija Sand\u017eak,\u00a0 jedna je od ekonomski najnerazvijenih regija na prostoru Zapadnog Balkana, \u00a0iako posjeduje dovoljne komparativne prednosti i privredne potencijale. U dopisu koji nam je stigao od iste organizacije stoji da je: \u201eSand\u017ea\u010dka biznis asocijacija\u201d (SABA) [&hellip;]\" \/>\n<meta property=\"og:url\" content=\"https:\/\/sandzakpress.net\/arhiva\/sandzacka-biznis-asocijacija-saba-pocela-sa-radom\/\" \/>\n<meta property=\"og:site_name\" content=\"Sand\u017eak PRESS\" \/>\n<meta property=\"article:published_time\" content=\"2012-02-21T14:38:30+00:00\" \/>\n<meta property=\"article:modified_time\" content=\"2012-02-22T18:24:25+00:00\" \/>\n<meta property=\"og:image\" content=\"https:\/\/sandzakpress.net\/arhiva\/wp-content\/uploads\/2012\/02\/Direktor_Hako_Duljevic1-1.jpg\" \/>\n\t<meta property=\"og:image:width\" content=\"616\" \/>\n\t<meta property=\"og:image:height\" content=\"316\" \/>\n\t<meta property=\"og:image:type\" content=\"image\/jpeg\" \/>\n<meta name=\"twitter:card\" content=\"summary_large_image\" \/>\n<meta name=\"twitter:label1\" content=\"Written by\" \/>\n\t<meta name=\"twitter:data1\" content=\"\" \/>\n\t<meta name=\"twitter:label2\" content=\"Est. reading time\" \/>\n\t<meta name=\"twitter:data2\" content=\"1 minuta\" \/>\n<script type=\"application\/ld+json\" class=\"yoast-schema-graph\">{\"@context\":\"https:\/\/schema.org\",\"@graph\":[{\"@type\":\"Article\",\"@id\":\"https:\/\/sandzakpress.net\/arhiva\/sandzacka-biznis-asocijacija-saba-pocela-sa-radom\/#article\",\"isPartOf\":{\"@id\":\"https:\/\/sandzakpress.net\/arhiva\/sandzacka-biznis-asocijacija-saba-pocela-sa-radom\/\"},\"author\":{\"name\":\"\",\"@id\":\"\"},\"headline\":\"Sand\u017ea\u010dka biznis asocijacija (SABA) po\u010dela sa radom\",\"datePublished\":\"2012-02-21T14:38:30+00:00\",\"dateModified\":\"2012-02-22T18:24:25+00:00\",\"mainEntityOfPage\":{\"@id\":\"https:\/\/sandzakpress.net\/arhiva\/sandzacka-biznis-asocijacija-saba-pocela-sa-radom\/\"},\"wordCount\":197,\"commentCount\":1,\"publisher\":{\"@id\":\"https:\/\/sandzakpress.net\/arhiva\/#\/schema\/person\/6e72b67d6e51910a1117b3b483ba20bd\"},\"image\":{\"@id\":\"https:\/\/sandzakpress.net\/arhiva\/sandzacka-biznis-asocijacija-saba-pocela-sa-radom\/#primaryimage\"},\"thumbnailUrl\":\"https:\/\/sandzakpress.net\/arhiva\/wp-content\/uploads\/2012\/02\/Direktor_Hako_Duljevic1-1.jpg\",\"articleSection\":[\"Ro\u017eaje\",\"Novi Pazar\",\"Berane\",\"Sjenica\",\"Tutin\",\"Privreda\",\"Prijepolje\",\"Bijelo Polje\",\"Priboj\",\"Pljevlja\",\"Plav\",\"Nova Varo\u0161\"],\"inLanguage\":\"bs-BA\",\"potentialAction\":[{\"@type\":\"CommentAction\",\"name\":\"Comment\",\"target\":[\"https:\/\/sandzakpress.net\/arhiva\/sandzacka-biznis-asocijacija-saba-pocela-sa-radom\/#respond\"]}]},{\"@type\":\"WebPage\",\"@id\":\"https:\/\/sandzakpress.net\/arhiva\/sandzacka-biznis-asocijacija-saba-pocela-sa-radom\/\",\"url\":\"https:\/\/sandzakpress.net\/arhiva\/sandzacka-biznis-asocijacija-saba-pocela-sa-radom\/\",\"name\":\"Sand\u017ea\u010dka biznis asocijacija (SABA) po\u010dela sa radom\",\"isPartOf\":{\"@id\":\"https:\/\/sandzakpress.net\/arhiva\/#website\"},\"primaryImageOfPage\":{\"@id\":\"https:\/\/sandzakpress.net\/arhiva\/sandzacka-biznis-asocijacija-saba-pocela-sa-radom\/#primaryimage\"},\"image\":{\"@id\":\"https:\/\/sandzakpress.net\/arhiva\/sandzacka-biznis-asocijacija-saba-pocela-sa-radom\/#primaryimage\"},\"thumbnailUrl\":\"https:\/\/sandzakpress.net\/arhiva\/wp-content\/uploads\/2012\/02\/Direktor_Hako_Duljevic1-1.jpg\",\"datePublished\":\"2012-02-21T14:38:30+00:00\",\"dateModified\":\"2012-02-22T18:24:25+00:00\",\"breadcrumb\":{\"@id\":\"https:\/\/sandzakpress.net\/arhiva\/sandzacka-biznis-asocijacija-saba-pocela-sa-radom\/#breadcrumb\"},\"inLanguage\":\"bs-BA\",\"potentialAction\":[{\"@type\":\"ReadAction\",\"target\":[\"https:\/\/sandzakpress.net\/arhiva\/sandzacka-biznis-asocijacija-saba-pocela-sa-radom\/\"]}]},{\"@type\":\"ImageObject\",\"inLanguage\":\"bs-BA\",\"@id\":\"https:\/\/sandzakpress.net\/arhiva\/sandzacka-biznis-asocijacija-saba-pocela-sa-radom\/#primaryimage\",\"url\":\"https:\/\/sandzakpress.net\/arhiva\/wp-content\/uploads\/2012\/02\/Direktor_Hako_Duljevic1-1.jpg\",\"contentUrl\":\"https:\/\/sandzakpress.net\/arhiva\/wp-content\/uploads\/2012\/02\/Direktor_Hako_Duljevic1-1.jpg\",\"width\":616,\"height\":316},{\"@type\":\"BreadcrumbList\",\"@id\":\"https:\/\/sandzakpress.net\/arhiva\/sandzacka-biznis-asocijacija-saba-pocela-sa-radom\/#breadcrumb\",\"itemListElement\":[{\"@type\":\"ListItem\",\"position\":1,\"name\":\"Home\",\"item\":\"https:\/\/sandzakpress.net\/arhiva\/\"},{\"@type\":\"ListItem\",\"position\":2,\"name\":\"Sand\u017ea\u010dka biznis asocijacija (SABA) po\u010dela sa radom\"}]},{\"@type\":\"WebSite\",\"@id\":\"https:\/\/sandzakpress.net\/arhiva\/#website\",\"url\":\"https:\/\/sandzakpress.net\/arhiva\/\",\"name\":\"Sand\u017eak PRESS\",\"description\":\"Prve elektronske novine u Sand\u017eaku\",\"publisher\":{\"@id\":\"https:\/\/sandzakpress.net\/arhiva\/#\/schema\/person\/6e72b67d6e51910a1117b3b483ba20bd\"},\"potentialAction\":[{\"@type\":\"SearchAction\",\"target\":{\"@type\":\"EntryPoint\",\"urlTemplate\":\"https:\/\/sandzakpress.net\/arhiva\/?s={search_term_string}\"},\"query-input\":{\"@type\":\"PropertyValueSpecification\",\"valueRequired\":true,\"valueName\":\"search_term_string\"}}],\"inLanguage\":\"bs-BA\"},{\"@type\":[\"Person\",\"Organization\"],\"@id\":\"https:\/\/sandzakpress.net\/arhiva\/#\/schema\/person\/6e72b67d6e51910a1117b3b483ba20bd\",\"name\":\"Kul\",\"image\":{\"@type\":\"ImageObject\",\"inLanguage\":\"bs-BA\",\"@id\":\"https:\/\/sandzakpress.net\/arhiva\/#\/schema\/person\/image\/\",\"url\":\"https:\/\/secure.gravatar.com\/avatar\/42263f39aa27ac04c43cab85c280eb2e?s=96&d=mm&r=pg\",\"contentUrl\":\"https:\/\/secure.gravatar.com\/avatar\/42263f39aa27ac04c43cab85c280eb2e?s=96&d=mm&r=pg\",\"caption\":\"Kul\"},\"logo\":{\"@id\":\"https:\/\/sandzakpress.net\/arhiva\/#\/schema\/person\/image\/\"}},{\"@type\":\"Person\",\"@id\":\"\",\"url\":\"https:\/\/sandzakpress.net\/arhiva\/author\/\"}]}<\/script>\n<!-- \/ Yoast SEO Premium plugin. -->","yoast_head_json":{"title":"Sand\u017ea\u010dka biznis asocijacija (SABA) po\u010dela sa radom","robots":{"index":"index","follow":"follow","max-snippet":"max-snippet:-1","max-image-preview":"max-image-preview:large","max-video-preview":"max-video-preview:-1"},"canonical":"https:\/\/sandzakpress.net\/arhiva\/sandzacka-biznis-asocijacija-saba-pocela-sa-radom\/","og_locale":"bs_BA","og_type":"article","og_title":"Sand\u017ea\u010dka biznis asocijacija (SABA) po\u010dela sa radom","og_description":"Sand\u017eak &#8211; Sand\u017ea\u010dka biznis asocijacija (SABA) je sve\u010dano otvorena 11.02.2012.god., dok \u00a0je\u00a0 sa radom po\u010dela\u00a013.02.2012.god. Oni navode da je regija Sand\u017eak,\u00a0 jedna je od ekonomski najnerazvijenih regija na prostoru Zapadnog Balkana, \u00a0iako posjeduje dovoljne komparativne prednosti i privredne potencijale. U dopisu koji nam je stigao od iste organizacije stoji da je: \u201eSand\u017ea\u010dka biznis asocijacija\u201d (SABA) [&hellip;]","og_url":"https:\/\/sandzakpress.net\/arhiva\/sandzacka-biznis-asocijacija-saba-pocela-sa-radom\/","og_site_name":"Sand\u017eak PRESS","article_published_time":"2012-02-21T14:38:30+00:00","article_modified_time":"2012-02-22T18:24:25+00:00","og_image":[{"width":616,"height":316,"url":"https:\/\/sandzakpress.net\/arhiva\/wp-content\/uploads\/2012\/02\/Direktor_Hako_Duljevic1-1.jpg","type":"image\/jpeg"}],"twitter_card":"summary_large_image","twitter_misc":{"Written by":"","Est. reading time":"1 minuta"},"schema":{"@context":"https:\/\/schema.org","@graph":[{"@type":"Article","@id":"https:\/\/sandzakpress.net\/arhiva\/sandzacka-biznis-asocijacija-saba-pocela-sa-radom\/#article","isPartOf":{"@id":"https:\/\/sandzakpress.net\/arhiva\/sandzacka-biznis-asocijacija-saba-pocela-sa-radom\/"},"author":{"name":"","@id":""},"headline":"Sand\u017ea\u010dka biznis asocijacija (SABA) po\u010dela sa radom","datePublished":"2012-02-21T14:38:30+00:00","dateModified":"2012-02-22T18:24:25+00:00","mainEntityOfPage":{"@id":"https:\/\/sandzakpress.net\/arhiva\/sandzacka-biznis-asocijacija-saba-pocela-sa-radom\/"},"wordCount":197,"commentCount":1,"publisher":{"@id":"https:\/\/sandzakpress.net\/arhiva\/#\/schema\/person\/6e72b67d6e51910a1117b3b483ba20bd"},"image":{"@id":"https:\/\/sandzakpress.net\/arhiva\/sandzacka-biznis-asocijacija-saba-pocela-sa-radom\/#primaryimage"},"thumbnailUrl":"https:\/\/sandzakpress.net\/arhiva\/wp-content\/uploads\/2012\/02\/Direktor_Hako_Duljevic1-1.jpg","articleSection":["Ro\u017eaje","Novi Pazar","Berane","Sjenica","Tutin","Privreda","Prijepolje","Bijelo Polje","Priboj","Pljevlja","Plav","Nova Varo\u0161"],"inLanguage":"bs-BA","potentialAction":[{"@type":"CommentAction","name":"Comment","target":["https:\/\/sandzakpress.net\/arhiva\/sandzacka-biznis-asocijacija-saba-pocela-sa-radom\/#respond"]}]},{"@type":"WebPage","@id":"https:\/\/sandzakpress.net\/arhiva\/sandzacka-biznis-asocijacija-saba-pocela-sa-radom\/","url":"https:\/\/sandzakpress.net\/arhiva\/sandzacka-biznis-asocijacija-saba-pocela-sa-radom\/","name":"Sand\u017ea\u010dka biznis asocijacija (SABA) po\u010dela sa radom","isPartOf":{"@id":"https:\/\/sandzakpress.net\/arhiva\/#website"},"primaryImageOfPage":{"@id":"https:\/\/sandzakpress.net\/arhiva\/sandzacka-biznis-asocijacija-saba-pocela-sa-radom\/#primaryimage"},"image":{"@id":"https:\/\/sandzakpress.net\/arhiva\/sandzacka-biznis-asocijacija-saba-pocela-sa-radom\/#primaryimage"},"thumbnailUrl":"https:\/\/sandzakpress.net\/arhiva\/wp-content\/uploads\/2012\/02\/Direktor_Hako_Duljevic1-1.jpg","datePublished":"2012-02-21T14:38:30+00:00","dateModified":"2012-02-22T18:24:25+00:00","breadcrumb":{"@id":"https:\/\/sandzakpress.net\/arhiva\/sandzacka-biznis-asocijacija-saba-pocela-sa-radom\/#breadcrumb"},"inLanguage":"bs-BA","potentialAction":[{"@type":"ReadAction","target":["https:\/\/sandzakpress.net\/arhiva\/sandzacka-biznis-asocijacija-saba-pocela-sa-radom\/"]}]},{"@type":"ImageObject","inLanguage":"bs-BA","@id":"https:\/\/sandzakpress.net\/arhiva\/sandzacka-biznis-asocijacija-saba-pocela-sa-radom\/#primaryimage","url":"https:\/\/sandzakpress.net\/arhiva\/wp-content\/uploads\/2012\/02\/Direktor_Hako_Duljevic1-1.jpg","contentUrl":"https:\/\/sandzakpress.net\/arhiva\/wp-content\/uploads\/2012\/02\/Direktor_Hako_Duljevic1-1.jpg","width":616,"height":316},{"@type":"BreadcrumbList","@id":"https:\/\/sandzakpress.net\/arhiva\/sandzacka-biznis-asocijacija-saba-pocela-sa-radom\/#breadcrumb","itemListElement":[{"@type":"ListItem","position":1,"name":"Home","item":"https:\/\/sandzakpress.net\/arhiva\/"},{"@type":"ListItem","position":2,"name":"Sand\u017ea\u010dka biznis asocijacija (SABA) po\u010dela sa radom"}]},{"@type":"WebSite","@id":"https:\/\/sandzakpress.net\/arhiva\/#website","url":"https:\/\/sandzakpress.net\/arhiva\/","name":"Sand\u017eak PRESS","description":"Prve elektronske novine u Sand\u017eaku","publisher":{"@id":"https:\/\/sandzakpress.net\/arhiva\/#\/schema\/person\/6e72b67d6e51910a1117b3b483ba20bd"},"potentialAction":[{"@type":"SearchAction","target":{"@type":"EntryPoint","urlTemplate":"https:\/\/sandzakpress.net\/arhiva\/?s={search_term_string}"},"query-input":{"@type":"PropertyValueSpecification","valueRequired":true,"valueName":"search_term_string"}}],"inLanguage":"bs-BA"},{"@type":["Person","Organization"],"@id":"https:\/\/sandzakpress.net\/arhiva\/#\/schema\/person\/6e72b67d6e51910a1117b3b483ba20bd","name":"Kul","image":{"@type":"ImageObject","inLanguage":"bs-BA","@id":"https:\/\/sandzakpress.net\/arhiva\/#\/schema\/person\/image\/","url":"https:\/\/secure.gravatar.com\/avatar\/42263f39aa27ac04c43cab85c280eb2e?s=96&d=mm&r=pg","contentUrl":"https:\/\/secure.gravatar.com\/avatar\/42263f39aa27ac04c43cab85c280eb2e?s=96&d=mm&r=pg","caption":"Kul"},"logo":{"@id":"https:\/\/sandzakpress.net\/arhiva\/#\/schema\/person\/image\/"}},{"@type":"Person","@id":"","url":"https:\/\/sandzakpress.net\/arhiva\/author\/"}]}},"_links":{"self":[{"href":"https:\/\/sandzakpress.net\/arhiva\/wp-json\/wp\/v2\/posts\/32317"}],"collection":[{"href":"https:\/\/sandzakpress.net\/arhiva\/wp-json\/wp\/v2\/posts"}],"about":[{"href":"https:\/\/sandzakpress.net\/arhiva\/wp-json\/wp\/v2\/types\/post"}],"author":[{"embeddable":true,"href":"https:\/\/sandzakpress.net\/arhiva\/wp-json\/wp\/v2\/users\/14"}],"replies":[{"embeddable":true,"href":"https:\/\/sandzakpress.net\/arhiva\/wp-json\/wp\/v2\/comments?post=32317"}],"version-history":[{"count":0,"href":"https:\/\/sandzakpress.net\/arhiva\/wp-json\/wp\/v2\/posts\/32317\/revisions"}],"wp:featuredmedia":[{"embeddable":true,"href":"https:\/\/sandzakpress.net\/arhiva\/wp-json\/wp\/v2\/media\/32490"}],"wp:attachment":[{"href":"https:\/\/sandzakpress.net\/arhiva\/wp-json\/wp\/v2\/media?parent=32317"}],"wp:term":[{"taxonomy":"category","embeddable":true,"href":"https:\/\/sandzakpress.net\/arhiva\/wp-json\/wp\/v2\/categories?post=32317"},{"taxonomy":"post_tag","embeddable":true,"href":"https:\/\/sandzakpress.net\/arhiva\/wp-json\/wp\/v2\/tags?post=32317"}],"curies":[{"name":"wp","href":"https:\/\/api.w.org\/{rel}","templated":true}]}}