{"id":32184,"date":"2012-02-20T15:33:13","date_gmt":"2012-02-20T14:33:13","guid":{"rendered":"https:\/\/sandzakpress.net\/arhiva\/?p=32184"},"modified":"2012-02-20T15:33:13","modified_gmt":"2012-02-20T14:33:13","slug":"husovic-i-saradnici-razgovarali-sa-ambasadorom-irana","status":"publish","type":"post","link":"https:\/\/sandzakpress.net\/arhiva\/husovic-i-saradnici-razgovarali-sa-ambasadorom-irana\/","title":{"rendered":"Husovi\u0107 i saradnici razgovarali sa ambasadorom Irana"},"content":{"rendered":"<p><strong><a href=\"https:\/\/sandzakpress.net\/arhiva\/wp-content\/uploads\/2012\/02\/rafet-husovic-ambasador-irana.jpg\"><img loading=\"lazy\" decoding=\"async\" class=\"alignleft size-medium wp-image-32185\" title=\"rafet-husovic-ambasador-irana\" src=\"https:\/\/sandzakpress.net\/arhiva\/wp-content\/uploads\/2012\/02\/rafet-husovic-ambasador-irana-300x192.jpg\" alt=\"\" width=\"300\" height=\"192\" \/><\/a>Ju\u017eni Sand\u017eak &#8211; \u00a0APredsjednik BS I ministar u Vladi\u00a0Rafet Husovi\u0107 sa saradnicima razgovarao je sa ambasadorom Islamske republike Iran\u00a0Abdulhasem Delfijem i ata\u0161eom za kulturu\u00a0Faridom Efteharijem.<\/strong><\/p>\n<p>Ambasador Delfi je istakao da \u00a0je Iran zainteresovan za unaprijedjenje saradnje sa Crnom Gorom, na politi\u010dkom, ekonomskom I kultrunom planu.<\/p>\n<p>-Na planu kulturne saradnje postigli smo dobre rezlutate, ali smatramo da treba pove\u0107ati nivo saradnje na politi\u010dkom i ekonomskom planu.- kazao je ambassador Delfi.<\/p>\n<p>On je istakao da je Iran medju prvim zemljama priznao nezavisnost Crne Gore i uspostavio diplomatske odnose sa njom.<\/p>\n<p>-Razgovarali smo sa predstavnicima dr\u017eavnih institucija i politi\u010dkih partija i smatramo da treba raditi na uspostavljanju medjuparlamentarne saradnje .Veoma je va\u017eno \u0161to je va\u0161a dr\u017eava stabilno multietni\u010dko dru\u0161tvo koje doprinosi stabilnosti regiona. Sa Bo\u0161nja\u010dkom\u00a0 strankom koja je va\u017ean politi\u010dki subjekat, kao dio vlasti i zastupnik politi\u010dkih interesa bo\u0161nja\u010dko-muslimanskog naroda, imamo dobru saradnju.- kazao je ambasador Delfi.<\/p>\n<p>On je dodao da postoje brojne mogu\u0107nosti za saradnju na polju energetike, turizma i trgovine, koje treba iskoristiti.<\/p>\n<p>Predsjednik BS i ministar u Vladi Rafet Husovi\u0107 je ukazao da Bo\u0161nja\u010dka stranka u potpunosti podr\u017eava opredijeljenost Crne Gore\u00a0 ka evro-atlanskim integracijama, kao i uspostavljane I ja\u010danje saradnje sa islamskim zemljama,<\/p>\n<p>-Bo\u0161nja\u010dka stranka se zala\u017ee za ravnopravnost svih\u00a0 naroda i gradjana Crne Gore, kao i za ve\u0107e u\u010de\u0161\u0107e Bo\u0161njaka i drugih manjinskih zajednica u institucijama. Podr\u017eavamo\u00a0 reformske procese I dalju demokratizaciju Crne Gore, kao i evro-atlanske integracije,kao spoljno-politi\u010dki prioritet,\u00a0 jer je je to u interesu ja\u010danja stabilnosti na Balkanu. Isto tako, \u00a0smatramo da Crna Gora ima interesa da uspostavlja I unapredjuje odnose sa Iranom, kao i sa drugim\u00a0 islamskim dr\u017eavama, kako na ekonomskom, tako i na politi\u010dkom planu, \u2013 kazao je Husovi\u0107.<\/p>\n<p>U razgovoru sa ambasadorom Delfijem, u\u010destvovali su i\u00a0Suljo Mustafi\u0107, \u0161ef poslani\u010dkog kluba BS i\u00a0dr Ned\u017ead Dre\u0161evi\u0107, \u010dlan Predsjedni\u0161tva BS.<\/p>\n<p>Izvor: <strong>BSCG.me<\/strong><\/p>\n","protected":false},"excerpt":{"rendered":"<p>Ju\u017eni Sand\u017eak &#8211; \u00a0APredsjednik BS I ministar u Vladi\u00a0Rafet Husovi\u0107 sa saradnicima razgovarao je sa ambasadorom Islamske republike Iran\u00a0Abdulhasem Delfijem i ata\u0161eom za kulturu\u00a0Faridom Efteharijem. Ambasador Delfi je istakao da \u00a0je Iran zainteresovan za unaprijedjenje saradnje sa Crnom Gorom, na politi\u010dkom, ekonomskom I kultrunom planu. -Na planu kulturne saradnje postigli smo dobre rezlutate, ali smatramo [&hellip;]<\/p>\n","protected":false},"author":14,"featured_media":32185,"comment_status":"open","ping_status":"open","sticky":false,"template":"","format":"standard","meta":{"footnotes":""},"categories":[398,1,396,399],"tags":[],"class_list":{"0":"post-32184","1":"post","2":"type-post","3":"status-publish","4":"format-standard","5":"has-post-thumbnail","7":"category-rozaje","8":"category-politika","9":"category-bijelo_polje","10":"category-plav_"},"yoast_head":"<!-- This site is optimized with the Yoast SEO Premium plugin v23.1 (Yoast SEO v24.9) - https:\/\/yoast.com\/wordpress\/plugins\/seo\/ -->\n<title>Husovi\u0107 i saradnici razgovarali sa ambasadorom Irana<\/title>\n<meta name=\"robots\" content=\"index, follow, max-snippet:-1, max-image-preview:large, max-video-preview:-1\" \/>\n<link rel=\"canonical\" href=\"https:\/\/sandzakpress.net\/arhiva\/husovic-i-saradnici-razgovarali-sa-ambasadorom-irana\/\" \/>\n<meta property=\"og:locale\" content=\"bs_BA\" \/>\n<meta property=\"og:type\" content=\"article\" \/>\n<meta property=\"og:title\" content=\"Husovi\u0107 i saradnici razgovarali sa ambasadorom Irana\" \/>\n<meta property=\"og:description\" content=\"Ju\u017eni Sand\u017eak &#8211; \u00a0APredsjednik BS I ministar u Vladi\u00a0Rafet Husovi\u0107 sa saradnicima razgovarao je sa ambasadorom Islamske republike Iran\u00a0Abdulhasem Delfijem i ata\u0161eom za kulturu\u00a0Faridom Efteharijem. Ambasador Delfi je istakao da \u00a0je Iran zainteresovan za unaprijedjenje saradnje sa Crnom Gorom, na politi\u010dkom, ekonomskom I kultrunom planu. -Na planu kulturne saradnje postigli smo dobre rezlutate, ali smatramo [&hellip;]\" \/>\n<meta property=\"og:url\" content=\"https:\/\/sandzakpress.net\/arhiva\/husovic-i-saradnici-razgovarali-sa-ambasadorom-irana\/\" \/>\n<meta property=\"og:site_name\" content=\"Sand\u017eak PRESS\" \/>\n<meta property=\"article:published_time\" content=\"2012-02-20T14:33:13+00:00\" \/>\n<meta property=\"og:image\" content=\"https:\/\/sandzakpress.net\/arhiva\/wp-content\/uploads\/2012\/02\/rafet-husovic-ambasador-irana.jpg\" \/>\n\t<meta property=\"og:image:width\" content=\"616\" \/>\n\t<meta property=\"og:image:height\" content=\"394\" \/>\n\t<meta property=\"og:image:type\" content=\"image\/jpeg\" \/>\n<meta name=\"twitter:card\" content=\"summary_large_image\" \/>\n<meta name=\"twitter:label1\" content=\"Written by\" \/>\n\t<meta name=\"twitter:data1\" content=\"\" \/>\n\t<meta name=\"twitter:label2\" content=\"Est. reading time\" \/>\n\t<meta name=\"twitter:data2\" content=\"2 minute\" \/>\n<script type=\"application\/ld+json\" class=\"yoast-schema-graph\">{\"@context\":\"https:\/\/schema.org\",\"@graph\":[{\"@type\":\"Article\",\"@id\":\"https:\/\/sandzakpress.net\/arhiva\/husovic-i-saradnici-razgovarali-sa-ambasadorom-irana\/#article\",\"isPartOf\":{\"@id\":\"https:\/\/sandzakpress.net\/arhiva\/husovic-i-saradnici-razgovarali-sa-ambasadorom-irana\/\"},\"author\":{\"name\":\"\",\"@id\":\"\"},\"headline\":\"Husovi\u0107 i saradnici razgovarali sa ambasadorom Irana\",\"datePublished\":\"2012-02-20T14:33:13+00:00\",\"mainEntityOfPage\":{\"@id\":\"https:\/\/sandzakpress.net\/arhiva\/husovic-i-saradnici-razgovarali-sa-ambasadorom-irana\/\"},\"wordCount\":352,\"commentCount\":0,\"publisher\":{\"@id\":\"https:\/\/sandzakpress.net\/arhiva\/#\/schema\/person\/6e72b67d6e51910a1117b3b483ba20bd\"},\"image\":{\"@id\":\"https:\/\/sandzakpress.net\/arhiva\/husovic-i-saradnici-razgovarali-sa-ambasadorom-irana\/#primaryimage\"},\"thumbnailUrl\":\"https:\/\/sandzakpress.net\/arhiva\/wp-content\/uploads\/2012\/02\/rafet-husovic-ambasador-irana.jpg\",\"articleSection\":[\"Ro\u017eaje\",\"Politika\",\"Bijelo Polje\",\"Plav\"],\"inLanguage\":\"bs-BA\",\"potentialAction\":[{\"@type\":\"CommentAction\",\"name\":\"Comment\",\"target\":[\"https:\/\/sandzakpress.net\/arhiva\/husovic-i-saradnici-razgovarali-sa-ambasadorom-irana\/#respond\"]}]},{\"@type\":\"WebPage\",\"@id\":\"https:\/\/sandzakpress.net\/arhiva\/husovic-i-saradnici-razgovarali-sa-ambasadorom-irana\/\",\"url\":\"https:\/\/sandzakpress.net\/arhiva\/husovic-i-saradnici-razgovarali-sa-ambasadorom-irana\/\",\"name\":\"Husovi\u0107 i saradnici razgovarali sa ambasadorom Irana\",\"isPartOf\":{\"@id\":\"https:\/\/sandzakpress.net\/arhiva\/#website\"},\"primaryImageOfPage\":{\"@id\":\"https:\/\/sandzakpress.net\/arhiva\/husovic-i-saradnici-razgovarali-sa-ambasadorom-irana\/#primaryimage\"},\"image\":{\"@id\":\"https:\/\/sandzakpress.net\/arhiva\/husovic-i-saradnici-razgovarali-sa-ambasadorom-irana\/#primaryimage\"},\"thumbnailUrl\":\"https:\/\/sandzakpress.net\/arhiva\/wp-content\/uploads\/2012\/02\/rafet-husovic-ambasador-irana.jpg\",\"datePublished\":\"2012-02-20T14:33:13+00:00\",\"breadcrumb\":{\"@id\":\"https:\/\/sandzakpress.net\/arhiva\/husovic-i-saradnici-razgovarali-sa-ambasadorom-irana\/#breadcrumb\"},\"inLanguage\":\"bs-BA\",\"potentialAction\":[{\"@type\":\"ReadAction\",\"target\":[\"https:\/\/sandzakpress.net\/arhiva\/husovic-i-saradnici-razgovarali-sa-ambasadorom-irana\/\"]}]},{\"@type\":\"ImageObject\",\"inLanguage\":\"bs-BA\",\"@id\":\"https:\/\/sandzakpress.net\/arhiva\/husovic-i-saradnici-razgovarali-sa-ambasadorom-irana\/#primaryimage\",\"url\":\"https:\/\/sandzakpress.net\/arhiva\/wp-content\/uploads\/2012\/02\/rafet-husovic-ambasador-irana.jpg\",\"contentUrl\":\"https:\/\/sandzakpress.net\/arhiva\/wp-content\/uploads\/2012\/02\/rafet-husovic-ambasador-irana.jpg\",\"width\":616,\"height\":394},{\"@type\":\"BreadcrumbList\",\"@id\":\"https:\/\/sandzakpress.net\/arhiva\/husovic-i-saradnici-razgovarali-sa-ambasadorom-irana\/#breadcrumb\",\"itemListElement\":[{\"@type\":\"ListItem\",\"position\":1,\"name\":\"Home\",\"item\":\"https:\/\/sandzakpress.net\/arhiva\/\"},{\"@type\":\"ListItem\",\"position\":2,\"name\":\"Husovi\u0107 i saradnici razgovarali sa ambasadorom Irana\"}]},{\"@type\":\"WebSite\",\"@id\":\"https:\/\/sandzakpress.net\/arhiva\/#website\",\"url\":\"https:\/\/sandzakpress.net\/arhiva\/\",\"name\":\"Sand\u017eak PRESS\",\"description\":\"Prve elektronske novine u Sand\u017eaku\",\"publisher\":{\"@id\":\"https:\/\/sandzakpress.net\/arhiva\/#\/schema\/person\/6e72b67d6e51910a1117b3b483ba20bd\"},\"potentialAction\":[{\"@type\":\"SearchAction\",\"target\":{\"@type\":\"EntryPoint\",\"urlTemplate\":\"https:\/\/sandzakpress.net\/arhiva\/?s={search_term_string}\"},\"query-input\":{\"@type\":\"PropertyValueSpecification\",\"valueRequired\":true,\"valueName\":\"search_term_string\"}}],\"inLanguage\":\"bs-BA\"},{\"@type\":[\"Person\",\"Organization\"],\"@id\":\"https:\/\/sandzakpress.net\/arhiva\/#\/schema\/person\/6e72b67d6e51910a1117b3b483ba20bd\",\"name\":\"Kul\",\"image\":{\"@type\":\"ImageObject\",\"inLanguage\":\"bs-BA\",\"@id\":\"https:\/\/sandzakpress.net\/arhiva\/#\/schema\/person\/image\/\",\"url\":\"https:\/\/secure.gravatar.com\/avatar\/42263f39aa27ac04c43cab85c280eb2e?s=96&d=mm&r=pg\",\"contentUrl\":\"https:\/\/secure.gravatar.com\/avatar\/42263f39aa27ac04c43cab85c280eb2e?s=96&d=mm&r=pg\",\"caption\":\"Kul\"},\"logo\":{\"@id\":\"https:\/\/sandzakpress.net\/arhiva\/#\/schema\/person\/image\/\"}},{\"@type\":\"Person\",\"@id\":\"\",\"url\":\"https:\/\/sandzakpress.net\/arhiva\/author\/\"}]}<\/script>\n<!-- \/ Yoast SEO Premium plugin. -->","yoast_head_json":{"title":"Husovi\u0107 i saradnici razgovarali sa ambasadorom Irana","robots":{"index":"index","follow":"follow","max-snippet":"max-snippet:-1","max-image-preview":"max-image-preview:large","max-video-preview":"max-video-preview:-1"},"canonical":"https:\/\/sandzakpress.net\/arhiva\/husovic-i-saradnici-razgovarali-sa-ambasadorom-irana\/","og_locale":"bs_BA","og_type":"article","og_title":"Husovi\u0107 i saradnici razgovarali sa ambasadorom Irana","og_description":"Ju\u017eni Sand\u017eak &#8211; \u00a0APredsjednik BS I ministar u Vladi\u00a0Rafet Husovi\u0107 sa saradnicima razgovarao je sa ambasadorom Islamske republike Iran\u00a0Abdulhasem Delfijem i ata\u0161eom za kulturu\u00a0Faridom Efteharijem. Ambasador Delfi je istakao da \u00a0je Iran zainteresovan za unaprijedjenje saradnje sa Crnom Gorom, na politi\u010dkom, ekonomskom I kultrunom planu. -Na planu kulturne saradnje postigli smo dobre rezlutate, ali smatramo [&hellip;]","og_url":"https:\/\/sandzakpress.net\/arhiva\/husovic-i-saradnici-razgovarali-sa-ambasadorom-irana\/","og_site_name":"Sand\u017eak PRESS","article_published_time":"2012-02-20T14:33:13+00:00","og_image":[{"width":616,"height":394,"url":"https:\/\/sandzakpress.net\/arhiva\/wp-content\/uploads\/2012\/02\/rafet-husovic-ambasador-irana.jpg","type":"image\/jpeg"}],"twitter_card":"summary_large_image","twitter_misc":{"Written by":"","Est. reading time":"2 minute"},"schema":{"@context":"https:\/\/schema.org","@graph":[{"@type":"Article","@id":"https:\/\/sandzakpress.net\/arhiva\/husovic-i-saradnici-razgovarali-sa-ambasadorom-irana\/#article","isPartOf":{"@id":"https:\/\/sandzakpress.net\/arhiva\/husovic-i-saradnici-razgovarali-sa-ambasadorom-irana\/"},"author":{"name":"","@id":""},"headline":"Husovi\u0107 i saradnici razgovarali sa ambasadorom Irana","datePublished":"2012-02-20T14:33:13+00:00","mainEntityOfPage":{"@id":"https:\/\/sandzakpress.net\/arhiva\/husovic-i-saradnici-razgovarali-sa-ambasadorom-irana\/"},"wordCount":352,"commentCount":0,"publisher":{"@id":"https:\/\/sandzakpress.net\/arhiva\/#\/schema\/person\/6e72b67d6e51910a1117b3b483ba20bd"},"image":{"@id":"https:\/\/sandzakpress.net\/arhiva\/husovic-i-saradnici-razgovarali-sa-ambasadorom-irana\/#primaryimage"},"thumbnailUrl":"https:\/\/sandzakpress.net\/arhiva\/wp-content\/uploads\/2012\/02\/rafet-husovic-ambasador-irana.jpg","articleSection":["Ro\u017eaje","Politika","Bijelo Polje","Plav"],"inLanguage":"bs-BA","potentialAction":[{"@type":"CommentAction","name":"Comment","target":["https:\/\/sandzakpress.net\/arhiva\/husovic-i-saradnici-razgovarali-sa-ambasadorom-irana\/#respond"]}]},{"@type":"WebPage","@id":"https:\/\/sandzakpress.net\/arhiva\/husovic-i-saradnici-razgovarali-sa-ambasadorom-irana\/","url":"https:\/\/sandzakpress.net\/arhiva\/husovic-i-saradnici-razgovarali-sa-ambasadorom-irana\/","name":"Husovi\u0107 i saradnici razgovarali sa ambasadorom Irana","isPartOf":{"@id":"https:\/\/sandzakpress.net\/arhiva\/#website"},"primaryImageOfPage":{"@id":"https:\/\/sandzakpress.net\/arhiva\/husovic-i-saradnici-razgovarali-sa-ambasadorom-irana\/#primaryimage"},"image":{"@id":"https:\/\/sandzakpress.net\/arhiva\/husovic-i-saradnici-razgovarali-sa-ambasadorom-irana\/#primaryimage"},"thumbnailUrl":"https:\/\/sandzakpress.net\/arhiva\/wp-content\/uploads\/2012\/02\/rafet-husovic-ambasador-irana.jpg","datePublished":"2012-02-20T14:33:13+00:00","breadcrumb":{"@id":"https:\/\/sandzakpress.net\/arhiva\/husovic-i-saradnici-razgovarali-sa-ambasadorom-irana\/#breadcrumb"},"inLanguage":"bs-BA","potentialAction":[{"@type":"ReadAction","target":["https:\/\/sandzakpress.net\/arhiva\/husovic-i-saradnici-razgovarali-sa-ambasadorom-irana\/"]}]},{"@type":"ImageObject","inLanguage":"bs-BA","@id":"https:\/\/sandzakpress.net\/arhiva\/husovic-i-saradnici-razgovarali-sa-ambasadorom-irana\/#primaryimage","url":"https:\/\/sandzakpress.net\/arhiva\/wp-content\/uploads\/2012\/02\/rafet-husovic-ambasador-irana.jpg","contentUrl":"https:\/\/sandzakpress.net\/arhiva\/wp-content\/uploads\/2012\/02\/rafet-husovic-ambasador-irana.jpg","width":616,"height":394},{"@type":"BreadcrumbList","@id":"https:\/\/sandzakpress.net\/arhiva\/husovic-i-saradnici-razgovarali-sa-ambasadorom-irana\/#breadcrumb","itemListElement":[{"@type":"ListItem","position":1,"name":"Home","item":"https:\/\/sandzakpress.net\/arhiva\/"},{"@type":"ListItem","position":2,"name":"Husovi\u0107 i saradnici razgovarali sa ambasadorom Irana"}]},{"@type":"WebSite","@id":"https:\/\/sandzakpress.net\/arhiva\/#website","url":"https:\/\/sandzakpress.net\/arhiva\/","name":"Sand\u017eak PRESS","description":"Prve elektronske novine u Sand\u017eaku","publisher":{"@id":"https:\/\/sandzakpress.net\/arhiva\/#\/schema\/person\/6e72b67d6e51910a1117b3b483ba20bd"},"potentialAction":[{"@type":"SearchAction","target":{"@type":"EntryPoint","urlTemplate":"https:\/\/sandzakpress.net\/arhiva\/?s={search_term_string}"},"query-input":{"@type":"PropertyValueSpecification","valueRequired":true,"valueName":"search_term_string"}}],"inLanguage":"bs-BA"},{"@type":["Person","Organization"],"@id":"https:\/\/sandzakpress.net\/arhiva\/#\/schema\/person\/6e72b67d6e51910a1117b3b483ba20bd","name":"Kul","image":{"@type":"ImageObject","inLanguage":"bs-BA","@id":"https:\/\/sandzakpress.net\/arhiva\/#\/schema\/person\/image\/","url":"https:\/\/secure.gravatar.com\/avatar\/42263f39aa27ac04c43cab85c280eb2e?s=96&d=mm&r=pg","contentUrl":"https:\/\/secure.gravatar.com\/avatar\/42263f39aa27ac04c43cab85c280eb2e?s=96&d=mm&r=pg","caption":"Kul"},"logo":{"@id":"https:\/\/sandzakpress.net\/arhiva\/#\/schema\/person\/image\/"}},{"@type":"Person","@id":"","url":"https:\/\/sandzakpress.net\/arhiva\/author\/"}]}},"_links":{"self":[{"href":"https:\/\/sandzakpress.net\/arhiva\/wp-json\/wp\/v2\/posts\/32184"}],"collection":[{"href":"https:\/\/sandzakpress.net\/arhiva\/wp-json\/wp\/v2\/posts"}],"about":[{"href":"https:\/\/sandzakpress.net\/arhiva\/wp-json\/wp\/v2\/types\/post"}],"author":[{"embeddable":true,"href":"https:\/\/sandzakpress.net\/arhiva\/wp-json\/wp\/v2\/users\/14"}],"replies":[{"embeddable":true,"href":"https:\/\/sandzakpress.net\/arhiva\/wp-json\/wp\/v2\/comments?post=32184"}],"version-history":[{"count":0,"href":"https:\/\/sandzakpress.net\/arhiva\/wp-json\/wp\/v2\/posts\/32184\/revisions"}],"wp:featuredmedia":[{"embeddable":true,"href":"https:\/\/sandzakpress.net\/arhiva\/wp-json\/wp\/v2\/media\/32185"}],"wp:attachment":[{"href":"https:\/\/sandzakpress.net\/arhiva\/wp-json\/wp\/v2\/media?parent=32184"}],"wp:term":[{"taxonomy":"category","embeddable":true,"href":"https:\/\/sandzakpress.net\/arhiva\/wp-json\/wp\/v2\/categories?post=32184"},{"taxonomy":"post_tag","embeddable":true,"href":"https:\/\/sandzakpress.net\/arhiva\/wp-json\/wp\/v2\/tags?post=32184"}],"curies":[{"name":"wp","href":"https:\/\/api.w.org\/{rel}","templated":true}]}}