{"id":32077,"date":"2012-02-18T15:16:23","date_gmt":"2012-02-18T14:16:23","guid":{"rendered":"https:\/\/sandzakpress.net\/arhiva\/?p=32077"},"modified":"2012-02-18T15:16:23","modified_gmt":"2012-02-18T14:16:23","slug":"nece-raditi-skole-u-novom-pazaru-sjenici-tutinu","status":"publish","type":"post","link":"https:\/\/sandzakpress.net\/arhiva\/nece-raditi-skole-u-novom-pazaru-sjenici-tutinu\/","title":{"rendered":"Ne\u0107e raditi \u0161kole u Novom Pazaru, Sjenici, Tutinu"},"content":{"rendered":"<p><strong><a href=\"https:\/\/sandzakpress.net\/arhiva\/wp-content\/uploads\/2012\/02\/214812_skole-foto-petar-markovic_f.jpg\"><img loading=\"lazy\" decoding=\"async\" class=\"alignleft size-medium wp-image-32078\" title=\"214812_skole-foto-petar-markovic_f\" src=\"https:\/\/sandzakpress.net\/arhiva\/wp-content\/uploads\/2012\/02\/214812_skole-foto-petar-markovic_f-300x172.jpg\" alt=\"\" width=\"300\" height=\"172\" \/><\/a>Sjeverni Sand\u017eak &#8211; Skoro svi \u0111aci u Srbiji \u0107e se u ponedeljak vratiti u klupe nakon  prinudnog raspusta zbog vremenskih neprilika. Zbog te\u0161ke situacije u  pojedinim op\u0107inama, naro\u010dito u planinskim podru\u010djima, ne\u0107e raditi samo  62 \u0161kole od ukupno 1.796. Iako je 176 \u0161kola imalo problema sa  proki\u0161njavanjem, zbog toga ne\u0107e raditi samo jedna \u0161kola u Po\u017earevcu.<\/strong><\/p>\n<p>Ne\u0107e raditi \u0161kole u Novom Pazaru, Sjenici, Tutinu, Ivanjici, Gornjem  Milanovcu, Boljevcu, \u010ca\u010dku, i to \u0161kole u planinskim delovima koje imaju  mali broj \u0111aka &#8211; ka\u017ee Velimir Tmu\u0161i\u0107, na\u010delnik Prosvetne inspekcije, i  dodaje da \u0107e biti upu\u0107en apel svim \u0161kolskim upravama da poja\u010daju  de\u017eurstva kako se neko dijete ne bi povredilo na snijegu ili ledu. Naglo  topljenje snijega napravilo je probleme u 54 beogradske \u0161kole, ali i pored  toga, nastava \u0107e po\u010deti u ponedeljak. Zbog proki\u0161njavanja u pojedinim  u\u010dionicama nastava \u0107e biti organizovana u drugim slobodnim prostorijama.<\/p>\n<p>Izvor: <strong>Blic.rs<\/strong><\/p>\n","protected":false},"excerpt":{"rendered":"<p>Sjeverni Sand\u017eak &#8211; Skoro svi \u0111aci u Srbiji \u0107e se u ponedeljak vratiti u klupe nakon prinudnog raspusta zbog vremenskih neprilika. Zbog te\u0161ke situacije u pojedinim op\u0107inama, naro\u010dito u planinskim podru\u010djima, ne\u0107e raditi samo 62 \u0161kole od ukupno 1.796. Iako je 176 \u0161kola imalo problema sa proki\u0161njavanjem, zbog toga ne\u0107e raditi samo jedna \u0161kola u [&hellip;]<\/p>\n","protected":false},"author":13,"featured_media":32078,"comment_status":"open","ping_status":"open","sticky":false,"template":"","format":"standard","meta":{"footnotes":""},"categories":[72,52,327,392,393,4,394],"tags":[],"class_list":{"0":"post-32077","1":"post","2":"type-post","3":"status-publish","4":"format-standard","5":"has-post-thumbnail","7":"category-novi-pazar","8":"category-sjenica","9":"category-tutin","10":"category-prijepolje_","11":"category-priboj","12":"category-obrazovanje","13":"category-nova-varos"},"yoast_head":"<!-- This site is optimized with the Yoast SEO Premium plugin v23.1 (Yoast SEO v24.9) - https:\/\/yoast.com\/wordpress\/plugins\/seo\/ -->\n<title>Ne\u0107e raditi \u0161kole u Novom Pazaru, Sjenici, Tutinu<\/title>\n<meta name=\"robots\" content=\"index, follow, max-snippet:-1, max-image-preview:large, max-video-preview:-1\" \/>\n<link rel=\"canonical\" href=\"https:\/\/sandzakpress.net\/arhiva\/nece-raditi-skole-u-novom-pazaru-sjenici-tutinu\/\" \/>\n<meta property=\"og:locale\" content=\"bs_BA\" \/>\n<meta property=\"og:type\" content=\"article\" \/>\n<meta property=\"og:title\" content=\"Ne\u0107e raditi \u0161kole u Novom Pazaru, Sjenici, Tutinu\" \/>\n<meta property=\"og:description\" content=\"Sjeverni Sand\u017eak &#8211; Skoro svi \u0111aci u Srbiji \u0107e se u ponedeljak vratiti u klupe nakon prinudnog raspusta zbog vremenskih neprilika. Zbog te\u0161ke situacije u pojedinim op\u0107inama, naro\u010dito u planinskim podru\u010djima, ne\u0107e raditi samo 62 \u0161kole od ukupno 1.796. Iako je 176 \u0161kola imalo problema sa proki\u0161njavanjem, zbog toga ne\u0107e raditi samo jedna \u0161kola u [&hellip;]\" \/>\n<meta property=\"og:url\" content=\"https:\/\/sandzakpress.net\/arhiva\/nece-raditi-skole-u-novom-pazaru-sjenici-tutinu\/\" \/>\n<meta property=\"og:site_name\" content=\"Sand\u017eak PRESS\" \/>\n<meta property=\"article:published_time\" content=\"2012-02-18T14:16:23+00:00\" \/>\n<meta property=\"og:image\" content=\"https:\/\/sandzakpress.net\/arhiva\/wp-content\/uploads\/2012\/02\/214812_skole-foto-petar-markovic_f.jpg\" \/>\n\t<meta property=\"og:image:width\" content=\"470\" \/>\n\t<meta property=\"og:image:height\" content=\"270\" \/>\n\t<meta property=\"og:image:type\" content=\"image\/jpeg\" \/>\n<meta name=\"twitter:card\" content=\"summary_large_image\" \/>\n<meta name=\"twitter:label1\" content=\"Written by\" \/>\n\t<meta name=\"twitter:data1\" content=\"\" \/>\n\t<meta name=\"twitter:label2\" content=\"Est. reading time\" \/>\n\t<meta name=\"twitter:data2\" content=\"1 minuta\" \/>\n<script type=\"application\/ld+json\" class=\"yoast-schema-graph\">{\"@context\":\"https:\/\/schema.org\",\"@graph\":[{\"@type\":\"Article\",\"@id\":\"https:\/\/sandzakpress.net\/arhiva\/nece-raditi-skole-u-novom-pazaru-sjenici-tutinu\/#article\",\"isPartOf\":{\"@id\":\"https:\/\/sandzakpress.net\/arhiva\/nece-raditi-skole-u-novom-pazaru-sjenici-tutinu\/\"},\"author\":{\"name\":\"\",\"@id\":\"\"},\"headline\":\"Ne\u0107e raditi \u0161kole u Novom Pazaru, Sjenici, Tutinu\",\"datePublished\":\"2012-02-18T14:16:23+00:00\",\"mainEntityOfPage\":{\"@id\":\"https:\/\/sandzakpress.net\/arhiva\/nece-raditi-skole-u-novom-pazaru-sjenici-tutinu\/\"},\"wordCount\":171,\"commentCount\":0,\"publisher\":{\"@id\":\"https:\/\/sandzakpress.net\/arhiva\/#\/schema\/person\/6e72b67d6e51910a1117b3b483ba20bd\"},\"image\":{\"@id\":\"https:\/\/sandzakpress.net\/arhiva\/nece-raditi-skole-u-novom-pazaru-sjenici-tutinu\/#primaryimage\"},\"thumbnailUrl\":\"https:\/\/sandzakpress.net\/arhiva\/wp-content\/uploads\/2012\/02\/214812_skole-foto-petar-markovic_f.jpg\",\"articleSection\":[\"Novi Pazar\",\"Sjenica\",\"Tutin\",\"Prijepolje\",\"Priboj\",\"Obrazovanje\",\"Nova Varo\u0161\"],\"inLanguage\":\"bs-BA\",\"potentialAction\":[{\"@type\":\"CommentAction\",\"name\":\"Comment\",\"target\":[\"https:\/\/sandzakpress.net\/arhiva\/nece-raditi-skole-u-novom-pazaru-sjenici-tutinu\/#respond\"]}]},{\"@type\":\"WebPage\",\"@id\":\"https:\/\/sandzakpress.net\/arhiva\/nece-raditi-skole-u-novom-pazaru-sjenici-tutinu\/\",\"url\":\"https:\/\/sandzakpress.net\/arhiva\/nece-raditi-skole-u-novom-pazaru-sjenici-tutinu\/\",\"name\":\"Ne\u0107e raditi \u0161kole u Novom Pazaru, Sjenici, Tutinu\",\"isPartOf\":{\"@id\":\"https:\/\/sandzakpress.net\/arhiva\/#website\"},\"primaryImageOfPage\":{\"@id\":\"https:\/\/sandzakpress.net\/arhiva\/nece-raditi-skole-u-novom-pazaru-sjenici-tutinu\/#primaryimage\"},\"image\":{\"@id\":\"https:\/\/sandzakpress.net\/arhiva\/nece-raditi-skole-u-novom-pazaru-sjenici-tutinu\/#primaryimage\"},\"thumbnailUrl\":\"https:\/\/sandzakpress.net\/arhiva\/wp-content\/uploads\/2012\/02\/214812_skole-foto-petar-markovic_f.jpg\",\"datePublished\":\"2012-02-18T14:16:23+00:00\",\"breadcrumb\":{\"@id\":\"https:\/\/sandzakpress.net\/arhiva\/nece-raditi-skole-u-novom-pazaru-sjenici-tutinu\/#breadcrumb\"},\"inLanguage\":\"bs-BA\",\"potentialAction\":[{\"@type\":\"ReadAction\",\"target\":[\"https:\/\/sandzakpress.net\/arhiva\/nece-raditi-skole-u-novom-pazaru-sjenici-tutinu\/\"]}]},{\"@type\":\"ImageObject\",\"inLanguage\":\"bs-BA\",\"@id\":\"https:\/\/sandzakpress.net\/arhiva\/nece-raditi-skole-u-novom-pazaru-sjenici-tutinu\/#primaryimage\",\"url\":\"https:\/\/sandzakpress.net\/arhiva\/wp-content\/uploads\/2012\/02\/214812_skole-foto-petar-markovic_f.jpg\",\"contentUrl\":\"https:\/\/sandzakpress.net\/arhiva\/wp-content\/uploads\/2012\/02\/214812_skole-foto-petar-markovic_f.jpg\",\"width\":470,\"height\":270},{\"@type\":\"BreadcrumbList\",\"@id\":\"https:\/\/sandzakpress.net\/arhiva\/nece-raditi-skole-u-novom-pazaru-sjenici-tutinu\/#breadcrumb\",\"itemListElement\":[{\"@type\":\"ListItem\",\"position\":1,\"name\":\"Home\",\"item\":\"https:\/\/sandzakpress.net\/arhiva\/\"},{\"@type\":\"ListItem\",\"position\":2,\"name\":\"Ne\u0107e raditi \u0161kole u Novom Pazaru, Sjenici, Tutinu\"}]},{\"@type\":\"WebSite\",\"@id\":\"https:\/\/sandzakpress.net\/arhiva\/#website\",\"url\":\"https:\/\/sandzakpress.net\/arhiva\/\",\"name\":\"Sand\u017eak PRESS\",\"description\":\"Prve elektronske novine u Sand\u017eaku\",\"publisher\":{\"@id\":\"https:\/\/sandzakpress.net\/arhiva\/#\/schema\/person\/6e72b67d6e51910a1117b3b483ba20bd\"},\"potentialAction\":[{\"@type\":\"SearchAction\",\"target\":{\"@type\":\"EntryPoint\",\"urlTemplate\":\"https:\/\/sandzakpress.net\/arhiva\/?s={search_term_string}\"},\"query-input\":{\"@type\":\"PropertyValueSpecification\",\"valueRequired\":true,\"valueName\":\"search_term_string\"}}],\"inLanguage\":\"bs-BA\"},{\"@type\":[\"Person\",\"Organization\"],\"@id\":\"https:\/\/sandzakpress.net\/arhiva\/#\/schema\/person\/6e72b67d6e51910a1117b3b483ba20bd\",\"name\":\"Kul\",\"image\":{\"@type\":\"ImageObject\",\"inLanguage\":\"bs-BA\",\"@id\":\"https:\/\/sandzakpress.net\/arhiva\/#\/schema\/person\/image\/\",\"url\":\"https:\/\/secure.gravatar.com\/avatar\/42263f39aa27ac04c43cab85c280eb2e?s=96&d=mm&r=pg\",\"contentUrl\":\"https:\/\/secure.gravatar.com\/avatar\/42263f39aa27ac04c43cab85c280eb2e?s=96&d=mm&r=pg\",\"caption\":\"Kul\"},\"logo\":{\"@id\":\"https:\/\/sandzakpress.net\/arhiva\/#\/schema\/person\/image\/\"}},{\"@type\":\"Person\",\"@id\":\"\",\"url\":\"https:\/\/sandzakpress.net\/arhiva\/author\/\"}]}<\/script>\n<!-- \/ Yoast SEO Premium plugin. -->","yoast_head_json":{"title":"Ne\u0107e raditi \u0161kole u Novom Pazaru, Sjenici, Tutinu","robots":{"index":"index","follow":"follow","max-snippet":"max-snippet:-1","max-image-preview":"max-image-preview:large","max-video-preview":"max-video-preview:-1"},"canonical":"https:\/\/sandzakpress.net\/arhiva\/nece-raditi-skole-u-novom-pazaru-sjenici-tutinu\/","og_locale":"bs_BA","og_type":"article","og_title":"Ne\u0107e raditi \u0161kole u Novom Pazaru, Sjenici, Tutinu","og_description":"Sjeverni Sand\u017eak &#8211; Skoro svi \u0111aci u Srbiji \u0107e se u ponedeljak vratiti u klupe nakon prinudnog raspusta zbog vremenskih neprilika. Zbog te\u0161ke situacije u pojedinim op\u0107inama, naro\u010dito u planinskim podru\u010djima, ne\u0107e raditi samo 62 \u0161kole od ukupno 1.796. Iako je 176 \u0161kola imalo problema sa proki\u0161njavanjem, zbog toga ne\u0107e raditi samo jedna \u0161kola u [&hellip;]","og_url":"https:\/\/sandzakpress.net\/arhiva\/nece-raditi-skole-u-novom-pazaru-sjenici-tutinu\/","og_site_name":"Sand\u017eak PRESS","article_published_time":"2012-02-18T14:16:23+00:00","og_image":[{"width":470,"height":270,"url":"https:\/\/sandzakpress.net\/arhiva\/wp-content\/uploads\/2012\/02\/214812_skole-foto-petar-markovic_f.jpg","type":"image\/jpeg"}],"twitter_card":"summary_large_image","twitter_misc":{"Written by":"","Est. reading time":"1 minuta"},"schema":{"@context":"https:\/\/schema.org","@graph":[{"@type":"Article","@id":"https:\/\/sandzakpress.net\/arhiva\/nece-raditi-skole-u-novom-pazaru-sjenici-tutinu\/#article","isPartOf":{"@id":"https:\/\/sandzakpress.net\/arhiva\/nece-raditi-skole-u-novom-pazaru-sjenici-tutinu\/"},"author":{"name":"","@id":""},"headline":"Ne\u0107e raditi \u0161kole u Novom Pazaru, Sjenici, Tutinu","datePublished":"2012-02-18T14:16:23+00:00","mainEntityOfPage":{"@id":"https:\/\/sandzakpress.net\/arhiva\/nece-raditi-skole-u-novom-pazaru-sjenici-tutinu\/"},"wordCount":171,"commentCount":0,"publisher":{"@id":"https:\/\/sandzakpress.net\/arhiva\/#\/schema\/person\/6e72b67d6e51910a1117b3b483ba20bd"},"image":{"@id":"https:\/\/sandzakpress.net\/arhiva\/nece-raditi-skole-u-novom-pazaru-sjenici-tutinu\/#primaryimage"},"thumbnailUrl":"https:\/\/sandzakpress.net\/arhiva\/wp-content\/uploads\/2012\/02\/214812_skole-foto-petar-markovic_f.jpg","articleSection":["Novi Pazar","Sjenica","Tutin","Prijepolje","Priboj","Obrazovanje","Nova Varo\u0161"],"inLanguage":"bs-BA","potentialAction":[{"@type":"CommentAction","name":"Comment","target":["https:\/\/sandzakpress.net\/arhiva\/nece-raditi-skole-u-novom-pazaru-sjenici-tutinu\/#respond"]}]},{"@type":"WebPage","@id":"https:\/\/sandzakpress.net\/arhiva\/nece-raditi-skole-u-novom-pazaru-sjenici-tutinu\/","url":"https:\/\/sandzakpress.net\/arhiva\/nece-raditi-skole-u-novom-pazaru-sjenici-tutinu\/","name":"Ne\u0107e raditi \u0161kole u Novom Pazaru, Sjenici, Tutinu","isPartOf":{"@id":"https:\/\/sandzakpress.net\/arhiva\/#website"},"primaryImageOfPage":{"@id":"https:\/\/sandzakpress.net\/arhiva\/nece-raditi-skole-u-novom-pazaru-sjenici-tutinu\/#primaryimage"},"image":{"@id":"https:\/\/sandzakpress.net\/arhiva\/nece-raditi-skole-u-novom-pazaru-sjenici-tutinu\/#primaryimage"},"thumbnailUrl":"https:\/\/sandzakpress.net\/arhiva\/wp-content\/uploads\/2012\/02\/214812_skole-foto-petar-markovic_f.jpg","datePublished":"2012-02-18T14:16:23+00:00","breadcrumb":{"@id":"https:\/\/sandzakpress.net\/arhiva\/nece-raditi-skole-u-novom-pazaru-sjenici-tutinu\/#breadcrumb"},"inLanguage":"bs-BA","potentialAction":[{"@type":"ReadAction","target":["https:\/\/sandzakpress.net\/arhiva\/nece-raditi-skole-u-novom-pazaru-sjenici-tutinu\/"]}]},{"@type":"ImageObject","inLanguage":"bs-BA","@id":"https:\/\/sandzakpress.net\/arhiva\/nece-raditi-skole-u-novom-pazaru-sjenici-tutinu\/#primaryimage","url":"https:\/\/sandzakpress.net\/arhiva\/wp-content\/uploads\/2012\/02\/214812_skole-foto-petar-markovic_f.jpg","contentUrl":"https:\/\/sandzakpress.net\/arhiva\/wp-content\/uploads\/2012\/02\/214812_skole-foto-petar-markovic_f.jpg","width":470,"height":270},{"@type":"BreadcrumbList","@id":"https:\/\/sandzakpress.net\/arhiva\/nece-raditi-skole-u-novom-pazaru-sjenici-tutinu\/#breadcrumb","itemListElement":[{"@type":"ListItem","position":1,"name":"Home","item":"https:\/\/sandzakpress.net\/arhiva\/"},{"@type":"ListItem","position":2,"name":"Ne\u0107e raditi \u0161kole u Novom Pazaru, Sjenici, Tutinu"}]},{"@type":"WebSite","@id":"https:\/\/sandzakpress.net\/arhiva\/#website","url":"https:\/\/sandzakpress.net\/arhiva\/","name":"Sand\u017eak PRESS","description":"Prve elektronske novine u Sand\u017eaku","publisher":{"@id":"https:\/\/sandzakpress.net\/arhiva\/#\/schema\/person\/6e72b67d6e51910a1117b3b483ba20bd"},"potentialAction":[{"@type":"SearchAction","target":{"@type":"EntryPoint","urlTemplate":"https:\/\/sandzakpress.net\/arhiva\/?s={search_term_string}"},"query-input":{"@type":"PropertyValueSpecification","valueRequired":true,"valueName":"search_term_string"}}],"inLanguage":"bs-BA"},{"@type":["Person","Organization"],"@id":"https:\/\/sandzakpress.net\/arhiva\/#\/schema\/person\/6e72b67d6e51910a1117b3b483ba20bd","name":"Kul","image":{"@type":"ImageObject","inLanguage":"bs-BA","@id":"https:\/\/sandzakpress.net\/arhiva\/#\/schema\/person\/image\/","url":"https:\/\/secure.gravatar.com\/avatar\/42263f39aa27ac04c43cab85c280eb2e?s=96&d=mm&r=pg","contentUrl":"https:\/\/secure.gravatar.com\/avatar\/42263f39aa27ac04c43cab85c280eb2e?s=96&d=mm&r=pg","caption":"Kul"},"logo":{"@id":"https:\/\/sandzakpress.net\/arhiva\/#\/schema\/person\/image\/"}},{"@type":"Person","@id":"","url":"https:\/\/sandzakpress.net\/arhiva\/author\/"}]}},"_links":{"self":[{"href":"https:\/\/sandzakpress.net\/arhiva\/wp-json\/wp\/v2\/posts\/32077"}],"collection":[{"href":"https:\/\/sandzakpress.net\/arhiva\/wp-json\/wp\/v2\/posts"}],"about":[{"href":"https:\/\/sandzakpress.net\/arhiva\/wp-json\/wp\/v2\/types\/post"}],"author":[{"embeddable":true,"href":"https:\/\/sandzakpress.net\/arhiva\/wp-json\/wp\/v2\/users\/13"}],"replies":[{"embeddable":true,"href":"https:\/\/sandzakpress.net\/arhiva\/wp-json\/wp\/v2\/comments?post=32077"}],"version-history":[{"count":0,"href":"https:\/\/sandzakpress.net\/arhiva\/wp-json\/wp\/v2\/posts\/32077\/revisions"}],"wp:featuredmedia":[{"embeddable":true,"href":"https:\/\/sandzakpress.net\/arhiva\/wp-json\/wp\/v2\/media\/32078"}],"wp:attachment":[{"href":"https:\/\/sandzakpress.net\/arhiva\/wp-json\/wp\/v2\/media?parent=32077"}],"wp:term":[{"taxonomy":"category","embeddable":true,"href":"https:\/\/sandzakpress.net\/arhiva\/wp-json\/wp\/v2\/categories?post=32077"},{"taxonomy":"post_tag","embeddable":true,"href":"https:\/\/sandzakpress.net\/arhiva\/wp-json\/wp\/v2\/tags?post=32077"}],"curies":[{"name":"wp","href":"https:\/\/api.w.org\/{rel}","templated":true}]}}