{"id":31846,"date":"2012-02-15T14:23:18","date_gmt":"2012-02-15T13:23:18","guid":{"rendered":"https:\/\/sandzakpress.net\/arhiva\/?p=31846"},"modified":"2012-02-15T14:23:18","modified_gmt":"2012-02-15T13:23:18","slug":"akcija-ciscenja-snijega-u-krugu-medrese-%e2%80%9cmehmed-fatih%e2%80%9d","status":"publish","type":"post","link":"https:\/\/sandzakpress.net\/arhiva\/akcija-ciscenja-snijega-u-krugu-medrese-%e2%80%9cmehmed-fatih%e2%80%9d\/","title":{"rendered":"Akcija \u010di\u0161\u0107enja snijega u krugu medrese \u201cMehmed Fatih\u201d"},"content":{"rendered":"<p><strong><a href=\"https:\/\/sandzakpress.net\/arhiva\/wp-content\/uploads\/2012\/02\/medresa17062009.jpg\"><img loading=\"lazy\" decoding=\"async\" class=\"alignleft size-medium wp-image-31847\" title=\"medresa17062009\" src=\"https:\/\/sandzakpress.net\/arhiva\/wp-content\/uploads\/2012\/02\/medresa17062009-300x190.jpg\" alt=\"\" width=\"300\" height=\"190\" \/><\/a>Ju\u017eni Sand\u017eak &#8211; Zbog velikih snije\u017enih padavina koje su zadesile Crnu Goru a posebno centralni dio gdje se nalazi na\u0161a medresa, Uprava medrese \u201cMehmed Fatih\u201d u Podgorici pozvala je upo\u0161ljene profesore, vaspita\u010de i tehni\u010dko osoblje radi uklanjanja snijega sa krova i iz kruga medrese. <\/strong><\/p>\n<p>Prema tome, u datoj akciji je u\u010destvovalo dvadesetak ljudi.<\/p>\n<p>Izvor: <strong>Monteislam.com<\/strong><\/p>\n","protected":false},"excerpt":{"rendered":"<p>Ju\u017eni Sand\u017eak &#8211; Zbog velikih snije\u017enih padavina koje su zadesile Crnu Goru a posebno centralni dio gdje se nalazi na\u0161a medresa, Uprava medrese \u201cMehmed Fatih\u201d u Podgorici pozvala je upo\u0161ljene profesore, vaspita\u010de i tehni\u010dko osoblje radi uklanjanja snijega sa krova i iz kruga medrese. Prema tome, u datoj akciji je u\u010destvovalo dvadesetak ljudi. Izvor: Monteislam.com<\/p>\n","protected":false},"author":14,"featured_media":31847,"comment_status":"open","ping_status":"open","sticky":false,"template":"","format":"standard","meta":{"footnotes":""},"categories":[398,396,802,399],"tags":[],"class_list":{"0":"post-31846","1":"post","2":"type-post","3":"status-publish","4":"format-standard","5":"has-post-thumbnail","7":"category-rozaje","8":"category-bijelo_polje","9":"category-islamska_zajednica","10":"category-plav_"},"yoast_head":"<!-- This site is optimized with the Yoast SEO Premium plugin v23.1 (Yoast SEO v24.9) - https:\/\/yoast.com\/wordpress\/plugins\/seo\/ -->\n<title>Akcija \u010di\u0161\u0107enja snijega u krugu medrese \u201cMehmed Fatih\u201d<\/title>\n<meta name=\"robots\" content=\"index, follow, max-snippet:-1, max-image-preview:large, max-video-preview:-1\" \/>\n<link rel=\"canonical\" href=\"https:\/\/sandzakpress.net\/arhiva\/akcija-ciscenja-snijega-u-krugu-medrese-\u201cmehmed-fatih\u201d\/\" \/>\n<meta property=\"og:locale\" content=\"bs_BA\" \/>\n<meta property=\"og:type\" content=\"article\" \/>\n<meta property=\"og:title\" content=\"Akcija \u010di\u0161\u0107enja snijega u krugu medrese \u201cMehmed Fatih\u201d\" \/>\n<meta property=\"og:description\" content=\"Ju\u017eni Sand\u017eak &#8211; Zbog velikih snije\u017enih padavina koje su zadesile Crnu Goru a posebno centralni dio gdje se nalazi na\u0161a medresa, Uprava medrese \u201cMehmed Fatih\u201d u Podgorici pozvala je upo\u0161ljene profesore, vaspita\u010de i tehni\u010dko osoblje radi uklanjanja snijega sa krova i iz kruga medrese. Prema tome, u datoj akciji je u\u010destvovalo dvadesetak ljudi. Izvor: Monteislam.com\" \/>\n<meta property=\"og:url\" content=\"https:\/\/sandzakpress.net\/arhiva\/akcija-ciscenja-snijega-u-krugu-medrese-\u201cmehmed-fatih\u201d\/\" \/>\n<meta property=\"og:site_name\" content=\"Sand\u017eak PRESS\" \/>\n<meta property=\"article:published_time\" content=\"2012-02-15T13:23:18+00:00\" \/>\n<meta property=\"og:image\" content=\"https:\/\/sandzakpress.net\/arhiva\/wp-content\/uploads\/2012\/02\/medresa17062009.jpg\" \/>\n\t<meta property=\"og:image:width\" content=\"604\" \/>\n\t<meta property=\"og:image:height\" content=\"384\" \/>\n\t<meta property=\"og:image:type\" content=\"image\/jpeg\" \/>\n<meta name=\"twitter:card\" content=\"summary_large_image\" \/>\n<meta name=\"twitter:label1\" content=\"Written by\" \/>\n\t<meta name=\"twitter:data1\" content=\"\" \/>\n<script type=\"application\/ld+json\" class=\"yoast-schema-graph\">{\"@context\":\"https:\/\/schema.org\",\"@graph\":[{\"@type\":\"Article\",\"@id\":\"https:\/\/sandzakpress.net\/arhiva\/akcija-ciscenja-snijega-u-krugu-medrese-%e2%80%9cmehmed-fatih%e2%80%9d\/#article\",\"isPartOf\":{\"@id\":\"https:\/\/sandzakpress.net\/arhiva\/akcija-ciscenja-snijega-u-krugu-medrese-%e2%80%9cmehmed-fatih%e2%80%9d\/\"},\"author\":{\"name\":\"\",\"@id\":\"\"},\"headline\":\"Akcija \u010di\u0161\u0107enja snijega u krugu medrese \u201cMehmed Fatih\u201d\",\"datePublished\":\"2012-02-15T13:23:18+00:00\",\"mainEntityOfPage\":{\"@id\":\"https:\/\/sandzakpress.net\/arhiva\/akcija-ciscenja-snijega-u-krugu-medrese-%e2%80%9cmehmed-fatih%e2%80%9d\/\"},\"wordCount\":73,\"commentCount\":0,\"publisher\":{\"@id\":\"https:\/\/sandzakpress.net\/arhiva\/#\/schema\/person\/6e72b67d6e51910a1117b3b483ba20bd\"},\"image\":{\"@id\":\"https:\/\/sandzakpress.net\/arhiva\/akcija-ciscenja-snijega-u-krugu-medrese-%e2%80%9cmehmed-fatih%e2%80%9d\/#primaryimage\"},\"thumbnailUrl\":\"https:\/\/sandzakpress.net\/arhiva\/wp-content\/uploads\/2012\/02\/medresa17062009.jpg\",\"articleSection\":[\"Ro\u017eaje\",\"Bijelo Polje\",\"Islamska zajednica\",\"Plav\"],\"inLanguage\":\"bs-BA\",\"potentialAction\":[{\"@type\":\"CommentAction\",\"name\":\"Comment\",\"target\":[\"https:\/\/sandzakpress.net\/arhiva\/akcija-ciscenja-snijega-u-krugu-medrese-%e2%80%9cmehmed-fatih%e2%80%9d\/#respond\"]}]},{\"@type\":\"WebPage\",\"@id\":\"https:\/\/sandzakpress.net\/arhiva\/akcija-ciscenja-snijega-u-krugu-medrese-%e2%80%9cmehmed-fatih%e2%80%9d\/\",\"url\":\"https:\/\/sandzakpress.net\/arhiva\/akcija-ciscenja-snijega-u-krugu-medrese-%e2%80%9cmehmed-fatih%e2%80%9d\/\",\"name\":\"Akcija \u010di\u0161\u0107enja snijega u krugu medrese \u201cMehmed Fatih\u201d\",\"isPartOf\":{\"@id\":\"https:\/\/sandzakpress.net\/arhiva\/#website\"},\"primaryImageOfPage\":{\"@id\":\"https:\/\/sandzakpress.net\/arhiva\/akcija-ciscenja-snijega-u-krugu-medrese-%e2%80%9cmehmed-fatih%e2%80%9d\/#primaryimage\"},\"image\":{\"@id\":\"https:\/\/sandzakpress.net\/arhiva\/akcija-ciscenja-snijega-u-krugu-medrese-%e2%80%9cmehmed-fatih%e2%80%9d\/#primaryimage\"},\"thumbnailUrl\":\"https:\/\/sandzakpress.net\/arhiva\/wp-content\/uploads\/2012\/02\/medresa17062009.jpg\",\"datePublished\":\"2012-02-15T13:23:18+00:00\",\"breadcrumb\":{\"@id\":\"https:\/\/sandzakpress.net\/arhiva\/akcija-ciscenja-snijega-u-krugu-medrese-%e2%80%9cmehmed-fatih%e2%80%9d\/#breadcrumb\"},\"inLanguage\":\"bs-BA\",\"potentialAction\":[{\"@type\":\"ReadAction\",\"target\":[\"https:\/\/sandzakpress.net\/arhiva\/akcija-ciscenja-snijega-u-krugu-medrese-%e2%80%9cmehmed-fatih%e2%80%9d\/\"]}]},{\"@type\":\"ImageObject\",\"inLanguage\":\"bs-BA\",\"@id\":\"https:\/\/sandzakpress.net\/arhiva\/akcija-ciscenja-snijega-u-krugu-medrese-%e2%80%9cmehmed-fatih%e2%80%9d\/#primaryimage\",\"url\":\"https:\/\/sandzakpress.net\/arhiva\/wp-content\/uploads\/2012\/02\/medresa17062009.jpg\",\"contentUrl\":\"https:\/\/sandzakpress.net\/arhiva\/wp-content\/uploads\/2012\/02\/medresa17062009.jpg\",\"width\":604,\"height\":384},{\"@type\":\"BreadcrumbList\",\"@id\":\"https:\/\/sandzakpress.net\/arhiva\/akcija-ciscenja-snijega-u-krugu-medrese-%e2%80%9cmehmed-fatih%e2%80%9d\/#breadcrumb\",\"itemListElement\":[{\"@type\":\"ListItem\",\"position\":1,\"name\":\"Home\",\"item\":\"https:\/\/sandzakpress.net\/arhiva\/\"},{\"@type\":\"ListItem\",\"position\":2,\"name\":\"Akcija \u010di\u0161\u0107enja snijega u krugu medrese \u201cMehmed Fatih\u201d\"}]},{\"@type\":\"WebSite\",\"@id\":\"https:\/\/sandzakpress.net\/arhiva\/#website\",\"url\":\"https:\/\/sandzakpress.net\/arhiva\/\",\"name\":\"Sand\u017eak PRESS\",\"description\":\"Prve elektronske novine u Sand\u017eaku\",\"publisher\":{\"@id\":\"https:\/\/sandzakpress.net\/arhiva\/#\/schema\/person\/6e72b67d6e51910a1117b3b483ba20bd\"},\"potentialAction\":[{\"@type\":\"SearchAction\",\"target\":{\"@type\":\"EntryPoint\",\"urlTemplate\":\"https:\/\/sandzakpress.net\/arhiva\/?s={search_term_string}\"},\"query-input\":{\"@type\":\"PropertyValueSpecification\",\"valueRequired\":true,\"valueName\":\"search_term_string\"}}],\"inLanguage\":\"bs-BA\"},{\"@type\":[\"Person\",\"Organization\"],\"@id\":\"https:\/\/sandzakpress.net\/arhiva\/#\/schema\/person\/6e72b67d6e51910a1117b3b483ba20bd\",\"name\":\"Kul\",\"image\":{\"@type\":\"ImageObject\",\"inLanguage\":\"bs-BA\",\"@id\":\"https:\/\/sandzakpress.net\/arhiva\/#\/schema\/person\/image\/\",\"url\":\"https:\/\/secure.gravatar.com\/avatar\/42263f39aa27ac04c43cab85c280eb2e?s=96&d=mm&r=pg\",\"contentUrl\":\"https:\/\/secure.gravatar.com\/avatar\/42263f39aa27ac04c43cab85c280eb2e?s=96&d=mm&r=pg\",\"caption\":\"Kul\"},\"logo\":{\"@id\":\"https:\/\/sandzakpress.net\/arhiva\/#\/schema\/person\/image\/\"}},{\"@type\":\"Person\",\"@id\":\"\",\"url\":\"https:\/\/sandzakpress.net\/arhiva\/author\/\"}]}<\/script>\n<!-- \/ Yoast SEO Premium plugin. -->","yoast_head_json":{"title":"Akcija \u010di\u0161\u0107enja snijega u krugu medrese \u201cMehmed Fatih\u201d","robots":{"index":"index","follow":"follow","max-snippet":"max-snippet:-1","max-image-preview":"max-image-preview:large","max-video-preview":"max-video-preview:-1"},"canonical":"https:\/\/sandzakpress.net\/arhiva\/akcija-ciscenja-snijega-u-krugu-medrese-\u201cmehmed-fatih\u201d\/","og_locale":"bs_BA","og_type":"article","og_title":"Akcija \u010di\u0161\u0107enja snijega u krugu medrese \u201cMehmed Fatih\u201d","og_description":"Ju\u017eni Sand\u017eak &#8211; Zbog velikih snije\u017enih padavina koje su zadesile Crnu Goru a posebno centralni dio gdje se nalazi na\u0161a medresa, Uprava medrese \u201cMehmed Fatih\u201d u Podgorici pozvala je upo\u0161ljene profesore, vaspita\u010de i tehni\u010dko osoblje radi uklanjanja snijega sa krova i iz kruga medrese. Prema tome, u datoj akciji je u\u010destvovalo dvadesetak ljudi. Izvor: Monteislam.com","og_url":"https:\/\/sandzakpress.net\/arhiva\/akcija-ciscenja-snijega-u-krugu-medrese-\u201cmehmed-fatih\u201d\/","og_site_name":"Sand\u017eak PRESS","article_published_time":"2012-02-15T13:23:18+00:00","og_image":[{"width":604,"height":384,"url":"https:\/\/sandzakpress.net\/arhiva\/wp-content\/uploads\/2012\/02\/medresa17062009.jpg","type":"image\/jpeg"}],"twitter_card":"summary_large_image","twitter_misc":{"Written by":""},"schema":{"@context":"https:\/\/schema.org","@graph":[{"@type":"Article","@id":"https:\/\/sandzakpress.net\/arhiva\/akcija-ciscenja-snijega-u-krugu-medrese-%e2%80%9cmehmed-fatih%e2%80%9d\/#article","isPartOf":{"@id":"https:\/\/sandzakpress.net\/arhiva\/akcija-ciscenja-snijega-u-krugu-medrese-%e2%80%9cmehmed-fatih%e2%80%9d\/"},"author":{"name":"","@id":""},"headline":"Akcija \u010di\u0161\u0107enja snijega u krugu medrese \u201cMehmed Fatih\u201d","datePublished":"2012-02-15T13:23:18+00:00","mainEntityOfPage":{"@id":"https:\/\/sandzakpress.net\/arhiva\/akcija-ciscenja-snijega-u-krugu-medrese-%e2%80%9cmehmed-fatih%e2%80%9d\/"},"wordCount":73,"commentCount":0,"publisher":{"@id":"https:\/\/sandzakpress.net\/arhiva\/#\/schema\/person\/6e72b67d6e51910a1117b3b483ba20bd"},"image":{"@id":"https:\/\/sandzakpress.net\/arhiva\/akcija-ciscenja-snijega-u-krugu-medrese-%e2%80%9cmehmed-fatih%e2%80%9d\/#primaryimage"},"thumbnailUrl":"https:\/\/sandzakpress.net\/arhiva\/wp-content\/uploads\/2012\/02\/medresa17062009.jpg","articleSection":["Ro\u017eaje","Bijelo Polje","Islamska zajednica","Plav"],"inLanguage":"bs-BA","potentialAction":[{"@type":"CommentAction","name":"Comment","target":["https:\/\/sandzakpress.net\/arhiva\/akcija-ciscenja-snijega-u-krugu-medrese-%e2%80%9cmehmed-fatih%e2%80%9d\/#respond"]}]},{"@type":"WebPage","@id":"https:\/\/sandzakpress.net\/arhiva\/akcija-ciscenja-snijega-u-krugu-medrese-%e2%80%9cmehmed-fatih%e2%80%9d\/","url":"https:\/\/sandzakpress.net\/arhiva\/akcija-ciscenja-snijega-u-krugu-medrese-%e2%80%9cmehmed-fatih%e2%80%9d\/","name":"Akcija \u010di\u0161\u0107enja snijega u krugu medrese \u201cMehmed Fatih\u201d","isPartOf":{"@id":"https:\/\/sandzakpress.net\/arhiva\/#website"},"primaryImageOfPage":{"@id":"https:\/\/sandzakpress.net\/arhiva\/akcija-ciscenja-snijega-u-krugu-medrese-%e2%80%9cmehmed-fatih%e2%80%9d\/#primaryimage"},"image":{"@id":"https:\/\/sandzakpress.net\/arhiva\/akcija-ciscenja-snijega-u-krugu-medrese-%e2%80%9cmehmed-fatih%e2%80%9d\/#primaryimage"},"thumbnailUrl":"https:\/\/sandzakpress.net\/arhiva\/wp-content\/uploads\/2012\/02\/medresa17062009.jpg","datePublished":"2012-02-15T13:23:18+00:00","breadcrumb":{"@id":"https:\/\/sandzakpress.net\/arhiva\/akcija-ciscenja-snijega-u-krugu-medrese-%e2%80%9cmehmed-fatih%e2%80%9d\/#breadcrumb"},"inLanguage":"bs-BA","potentialAction":[{"@type":"ReadAction","target":["https:\/\/sandzakpress.net\/arhiva\/akcija-ciscenja-snijega-u-krugu-medrese-%e2%80%9cmehmed-fatih%e2%80%9d\/"]}]},{"@type":"ImageObject","inLanguage":"bs-BA","@id":"https:\/\/sandzakpress.net\/arhiva\/akcija-ciscenja-snijega-u-krugu-medrese-%e2%80%9cmehmed-fatih%e2%80%9d\/#primaryimage","url":"https:\/\/sandzakpress.net\/arhiva\/wp-content\/uploads\/2012\/02\/medresa17062009.jpg","contentUrl":"https:\/\/sandzakpress.net\/arhiva\/wp-content\/uploads\/2012\/02\/medresa17062009.jpg","width":604,"height":384},{"@type":"BreadcrumbList","@id":"https:\/\/sandzakpress.net\/arhiva\/akcija-ciscenja-snijega-u-krugu-medrese-%e2%80%9cmehmed-fatih%e2%80%9d\/#breadcrumb","itemListElement":[{"@type":"ListItem","position":1,"name":"Home","item":"https:\/\/sandzakpress.net\/arhiva\/"},{"@type":"ListItem","position":2,"name":"Akcija \u010di\u0161\u0107enja snijega u krugu medrese \u201cMehmed Fatih\u201d"}]},{"@type":"WebSite","@id":"https:\/\/sandzakpress.net\/arhiva\/#website","url":"https:\/\/sandzakpress.net\/arhiva\/","name":"Sand\u017eak PRESS","description":"Prve elektronske novine u Sand\u017eaku","publisher":{"@id":"https:\/\/sandzakpress.net\/arhiva\/#\/schema\/person\/6e72b67d6e51910a1117b3b483ba20bd"},"potentialAction":[{"@type":"SearchAction","target":{"@type":"EntryPoint","urlTemplate":"https:\/\/sandzakpress.net\/arhiva\/?s={search_term_string}"},"query-input":{"@type":"PropertyValueSpecification","valueRequired":true,"valueName":"search_term_string"}}],"inLanguage":"bs-BA"},{"@type":["Person","Organization"],"@id":"https:\/\/sandzakpress.net\/arhiva\/#\/schema\/person\/6e72b67d6e51910a1117b3b483ba20bd","name":"Kul","image":{"@type":"ImageObject","inLanguage":"bs-BA","@id":"https:\/\/sandzakpress.net\/arhiva\/#\/schema\/person\/image\/","url":"https:\/\/secure.gravatar.com\/avatar\/42263f39aa27ac04c43cab85c280eb2e?s=96&d=mm&r=pg","contentUrl":"https:\/\/secure.gravatar.com\/avatar\/42263f39aa27ac04c43cab85c280eb2e?s=96&d=mm&r=pg","caption":"Kul"},"logo":{"@id":"https:\/\/sandzakpress.net\/arhiva\/#\/schema\/person\/image\/"}},{"@type":"Person","@id":"","url":"https:\/\/sandzakpress.net\/arhiva\/author\/"}]}},"_links":{"self":[{"href":"https:\/\/sandzakpress.net\/arhiva\/wp-json\/wp\/v2\/posts\/31846"}],"collection":[{"href":"https:\/\/sandzakpress.net\/arhiva\/wp-json\/wp\/v2\/posts"}],"about":[{"href":"https:\/\/sandzakpress.net\/arhiva\/wp-json\/wp\/v2\/types\/post"}],"author":[{"embeddable":true,"href":"https:\/\/sandzakpress.net\/arhiva\/wp-json\/wp\/v2\/users\/14"}],"replies":[{"embeddable":true,"href":"https:\/\/sandzakpress.net\/arhiva\/wp-json\/wp\/v2\/comments?post=31846"}],"version-history":[{"count":0,"href":"https:\/\/sandzakpress.net\/arhiva\/wp-json\/wp\/v2\/posts\/31846\/revisions"}],"wp:featuredmedia":[{"embeddable":true,"href":"https:\/\/sandzakpress.net\/arhiva\/wp-json\/wp\/v2\/media\/31847"}],"wp:attachment":[{"href":"https:\/\/sandzakpress.net\/arhiva\/wp-json\/wp\/v2\/media?parent=31846"}],"wp:term":[{"taxonomy":"category","embeddable":true,"href":"https:\/\/sandzakpress.net\/arhiva\/wp-json\/wp\/v2\/categories?post=31846"},{"taxonomy":"post_tag","embeddable":true,"href":"https:\/\/sandzakpress.net\/arhiva\/wp-json\/wp\/v2\/tags?post=31846"}],"curies":[{"name":"wp","href":"https:\/\/api.w.org\/{rel}","templated":true}]}}