{"id":31820,"date":"2012-02-15T13:56:10","date_gmt":"2012-02-15T12:56:10","guid":{"rendered":"https:\/\/sandzakpress.net\/arhiva\/?p=31820"},"modified":"2012-02-15T13:56:10","modified_gmt":"2012-02-15T12:56:10","slug":"rektor-dudic-odrzao-predavanje-za-studente-u-medini","status":"publish","type":"post","link":"https:\/\/sandzakpress.net\/arhiva\/rektor-dudic-odrzao-predavanje-za-studente-u-medini\/","title":{"rendered":"Rektor Dudi\u0107 odr\u017eao predavanje za studente u Medini"},"content":{"rendered":"<p><strong><a href=\"https:\/\/sandzakpress.net\/arhiva\/wp-content\/uploads\/2012\/02\/iunp-u-medini-2_thumbnail.jpg\"><img loading=\"lazy\" decoding=\"async\" class=\"alignleft size-full wp-image-31821\" title=\"iunp-u-medini-2_thumbnail\" src=\"https:\/\/sandzakpress.net\/arhiva\/wp-content\/uploads\/2012\/02\/iunp-u-medini-2_thumbnail.jpg\" alt=\"\" width=\"210\" height=\"140\" \/><\/a>Novi Pazar &#8211; <\/strong><strong>U organizaciji Udru\u017eenja studenata  Univerziteta u Medini, rektor Internacionalnog univerziteta u Novom  Pazaru, prof. dr. Mevlud Dudi\u0107, odr\u017eao je predavanje studentima  Bo\u0161njacima na ovom Univerzitetu.<\/strong><\/p>\n<p>Predavanje je odr\u017eano 13.02.2012.  godine, \u00a0i veliki broj studenata iz Sand\u017eaka i Bosne i Hercegovine  pratio je 40-minutno predavanje na temu\u00a8Zna\u010daj obrazovanja,  intelektualaca i institucija\u00a8. Nakon predavanja, studenti su postavljali  pitanja o obrazovanju u Novom Pazaru.<\/p>\n<p>Izvor: <strong>Uninp.Edu.rs<\/strong><\/p>\n","protected":false},"excerpt":{"rendered":"<p>Novi Pazar &#8211; U organizaciji Udru\u017eenja studenata Univerziteta u Medini, rektor Internacionalnog univerziteta u Novom Pazaru, prof. dr. Mevlud Dudi\u0107, odr\u017eao je predavanje studentima Bo\u0161njacima na ovom Univerzitetu. Predavanje je odr\u017eano 13.02.2012. godine, \u00a0i veliki broj studenata iz Sand\u017eaka i Bosne i Hercegovine pratio je 40-minutno predavanje na temu\u00a8Zna\u010daj obrazovanja, intelektualaca i institucija\u00a8. Nakon predavanja, [&hellip;]<\/p>\n","protected":false},"author":13,"featured_media":31821,"comment_status":"open","ping_status":"open","sticky":false,"template":"","format":"standard","meta":{"footnotes":""},"categories":[72,4],"tags":[],"class_list":{"0":"post-31820","1":"post","2":"type-post","3":"status-publish","4":"format-standard","5":"has-post-thumbnail","7":"category-novi-pazar","8":"category-obrazovanje"},"yoast_head":"<!-- This site is optimized with the Yoast SEO Premium plugin v23.1 (Yoast SEO v24.9) - https:\/\/yoast.com\/wordpress\/plugins\/seo\/ -->\n<title>Rektor Dudi\u0107 odr\u017eao predavanje za studente u Medini<\/title>\n<meta name=\"robots\" content=\"index, follow, max-snippet:-1, max-image-preview:large, max-video-preview:-1\" \/>\n<link rel=\"canonical\" href=\"https:\/\/sandzakpress.net\/arhiva\/rektor-dudic-odrzao-predavanje-za-studente-u-medini\/\" \/>\n<meta property=\"og:locale\" content=\"bs_BA\" \/>\n<meta property=\"og:type\" content=\"article\" \/>\n<meta property=\"og:title\" content=\"Rektor Dudi\u0107 odr\u017eao predavanje za studente u Medini\" \/>\n<meta property=\"og:description\" content=\"Novi Pazar &#8211; U organizaciji Udru\u017eenja studenata Univerziteta u Medini, rektor Internacionalnog univerziteta u Novom Pazaru, prof. dr. Mevlud Dudi\u0107, odr\u017eao je predavanje studentima Bo\u0161njacima na ovom Univerzitetu. Predavanje je odr\u017eano 13.02.2012. godine, \u00a0i veliki broj studenata iz Sand\u017eaka i Bosne i Hercegovine pratio je 40-minutno predavanje na temu\u00a8Zna\u010daj obrazovanja, intelektualaca i institucija\u00a8. Nakon predavanja, [&hellip;]\" \/>\n<meta property=\"og:url\" content=\"https:\/\/sandzakpress.net\/arhiva\/rektor-dudic-odrzao-predavanje-za-studente-u-medini\/\" \/>\n<meta property=\"og:site_name\" content=\"Sand\u017eak PRESS\" \/>\n<meta property=\"article:published_time\" content=\"2012-02-15T12:56:10+00:00\" \/>\n<meta property=\"og:image\" content=\"https:\/\/sandzakpress.net\/arhiva\/wp-content\/uploads\/2012\/02\/iunp-u-medini-2_thumbnail.jpg\" \/>\n\t<meta property=\"og:image:width\" content=\"210\" \/>\n\t<meta property=\"og:image:height\" content=\"140\" \/>\n\t<meta property=\"og:image:type\" content=\"image\/jpeg\" \/>\n<meta name=\"twitter:card\" content=\"summary_large_image\" \/>\n<meta name=\"twitter:label1\" content=\"Written by\" \/>\n\t<meta name=\"twitter:data1\" content=\"\" \/>\n<script type=\"application\/ld+json\" class=\"yoast-schema-graph\">{\"@context\":\"https:\/\/schema.org\",\"@graph\":[{\"@type\":\"Article\",\"@id\":\"https:\/\/sandzakpress.net\/arhiva\/rektor-dudic-odrzao-predavanje-za-studente-u-medini\/#article\",\"isPartOf\":{\"@id\":\"https:\/\/sandzakpress.net\/arhiva\/rektor-dudic-odrzao-predavanje-za-studente-u-medini\/\"},\"author\":{\"name\":\"\",\"@id\":\"\"},\"headline\":\"Rektor Dudi\u0107 odr\u017eao predavanje za studente u Medini\",\"datePublished\":\"2012-02-15T12:56:10+00:00\",\"mainEntityOfPage\":{\"@id\":\"https:\/\/sandzakpress.net\/arhiva\/rektor-dudic-odrzao-predavanje-za-studente-u-medini\/\"},\"wordCount\":83,\"commentCount\":0,\"publisher\":{\"@id\":\"https:\/\/sandzakpress.net\/arhiva\/#\/schema\/person\/6e72b67d6e51910a1117b3b483ba20bd\"},\"image\":{\"@id\":\"https:\/\/sandzakpress.net\/arhiva\/rektor-dudic-odrzao-predavanje-za-studente-u-medini\/#primaryimage\"},\"thumbnailUrl\":\"https:\/\/sandzakpress.net\/arhiva\/wp-content\/uploads\/2012\/02\/iunp-u-medini-2_thumbnail.jpg\",\"articleSection\":[\"Novi Pazar\",\"Obrazovanje\"],\"inLanguage\":\"bs-BA\",\"potentialAction\":[{\"@type\":\"CommentAction\",\"name\":\"Comment\",\"target\":[\"https:\/\/sandzakpress.net\/arhiva\/rektor-dudic-odrzao-predavanje-za-studente-u-medini\/#respond\"]}]},{\"@type\":\"WebPage\",\"@id\":\"https:\/\/sandzakpress.net\/arhiva\/rektor-dudic-odrzao-predavanje-za-studente-u-medini\/\",\"url\":\"https:\/\/sandzakpress.net\/arhiva\/rektor-dudic-odrzao-predavanje-za-studente-u-medini\/\",\"name\":\"Rektor Dudi\u0107 odr\u017eao predavanje za studente u Medini\",\"isPartOf\":{\"@id\":\"https:\/\/sandzakpress.net\/arhiva\/#website\"},\"primaryImageOfPage\":{\"@id\":\"https:\/\/sandzakpress.net\/arhiva\/rektor-dudic-odrzao-predavanje-za-studente-u-medini\/#primaryimage\"},\"image\":{\"@id\":\"https:\/\/sandzakpress.net\/arhiva\/rektor-dudic-odrzao-predavanje-za-studente-u-medini\/#primaryimage\"},\"thumbnailUrl\":\"https:\/\/sandzakpress.net\/arhiva\/wp-content\/uploads\/2012\/02\/iunp-u-medini-2_thumbnail.jpg\",\"datePublished\":\"2012-02-15T12:56:10+00:00\",\"breadcrumb\":{\"@id\":\"https:\/\/sandzakpress.net\/arhiva\/rektor-dudic-odrzao-predavanje-za-studente-u-medini\/#breadcrumb\"},\"inLanguage\":\"bs-BA\",\"potentialAction\":[{\"@type\":\"ReadAction\",\"target\":[\"https:\/\/sandzakpress.net\/arhiva\/rektor-dudic-odrzao-predavanje-za-studente-u-medini\/\"]}]},{\"@type\":\"ImageObject\",\"inLanguage\":\"bs-BA\",\"@id\":\"https:\/\/sandzakpress.net\/arhiva\/rektor-dudic-odrzao-predavanje-za-studente-u-medini\/#primaryimage\",\"url\":\"https:\/\/sandzakpress.net\/arhiva\/wp-content\/uploads\/2012\/02\/iunp-u-medini-2_thumbnail.jpg\",\"contentUrl\":\"https:\/\/sandzakpress.net\/arhiva\/wp-content\/uploads\/2012\/02\/iunp-u-medini-2_thumbnail.jpg\",\"width\":210,\"height\":140},{\"@type\":\"BreadcrumbList\",\"@id\":\"https:\/\/sandzakpress.net\/arhiva\/rektor-dudic-odrzao-predavanje-za-studente-u-medini\/#breadcrumb\",\"itemListElement\":[{\"@type\":\"ListItem\",\"position\":1,\"name\":\"Home\",\"item\":\"https:\/\/sandzakpress.net\/arhiva\/\"},{\"@type\":\"ListItem\",\"position\":2,\"name\":\"Rektor Dudi\u0107 odr\u017eao predavanje za studente u Medini\"}]},{\"@type\":\"WebSite\",\"@id\":\"https:\/\/sandzakpress.net\/arhiva\/#website\",\"url\":\"https:\/\/sandzakpress.net\/arhiva\/\",\"name\":\"Sand\u017eak PRESS\",\"description\":\"Prve elektronske novine u Sand\u017eaku\",\"publisher\":{\"@id\":\"https:\/\/sandzakpress.net\/arhiva\/#\/schema\/person\/6e72b67d6e51910a1117b3b483ba20bd\"},\"potentialAction\":[{\"@type\":\"SearchAction\",\"target\":{\"@type\":\"EntryPoint\",\"urlTemplate\":\"https:\/\/sandzakpress.net\/arhiva\/?s={search_term_string}\"},\"query-input\":{\"@type\":\"PropertyValueSpecification\",\"valueRequired\":true,\"valueName\":\"search_term_string\"}}],\"inLanguage\":\"bs-BA\"},{\"@type\":[\"Person\",\"Organization\"],\"@id\":\"https:\/\/sandzakpress.net\/arhiva\/#\/schema\/person\/6e72b67d6e51910a1117b3b483ba20bd\",\"name\":\"Kul\",\"image\":{\"@type\":\"ImageObject\",\"inLanguage\":\"bs-BA\",\"@id\":\"https:\/\/sandzakpress.net\/arhiva\/#\/schema\/person\/image\/\",\"url\":\"https:\/\/secure.gravatar.com\/avatar\/42263f39aa27ac04c43cab85c280eb2e?s=96&d=mm&r=pg\",\"contentUrl\":\"https:\/\/secure.gravatar.com\/avatar\/42263f39aa27ac04c43cab85c280eb2e?s=96&d=mm&r=pg\",\"caption\":\"Kul\"},\"logo\":{\"@id\":\"https:\/\/sandzakpress.net\/arhiva\/#\/schema\/person\/image\/\"}},{\"@type\":\"Person\",\"@id\":\"\",\"url\":\"https:\/\/sandzakpress.net\/arhiva\/author\/\"}]}<\/script>\n<!-- \/ Yoast SEO Premium plugin. -->","yoast_head_json":{"title":"Rektor Dudi\u0107 odr\u017eao predavanje za studente u Medini","robots":{"index":"index","follow":"follow","max-snippet":"max-snippet:-1","max-image-preview":"max-image-preview:large","max-video-preview":"max-video-preview:-1"},"canonical":"https:\/\/sandzakpress.net\/arhiva\/rektor-dudic-odrzao-predavanje-za-studente-u-medini\/","og_locale":"bs_BA","og_type":"article","og_title":"Rektor Dudi\u0107 odr\u017eao predavanje za studente u Medini","og_description":"Novi Pazar &#8211; U organizaciji Udru\u017eenja studenata Univerziteta u Medini, rektor Internacionalnog univerziteta u Novom Pazaru, prof. dr. Mevlud Dudi\u0107, odr\u017eao je predavanje studentima Bo\u0161njacima na ovom Univerzitetu. Predavanje je odr\u017eano 13.02.2012. godine, \u00a0i veliki broj studenata iz Sand\u017eaka i Bosne i Hercegovine pratio je 40-minutno predavanje na temu\u00a8Zna\u010daj obrazovanja, intelektualaca i institucija\u00a8. Nakon predavanja, [&hellip;]","og_url":"https:\/\/sandzakpress.net\/arhiva\/rektor-dudic-odrzao-predavanje-za-studente-u-medini\/","og_site_name":"Sand\u017eak PRESS","article_published_time":"2012-02-15T12:56:10+00:00","og_image":[{"width":210,"height":140,"url":"https:\/\/sandzakpress.net\/arhiva\/wp-content\/uploads\/2012\/02\/iunp-u-medini-2_thumbnail.jpg","type":"image\/jpeg"}],"twitter_card":"summary_large_image","twitter_misc":{"Written by":""},"schema":{"@context":"https:\/\/schema.org","@graph":[{"@type":"Article","@id":"https:\/\/sandzakpress.net\/arhiva\/rektor-dudic-odrzao-predavanje-za-studente-u-medini\/#article","isPartOf":{"@id":"https:\/\/sandzakpress.net\/arhiva\/rektor-dudic-odrzao-predavanje-za-studente-u-medini\/"},"author":{"name":"","@id":""},"headline":"Rektor Dudi\u0107 odr\u017eao predavanje za studente u Medini","datePublished":"2012-02-15T12:56:10+00:00","mainEntityOfPage":{"@id":"https:\/\/sandzakpress.net\/arhiva\/rektor-dudic-odrzao-predavanje-za-studente-u-medini\/"},"wordCount":83,"commentCount":0,"publisher":{"@id":"https:\/\/sandzakpress.net\/arhiva\/#\/schema\/person\/6e72b67d6e51910a1117b3b483ba20bd"},"image":{"@id":"https:\/\/sandzakpress.net\/arhiva\/rektor-dudic-odrzao-predavanje-za-studente-u-medini\/#primaryimage"},"thumbnailUrl":"https:\/\/sandzakpress.net\/arhiva\/wp-content\/uploads\/2012\/02\/iunp-u-medini-2_thumbnail.jpg","articleSection":["Novi Pazar","Obrazovanje"],"inLanguage":"bs-BA","potentialAction":[{"@type":"CommentAction","name":"Comment","target":["https:\/\/sandzakpress.net\/arhiva\/rektor-dudic-odrzao-predavanje-za-studente-u-medini\/#respond"]}]},{"@type":"WebPage","@id":"https:\/\/sandzakpress.net\/arhiva\/rektor-dudic-odrzao-predavanje-za-studente-u-medini\/","url":"https:\/\/sandzakpress.net\/arhiva\/rektor-dudic-odrzao-predavanje-za-studente-u-medini\/","name":"Rektor Dudi\u0107 odr\u017eao predavanje za studente u Medini","isPartOf":{"@id":"https:\/\/sandzakpress.net\/arhiva\/#website"},"primaryImageOfPage":{"@id":"https:\/\/sandzakpress.net\/arhiva\/rektor-dudic-odrzao-predavanje-za-studente-u-medini\/#primaryimage"},"image":{"@id":"https:\/\/sandzakpress.net\/arhiva\/rektor-dudic-odrzao-predavanje-za-studente-u-medini\/#primaryimage"},"thumbnailUrl":"https:\/\/sandzakpress.net\/arhiva\/wp-content\/uploads\/2012\/02\/iunp-u-medini-2_thumbnail.jpg","datePublished":"2012-02-15T12:56:10+00:00","breadcrumb":{"@id":"https:\/\/sandzakpress.net\/arhiva\/rektor-dudic-odrzao-predavanje-za-studente-u-medini\/#breadcrumb"},"inLanguage":"bs-BA","potentialAction":[{"@type":"ReadAction","target":["https:\/\/sandzakpress.net\/arhiva\/rektor-dudic-odrzao-predavanje-za-studente-u-medini\/"]}]},{"@type":"ImageObject","inLanguage":"bs-BA","@id":"https:\/\/sandzakpress.net\/arhiva\/rektor-dudic-odrzao-predavanje-za-studente-u-medini\/#primaryimage","url":"https:\/\/sandzakpress.net\/arhiva\/wp-content\/uploads\/2012\/02\/iunp-u-medini-2_thumbnail.jpg","contentUrl":"https:\/\/sandzakpress.net\/arhiva\/wp-content\/uploads\/2012\/02\/iunp-u-medini-2_thumbnail.jpg","width":210,"height":140},{"@type":"BreadcrumbList","@id":"https:\/\/sandzakpress.net\/arhiva\/rektor-dudic-odrzao-predavanje-za-studente-u-medini\/#breadcrumb","itemListElement":[{"@type":"ListItem","position":1,"name":"Home","item":"https:\/\/sandzakpress.net\/arhiva\/"},{"@type":"ListItem","position":2,"name":"Rektor Dudi\u0107 odr\u017eao predavanje za studente u Medini"}]},{"@type":"WebSite","@id":"https:\/\/sandzakpress.net\/arhiva\/#website","url":"https:\/\/sandzakpress.net\/arhiva\/","name":"Sand\u017eak PRESS","description":"Prve elektronske novine u Sand\u017eaku","publisher":{"@id":"https:\/\/sandzakpress.net\/arhiva\/#\/schema\/person\/6e72b67d6e51910a1117b3b483ba20bd"},"potentialAction":[{"@type":"SearchAction","target":{"@type":"EntryPoint","urlTemplate":"https:\/\/sandzakpress.net\/arhiva\/?s={search_term_string}"},"query-input":{"@type":"PropertyValueSpecification","valueRequired":true,"valueName":"search_term_string"}}],"inLanguage":"bs-BA"},{"@type":["Person","Organization"],"@id":"https:\/\/sandzakpress.net\/arhiva\/#\/schema\/person\/6e72b67d6e51910a1117b3b483ba20bd","name":"Kul","image":{"@type":"ImageObject","inLanguage":"bs-BA","@id":"https:\/\/sandzakpress.net\/arhiva\/#\/schema\/person\/image\/","url":"https:\/\/secure.gravatar.com\/avatar\/42263f39aa27ac04c43cab85c280eb2e?s=96&d=mm&r=pg","contentUrl":"https:\/\/secure.gravatar.com\/avatar\/42263f39aa27ac04c43cab85c280eb2e?s=96&d=mm&r=pg","caption":"Kul"},"logo":{"@id":"https:\/\/sandzakpress.net\/arhiva\/#\/schema\/person\/image\/"}},{"@type":"Person","@id":"","url":"https:\/\/sandzakpress.net\/arhiva\/author\/"}]}},"_links":{"self":[{"href":"https:\/\/sandzakpress.net\/arhiva\/wp-json\/wp\/v2\/posts\/31820"}],"collection":[{"href":"https:\/\/sandzakpress.net\/arhiva\/wp-json\/wp\/v2\/posts"}],"about":[{"href":"https:\/\/sandzakpress.net\/arhiva\/wp-json\/wp\/v2\/types\/post"}],"author":[{"embeddable":true,"href":"https:\/\/sandzakpress.net\/arhiva\/wp-json\/wp\/v2\/users\/13"}],"replies":[{"embeddable":true,"href":"https:\/\/sandzakpress.net\/arhiva\/wp-json\/wp\/v2\/comments?post=31820"}],"version-history":[{"count":0,"href":"https:\/\/sandzakpress.net\/arhiva\/wp-json\/wp\/v2\/posts\/31820\/revisions"}],"wp:featuredmedia":[{"embeddable":true,"href":"https:\/\/sandzakpress.net\/arhiva\/wp-json\/wp\/v2\/media\/31821"}],"wp:attachment":[{"href":"https:\/\/sandzakpress.net\/arhiva\/wp-json\/wp\/v2\/media?parent=31820"}],"wp:term":[{"taxonomy":"category","embeddable":true,"href":"https:\/\/sandzakpress.net\/arhiva\/wp-json\/wp\/v2\/categories?post=31820"},{"taxonomy":"post_tag","embeddable":true,"href":"https:\/\/sandzakpress.net\/arhiva\/wp-json\/wp\/v2\/tags?post=31820"}],"curies":[{"name":"wp","href":"https:\/\/api.w.org\/{rel}","templated":true}]}}