{"id":31705,"date":"2012-02-14T00:25:06","date_gmt":"2012-02-13T23:25:06","guid":{"rendered":"https:\/\/sandzakpress.net\/arhiva\/?p=31705"},"modified":"2012-02-14T00:25:52","modified_gmt":"2012-02-13T23:25:52","slug":"crna-gora-spaseni-putnici-iz-voza","status":"publish","type":"post","link":"https:\/\/sandzakpress.net\/arhiva\/crna-gora-spaseni-putnici-iz-voza\/","title":{"rendered":"Crna Gora: Spa\u0161eni putnici iz voza"},"content":{"rendered":"<p><strong><a href=\"https:\/\/sandzakpress.net\/arhiva\/wp-content\/uploads\/2012\/02\/images52.jpg\"><img loading=\"lazy\" decoding=\"async\" class=\"alignleft size-full wp-image-31706\" title=\"images\" src=\"https:\/\/sandzakpress.net\/arhiva\/wp-content\/uploads\/2012\/02\/images52.jpg\" alt=\"\" width=\"251\" height=\"201\" \/><\/a>Bijelo Polje &#8211; Helikopteri MUP-a i Vojske Crne Gore evakuirali su u ponedjeljak sve  putnike iz voza koji je blokiran kod Kola\u0161ina, slijedi izvla\u010denje  radnika \u017eeljeznice i pripadnika specijalne policijske jedinice.<\/strong><\/p>\n<p>Ministar  unutra\u0161njih poslova Ivan Brajovi\u0107 rekao je da su evakuirani svi  putnici, a preostalo je da helikopteri iz zavijanog voza transportiraju i  \u017eeljezni\u010dko osoblje i pripadnike policije.<\/p>\n<p>Putnici su evakuirani  helikopterima u nekoliko grupa, po\u0161to su prethodno svi drugi na\u010dina  deblokade voza bili bezuspje\u0161ni, zbog velikih snje\u017enih nameta.<\/p>\n<p>Osim  putnika i osoblja voza, koji je zavijan od petka ve\u010der, bit \u0107e  evakuirano i oko 25 pripadnika specijalne policijske jedinice, koji su  ju\u010der dopremili putnicima hranu i pi\u0107e.<\/p>\n<p>Opcija evakuacije  helikopterom do\u0161la je u prvi plan po\u0161to su prethodno svi drugi na\u010dini  deblokade voza bili bezuspje\u0161ni, zbog velikih snje\u017enih nanosa.<\/p>\n<p>Voz je u nedjelju nakratko bio deblokiran i krenuo ka Podgorici, ali mu je nova lavina ponovo zatvorila put.<\/p>\n<p>Sve  ponovne spasila\u010dke akcije da bi se voz odblokirao nisu dale rezultate,  zbog velikih snje\u017enih lavina na dijelu pruge na relaciji  Trebje\u0161nica-Lutovo.<\/p>\n<p>\u017deljeznica Crne Gore ulagala je maksimalne  napore kako bi se \u0161to prije odblokirao voz, ali se zaglavio i  snego\u010dista\u010d koji je krenuo da oslobodi putnike voza.<\/p>\n<p>U me\u0111uvremenu, jedan od putnika tog voza je preminuo, najvjerovatnije od posljedica sr\u010danog udara.<\/p>\n<p>Dio pruge gdje je blokiran putni\u010dki voz nalazi se na izrazito nepristupa\u010dnom terenu.<\/p>\n<p><strong>Vanredno stanje<\/strong><\/p>\n<p>U Crnoj Gori u subotu je progla\u0161eno vanredno stanje, zbog ekstremnih snje\u017enih padavina.<\/p>\n<p>Vanredno  stanje je progla\u0161eno zbog nezapam\u0107enog snijega, koji je gotovo u  potpunosti blokirao Crnu Goru i izazvao ogromne probleme.<\/p>\n<p>Snijeg  je u ponedjeljak prestao da pada u ve\u0107em dijelu Crne Gore, gdje je  snje\u017eno nevrijeme do sada odnijelo tri ljudska \u017eivota.<\/p>\n<p>Obilni  snijeg koji je prethodna dva dana padao u Crnoj Gori bukvalno je  paralisao tu dr\u017eavu, prekinuo drumski i \u017eeljezni\u010dki saobra\u0107aj, te  odvojio sjever od juga dr\u017eave.<\/p>\n<p>Visina snje\u017enog pokriva\u010da oborila  je sve rekorde od kada je uvedeno zvani\u010dno mjerenje, pa je tako na  \u017dabljaku zabilje\u017eeno preko dva metra snijega, dok je u Podgorici visina  snje\u017enog pokriva\u010da iznosila oko 60 centimetara, iako je glavni grad Crne  Gore poznat po tome da u njemu godinama snijeg uop\u0161te ne pada.<\/p>\n<p>Crnogorski  premijer Igor Luk\u0161i\u0107 je kazao da je Podgorica zatra\u017eila pomo\u0107 od NATO-a  za otklanjanje posljedice velikog snje\u017enog nevremena koje je pogodilo  Crnu Goru.<\/p>\n<p>Skup\u0161tina Crne Gore \u0107e, dok traju nepovoljne vremenske  prilike, raditi smanjenim kapacitetom. Neizvjesno je odr\u017eavanje  plenarne sjednice u utorak.<\/p>\n<p>Koordinacioni tim za upravljanje u  vanrednim situacijama, kojim predsjedava Luk\u0161i\u0107, odlu\u010dio je da se  obustavi nastava u \u0161kolama u centralnom i sjevernom dijelu Crne Gore,  zbog vremenskih neprilika.<\/p>\n<p>Nastava \u0107e se tako redovno odvijati samo u op\u0161tinama na crnogorskom primorju.<\/p>\n<p>Posebno dramati\u010dno stanje je u drumskom saobra\u0107aju, po\u0161to su u prekidu gotovo svi putni pravci u Crnoj Gori.<\/p>\n<p>Auto-moto  savez Crne Gore apelovao je na sve u\u010desnike u saobra\u0107aju da bez prijeke  potrebe ne kre\u0107u na put, posebno u ranim jutarnjim i ve\u010dernjim satima  kada zbog ekstremno niskih temperatura na putevima ima poledice.<\/p>\n<p>Svi  ve\u0107i objekti u Crnoj Gori &#8211; tr\u017eni centri i sportske dvorane, u kojima  se okupljaju ljudi, zatvoreni su, a tako \u0107e biti sve dok se od snijega  ne o\u010di\u0161te njihovi te\u0161ko optere\u0107eni krovovi.<\/p>\n<p><strong>Radna obaveza<\/strong><\/p>\n<p>Ministar  rada i socijalnog staranja Suad Numanovi\u0107 kazao je da su dr\u017eavni  slu\u017ebenici tokom vanrednog stanja obavezni da dolaze na posao. Upitan  kako \u0107e zaposleni do\u0107i na radna mjesta s obzirom da su, zbog velikog  snijega, blokirane gotovo sve saobra\u0107ajnice, on je rekao da na posao  do\u0111u pje\u0161ke, kao \u0161to i on radi.<\/p>\n<p>U Podgorici i na Cetinju donijeta  je odluka o radnoj obavezi za sve zaposlene u gradskim javnim slu\u017ebama i  preduze\u0107ima, koji su obavezni da u\u010destvuju u \u010di\u0161\u0107enju snijega. U tim  gradovima na snazi je i zabrana saobra\u0107aja za privatna motorna vozila,  kako bi se intenzivirali radovi na \u010di\u0161\u0107enju saobra\u0107ajnica.<\/p>\n<p>Iz  Meteorolo\u0161kog zavoda najavili su da od ponedjeljka slijedi postepena  stabilizacija vremenskih prilika, ali \u0107e krajem sedmice ponovo do\u0107i do  pogor\u0161anja vremena.<\/p>\n<p>Crnogorski ministar poljoprivrede i ruralnog  razvoja Tarzan Milo\u0161evi\u0107 kazao je da nesta\u0161ice hrane u narednih 20 dana  ne\u0107e biti i da zaliha osnovnih \u017eivotnih namirnica ima dovoljno.<\/p>\n<p>Izvor: <strong>Aljazeera.net<\/strong><\/p>\n","protected":false},"excerpt":{"rendered":"<p>Bijelo Polje &#8211; Helikopteri MUP-a i Vojske Crne Gore evakuirali su u ponedjeljak sve putnike iz voza koji je blokiran kod Kola\u0161ina, slijedi izvla\u010denje radnika \u017eeljeznice i pripadnika specijalne policijske jedinice. Ministar unutra\u0161njih poslova Ivan Brajovi\u0107 rekao je da su evakuirani svi putnici, a preostalo je da helikopteri iz zavijanog voza transportiraju i \u017eeljezni\u010dko osoblje [&hellip;]<\/p>\n","protected":false},"author":13,"featured_media":31706,"comment_status":"open","ping_status":"open","sticky":false,"template":"","format":"standard","meta":{"footnotes":""},"categories":[396,801],"tags":[],"class_list":{"0":"post-31705","1":"post","2":"type-post","3":"status-publish","4":"format-standard","5":"has-post-thumbnail","7":"category-bijelo_polje","8":"category-crna_hronika"},"yoast_head":"<!-- This site is optimized with the Yoast SEO Premium plugin v23.1 (Yoast SEO v24.9) - https:\/\/yoast.com\/wordpress\/plugins\/seo\/ -->\n<title>Crna Gora: Spa\u0161eni putnici iz voza<\/title>\n<meta name=\"robots\" content=\"index, follow, max-snippet:-1, max-image-preview:large, max-video-preview:-1\" \/>\n<link rel=\"canonical\" href=\"https:\/\/sandzakpress.net\/arhiva\/crna-gora-spaseni-putnici-iz-voza\/\" \/>\n<meta property=\"og:locale\" content=\"bs_BA\" \/>\n<meta property=\"og:type\" content=\"article\" \/>\n<meta property=\"og:title\" content=\"Crna Gora: Spa\u0161eni putnici iz voza\" \/>\n<meta property=\"og:description\" content=\"Bijelo Polje &#8211; Helikopteri MUP-a i Vojske Crne Gore evakuirali su u ponedjeljak sve putnike iz voza koji je blokiran kod Kola\u0161ina, slijedi izvla\u010denje radnika \u017eeljeznice i pripadnika specijalne policijske jedinice. Ministar unutra\u0161njih poslova Ivan Brajovi\u0107 rekao je da su evakuirani svi putnici, a preostalo je da helikopteri iz zavijanog voza transportiraju i \u017eeljezni\u010dko osoblje [&hellip;]\" \/>\n<meta property=\"og:url\" content=\"https:\/\/sandzakpress.net\/arhiva\/crna-gora-spaseni-putnici-iz-voza\/\" \/>\n<meta property=\"og:site_name\" content=\"Sand\u017eak PRESS\" \/>\n<meta property=\"article:published_time\" content=\"2012-02-13T23:25:06+00:00\" \/>\n<meta property=\"article:modified_time\" content=\"2012-02-13T23:25:52+00:00\" \/>\n<meta property=\"og:image\" content=\"https:\/\/sandzakpress.net\/arhiva\/wp-content\/uploads\/2012\/02\/images52.jpg\" \/>\n\t<meta property=\"og:image:width\" content=\"251\" \/>\n\t<meta property=\"og:image:height\" content=\"201\" \/>\n\t<meta property=\"og:image:type\" content=\"image\/jpeg\" \/>\n<meta name=\"twitter:card\" content=\"summary_large_image\" \/>\n<meta name=\"twitter:label1\" content=\"Written by\" \/>\n\t<meta name=\"twitter:data1\" content=\"\" \/>\n\t<meta name=\"twitter:label2\" content=\"Est. reading time\" \/>\n\t<meta name=\"twitter:data2\" content=\"4 minute\" \/>\n<script type=\"application\/ld+json\" class=\"yoast-schema-graph\">{\"@context\":\"https:\/\/schema.org\",\"@graph\":[{\"@type\":\"Article\",\"@id\":\"https:\/\/sandzakpress.net\/arhiva\/crna-gora-spaseni-putnici-iz-voza\/#article\",\"isPartOf\":{\"@id\":\"https:\/\/sandzakpress.net\/arhiva\/crna-gora-spaseni-putnici-iz-voza\/\"},\"author\":{\"name\":\"\",\"@id\":\"\"},\"headline\":\"Crna Gora: Spa\u0161eni putnici iz voza\",\"datePublished\":\"2012-02-13T23:25:06+00:00\",\"dateModified\":\"2012-02-13T23:25:52+00:00\",\"mainEntityOfPage\":{\"@id\":\"https:\/\/sandzakpress.net\/arhiva\/crna-gora-spaseni-putnici-iz-voza\/\"},\"wordCount\":769,\"commentCount\":0,\"publisher\":{\"@id\":\"https:\/\/sandzakpress.net\/arhiva\/#\/schema\/person\/6e72b67d6e51910a1117b3b483ba20bd\"},\"image\":{\"@id\":\"https:\/\/sandzakpress.net\/arhiva\/crna-gora-spaseni-putnici-iz-voza\/#primaryimage\"},\"thumbnailUrl\":\"https:\/\/sandzakpress.net\/arhiva\/wp-content\/uploads\/2012\/02\/images52.jpg\",\"articleSection\":[\"Bijelo Polje\",\"Hronika\"],\"inLanguage\":\"bs-BA\",\"potentialAction\":[{\"@type\":\"CommentAction\",\"name\":\"Comment\",\"target\":[\"https:\/\/sandzakpress.net\/arhiva\/crna-gora-spaseni-putnici-iz-voza\/#respond\"]}]},{\"@type\":\"WebPage\",\"@id\":\"https:\/\/sandzakpress.net\/arhiva\/crna-gora-spaseni-putnici-iz-voza\/\",\"url\":\"https:\/\/sandzakpress.net\/arhiva\/crna-gora-spaseni-putnici-iz-voza\/\",\"name\":\"Crna Gora: Spa\u0161eni putnici iz voza\",\"isPartOf\":{\"@id\":\"https:\/\/sandzakpress.net\/arhiva\/#website\"},\"primaryImageOfPage\":{\"@id\":\"https:\/\/sandzakpress.net\/arhiva\/crna-gora-spaseni-putnici-iz-voza\/#primaryimage\"},\"image\":{\"@id\":\"https:\/\/sandzakpress.net\/arhiva\/crna-gora-spaseni-putnici-iz-voza\/#primaryimage\"},\"thumbnailUrl\":\"https:\/\/sandzakpress.net\/arhiva\/wp-content\/uploads\/2012\/02\/images52.jpg\",\"datePublished\":\"2012-02-13T23:25:06+00:00\",\"dateModified\":\"2012-02-13T23:25:52+00:00\",\"breadcrumb\":{\"@id\":\"https:\/\/sandzakpress.net\/arhiva\/crna-gora-spaseni-putnici-iz-voza\/#breadcrumb\"},\"inLanguage\":\"bs-BA\",\"potentialAction\":[{\"@type\":\"ReadAction\",\"target\":[\"https:\/\/sandzakpress.net\/arhiva\/crna-gora-spaseni-putnici-iz-voza\/\"]}]},{\"@type\":\"ImageObject\",\"inLanguage\":\"bs-BA\",\"@id\":\"https:\/\/sandzakpress.net\/arhiva\/crna-gora-spaseni-putnici-iz-voza\/#primaryimage\",\"url\":\"https:\/\/sandzakpress.net\/arhiva\/wp-content\/uploads\/2012\/02\/images52.jpg\",\"contentUrl\":\"https:\/\/sandzakpress.net\/arhiva\/wp-content\/uploads\/2012\/02\/images52.jpg\",\"width\":251,\"height\":201},{\"@type\":\"BreadcrumbList\",\"@id\":\"https:\/\/sandzakpress.net\/arhiva\/crna-gora-spaseni-putnici-iz-voza\/#breadcrumb\",\"itemListElement\":[{\"@type\":\"ListItem\",\"position\":1,\"name\":\"Home\",\"item\":\"https:\/\/sandzakpress.net\/arhiva\/\"},{\"@type\":\"ListItem\",\"position\":2,\"name\":\"Crna Gora: Spa\u0161eni putnici iz voza\"}]},{\"@type\":\"WebSite\",\"@id\":\"https:\/\/sandzakpress.net\/arhiva\/#website\",\"url\":\"https:\/\/sandzakpress.net\/arhiva\/\",\"name\":\"Sand\u017eak PRESS\",\"description\":\"Prve elektronske novine u Sand\u017eaku\",\"publisher\":{\"@id\":\"https:\/\/sandzakpress.net\/arhiva\/#\/schema\/person\/6e72b67d6e51910a1117b3b483ba20bd\"},\"potentialAction\":[{\"@type\":\"SearchAction\",\"target\":{\"@type\":\"EntryPoint\",\"urlTemplate\":\"https:\/\/sandzakpress.net\/arhiva\/?s={search_term_string}\"},\"query-input\":{\"@type\":\"PropertyValueSpecification\",\"valueRequired\":true,\"valueName\":\"search_term_string\"}}],\"inLanguage\":\"bs-BA\"},{\"@type\":[\"Person\",\"Organization\"],\"@id\":\"https:\/\/sandzakpress.net\/arhiva\/#\/schema\/person\/6e72b67d6e51910a1117b3b483ba20bd\",\"name\":\"Kul\",\"image\":{\"@type\":\"ImageObject\",\"inLanguage\":\"bs-BA\",\"@id\":\"https:\/\/sandzakpress.net\/arhiva\/#\/schema\/person\/image\/\",\"url\":\"https:\/\/secure.gravatar.com\/avatar\/42263f39aa27ac04c43cab85c280eb2e?s=96&d=mm&r=pg\",\"contentUrl\":\"https:\/\/secure.gravatar.com\/avatar\/42263f39aa27ac04c43cab85c280eb2e?s=96&d=mm&r=pg\",\"caption\":\"Kul\"},\"logo\":{\"@id\":\"https:\/\/sandzakpress.net\/arhiva\/#\/schema\/person\/image\/\"}},{\"@type\":\"Person\",\"@id\":\"\",\"url\":\"https:\/\/sandzakpress.net\/arhiva\/author\/\"}]}<\/script>\n<!-- \/ Yoast SEO Premium plugin. -->","yoast_head_json":{"title":"Crna Gora: Spa\u0161eni putnici iz voza","robots":{"index":"index","follow":"follow","max-snippet":"max-snippet:-1","max-image-preview":"max-image-preview:large","max-video-preview":"max-video-preview:-1"},"canonical":"https:\/\/sandzakpress.net\/arhiva\/crna-gora-spaseni-putnici-iz-voza\/","og_locale":"bs_BA","og_type":"article","og_title":"Crna Gora: Spa\u0161eni putnici iz voza","og_description":"Bijelo Polje &#8211; Helikopteri MUP-a i Vojske Crne Gore evakuirali su u ponedjeljak sve putnike iz voza koji je blokiran kod Kola\u0161ina, slijedi izvla\u010denje radnika \u017eeljeznice i pripadnika specijalne policijske jedinice. Ministar unutra\u0161njih poslova Ivan Brajovi\u0107 rekao je da su evakuirani svi putnici, a preostalo je da helikopteri iz zavijanog voza transportiraju i \u017eeljezni\u010dko osoblje [&hellip;]","og_url":"https:\/\/sandzakpress.net\/arhiva\/crna-gora-spaseni-putnici-iz-voza\/","og_site_name":"Sand\u017eak PRESS","article_published_time":"2012-02-13T23:25:06+00:00","article_modified_time":"2012-02-13T23:25:52+00:00","og_image":[{"width":251,"height":201,"url":"https:\/\/sandzakpress.net\/arhiva\/wp-content\/uploads\/2012\/02\/images52.jpg","type":"image\/jpeg"}],"twitter_card":"summary_large_image","twitter_misc":{"Written by":"","Est. reading time":"4 minute"},"schema":{"@context":"https:\/\/schema.org","@graph":[{"@type":"Article","@id":"https:\/\/sandzakpress.net\/arhiva\/crna-gora-spaseni-putnici-iz-voza\/#article","isPartOf":{"@id":"https:\/\/sandzakpress.net\/arhiva\/crna-gora-spaseni-putnici-iz-voza\/"},"author":{"name":"","@id":""},"headline":"Crna Gora: Spa\u0161eni putnici iz voza","datePublished":"2012-02-13T23:25:06+00:00","dateModified":"2012-02-13T23:25:52+00:00","mainEntityOfPage":{"@id":"https:\/\/sandzakpress.net\/arhiva\/crna-gora-spaseni-putnici-iz-voza\/"},"wordCount":769,"commentCount":0,"publisher":{"@id":"https:\/\/sandzakpress.net\/arhiva\/#\/schema\/person\/6e72b67d6e51910a1117b3b483ba20bd"},"image":{"@id":"https:\/\/sandzakpress.net\/arhiva\/crna-gora-spaseni-putnici-iz-voza\/#primaryimage"},"thumbnailUrl":"https:\/\/sandzakpress.net\/arhiva\/wp-content\/uploads\/2012\/02\/images52.jpg","articleSection":["Bijelo Polje","Hronika"],"inLanguage":"bs-BA","potentialAction":[{"@type":"CommentAction","name":"Comment","target":["https:\/\/sandzakpress.net\/arhiva\/crna-gora-spaseni-putnici-iz-voza\/#respond"]}]},{"@type":"WebPage","@id":"https:\/\/sandzakpress.net\/arhiva\/crna-gora-spaseni-putnici-iz-voza\/","url":"https:\/\/sandzakpress.net\/arhiva\/crna-gora-spaseni-putnici-iz-voza\/","name":"Crna Gora: Spa\u0161eni putnici iz voza","isPartOf":{"@id":"https:\/\/sandzakpress.net\/arhiva\/#website"},"primaryImageOfPage":{"@id":"https:\/\/sandzakpress.net\/arhiva\/crna-gora-spaseni-putnici-iz-voza\/#primaryimage"},"image":{"@id":"https:\/\/sandzakpress.net\/arhiva\/crna-gora-spaseni-putnici-iz-voza\/#primaryimage"},"thumbnailUrl":"https:\/\/sandzakpress.net\/arhiva\/wp-content\/uploads\/2012\/02\/images52.jpg","datePublished":"2012-02-13T23:25:06+00:00","dateModified":"2012-02-13T23:25:52+00:00","breadcrumb":{"@id":"https:\/\/sandzakpress.net\/arhiva\/crna-gora-spaseni-putnici-iz-voza\/#breadcrumb"},"inLanguage":"bs-BA","potentialAction":[{"@type":"ReadAction","target":["https:\/\/sandzakpress.net\/arhiva\/crna-gora-spaseni-putnici-iz-voza\/"]}]},{"@type":"ImageObject","inLanguage":"bs-BA","@id":"https:\/\/sandzakpress.net\/arhiva\/crna-gora-spaseni-putnici-iz-voza\/#primaryimage","url":"https:\/\/sandzakpress.net\/arhiva\/wp-content\/uploads\/2012\/02\/images52.jpg","contentUrl":"https:\/\/sandzakpress.net\/arhiva\/wp-content\/uploads\/2012\/02\/images52.jpg","width":251,"height":201},{"@type":"BreadcrumbList","@id":"https:\/\/sandzakpress.net\/arhiva\/crna-gora-spaseni-putnici-iz-voza\/#breadcrumb","itemListElement":[{"@type":"ListItem","position":1,"name":"Home","item":"https:\/\/sandzakpress.net\/arhiva\/"},{"@type":"ListItem","position":2,"name":"Crna Gora: Spa\u0161eni putnici iz voza"}]},{"@type":"WebSite","@id":"https:\/\/sandzakpress.net\/arhiva\/#website","url":"https:\/\/sandzakpress.net\/arhiva\/","name":"Sand\u017eak PRESS","description":"Prve elektronske novine u Sand\u017eaku","publisher":{"@id":"https:\/\/sandzakpress.net\/arhiva\/#\/schema\/person\/6e72b67d6e51910a1117b3b483ba20bd"},"potentialAction":[{"@type":"SearchAction","target":{"@type":"EntryPoint","urlTemplate":"https:\/\/sandzakpress.net\/arhiva\/?s={search_term_string}"},"query-input":{"@type":"PropertyValueSpecification","valueRequired":true,"valueName":"search_term_string"}}],"inLanguage":"bs-BA"},{"@type":["Person","Organization"],"@id":"https:\/\/sandzakpress.net\/arhiva\/#\/schema\/person\/6e72b67d6e51910a1117b3b483ba20bd","name":"Kul","image":{"@type":"ImageObject","inLanguage":"bs-BA","@id":"https:\/\/sandzakpress.net\/arhiva\/#\/schema\/person\/image\/","url":"https:\/\/secure.gravatar.com\/avatar\/42263f39aa27ac04c43cab85c280eb2e?s=96&d=mm&r=pg","contentUrl":"https:\/\/secure.gravatar.com\/avatar\/42263f39aa27ac04c43cab85c280eb2e?s=96&d=mm&r=pg","caption":"Kul"},"logo":{"@id":"https:\/\/sandzakpress.net\/arhiva\/#\/schema\/person\/image\/"}},{"@type":"Person","@id":"","url":"https:\/\/sandzakpress.net\/arhiva\/author\/"}]}},"_links":{"self":[{"href":"https:\/\/sandzakpress.net\/arhiva\/wp-json\/wp\/v2\/posts\/31705"}],"collection":[{"href":"https:\/\/sandzakpress.net\/arhiva\/wp-json\/wp\/v2\/posts"}],"about":[{"href":"https:\/\/sandzakpress.net\/arhiva\/wp-json\/wp\/v2\/types\/post"}],"author":[{"embeddable":true,"href":"https:\/\/sandzakpress.net\/arhiva\/wp-json\/wp\/v2\/users\/13"}],"replies":[{"embeddable":true,"href":"https:\/\/sandzakpress.net\/arhiva\/wp-json\/wp\/v2\/comments?post=31705"}],"version-history":[{"count":0,"href":"https:\/\/sandzakpress.net\/arhiva\/wp-json\/wp\/v2\/posts\/31705\/revisions"}],"wp:featuredmedia":[{"embeddable":true,"href":"https:\/\/sandzakpress.net\/arhiva\/wp-json\/wp\/v2\/media\/31706"}],"wp:attachment":[{"href":"https:\/\/sandzakpress.net\/arhiva\/wp-json\/wp\/v2\/media?parent=31705"}],"wp:term":[{"taxonomy":"category","embeddable":true,"href":"https:\/\/sandzakpress.net\/arhiva\/wp-json\/wp\/v2\/categories?post=31705"},{"taxonomy":"post_tag","embeddable":true,"href":"https:\/\/sandzakpress.net\/arhiva\/wp-json\/wp\/v2\/tags?post=31705"}],"curies":[{"name":"wp","href":"https:\/\/api.w.org\/{rel}","templated":true}]}}