{"id":31611,"date":"2012-02-13T14:20:43","date_gmt":"2012-02-13T13:20:43","guid":{"rendered":"https:\/\/sandzakpress.net\/arhiva\/?p=31611"},"modified":"2012-02-14T13:22:12","modified_gmt":"2012-02-14T12:22:12","slug":"1ljajic-na-svecanoisti-srbija-kroz-vekove","status":"publish","type":"post","link":"https:\/\/sandzakpress.net\/arhiva\/1ljajic-na-svecanoisti-srbija-kroz-vekove\/","title":{"rendered":"Ljaji\u0107 na sve\u010danosti povodom Prvog srpskog ustanka"},"content":{"rendered":"<p><a href=\"https:\/\/sandzakpress.net\/arhiva\/wp-content\/uploads\/2012\/02\/144368.jpg\"><img loading=\"lazy\" decoding=\"async\" class=\"aligncenter size-full wp-image-31683\" title=\"144368\" src=\"https:\/\/sandzakpress.net\/arhiva\/wp-content\/uploads\/2012\/02\/144368.jpg\" alt=\"\" width=\"616\" height=\"410\" \/><\/a><\/p>\n<p><strong>Sjeverni Sand\u017eak &#8211; Otvaranjem izlo\u017ebe &#8220;Srbija kroz vekove&#8221; u Kragujevcu je danas po\u010delo obilje\u017eavanje Dana dr\u017eavnosti Srbije.<\/strong><\/p>\n<p>Dan dr\u017eavnosti obilje\u017eava se na Sretenje, 15. februara u znak sje\u0107anja na 1804. godinu kada je u Ora\u0161cu, pod vo\u0111stvom \u0110or\u0111a Petrovi\u0107a Kara\u0111or\u0111a, po\u010deo Prvi srpski ustanak. Istog dana 1835. godine, na Velikoj narodnoj skup\u0161tini u Kragujevcu, progla\u0161en je prvi Ustav Srbije &#8211; Sretenjski ustav.<\/p>\n<p>Na sve\u010danosti u Narodnom muzeju u Kragujevcu, ministar rada i socijalne politike Srbije Rasim Ljaji\u0107 je rekao da Srbija ima priliku da na Dan dr\u017eavnosti, 15. februar, jasno postavi prioritete u svojoj politici i da istakne da se bori za o\u010duvanje svog integriteta i suvereniteta.<\/p>\n<p>&#8220;Pla\u0161im se da u pro\u0161losti nismo uvek bili u prilici da to odredimo na adekvatan na\u010din. U ovom trenutku u uslovima velike krize u kojoj se ceo svet nalazi va\u017eno je da se borimo za ekonomske i socijalne teme kao dominantne, koje zna\u010de pobolj\u0161anje kvaliteta \u017eivota ljudi&#8221;, rekao je Ljaji\u0107.<\/p>\n<p>Ljaji\u0107 je istakao da nema odbrane nacionalnih i dr\u017eavnih interesa ako imate najmanje plate u regionu i nizak \u017eivotni standard, kao i ako je ve\u0107ina gra\u0111ana nezadovoljna.<\/p>\n<h3><a href=\"http:\/\/glassrbije.org\/index.php?option=com_content&amp;task=view&amp;id=105518&amp;Itemid=26\">Pogledajte kratak video izvje\u0161taj<\/a><\/h3>\n<h3>LJAJI\u0106: MORAMO DA \u010cUVAMO NA\u0160U TRADICIJU<\/h3>\n<p><strong>Ministar rada i socijalne politike<\/strong> <strong>Rasim Ljaji\u0107<\/strong> otvorio je ju\u010der u\u00a0<strong>Narodnom muzeju<\/strong> u Kragujevcu izlo\u017ebu \u201eSrbija kroz vekove\u201c, kojom je po\u010deo program obilje\u017eavanja\u00a0<strong>Sretenja <\/strong>&#8211; Dana dr\u017eavnosti Srbije.<\/p>\n<p>&#8211; Od danas se svima nama pru\u017ea prilika da se vratimo u pro\u0161lost na\u0161e domovine i kroz upoznavanje s veoma vrednim eksponatima iz razli\u010ditih epoha sagledamo istoriju Srbije na neobi\u010dan na\u010din &#8211; rekao je Ljaji\u0107.<\/p>\n<p>Ljaji\u0107 je kazao da je<strong> Vlada Srbije<\/strong> posve\u0107ena punom o\u010duvanju najboljih tradicija svog naroda i dr\u017eave u oblasti kulture, prosvete, umetnosti i nauke.<\/p>\n<p>Podsje\u0107amo da je na sretenje u toku Prvog srpskog ustanka po\u010delo etni\u010dko \u010di\u0161\u0107enje musliamana od strane srpskih ustanika.<\/p>\n<p>Izvor: <strong>Tanjug<\/strong><\/p>\n","protected":false},"excerpt":{"rendered":"<p>Sjeverni Sand\u017eak &#8211; Otvaranjem izlo\u017ebe &#8220;Srbija kroz vekove&#8221; u Kragujevcu je danas po\u010delo obilje\u017eavanje Dana dr\u017eavnosti Srbije. Dan dr\u017eavnosti obilje\u017eava se na Sretenje, 15. februara u znak sje\u0107anja na 1804. godinu kada je u Ora\u0161cu, pod vo\u0111stvom \u0110or\u0111a Petrovi\u0107a Kara\u0111or\u0111a, po\u010deo Prvi srpski ustanak. Istog dana 1835. godine, na Velikoj narodnoj skup\u0161tini u Kragujevcu, progla\u0161en [&hellip;]<\/p>\n","protected":false},"author":14,"featured_media":31683,"comment_status":"open","ping_status":"open","sticky":false,"template":"","format":"standard","meta":{"footnotes":""},"categories":[72,800,52,327,392,393,394],"tags":[],"class_list":{"0":"post-31611","1":"post","2":"type-post","3":"status-publish","4":"format-standard","5":"has-post-thumbnail","7":"category-novi-pazar","8":"category-nacija","9":"category-sjenica","10":"category-tutin","11":"category-prijepolje_","12":"category-priboj","13":"category-nova-varos"},"yoast_head":"<!-- This site is optimized with the Yoast SEO Premium plugin v23.1 (Yoast SEO v24.9) - https:\/\/yoast.com\/wordpress\/plugins\/seo\/ -->\n<title>Ljaji\u0107 na sve\u010danosti povodom Prvog srpskog ustanka<\/title>\n<meta name=\"robots\" content=\"index, follow, max-snippet:-1, max-image-preview:large, max-video-preview:-1\" \/>\n<link rel=\"canonical\" href=\"https:\/\/sandzakpress.net\/arhiva\/1ljajic-na-svecanoisti-srbija-kroz-vekove\/\" \/>\n<meta property=\"og:locale\" content=\"bs_BA\" \/>\n<meta property=\"og:type\" content=\"article\" \/>\n<meta property=\"og:title\" content=\"Ljaji\u0107 na sve\u010danosti povodom Prvog srpskog ustanka\" \/>\n<meta property=\"og:description\" content=\"Sjeverni Sand\u017eak &#8211; Otvaranjem izlo\u017ebe &#8220;Srbija kroz vekove&#8221; u Kragujevcu je danas po\u010delo obilje\u017eavanje Dana dr\u017eavnosti Srbije. Dan dr\u017eavnosti obilje\u017eava se na Sretenje, 15. februara u znak sje\u0107anja na 1804. godinu kada je u Ora\u0161cu, pod vo\u0111stvom \u0110or\u0111a Petrovi\u0107a Kara\u0111or\u0111a, po\u010deo Prvi srpski ustanak. Istog dana 1835. godine, na Velikoj narodnoj skup\u0161tini u Kragujevcu, progla\u0161en [&hellip;]\" \/>\n<meta property=\"og:url\" content=\"https:\/\/sandzakpress.net\/arhiva\/1ljajic-na-svecanoisti-srbija-kroz-vekove\/\" \/>\n<meta property=\"og:site_name\" content=\"Sand\u017eak PRESS\" \/>\n<meta property=\"article:published_time\" content=\"2012-02-13T13:20:43+00:00\" \/>\n<meta property=\"article:modified_time\" content=\"2012-02-14T12:22:12+00:00\" \/>\n<meta property=\"og:image\" content=\"https:\/\/sandzakpress.net\/arhiva\/wp-content\/uploads\/2012\/02\/144368.jpg\" \/>\n\t<meta property=\"og:image:width\" content=\"616\" \/>\n\t<meta property=\"og:image:height\" content=\"410\" \/>\n\t<meta property=\"og:image:type\" content=\"image\/jpeg\" \/>\n<meta name=\"twitter:card\" content=\"summary_large_image\" \/>\n<meta name=\"twitter:label1\" content=\"Written by\" \/>\n\t<meta name=\"twitter:data1\" content=\"\" \/>\n\t<meta name=\"twitter:label2\" content=\"Est. reading time\" \/>\n\t<meta name=\"twitter:data2\" content=\"2 minute\" \/>\n<script type=\"application\/ld+json\" class=\"yoast-schema-graph\">{\"@context\":\"https:\/\/schema.org\",\"@graph\":[{\"@type\":\"Article\",\"@id\":\"https:\/\/sandzakpress.net\/arhiva\/1ljajic-na-svecanoisti-srbija-kroz-vekove\/#article\",\"isPartOf\":{\"@id\":\"https:\/\/sandzakpress.net\/arhiva\/1ljajic-na-svecanoisti-srbija-kroz-vekove\/\"},\"author\":{\"name\":\"\",\"@id\":\"\"},\"headline\":\"Ljaji\u0107 na sve\u010danosti povodom Prvog srpskog ustanka\",\"datePublished\":\"2012-02-13T13:20:43+00:00\",\"dateModified\":\"2012-02-14T12:22:12+00:00\",\"mainEntityOfPage\":{\"@id\":\"https:\/\/sandzakpress.net\/arhiva\/1ljajic-na-svecanoisti-srbija-kroz-vekove\/\"},\"wordCount\":354,\"commentCount\":15,\"publisher\":{\"@id\":\"https:\/\/sandzakpress.net\/arhiva\/#\/schema\/person\/6e72b67d6e51910a1117b3b483ba20bd\"},\"image\":{\"@id\":\"https:\/\/sandzakpress.net\/arhiva\/1ljajic-na-svecanoisti-srbija-kroz-vekove\/#primaryimage\"},\"thumbnailUrl\":\"https:\/\/sandzakpress.net\/arhiva\/wp-content\/uploads\/2012\/02\/144368.jpg\",\"articleSection\":[\"Novi Pazar\",\"Nacija\",\"Sjenica\",\"Tutin\",\"Prijepolje\",\"Priboj\",\"Nova Varo\u0161\"],\"inLanguage\":\"bs-BA\",\"potentialAction\":[{\"@type\":\"CommentAction\",\"name\":\"Comment\",\"target\":[\"https:\/\/sandzakpress.net\/arhiva\/1ljajic-na-svecanoisti-srbija-kroz-vekove\/#respond\"]}]},{\"@type\":\"WebPage\",\"@id\":\"https:\/\/sandzakpress.net\/arhiva\/1ljajic-na-svecanoisti-srbija-kroz-vekove\/\",\"url\":\"https:\/\/sandzakpress.net\/arhiva\/1ljajic-na-svecanoisti-srbija-kroz-vekove\/\",\"name\":\"Ljaji\u0107 na sve\u010danosti povodom Prvog srpskog ustanka\",\"isPartOf\":{\"@id\":\"https:\/\/sandzakpress.net\/arhiva\/#website\"},\"primaryImageOfPage\":{\"@id\":\"https:\/\/sandzakpress.net\/arhiva\/1ljajic-na-svecanoisti-srbija-kroz-vekove\/#primaryimage\"},\"image\":{\"@id\":\"https:\/\/sandzakpress.net\/arhiva\/1ljajic-na-svecanoisti-srbija-kroz-vekove\/#primaryimage\"},\"thumbnailUrl\":\"https:\/\/sandzakpress.net\/arhiva\/wp-content\/uploads\/2012\/02\/144368.jpg\",\"datePublished\":\"2012-02-13T13:20:43+00:00\",\"dateModified\":\"2012-02-14T12:22:12+00:00\",\"breadcrumb\":{\"@id\":\"https:\/\/sandzakpress.net\/arhiva\/1ljajic-na-svecanoisti-srbija-kroz-vekove\/#breadcrumb\"},\"inLanguage\":\"bs-BA\",\"potentialAction\":[{\"@type\":\"ReadAction\",\"target\":[\"https:\/\/sandzakpress.net\/arhiva\/1ljajic-na-svecanoisti-srbija-kroz-vekove\/\"]}]},{\"@type\":\"ImageObject\",\"inLanguage\":\"bs-BA\",\"@id\":\"https:\/\/sandzakpress.net\/arhiva\/1ljajic-na-svecanoisti-srbija-kroz-vekove\/#primaryimage\",\"url\":\"https:\/\/sandzakpress.net\/arhiva\/wp-content\/uploads\/2012\/02\/144368.jpg\",\"contentUrl\":\"https:\/\/sandzakpress.net\/arhiva\/wp-content\/uploads\/2012\/02\/144368.jpg\",\"width\":616,\"height\":410},{\"@type\":\"BreadcrumbList\",\"@id\":\"https:\/\/sandzakpress.net\/arhiva\/1ljajic-na-svecanoisti-srbija-kroz-vekove\/#breadcrumb\",\"itemListElement\":[{\"@type\":\"ListItem\",\"position\":1,\"name\":\"Home\",\"item\":\"https:\/\/sandzakpress.net\/arhiva\/\"},{\"@type\":\"ListItem\",\"position\":2,\"name\":\"Ljaji\u0107 na sve\u010danosti povodom Prvog srpskog ustanka\"}]},{\"@type\":\"WebSite\",\"@id\":\"https:\/\/sandzakpress.net\/arhiva\/#website\",\"url\":\"https:\/\/sandzakpress.net\/arhiva\/\",\"name\":\"Sand\u017eak PRESS\",\"description\":\"Prve elektronske novine u Sand\u017eaku\",\"publisher\":{\"@id\":\"https:\/\/sandzakpress.net\/arhiva\/#\/schema\/person\/6e72b67d6e51910a1117b3b483ba20bd\"},\"potentialAction\":[{\"@type\":\"SearchAction\",\"target\":{\"@type\":\"EntryPoint\",\"urlTemplate\":\"https:\/\/sandzakpress.net\/arhiva\/?s={search_term_string}\"},\"query-input\":{\"@type\":\"PropertyValueSpecification\",\"valueRequired\":true,\"valueName\":\"search_term_string\"}}],\"inLanguage\":\"bs-BA\"},{\"@type\":[\"Person\",\"Organization\"],\"@id\":\"https:\/\/sandzakpress.net\/arhiva\/#\/schema\/person\/6e72b67d6e51910a1117b3b483ba20bd\",\"name\":\"Kul\",\"image\":{\"@type\":\"ImageObject\",\"inLanguage\":\"bs-BA\",\"@id\":\"https:\/\/sandzakpress.net\/arhiva\/#\/schema\/person\/image\/\",\"url\":\"https:\/\/secure.gravatar.com\/avatar\/42263f39aa27ac04c43cab85c280eb2e?s=96&d=mm&r=pg\",\"contentUrl\":\"https:\/\/secure.gravatar.com\/avatar\/42263f39aa27ac04c43cab85c280eb2e?s=96&d=mm&r=pg\",\"caption\":\"Kul\"},\"logo\":{\"@id\":\"https:\/\/sandzakpress.net\/arhiva\/#\/schema\/person\/image\/\"}},{\"@type\":\"Person\",\"@id\":\"\",\"url\":\"https:\/\/sandzakpress.net\/arhiva\/author\/\"}]}<\/script>\n<!-- \/ Yoast SEO Premium plugin. -->","yoast_head_json":{"title":"Ljaji\u0107 na sve\u010danosti povodom Prvog srpskog ustanka","robots":{"index":"index","follow":"follow","max-snippet":"max-snippet:-1","max-image-preview":"max-image-preview:large","max-video-preview":"max-video-preview:-1"},"canonical":"https:\/\/sandzakpress.net\/arhiva\/1ljajic-na-svecanoisti-srbija-kroz-vekove\/","og_locale":"bs_BA","og_type":"article","og_title":"Ljaji\u0107 na sve\u010danosti povodom Prvog srpskog ustanka","og_description":"Sjeverni Sand\u017eak &#8211; Otvaranjem izlo\u017ebe &#8220;Srbija kroz vekove&#8221; u Kragujevcu je danas po\u010delo obilje\u017eavanje Dana dr\u017eavnosti Srbije. Dan dr\u017eavnosti obilje\u017eava se na Sretenje, 15. februara u znak sje\u0107anja na 1804. godinu kada je u Ora\u0161cu, pod vo\u0111stvom \u0110or\u0111a Petrovi\u0107a Kara\u0111or\u0111a, po\u010deo Prvi srpski ustanak. Istog dana 1835. godine, na Velikoj narodnoj skup\u0161tini u Kragujevcu, progla\u0161en [&hellip;]","og_url":"https:\/\/sandzakpress.net\/arhiva\/1ljajic-na-svecanoisti-srbija-kroz-vekove\/","og_site_name":"Sand\u017eak PRESS","article_published_time":"2012-02-13T13:20:43+00:00","article_modified_time":"2012-02-14T12:22:12+00:00","og_image":[{"width":616,"height":410,"url":"https:\/\/sandzakpress.net\/arhiva\/wp-content\/uploads\/2012\/02\/144368.jpg","type":"image\/jpeg"}],"twitter_card":"summary_large_image","twitter_misc":{"Written by":"","Est. reading time":"2 minute"},"schema":{"@context":"https:\/\/schema.org","@graph":[{"@type":"Article","@id":"https:\/\/sandzakpress.net\/arhiva\/1ljajic-na-svecanoisti-srbija-kroz-vekove\/#article","isPartOf":{"@id":"https:\/\/sandzakpress.net\/arhiva\/1ljajic-na-svecanoisti-srbija-kroz-vekove\/"},"author":{"name":"","@id":""},"headline":"Ljaji\u0107 na sve\u010danosti povodom Prvog srpskog ustanka","datePublished":"2012-02-13T13:20:43+00:00","dateModified":"2012-02-14T12:22:12+00:00","mainEntityOfPage":{"@id":"https:\/\/sandzakpress.net\/arhiva\/1ljajic-na-svecanoisti-srbija-kroz-vekove\/"},"wordCount":354,"commentCount":15,"publisher":{"@id":"https:\/\/sandzakpress.net\/arhiva\/#\/schema\/person\/6e72b67d6e51910a1117b3b483ba20bd"},"image":{"@id":"https:\/\/sandzakpress.net\/arhiva\/1ljajic-na-svecanoisti-srbija-kroz-vekove\/#primaryimage"},"thumbnailUrl":"https:\/\/sandzakpress.net\/arhiva\/wp-content\/uploads\/2012\/02\/144368.jpg","articleSection":["Novi Pazar","Nacija","Sjenica","Tutin","Prijepolje","Priboj","Nova Varo\u0161"],"inLanguage":"bs-BA","potentialAction":[{"@type":"CommentAction","name":"Comment","target":["https:\/\/sandzakpress.net\/arhiva\/1ljajic-na-svecanoisti-srbija-kroz-vekove\/#respond"]}]},{"@type":"WebPage","@id":"https:\/\/sandzakpress.net\/arhiva\/1ljajic-na-svecanoisti-srbija-kroz-vekove\/","url":"https:\/\/sandzakpress.net\/arhiva\/1ljajic-na-svecanoisti-srbija-kroz-vekove\/","name":"Ljaji\u0107 na sve\u010danosti povodom Prvog srpskog ustanka","isPartOf":{"@id":"https:\/\/sandzakpress.net\/arhiva\/#website"},"primaryImageOfPage":{"@id":"https:\/\/sandzakpress.net\/arhiva\/1ljajic-na-svecanoisti-srbija-kroz-vekove\/#primaryimage"},"image":{"@id":"https:\/\/sandzakpress.net\/arhiva\/1ljajic-na-svecanoisti-srbija-kroz-vekove\/#primaryimage"},"thumbnailUrl":"https:\/\/sandzakpress.net\/arhiva\/wp-content\/uploads\/2012\/02\/144368.jpg","datePublished":"2012-02-13T13:20:43+00:00","dateModified":"2012-02-14T12:22:12+00:00","breadcrumb":{"@id":"https:\/\/sandzakpress.net\/arhiva\/1ljajic-na-svecanoisti-srbija-kroz-vekove\/#breadcrumb"},"inLanguage":"bs-BA","potentialAction":[{"@type":"ReadAction","target":["https:\/\/sandzakpress.net\/arhiva\/1ljajic-na-svecanoisti-srbija-kroz-vekove\/"]}]},{"@type":"ImageObject","inLanguage":"bs-BA","@id":"https:\/\/sandzakpress.net\/arhiva\/1ljajic-na-svecanoisti-srbija-kroz-vekove\/#primaryimage","url":"https:\/\/sandzakpress.net\/arhiva\/wp-content\/uploads\/2012\/02\/144368.jpg","contentUrl":"https:\/\/sandzakpress.net\/arhiva\/wp-content\/uploads\/2012\/02\/144368.jpg","width":616,"height":410},{"@type":"BreadcrumbList","@id":"https:\/\/sandzakpress.net\/arhiva\/1ljajic-na-svecanoisti-srbija-kroz-vekove\/#breadcrumb","itemListElement":[{"@type":"ListItem","position":1,"name":"Home","item":"https:\/\/sandzakpress.net\/arhiva\/"},{"@type":"ListItem","position":2,"name":"Ljaji\u0107 na sve\u010danosti povodom Prvog srpskog ustanka"}]},{"@type":"WebSite","@id":"https:\/\/sandzakpress.net\/arhiva\/#website","url":"https:\/\/sandzakpress.net\/arhiva\/","name":"Sand\u017eak PRESS","description":"Prve elektronske novine u Sand\u017eaku","publisher":{"@id":"https:\/\/sandzakpress.net\/arhiva\/#\/schema\/person\/6e72b67d6e51910a1117b3b483ba20bd"},"potentialAction":[{"@type":"SearchAction","target":{"@type":"EntryPoint","urlTemplate":"https:\/\/sandzakpress.net\/arhiva\/?s={search_term_string}"},"query-input":{"@type":"PropertyValueSpecification","valueRequired":true,"valueName":"search_term_string"}}],"inLanguage":"bs-BA"},{"@type":["Person","Organization"],"@id":"https:\/\/sandzakpress.net\/arhiva\/#\/schema\/person\/6e72b67d6e51910a1117b3b483ba20bd","name":"Kul","image":{"@type":"ImageObject","inLanguage":"bs-BA","@id":"https:\/\/sandzakpress.net\/arhiva\/#\/schema\/person\/image\/","url":"https:\/\/secure.gravatar.com\/avatar\/42263f39aa27ac04c43cab85c280eb2e?s=96&d=mm&r=pg","contentUrl":"https:\/\/secure.gravatar.com\/avatar\/42263f39aa27ac04c43cab85c280eb2e?s=96&d=mm&r=pg","caption":"Kul"},"logo":{"@id":"https:\/\/sandzakpress.net\/arhiva\/#\/schema\/person\/image\/"}},{"@type":"Person","@id":"","url":"https:\/\/sandzakpress.net\/arhiva\/author\/"}]}},"_links":{"self":[{"href":"https:\/\/sandzakpress.net\/arhiva\/wp-json\/wp\/v2\/posts\/31611"}],"collection":[{"href":"https:\/\/sandzakpress.net\/arhiva\/wp-json\/wp\/v2\/posts"}],"about":[{"href":"https:\/\/sandzakpress.net\/arhiva\/wp-json\/wp\/v2\/types\/post"}],"author":[{"embeddable":true,"href":"https:\/\/sandzakpress.net\/arhiva\/wp-json\/wp\/v2\/users\/14"}],"replies":[{"embeddable":true,"href":"https:\/\/sandzakpress.net\/arhiva\/wp-json\/wp\/v2\/comments?post=31611"}],"version-history":[{"count":0,"href":"https:\/\/sandzakpress.net\/arhiva\/wp-json\/wp\/v2\/posts\/31611\/revisions"}],"wp:featuredmedia":[{"embeddable":true,"href":"https:\/\/sandzakpress.net\/arhiva\/wp-json\/wp\/v2\/media\/31683"}],"wp:attachment":[{"href":"https:\/\/sandzakpress.net\/arhiva\/wp-json\/wp\/v2\/media?parent=31611"}],"wp:term":[{"taxonomy":"category","embeddable":true,"href":"https:\/\/sandzakpress.net\/arhiva\/wp-json\/wp\/v2\/categories?post=31611"},{"taxonomy":"post_tag","embeddable":true,"href":"https:\/\/sandzakpress.net\/arhiva\/wp-json\/wp\/v2\/tags?post=31611"}],"curies":[{"name":"wp","href":"https:\/\/api.w.org\/{rel}","templated":true}]}}