{"id":31121,"date":"2012-02-08T16:31:27","date_gmt":"2012-02-08T15:31:27","guid":{"rendered":"https:\/\/sandzakpress.net\/arhiva\/?p=31121"},"modified":"2012-02-08T16:31:27","modified_gmt":"2012-02-08T15:31:27","slug":"smetnje-u-telefonskom-saobracaju-bice-otklonjene-do-kraja-dana","status":"publish","type":"post","link":"https:\/\/sandzakpress.net\/arhiva\/smetnje-u-telefonskom-saobracaju-bice-otklonjene-do-kraja-dana\/","title":{"rendered":"Smetnje u telefonskom saobra\u0107aju bi\u0107e otklonjene do kraja dana"},"content":{"rendered":"<p><strong><\/strong><strong><a href=\"https:\/\/sandzakpress.net\/arhiva\/wp-content\/uploads\/2012\/02\/telekom-srbija.jpg\"><img loading=\"lazy\" decoding=\"async\" class=\"alignleft size-full wp-image-31122\" title=\"telekom-srbija\" src=\"https:\/\/sandzakpress.net\/arhiva\/wp-content\/uploads\/2012\/02\/telekom-srbija.jpg\" alt=\"\" width=\"209\" height=\"124\" \/><\/a>Novi Pazar &#8211; Smetnje u radu fiksne telefonije bi\u0107e otklonjene do kraja dana,  saop\u0161tava Telekom Srbija, IJ Novi Pazar.<\/strong><\/p>\n<p><strong><\/strong><strong> Oko 200 korisnika\u00a0 fiksne  telefonije u ulicama Dimitrija Tucovi\u0107a, Mihjala Pupina, Banjska Petlja i  Save Kova\u010devi\u0107a, u Novom Pazaru,\u00a0zbog o\u0161te\u0107enja mre\u017enog telefonskog  kabla TK 59GM 250x4x0,4, ostalo je bez signala fiksne telefonije.<\/strong><\/p>\n<p><strong><\/strong><strong>Izvor:<\/strong>Jedinstvo.tv<\/p>\n","protected":false},"excerpt":{"rendered":"<p>Novi Pazar &#8211; Smetnje u radu fiksne telefonije bi\u0107e otklonjene do kraja dana, saop\u0161tava Telekom Srbija, IJ Novi Pazar. Oko 200 korisnika\u00a0 fiksne telefonije u ulicama Dimitrija Tucovi\u0107a, Mihjala Pupina, Banjska Petlja i Save Kova\u010devi\u0107a, u Novom Pazaru,\u00a0zbog o\u0161te\u0107enja mre\u017enog telefonskog kabla TK 59GM 250x4x0,4, ostalo je bez signala fiksne telefonije. Izvor:Jedinstvo.tv<\/p>\n","protected":false},"author":13,"featured_media":31122,"comment_status":"open","ping_status":"open","sticky":false,"template":"","format":"standard","meta":{"footnotes":""},"categories":[72,801],"tags":[],"class_list":{"0":"post-31121","1":"post","2":"type-post","3":"status-publish","4":"format-standard","5":"has-post-thumbnail","7":"category-novi-pazar","8":"category-crna_hronika"},"yoast_head":"<!-- This site is optimized with the Yoast SEO Premium plugin v23.1 (Yoast SEO v24.9) - https:\/\/yoast.com\/wordpress\/plugins\/seo\/ -->\n<title>Smetnje u telefonskom saobra\u0107aju bi\u0107e otklonjene do kraja dana<\/title>\n<meta name=\"robots\" content=\"index, follow, max-snippet:-1, max-image-preview:large, max-video-preview:-1\" \/>\n<link rel=\"canonical\" href=\"https:\/\/sandzakpress.net\/arhiva\/smetnje-u-telefonskom-saobracaju-bice-otklonjene-do-kraja-dana\/\" \/>\n<meta property=\"og:locale\" content=\"bs_BA\" \/>\n<meta property=\"og:type\" content=\"article\" \/>\n<meta property=\"og:title\" content=\"Smetnje u telefonskom saobra\u0107aju bi\u0107e otklonjene do kraja dana\" \/>\n<meta property=\"og:description\" content=\"Novi Pazar &#8211; Smetnje u radu fiksne telefonije bi\u0107e otklonjene do kraja dana, saop\u0161tava Telekom Srbija, IJ Novi Pazar. Oko 200 korisnika\u00a0 fiksne telefonije u ulicama Dimitrija Tucovi\u0107a, Mihjala Pupina, Banjska Petlja i Save Kova\u010devi\u0107a, u Novom Pazaru,\u00a0zbog o\u0161te\u0107enja mre\u017enog telefonskog kabla TK 59GM 250x4x0,4, ostalo je bez signala fiksne telefonije. Izvor:Jedinstvo.tv\" \/>\n<meta property=\"og:url\" content=\"https:\/\/sandzakpress.net\/arhiva\/smetnje-u-telefonskom-saobracaju-bice-otklonjene-do-kraja-dana\/\" \/>\n<meta property=\"og:site_name\" content=\"Sand\u017eak PRESS\" \/>\n<meta property=\"article:published_time\" content=\"2012-02-08T15:31:27+00:00\" \/>\n<meta property=\"og:image\" content=\"https:\/\/sandzakpress.net\/arhiva\/wp-content\/uploads\/2012\/02\/telekom-srbija.jpg\" \/>\n\t<meta property=\"og:image:width\" content=\"209\" \/>\n\t<meta property=\"og:image:height\" content=\"124\" \/>\n\t<meta property=\"og:image:type\" content=\"image\/jpeg\" \/>\n<meta name=\"twitter:card\" content=\"summary_large_image\" \/>\n<meta name=\"twitter:label1\" content=\"Written by\" \/>\n\t<meta name=\"twitter:data1\" content=\"\" \/>\n<script type=\"application\/ld+json\" class=\"yoast-schema-graph\">{\"@context\":\"https:\/\/schema.org\",\"@graph\":[{\"@type\":\"Article\",\"@id\":\"https:\/\/sandzakpress.net\/arhiva\/smetnje-u-telefonskom-saobracaju-bice-otklonjene-do-kraja-dana\/#article\",\"isPartOf\":{\"@id\":\"https:\/\/sandzakpress.net\/arhiva\/smetnje-u-telefonskom-saobracaju-bice-otklonjene-do-kraja-dana\/\"},\"author\":{\"name\":\"\",\"@id\":\"\"},\"headline\":\"Smetnje u telefonskom saobra\u0107aju bi\u0107e otklonjene do kraja dana\",\"datePublished\":\"2012-02-08T15:31:27+00:00\",\"mainEntityOfPage\":{\"@id\":\"https:\/\/sandzakpress.net\/arhiva\/smetnje-u-telefonskom-saobracaju-bice-otklonjene-do-kraja-dana\/\"},\"wordCount\":74,\"commentCount\":0,\"publisher\":{\"@id\":\"https:\/\/sandzakpress.net\/arhiva\/#\/schema\/person\/6e72b67d6e51910a1117b3b483ba20bd\"},\"image\":{\"@id\":\"https:\/\/sandzakpress.net\/arhiva\/smetnje-u-telefonskom-saobracaju-bice-otklonjene-do-kraja-dana\/#primaryimage\"},\"thumbnailUrl\":\"https:\/\/sandzakpress.net\/arhiva\/wp-content\/uploads\/2012\/02\/telekom-srbija.jpg\",\"articleSection\":[\"Novi Pazar\",\"Hronika\"],\"inLanguage\":\"bs-BA\",\"potentialAction\":[{\"@type\":\"CommentAction\",\"name\":\"Comment\",\"target\":[\"https:\/\/sandzakpress.net\/arhiva\/smetnje-u-telefonskom-saobracaju-bice-otklonjene-do-kraja-dana\/#respond\"]}]},{\"@type\":\"WebPage\",\"@id\":\"https:\/\/sandzakpress.net\/arhiva\/smetnje-u-telefonskom-saobracaju-bice-otklonjene-do-kraja-dana\/\",\"url\":\"https:\/\/sandzakpress.net\/arhiva\/smetnje-u-telefonskom-saobracaju-bice-otklonjene-do-kraja-dana\/\",\"name\":\"Smetnje u telefonskom saobra\u0107aju bi\u0107e otklonjene do kraja dana\",\"isPartOf\":{\"@id\":\"https:\/\/sandzakpress.net\/arhiva\/#website\"},\"primaryImageOfPage\":{\"@id\":\"https:\/\/sandzakpress.net\/arhiva\/smetnje-u-telefonskom-saobracaju-bice-otklonjene-do-kraja-dana\/#primaryimage\"},\"image\":{\"@id\":\"https:\/\/sandzakpress.net\/arhiva\/smetnje-u-telefonskom-saobracaju-bice-otklonjene-do-kraja-dana\/#primaryimage\"},\"thumbnailUrl\":\"https:\/\/sandzakpress.net\/arhiva\/wp-content\/uploads\/2012\/02\/telekom-srbija.jpg\",\"datePublished\":\"2012-02-08T15:31:27+00:00\",\"breadcrumb\":{\"@id\":\"https:\/\/sandzakpress.net\/arhiva\/smetnje-u-telefonskom-saobracaju-bice-otklonjene-do-kraja-dana\/#breadcrumb\"},\"inLanguage\":\"bs-BA\",\"potentialAction\":[{\"@type\":\"ReadAction\",\"target\":[\"https:\/\/sandzakpress.net\/arhiva\/smetnje-u-telefonskom-saobracaju-bice-otklonjene-do-kraja-dana\/\"]}]},{\"@type\":\"ImageObject\",\"inLanguage\":\"bs-BA\",\"@id\":\"https:\/\/sandzakpress.net\/arhiva\/smetnje-u-telefonskom-saobracaju-bice-otklonjene-do-kraja-dana\/#primaryimage\",\"url\":\"https:\/\/sandzakpress.net\/arhiva\/wp-content\/uploads\/2012\/02\/telekom-srbija.jpg\",\"contentUrl\":\"https:\/\/sandzakpress.net\/arhiva\/wp-content\/uploads\/2012\/02\/telekom-srbija.jpg\",\"width\":209,\"height\":124},{\"@type\":\"BreadcrumbList\",\"@id\":\"https:\/\/sandzakpress.net\/arhiva\/smetnje-u-telefonskom-saobracaju-bice-otklonjene-do-kraja-dana\/#breadcrumb\",\"itemListElement\":[{\"@type\":\"ListItem\",\"position\":1,\"name\":\"Home\",\"item\":\"https:\/\/sandzakpress.net\/arhiva\/\"},{\"@type\":\"ListItem\",\"position\":2,\"name\":\"Smetnje u telefonskom saobra\u0107aju bi\u0107e otklonjene do kraja dana\"}]},{\"@type\":\"WebSite\",\"@id\":\"https:\/\/sandzakpress.net\/arhiva\/#website\",\"url\":\"https:\/\/sandzakpress.net\/arhiva\/\",\"name\":\"Sand\u017eak PRESS\",\"description\":\"Prve elektronske novine u Sand\u017eaku\",\"publisher\":{\"@id\":\"https:\/\/sandzakpress.net\/arhiva\/#\/schema\/person\/6e72b67d6e51910a1117b3b483ba20bd\"},\"potentialAction\":[{\"@type\":\"SearchAction\",\"target\":{\"@type\":\"EntryPoint\",\"urlTemplate\":\"https:\/\/sandzakpress.net\/arhiva\/?s={search_term_string}\"},\"query-input\":{\"@type\":\"PropertyValueSpecification\",\"valueRequired\":true,\"valueName\":\"search_term_string\"}}],\"inLanguage\":\"bs-BA\"},{\"@type\":[\"Person\",\"Organization\"],\"@id\":\"https:\/\/sandzakpress.net\/arhiva\/#\/schema\/person\/6e72b67d6e51910a1117b3b483ba20bd\",\"name\":\"Kul\",\"image\":{\"@type\":\"ImageObject\",\"inLanguage\":\"bs-BA\",\"@id\":\"https:\/\/sandzakpress.net\/arhiva\/#\/schema\/person\/image\/\",\"url\":\"https:\/\/secure.gravatar.com\/avatar\/42263f39aa27ac04c43cab85c280eb2e?s=96&d=mm&r=pg\",\"contentUrl\":\"https:\/\/secure.gravatar.com\/avatar\/42263f39aa27ac04c43cab85c280eb2e?s=96&d=mm&r=pg\",\"caption\":\"Kul\"},\"logo\":{\"@id\":\"https:\/\/sandzakpress.net\/arhiva\/#\/schema\/person\/image\/\"}},{\"@type\":\"Person\",\"@id\":\"\",\"url\":\"https:\/\/sandzakpress.net\/arhiva\/author\/\"}]}<\/script>\n<!-- \/ Yoast SEO Premium plugin. -->","yoast_head_json":{"title":"Smetnje u telefonskom saobra\u0107aju bi\u0107e otklonjene do kraja dana","robots":{"index":"index","follow":"follow","max-snippet":"max-snippet:-1","max-image-preview":"max-image-preview:large","max-video-preview":"max-video-preview:-1"},"canonical":"https:\/\/sandzakpress.net\/arhiva\/smetnje-u-telefonskom-saobracaju-bice-otklonjene-do-kraja-dana\/","og_locale":"bs_BA","og_type":"article","og_title":"Smetnje u telefonskom saobra\u0107aju bi\u0107e otklonjene do kraja dana","og_description":"Novi Pazar &#8211; Smetnje u radu fiksne telefonije bi\u0107e otklonjene do kraja dana, saop\u0161tava Telekom Srbija, IJ Novi Pazar. Oko 200 korisnika\u00a0 fiksne telefonije u ulicama Dimitrija Tucovi\u0107a, Mihjala Pupina, Banjska Petlja i Save Kova\u010devi\u0107a, u Novom Pazaru,\u00a0zbog o\u0161te\u0107enja mre\u017enog telefonskog kabla TK 59GM 250x4x0,4, ostalo je bez signala fiksne telefonije. Izvor:Jedinstvo.tv","og_url":"https:\/\/sandzakpress.net\/arhiva\/smetnje-u-telefonskom-saobracaju-bice-otklonjene-do-kraja-dana\/","og_site_name":"Sand\u017eak PRESS","article_published_time":"2012-02-08T15:31:27+00:00","og_image":[{"width":209,"height":124,"url":"https:\/\/sandzakpress.net\/arhiva\/wp-content\/uploads\/2012\/02\/telekom-srbija.jpg","type":"image\/jpeg"}],"twitter_card":"summary_large_image","twitter_misc":{"Written by":""},"schema":{"@context":"https:\/\/schema.org","@graph":[{"@type":"Article","@id":"https:\/\/sandzakpress.net\/arhiva\/smetnje-u-telefonskom-saobracaju-bice-otklonjene-do-kraja-dana\/#article","isPartOf":{"@id":"https:\/\/sandzakpress.net\/arhiva\/smetnje-u-telefonskom-saobracaju-bice-otklonjene-do-kraja-dana\/"},"author":{"name":"","@id":""},"headline":"Smetnje u telefonskom saobra\u0107aju bi\u0107e otklonjene do kraja dana","datePublished":"2012-02-08T15:31:27+00:00","mainEntityOfPage":{"@id":"https:\/\/sandzakpress.net\/arhiva\/smetnje-u-telefonskom-saobracaju-bice-otklonjene-do-kraja-dana\/"},"wordCount":74,"commentCount":0,"publisher":{"@id":"https:\/\/sandzakpress.net\/arhiva\/#\/schema\/person\/6e72b67d6e51910a1117b3b483ba20bd"},"image":{"@id":"https:\/\/sandzakpress.net\/arhiva\/smetnje-u-telefonskom-saobracaju-bice-otklonjene-do-kraja-dana\/#primaryimage"},"thumbnailUrl":"https:\/\/sandzakpress.net\/arhiva\/wp-content\/uploads\/2012\/02\/telekom-srbija.jpg","articleSection":["Novi Pazar","Hronika"],"inLanguage":"bs-BA","potentialAction":[{"@type":"CommentAction","name":"Comment","target":["https:\/\/sandzakpress.net\/arhiva\/smetnje-u-telefonskom-saobracaju-bice-otklonjene-do-kraja-dana\/#respond"]}]},{"@type":"WebPage","@id":"https:\/\/sandzakpress.net\/arhiva\/smetnje-u-telefonskom-saobracaju-bice-otklonjene-do-kraja-dana\/","url":"https:\/\/sandzakpress.net\/arhiva\/smetnje-u-telefonskom-saobracaju-bice-otklonjene-do-kraja-dana\/","name":"Smetnje u telefonskom saobra\u0107aju bi\u0107e otklonjene do kraja dana","isPartOf":{"@id":"https:\/\/sandzakpress.net\/arhiva\/#website"},"primaryImageOfPage":{"@id":"https:\/\/sandzakpress.net\/arhiva\/smetnje-u-telefonskom-saobracaju-bice-otklonjene-do-kraja-dana\/#primaryimage"},"image":{"@id":"https:\/\/sandzakpress.net\/arhiva\/smetnje-u-telefonskom-saobracaju-bice-otklonjene-do-kraja-dana\/#primaryimage"},"thumbnailUrl":"https:\/\/sandzakpress.net\/arhiva\/wp-content\/uploads\/2012\/02\/telekom-srbija.jpg","datePublished":"2012-02-08T15:31:27+00:00","breadcrumb":{"@id":"https:\/\/sandzakpress.net\/arhiva\/smetnje-u-telefonskom-saobracaju-bice-otklonjene-do-kraja-dana\/#breadcrumb"},"inLanguage":"bs-BA","potentialAction":[{"@type":"ReadAction","target":["https:\/\/sandzakpress.net\/arhiva\/smetnje-u-telefonskom-saobracaju-bice-otklonjene-do-kraja-dana\/"]}]},{"@type":"ImageObject","inLanguage":"bs-BA","@id":"https:\/\/sandzakpress.net\/arhiva\/smetnje-u-telefonskom-saobracaju-bice-otklonjene-do-kraja-dana\/#primaryimage","url":"https:\/\/sandzakpress.net\/arhiva\/wp-content\/uploads\/2012\/02\/telekom-srbija.jpg","contentUrl":"https:\/\/sandzakpress.net\/arhiva\/wp-content\/uploads\/2012\/02\/telekom-srbija.jpg","width":209,"height":124},{"@type":"BreadcrumbList","@id":"https:\/\/sandzakpress.net\/arhiva\/smetnje-u-telefonskom-saobracaju-bice-otklonjene-do-kraja-dana\/#breadcrumb","itemListElement":[{"@type":"ListItem","position":1,"name":"Home","item":"https:\/\/sandzakpress.net\/arhiva\/"},{"@type":"ListItem","position":2,"name":"Smetnje u telefonskom saobra\u0107aju bi\u0107e otklonjene do kraja dana"}]},{"@type":"WebSite","@id":"https:\/\/sandzakpress.net\/arhiva\/#website","url":"https:\/\/sandzakpress.net\/arhiva\/","name":"Sand\u017eak PRESS","description":"Prve elektronske novine u Sand\u017eaku","publisher":{"@id":"https:\/\/sandzakpress.net\/arhiva\/#\/schema\/person\/6e72b67d6e51910a1117b3b483ba20bd"},"potentialAction":[{"@type":"SearchAction","target":{"@type":"EntryPoint","urlTemplate":"https:\/\/sandzakpress.net\/arhiva\/?s={search_term_string}"},"query-input":{"@type":"PropertyValueSpecification","valueRequired":true,"valueName":"search_term_string"}}],"inLanguage":"bs-BA"},{"@type":["Person","Organization"],"@id":"https:\/\/sandzakpress.net\/arhiva\/#\/schema\/person\/6e72b67d6e51910a1117b3b483ba20bd","name":"Kul","image":{"@type":"ImageObject","inLanguage":"bs-BA","@id":"https:\/\/sandzakpress.net\/arhiva\/#\/schema\/person\/image\/","url":"https:\/\/secure.gravatar.com\/avatar\/42263f39aa27ac04c43cab85c280eb2e?s=96&d=mm&r=pg","contentUrl":"https:\/\/secure.gravatar.com\/avatar\/42263f39aa27ac04c43cab85c280eb2e?s=96&d=mm&r=pg","caption":"Kul"},"logo":{"@id":"https:\/\/sandzakpress.net\/arhiva\/#\/schema\/person\/image\/"}},{"@type":"Person","@id":"","url":"https:\/\/sandzakpress.net\/arhiva\/author\/"}]}},"_links":{"self":[{"href":"https:\/\/sandzakpress.net\/arhiva\/wp-json\/wp\/v2\/posts\/31121"}],"collection":[{"href":"https:\/\/sandzakpress.net\/arhiva\/wp-json\/wp\/v2\/posts"}],"about":[{"href":"https:\/\/sandzakpress.net\/arhiva\/wp-json\/wp\/v2\/types\/post"}],"author":[{"embeddable":true,"href":"https:\/\/sandzakpress.net\/arhiva\/wp-json\/wp\/v2\/users\/13"}],"replies":[{"embeddable":true,"href":"https:\/\/sandzakpress.net\/arhiva\/wp-json\/wp\/v2\/comments?post=31121"}],"version-history":[{"count":0,"href":"https:\/\/sandzakpress.net\/arhiva\/wp-json\/wp\/v2\/posts\/31121\/revisions"}],"wp:featuredmedia":[{"embeddable":true,"href":"https:\/\/sandzakpress.net\/arhiva\/wp-json\/wp\/v2\/media\/31122"}],"wp:attachment":[{"href":"https:\/\/sandzakpress.net\/arhiva\/wp-json\/wp\/v2\/media?parent=31121"}],"wp:term":[{"taxonomy":"category","embeddable":true,"href":"https:\/\/sandzakpress.net\/arhiva\/wp-json\/wp\/v2\/categories?post=31121"},{"taxonomy":"post_tag","embeddable":true,"href":"https:\/\/sandzakpress.net\/arhiva\/wp-json\/wp\/v2\/tags?post=31121"}],"curies":[{"name":"wp","href":"https:\/\/api.w.org\/{rel}","templated":true}]}}