{"id":31103,"date":"2012-02-08T15:59:45","date_gmt":"2012-02-08T14:59:45","guid":{"rendered":"https:\/\/sandzakpress.net\/arhiva\/?p=31103"},"modified":"2012-02-08T15:59:45","modified_gmt":"2012-02-08T14:59:45","slug":"sektoru-za-vanredne-situacije-predlozeno-da-proglasi-vanredno-stanje","status":"publish","type":"post","link":"https:\/\/sandzakpress.net\/arhiva\/sektoru-za-vanredne-situacije-predlozeno-da-proglasi-vanredno-stanje\/","title":{"rendered":"Sektoru za vanredne situacije predlo\u017eeno da proglasi vanredno stanje"},"content":{"rendered":"<p><strong><a href=\"https:\/\/sandzakpress.net\/arhiva\/wp-content\/uploads\/2012\/02\/images30.jpg\"><img loading=\"lazy\" decoding=\"async\" class=\"alignleft size-full wp-image-31104\" title=\"images\" src=\"https:\/\/sandzakpress.net\/arhiva\/wp-content\/uploads\/2012\/02\/images30.jpg\" alt=\"\" width=\"246\" height=\"205\" \/><\/a>Pljevlja &#8211; Predsjednik op\u0107ine Miloje Pupovi\u0107 uputio je 6.  februara Sektoru za vanredne situacije i civilnu bezbjednost  Ministarstva unutra\u0161njih poslova prijedlog za progla\u0161enje vanrednog stanja  na teritoriji op\u0107ine Pljevlja, zbog obilnih snije\u017enih padavina.<\/strong><\/p>\n<p>U dopisu se ka\u017ee:<\/p>\n<p>U cilju nastavljanja preventivnih i operativnih aktivnosti koje ve\u0107  sprovode nadle\u017eni organi op\u0107ine Pljevlja na sanaciji stanja nastalog  usled vremenskih nepogoda i procjene ugro\u017eenosti od mogu\u0107ih rizika,  predla\u017eemo da ovaj dopis smatrate na\u0161im predlogom za progla\u0161enje  vanrednog stanja na teritoriji op\u0107ine Pljevlja.<\/p>\n<p>Vremenske  nepogode manifestovane obilnim snje\u017enim padavinama prouzrokovale su na  teritoriji op\u0161tine Pljevlja pove\u0107ani rizik od normalnog odnosno mogu\u0107eg  odvijanja osnovnih aktivnosti na na\u0161oj teritoriji. Svi putni pravci  prema seoskim mjesnim zajednicama su neprohodni, a postoji potreba za  interventnim djelovanjem u slu\u010dajevima bolesti ili smrti. Op\u0107inska  javna preduze\u0107a koja vr\u0161e komunalne djelatnosti na teritoriji Op\u0107ine  Pljevlja ne raspola\u017eu sa dovoljnim materijalno &#8211; tehni\u010dkim sredstavima  za djelovanje u ovakvim ekstremnim vremenskim uslovima. Cijenimo da nam  je potrebna pomo\u0107 u mehanizaciji, naftnim derivatima i ljudstvu za  upravljanje mehanizacijom kojom raspola\u017eu preduze\u0107a \u010diji osniva\u010d nije  Op\u0107ina. U prvom redu mislimo na Rudnik uglja a.d. Pljevlja,  Termoelektranu \u201ePljevlja\u201c, \u201eVektru Jaki\u0107\u201c i neka privatna preduze\u0107a.<\/p>\n<p>Progla\u0161enjem vanrednog stanja stekle bi se zakonske pretpostavke da  Predsjednik Op\u0107ine u skladu sa svojim pravima i obavezama propisanim  \u010dlanom 42. Zakona o za\u0161titi i spa\u0161avanju, mobili\u0161e sve ljudske i  materijalne resurse sa podru\u010dja Op\u0107ine radi otklanjanja mogu\u0107ih  posljedica.<\/p>\n<p>Molimo Vas da ovaj Zahtjev u mogu\u0107oj  mjeri razmotrite i da nas \u0161to prije obavijestite, navodi se u predlogu  predsjednika Pupovi\u0107a.<\/p>\n<p>Izvor: <strong>Pljevlja.me<\/strong><\/p>\n","protected":false},"excerpt":{"rendered":"<p>Pljevlja &#8211; Predsjednik op\u0107ine Miloje Pupovi\u0107 uputio je 6. februara Sektoru za vanredne situacije i civilnu bezbjednost Ministarstva unutra\u0161njih poslova prijedlog za progla\u0161enje vanrednog stanja na teritoriji op\u0107ine Pljevlja, zbog obilnih snije\u017enih padavina. U dopisu se ka\u017ee: U cilju nastavljanja preventivnih i operativnih aktivnosti koje ve\u0107 sprovode nadle\u017eni organi op\u0107ine Pljevlja na sanaciji stanja nastalog [&hellip;]<\/p>\n","protected":false},"author":13,"featured_media":31104,"comment_status":"open","ping_status":"open","sticky":false,"template":"","format":"standard","meta":{"footnotes":""},"categories":[395,5],"tags":[],"class_list":{"0":"post-31103","1":"post","2":"type-post","3":"status-publish","4":"format-standard","5":"has-post-thumbnail","7":"category-pljevlja_","8":"category-drustvo"},"yoast_head":"<!-- This site is optimized with the Yoast SEO Premium plugin v23.1 (Yoast SEO v24.9) - https:\/\/yoast.com\/wordpress\/plugins\/seo\/ -->\n<title>Sektoru za vanredne situacije predlo\u017eeno da proglasi vanredno stanje<\/title>\n<meta name=\"robots\" content=\"index, follow, max-snippet:-1, max-image-preview:large, max-video-preview:-1\" \/>\n<link rel=\"canonical\" href=\"https:\/\/sandzakpress.net\/arhiva\/sektoru-za-vanredne-situacije-predlozeno-da-proglasi-vanredno-stanje\/\" \/>\n<meta property=\"og:locale\" content=\"bs_BA\" \/>\n<meta property=\"og:type\" content=\"article\" \/>\n<meta property=\"og:title\" content=\"Sektoru za vanredne situacije predlo\u017eeno da proglasi vanredno stanje\" \/>\n<meta property=\"og:description\" content=\"Pljevlja &#8211; Predsjednik op\u0107ine Miloje Pupovi\u0107 uputio je 6. februara Sektoru za vanredne situacije i civilnu bezbjednost Ministarstva unutra\u0161njih poslova prijedlog za progla\u0161enje vanrednog stanja na teritoriji op\u0107ine Pljevlja, zbog obilnih snije\u017enih padavina. U dopisu se ka\u017ee: U cilju nastavljanja preventivnih i operativnih aktivnosti koje ve\u0107 sprovode nadle\u017eni organi op\u0107ine Pljevlja na sanaciji stanja nastalog [&hellip;]\" \/>\n<meta property=\"og:url\" content=\"https:\/\/sandzakpress.net\/arhiva\/sektoru-za-vanredne-situacije-predlozeno-da-proglasi-vanredno-stanje\/\" \/>\n<meta property=\"og:site_name\" content=\"Sand\u017eak PRESS\" \/>\n<meta property=\"article:published_time\" content=\"2012-02-08T14:59:45+00:00\" \/>\n<meta property=\"og:image\" content=\"https:\/\/sandzakpress.net\/arhiva\/wp-content\/uploads\/2012\/02\/images30.jpg\" \/>\n\t<meta property=\"og:image:width\" content=\"246\" \/>\n\t<meta property=\"og:image:height\" content=\"205\" \/>\n\t<meta property=\"og:image:type\" content=\"image\/jpeg\" \/>\n<meta name=\"twitter:card\" content=\"summary_large_image\" \/>\n<meta name=\"twitter:label1\" content=\"Written by\" \/>\n\t<meta name=\"twitter:data1\" content=\"\" \/>\n\t<meta name=\"twitter:label2\" content=\"Est. reading time\" \/>\n\t<meta name=\"twitter:data2\" content=\"1 minuta\" \/>\n<script type=\"application\/ld+json\" class=\"yoast-schema-graph\">{\"@context\":\"https:\/\/schema.org\",\"@graph\":[{\"@type\":\"Article\",\"@id\":\"https:\/\/sandzakpress.net\/arhiva\/sektoru-za-vanredne-situacije-predlozeno-da-proglasi-vanredno-stanje\/#article\",\"isPartOf\":{\"@id\":\"https:\/\/sandzakpress.net\/arhiva\/sektoru-za-vanredne-situacije-predlozeno-da-proglasi-vanredno-stanje\/\"},\"author\":{\"name\":\"\",\"@id\":\"\"},\"headline\":\"Sektoru za vanredne situacije predlo\u017eeno da proglasi vanredno stanje\",\"datePublished\":\"2012-02-08T14:59:45+00:00\",\"mainEntityOfPage\":{\"@id\":\"https:\/\/sandzakpress.net\/arhiva\/sektoru-za-vanredne-situacije-predlozeno-da-proglasi-vanredno-stanje\/\"},\"wordCount\":300,\"commentCount\":0,\"publisher\":{\"@id\":\"https:\/\/sandzakpress.net\/arhiva\/#\/schema\/person\/6e72b67d6e51910a1117b3b483ba20bd\"},\"image\":{\"@id\":\"https:\/\/sandzakpress.net\/arhiva\/sektoru-za-vanredne-situacije-predlozeno-da-proglasi-vanredno-stanje\/#primaryimage\"},\"thumbnailUrl\":\"https:\/\/sandzakpress.net\/arhiva\/wp-content\/uploads\/2012\/02\/images30.jpg\",\"articleSection\":[\"Pljevlja\",\"Dru\u0161tvo\"],\"inLanguage\":\"bs-BA\",\"potentialAction\":[{\"@type\":\"CommentAction\",\"name\":\"Comment\",\"target\":[\"https:\/\/sandzakpress.net\/arhiva\/sektoru-za-vanredne-situacije-predlozeno-da-proglasi-vanredno-stanje\/#respond\"]}]},{\"@type\":\"WebPage\",\"@id\":\"https:\/\/sandzakpress.net\/arhiva\/sektoru-za-vanredne-situacije-predlozeno-da-proglasi-vanredno-stanje\/\",\"url\":\"https:\/\/sandzakpress.net\/arhiva\/sektoru-za-vanredne-situacije-predlozeno-da-proglasi-vanredno-stanje\/\",\"name\":\"Sektoru za vanredne situacije predlo\u017eeno da proglasi vanredno stanje\",\"isPartOf\":{\"@id\":\"https:\/\/sandzakpress.net\/arhiva\/#website\"},\"primaryImageOfPage\":{\"@id\":\"https:\/\/sandzakpress.net\/arhiva\/sektoru-za-vanredne-situacije-predlozeno-da-proglasi-vanredno-stanje\/#primaryimage\"},\"image\":{\"@id\":\"https:\/\/sandzakpress.net\/arhiva\/sektoru-za-vanredne-situacije-predlozeno-da-proglasi-vanredno-stanje\/#primaryimage\"},\"thumbnailUrl\":\"https:\/\/sandzakpress.net\/arhiva\/wp-content\/uploads\/2012\/02\/images30.jpg\",\"datePublished\":\"2012-02-08T14:59:45+00:00\",\"breadcrumb\":{\"@id\":\"https:\/\/sandzakpress.net\/arhiva\/sektoru-za-vanredne-situacije-predlozeno-da-proglasi-vanredno-stanje\/#breadcrumb\"},\"inLanguage\":\"bs-BA\",\"potentialAction\":[{\"@type\":\"ReadAction\",\"target\":[\"https:\/\/sandzakpress.net\/arhiva\/sektoru-za-vanredne-situacije-predlozeno-da-proglasi-vanredno-stanje\/\"]}]},{\"@type\":\"ImageObject\",\"inLanguage\":\"bs-BA\",\"@id\":\"https:\/\/sandzakpress.net\/arhiva\/sektoru-za-vanredne-situacije-predlozeno-da-proglasi-vanredno-stanje\/#primaryimage\",\"url\":\"https:\/\/sandzakpress.net\/arhiva\/wp-content\/uploads\/2012\/02\/images30.jpg\",\"contentUrl\":\"https:\/\/sandzakpress.net\/arhiva\/wp-content\/uploads\/2012\/02\/images30.jpg\",\"width\":246,\"height\":205},{\"@type\":\"BreadcrumbList\",\"@id\":\"https:\/\/sandzakpress.net\/arhiva\/sektoru-za-vanredne-situacije-predlozeno-da-proglasi-vanredno-stanje\/#breadcrumb\",\"itemListElement\":[{\"@type\":\"ListItem\",\"position\":1,\"name\":\"Home\",\"item\":\"https:\/\/sandzakpress.net\/arhiva\/\"},{\"@type\":\"ListItem\",\"position\":2,\"name\":\"Sektoru za vanredne situacije predlo\u017eeno da proglasi vanredno stanje\"}]},{\"@type\":\"WebSite\",\"@id\":\"https:\/\/sandzakpress.net\/arhiva\/#website\",\"url\":\"https:\/\/sandzakpress.net\/arhiva\/\",\"name\":\"Sand\u017eak PRESS\",\"description\":\"Prve elektronske novine u Sand\u017eaku\",\"publisher\":{\"@id\":\"https:\/\/sandzakpress.net\/arhiva\/#\/schema\/person\/6e72b67d6e51910a1117b3b483ba20bd\"},\"potentialAction\":[{\"@type\":\"SearchAction\",\"target\":{\"@type\":\"EntryPoint\",\"urlTemplate\":\"https:\/\/sandzakpress.net\/arhiva\/?s={search_term_string}\"},\"query-input\":{\"@type\":\"PropertyValueSpecification\",\"valueRequired\":true,\"valueName\":\"search_term_string\"}}],\"inLanguage\":\"bs-BA\"},{\"@type\":[\"Person\",\"Organization\"],\"@id\":\"https:\/\/sandzakpress.net\/arhiva\/#\/schema\/person\/6e72b67d6e51910a1117b3b483ba20bd\",\"name\":\"Kul\",\"image\":{\"@type\":\"ImageObject\",\"inLanguage\":\"bs-BA\",\"@id\":\"https:\/\/sandzakpress.net\/arhiva\/#\/schema\/person\/image\/\",\"url\":\"https:\/\/secure.gravatar.com\/avatar\/42263f39aa27ac04c43cab85c280eb2e?s=96&d=mm&r=pg\",\"contentUrl\":\"https:\/\/secure.gravatar.com\/avatar\/42263f39aa27ac04c43cab85c280eb2e?s=96&d=mm&r=pg\",\"caption\":\"Kul\"},\"logo\":{\"@id\":\"https:\/\/sandzakpress.net\/arhiva\/#\/schema\/person\/image\/\"}},{\"@type\":\"Person\",\"@id\":\"\",\"url\":\"https:\/\/sandzakpress.net\/arhiva\/author\/\"}]}<\/script>\n<!-- \/ Yoast SEO Premium plugin. -->","yoast_head_json":{"title":"Sektoru za vanredne situacije predlo\u017eeno da proglasi vanredno stanje","robots":{"index":"index","follow":"follow","max-snippet":"max-snippet:-1","max-image-preview":"max-image-preview:large","max-video-preview":"max-video-preview:-1"},"canonical":"https:\/\/sandzakpress.net\/arhiva\/sektoru-za-vanredne-situacije-predlozeno-da-proglasi-vanredno-stanje\/","og_locale":"bs_BA","og_type":"article","og_title":"Sektoru za vanredne situacije predlo\u017eeno da proglasi vanredno stanje","og_description":"Pljevlja &#8211; Predsjednik op\u0107ine Miloje Pupovi\u0107 uputio je 6. februara Sektoru za vanredne situacije i civilnu bezbjednost Ministarstva unutra\u0161njih poslova prijedlog za progla\u0161enje vanrednog stanja na teritoriji op\u0107ine Pljevlja, zbog obilnih snije\u017enih padavina. U dopisu se ka\u017ee: U cilju nastavljanja preventivnih i operativnih aktivnosti koje ve\u0107 sprovode nadle\u017eni organi op\u0107ine Pljevlja na sanaciji stanja nastalog [&hellip;]","og_url":"https:\/\/sandzakpress.net\/arhiva\/sektoru-za-vanredne-situacije-predlozeno-da-proglasi-vanredno-stanje\/","og_site_name":"Sand\u017eak PRESS","article_published_time":"2012-02-08T14:59:45+00:00","og_image":[{"width":246,"height":205,"url":"https:\/\/sandzakpress.net\/arhiva\/wp-content\/uploads\/2012\/02\/images30.jpg","type":"image\/jpeg"}],"twitter_card":"summary_large_image","twitter_misc":{"Written by":"","Est. reading time":"1 minuta"},"schema":{"@context":"https:\/\/schema.org","@graph":[{"@type":"Article","@id":"https:\/\/sandzakpress.net\/arhiva\/sektoru-za-vanredne-situacije-predlozeno-da-proglasi-vanredno-stanje\/#article","isPartOf":{"@id":"https:\/\/sandzakpress.net\/arhiva\/sektoru-za-vanredne-situacije-predlozeno-da-proglasi-vanredno-stanje\/"},"author":{"name":"","@id":""},"headline":"Sektoru za vanredne situacije predlo\u017eeno da proglasi vanredno stanje","datePublished":"2012-02-08T14:59:45+00:00","mainEntityOfPage":{"@id":"https:\/\/sandzakpress.net\/arhiva\/sektoru-za-vanredne-situacije-predlozeno-da-proglasi-vanredno-stanje\/"},"wordCount":300,"commentCount":0,"publisher":{"@id":"https:\/\/sandzakpress.net\/arhiva\/#\/schema\/person\/6e72b67d6e51910a1117b3b483ba20bd"},"image":{"@id":"https:\/\/sandzakpress.net\/arhiva\/sektoru-za-vanredne-situacije-predlozeno-da-proglasi-vanredno-stanje\/#primaryimage"},"thumbnailUrl":"https:\/\/sandzakpress.net\/arhiva\/wp-content\/uploads\/2012\/02\/images30.jpg","articleSection":["Pljevlja","Dru\u0161tvo"],"inLanguage":"bs-BA","potentialAction":[{"@type":"CommentAction","name":"Comment","target":["https:\/\/sandzakpress.net\/arhiva\/sektoru-za-vanredne-situacije-predlozeno-da-proglasi-vanredno-stanje\/#respond"]}]},{"@type":"WebPage","@id":"https:\/\/sandzakpress.net\/arhiva\/sektoru-za-vanredne-situacije-predlozeno-da-proglasi-vanredno-stanje\/","url":"https:\/\/sandzakpress.net\/arhiva\/sektoru-za-vanredne-situacije-predlozeno-da-proglasi-vanredno-stanje\/","name":"Sektoru za vanredne situacije predlo\u017eeno da proglasi vanredno stanje","isPartOf":{"@id":"https:\/\/sandzakpress.net\/arhiva\/#website"},"primaryImageOfPage":{"@id":"https:\/\/sandzakpress.net\/arhiva\/sektoru-za-vanredne-situacije-predlozeno-da-proglasi-vanredno-stanje\/#primaryimage"},"image":{"@id":"https:\/\/sandzakpress.net\/arhiva\/sektoru-za-vanredne-situacije-predlozeno-da-proglasi-vanredno-stanje\/#primaryimage"},"thumbnailUrl":"https:\/\/sandzakpress.net\/arhiva\/wp-content\/uploads\/2012\/02\/images30.jpg","datePublished":"2012-02-08T14:59:45+00:00","breadcrumb":{"@id":"https:\/\/sandzakpress.net\/arhiva\/sektoru-za-vanredne-situacije-predlozeno-da-proglasi-vanredno-stanje\/#breadcrumb"},"inLanguage":"bs-BA","potentialAction":[{"@type":"ReadAction","target":["https:\/\/sandzakpress.net\/arhiva\/sektoru-za-vanredne-situacije-predlozeno-da-proglasi-vanredno-stanje\/"]}]},{"@type":"ImageObject","inLanguage":"bs-BA","@id":"https:\/\/sandzakpress.net\/arhiva\/sektoru-za-vanredne-situacije-predlozeno-da-proglasi-vanredno-stanje\/#primaryimage","url":"https:\/\/sandzakpress.net\/arhiva\/wp-content\/uploads\/2012\/02\/images30.jpg","contentUrl":"https:\/\/sandzakpress.net\/arhiva\/wp-content\/uploads\/2012\/02\/images30.jpg","width":246,"height":205},{"@type":"BreadcrumbList","@id":"https:\/\/sandzakpress.net\/arhiva\/sektoru-za-vanredne-situacije-predlozeno-da-proglasi-vanredno-stanje\/#breadcrumb","itemListElement":[{"@type":"ListItem","position":1,"name":"Home","item":"https:\/\/sandzakpress.net\/arhiva\/"},{"@type":"ListItem","position":2,"name":"Sektoru za vanredne situacije predlo\u017eeno da proglasi vanredno stanje"}]},{"@type":"WebSite","@id":"https:\/\/sandzakpress.net\/arhiva\/#website","url":"https:\/\/sandzakpress.net\/arhiva\/","name":"Sand\u017eak PRESS","description":"Prve elektronske novine u Sand\u017eaku","publisher":{"@id":"https:\/\/sandzakpress.net\/arhiva\/#\/schema\/person\/6e72b67d6e51910a1117b3b483ba20bd"},"potentialAction":[{"@type":"SearchAction","target":{"@type":"EntryPoint","urlTemplate":"https:\/\/sandzakpress.net\/arhiva\/?s={search_term_string}"},"query-input":{"@type":"PropertyValueSpecification","valueRequired":true,"valueName":"search_term_string"}}],"inLanguage":"bs-BA"},{"@type":["Person","Organization"],"@id":"https:\/\/sandzakpress.net\/arhiva\/#\/schema\/person\/6e72b67d6e51910a1117b3b483ba20bd","name":"Kul","image":{"@type":"ImageObject","inLanguage":"bs-BA","@id":"https:\/\/sandzakpress.net\/arhiva\/#\/schema\/person\/image\/","url":"https:\/\/secure.gravatar.com\/avatar\/42263f39aa27ac04c43cab85c280eb2e?s=96&d=mm&r=pg","contentUrl":"https:\/\/secure.gravatar.com\/avatar\/42263f39aa27ac04c43cab85c280eb2e?s=96&d=mm&r=pg","caption":"Kul"},"logo":{"@id":"https:\/\/sandzakpress.net\/arhiva\/#\/schema\/person\/image\/"}},{"@type":"Person","@id":"","url":"https:\/\/sandzakpress.net\/arhiva\/author\/"}]}},"_links":{"self":[{"href":"https:\/\/sandzakpress.net\/arhiva\/wp-json\/wp\/v2\/posts\/31103"}],"collection":[{"href":"https:\/\/sandzakpress.net\/arhiva\/wp-json\/wp\/v2\/posts"}],"about":[{"href":"https:\/\/sandzakpress.net\/arhiva\/wp-json\/wp\/v2\/types\/post"}],"author":[{"embeddable":true,"href":"https:\/\/sandzakpress.net\/arhiva\/wp-json\/wp\/v2\/users\/13"}],"replies":[{"embeddable":true,"href":"https:\/\/sandzakpress.net\/arhiva\/wp-json\/wp\/v2\/comments?post=31103"}],"version-history":[{"count":0,"href":"https:\/\/sandzakpress.net\/arhiva\/wp-json\/wp\/v2\/posts\/31103\/revisions"}],"wp:featuredmedia":[{"embeddable":true,"href":"https:\/\/sandzakpress.net\/arhiva\/wp-json\/wp\/v2\/media\/31104"}],"wp:attachment":[{"href":"https:\/\/sandzakpress.net\/arhiva\/wp-json\/wp\/v2\/media?parent=31103"}],"wp:term":[{"taxonomy":"category","embeddable":true,"href":"https:\/\/sandzakpress.net\/arhiva\/wp-json\/wp\/v2\/categories?post=31103"},{"taxonomy":"post_tag","embeddable":true,"href":"https:\/\/sandzakpress.net\/arhiva\/wp-json\/wp\/v2\/tags?post=31103"}],"curies":[{"name":"wp","href":"https:\/\/api.w.org\/{rel}","templated":true}]}}