{"id":31044,"date":"2012-02-08T14:06:07","date_gmt":"2012-02-08T13:06:07","guid":{"rendered":"https:\/\/sandzakpress.net\/arhiva\/?p=31044"},"modified":"2012-02-08T14:06:07","modified_gmt":"2012-02-08T13:06:07","slug":"suljo-mustafic-bilo-je-razloga-za-proglasenje-vanrednog-stanja-na-sjeveru-zemlje","status":"publish","type":"post","link":"https:\/\/sandzakpress.net\/arhiva\/suljo-mustafic-bilo-je-razloga-za-proglasenje-vanrednog-stanja-na-sjeveru-zemlje\/","title":{"rendered":"Suljo Mustafi\u0107: Bilo je razloga za progla\u0161enje vanrednog stanja na sjeveru zemlje"},"content":{"rendered":"<p><strong><a href=\"https:\/\/sandzakpress.net\/arhiva\/wp-content\/uploads\/2012\/02\/suljo-mustafic.jpg\"><img loading=\"lazy\" decoding=\"async\" class=\"alignleft size-medium wp-image-31045\" title=\"suljo-mustafic\" src=\"https:\/\/sandzakpress.net\/arhiva\/wp-content\/uploads\/2012\/02\/suljo-mustafic-300x215.jpg\" alt=\"\" width=\"300\" height=\"215\" \/><\/a>Ju\u017eni Sand\u017eak &#8211; Izlaganje poslanika Sulja Mustafi\u0107a povodom obra\u0107anja Ivan Brajovi\u0107, ministar unutra\u0161njih poslova u Vladi Crne Gore, koji je informisao poslanike na dana\u0161njem zasijedanju o aktuelnoj situaciji u dr\u017eavi, zbog vremenskih nepogoda izazvanih snijegom i niskim temperaturama.<\/strong><\/p>\n<p>Op\u0161irnije u videu:<br \/>\n<iframe loading=\"lazy\" src=\"http:\/\/blip.tv\/play\/AYLqyR0C.html?p=1\" width=\"480\" height=\"389\" frameborder=\"0\" allowfullscreen><\/iframe><embed type=\"application\/x-shockwave-flash\" src=\"http:\/\/a.blip.tv\/api.swf#AYLqyR0C\" style=\"display:none\"><\/embed><br \/>\nIzvor: <strong>BSCG.me<\/strong><\/p>\n","protected":false},"excerpt":{"rendered":"<p>Ju\u017eni Sand\u017eak &#8211; Izlaganje poslanika Sulja Mustafi\u0107a povodom obra\u0107anja Ivan Brajovi\u0107, ministar unutra\u0161njih poslova u Vladi Crne Gore, koji je informisao poslanike na dana\u0161njem zasijedanju o aktuelnoj situaciji u dr\u017eavi, zbog vremenskih nepogoda izazvanih snijegom i niskim temperaturama. Op\u0161irnije u videu: Izvor: BSCG.me<\/p>\n","protected":false},"author":14,"featured_media":31045,"comment_status":"open","ping_status":"open","sticky":false,"template":"","format":"standard","meta":{"footnotes":""},"categories":[398,1,397,396,395,399],"tags":[],"class_list":{"0":"post-31044","1":"post","2":"type-post","3":"status-publish","4":"format-standard","5":"has-post-thumbnail","7":"category-rozaje","8":"category-politika","9":"category-berane","10":"category-bijelo_polje","11":"category-pljevlja_","12":"category-plav_"},"yoast_head":"<!-- This site is optimized with the Yoast SEO Premium plugin v23.1 (Yoast SEO v24.9) - https:\/\/yoast.com\/wordpress\/plugins\/seo\/ -->\n<title>Suljo Mustafi\u0107: Bilo je razloga za progla\u0161enje vanrednog stanja na sjeveru zemlje<\/title>\n<meta name=\"robots\" content=\"index, follow, max-snippet:-1, max-image-preview:large, max-video-preview:-1\" \/>\n<link rel=\"canonical\" href=\"https:\/\/sandzakpress.net\/arhiva\/suljo-mustafic-bilo-je-razloga-za-proglasenje-vanrednog-stanja-na-sjeveru-zemlje\/\" \/>\n<meta property=\"og:locale\" content=\"bs_BA\" \/>\n<meta property=\"og:type\" content=\"article\" \/>\n<meta property=\"og:title\" content=\"Suljo Mustafi\u0107: Bilo je razloga za progla\u0161enje vanrednog stanja na sjeveru zemlje\" \/>\n<meta property=\"og:description\" content=\"Ju\u017eni Sand\u017eak &#8211; Izlaganje poslanika Sulja Mustafi\u0107a povodom obra\u0107anja Ivan Brajovi\u0107, ministar unutra\u0161njih poslova u Vladi Crne Gore, koji je informisao poslanike na dana\u0161njem zasijedanju o aktuelnoj situaciji u dr\u017eavi, zbog vremenskih nepogoda izazvanih snijegom i niskim temperaturama. Op\u0161irnije u videu: Izvor: BSCG.me\" \/>\n<meta property=\"og:url\" content=\"https:\/\/sandzakpress.net\/arhiva\/suljo-mustafic-bilo-je-razloga-za-proglasenje-vanrednog-stanja-na-sjeveru-zemlje\/\" \/>\n<meta property=\"og:site_name\" content=\"Sand\u017eak PRESS\" \/>\n<meta property=\"article:published_time\" content=\"2012-02-08T13:06:07+00:00\" \/>\n<meta property=\"og:image\" content=\"https:\/\/sandzakpress.net\/arhiva\/wp-content\/uploads\/2012\/02\/suljo-mustafic.jpg\" \/>\n\t<meta property=\"og:image:width\" content=\"570\" \/>\n\t<meta property=\"og:image:height\" content=\"409\" \/>\n\t<meta property=\"og:image:type\" content=\"image\/jpeg\" \/>\n<meta name=\"twitter:card\" content=\"summary_large_image\" \/>\n<meta name=\"twitter:label1\" content=\"Written by\" \/>\n\t<meta name=\"twitter:data1\" content=\"\" \/>\n<script type=\"application\/ld+json\" class=\"yoast-schema-graph\">{\"@context\":\"https:\/\/schema.org\",\"@graph\":[{\"@type\":\"Article\",\"@id\":\"https:\/\/sandzakpress.net\/arhiva\/suljo-mustafic-bilo-je-razloga-za-proglasenje-vanrednog-stanja-na-sjeveru-zemlje\/#article\",\"isPartOf\":{\"@id\":\"https:\/\/sandzakpress.net\/arhiva\/suljo-mustafic-bilo-je-razloga-za-proglasenje-vanrednog-stanja-na-sjeveru-zemlje\/\"},\"author\":{\"name\":\"\",\"@id\":\"\"},\"headline\":\"Suljo Mustafi\u0107: Bilo je razloga za progla\u0161enje vanrednog stanja na sjeveru zemlje\",\"datePublished\":\"2012-02-08T13:06:07+00:00\",\"mainEntityOfPage\":{\"@id\":\"https:\/\/sandzakpress.net\/arhiva\/suljo-mustafic-bilo-je-razloga-za-proglasenje-vanrednog-stanja-na-sjeveru-zemlje\/\"},\"wordCount\":65,\"commentCount\":0,\"publisher\":{\"@id\":\"https:\/\/sandzakpress.net\/arhiva\/#\/schema\/person\/6e72b67d6e51910a1117b3b483ba20bd\"},\"image\":{\"@id\":\"https:\/\/sandzakpress.net\/arhiva\/suljo-mustafic-bilo-je-razloga-za-proglasenje-vanrednog-stanja-na-sjeveru-zemlje\/#primaryimage\"},\"thumbnailUrl\":\"https:\/\/sandzakpress.net\/arhiva\/wp-content\/uploads\/2012\/02\/suljo-mustafic.jpg\",\"articleSection\":[\"Ro\u017eaje\",\"Politika\",\"Berane\",\"Bijelo Polje\",\"Pljevlja\",\"Plav\"],\"inLanguage\":\"bs-BA\",\"potentialAction\":[{\"@type\":\"CommentAction\",\"name\":\"Comment\",\"target\":[\"https:\/\/sandzakpress.net\/arhiva\/suljo-mustafic-bilo-je-razloga-za-proglasenje-vanrednog-stanja-na-sjeveru-zemlje\/#respond\"]}]},{\"@type\":\"WebPage\",\"@id\":\"https:\/\/sandzakpress.net\/arhiva\/suljo-mustafic-bilo-je-razloga-za-proglasenje-vanrednog-stanja-na-sjeveru-zemlje\/\",\"url\":\"https:\/\/sandzakpress.net\/arhiva\/suljo-mustafic-bilo-je-razloga-za-proglasenje-vanrednog-stanja-na-sjeveru-zemlje\/\",\"name\":\"Suljo Mustafi\u0107: Bilo je razloga za progla\u0161enje vanrednog stanja na sjeveru zemlje\",\"isPartOf\":{\"@id\":\"https:\/\/sandzakpress.net\/arhiva\/#website\"},\"primaryImageOfPage\":{\"@id\":\"https:\/\/sandzakpress.net\/arhiva\/suljo-mustafic-bilo-je-razloga-za-proglasenje-vanrednog-stanja-na-sjeveru-zemlje\/#primaryimage\"},\"image\":{\"@id\":\"https:\/\/sandzakpress.net\/arhiva\/suljo-mustafic-bilo-je-razloga-za-proglasenje-vanrednog-stanja-na-sjeveru-zemlje\/#primaryimage\"},\"thumbnailUrl\":\"https:\/\/sandzakpress.net\/arhiva\/wp-content\/uploads\/2012\/02\/suljo-mustafic.jpg\",\"datePublished\":\"2012-02-08T13:06:07+00:00\",\"breadcrumb\":{\"@id\":\"https:\/\/sandzakpress.net\/arhiva\/suljo-mustafic-bilo-je-razloga-za-proglasenje-vanrednog-stanja-na-sjeveru-zemlje\/#breadcrumb\"},\"inLanguage\":\"bs-BA\",\"potentialAction\":[{\"@type\":\"ReadAction\",\"target\":[\"https:\/\/sandzakpress.net\/arhiva\/suljo-mustafic-bilo-je-razloga-za-proglasenje-vanrednog-stanja-na-sjeveru-zemlje\/\"]}]},{\"@type\":\"ImageObject\",\"inLanguage\":\"bs-BA\",\"@id\":\"https:\/\/sandzakpress.net\/arhiva\/suljo-mustafic-bilo-je-razloga-za-proglasenje-vanrednog-stanja-na-sjeveru-zemlje\/#primaryimage\",\"url\":\"https:\/\/sandzakpress.net\/arhiva\/wp-content\/uploads\/2012\/02\/suljo-mustafic.jpg\",\"contentUrl\":\"https:\/\/sandzakpress.net\/arhiva\/wp-content\/uploads\/2012\/02\/suljo-mustafic.jpg\",\"width\":570,\"height\":409},{\"@type\":\"BreadcrumbList\",\"@id\":\"https:\/\/sandzakpress.net\/arhiva\/suljo-mustafic-bilo-je-razloga-za-proglasenje-vanrednog-stanja-na-sjeveru-zemlje\/#breadcrumb\",\"itemListElement\":[{\"@type\":\"ListItem\",\"position\":1,\"name\":\"Home\",\"item\":\"https:\/\/sandzakpress.net\/arhiva\/\"},{\"@type\":\"ListItem\",\"position\":2,\"name\":\"Suljo Mustafi\u0107: Bilo je razloga za progla\u0161enje vanrednog stanja na sjeveru zemlje\"}]},{\"@type\":\"WebSite\",\"@id\":\"https:\/\/sandzakpress.net\/arhiva\/#website\",\"url\":\"https:\/\/sandzakpress.net\/arhiva\/\",\"name\":\"Sand\u017eak PRESS\",\"description\":\"Prve elektronske novine u Sand\u017eaku\",\"publisher\":{\"@id\":\"https:\/\/sandzakpress.net\/arhiva\/#\/schema\/person\/6e72b67d6e51910a1117b3b483ba20bd\"},\"potentialAction\":[{\"@type\":\"SearchAction\",\"target\":{\"@type\":\"EntryPoint\",\"urlTemplate\":\"https:\/\/sandzakpress.net\/arhiva\/?s={search_term_string}\"},\"query-input\":{\"@type\":\"PropertyValueSpecification\",\"valueRequired\":true,\"valueName\":\"search_term_string\"}}],\"inLanguage\":\"bs-BA\"},{\"@type\":[\"Person\",\"Organization\"],\"@id\":\"https:\/\/sandzakpress.net\/arhiva\/#\/schema\/person\/6e72b67d6e51910a1117b3b483ba20bd\",\"name\":\"Kul\",\"image\":{\"@type\":\"ImageObject\",\"inLanguage\":\"bs-BA\",\"@id\":\"https:\/\/sandzakpress.net\/arhiva\/#\/schema\/person\/image\/\",\"url\":\"https:\/\/secure.gravatar.com\/avatar\/42263f39aa27ac04c43cab85c280eb2e?s=96&d=mm&r=pg\",\"contentUrl\":\"https:\/\/secure.gravatar.com\/avatar\/42263f39aa27ac04c43cab85c280eb2e?s=96&d=mm&r=pg\",\"caption\":\"Kul\"},\"logo\":{\"@id\":\"https:\/\/sandzakpress.net\/arhiva\/#\/schema\/person\/image\/\"}},{\"@type\":\"Person\",\"@id\":\"\",\"url\":\"https:\/\/sandzakpress.net\/arhiva\/author\/\"}]}<\/script>\n<!-- \/ Yoast SEO Premium plugin. -->","yoast_head_json":{"title":"Suljo Mustafi\u0107: Bilo je razloga za progla\u0161enje vanrednog stanja na sjeveru zemlje","robots":{"index":"index","follow":"follow","max-snippet":"max-snippet:-1","max-image-preview":"max-image-preview:large","max-video-preview":"max-video-preview:-1"},"canonical":"https:\/\/sandzakpress.net\/arhiva\/suljo-mustafic-bilo-je-razloga-za-proglasenje-vanrednog-stanja-na-sjeveru-zemlje\/","og_locale":"bs_BA","og_type":"article","og_title":"Suljo Mustafi\u0107: Bilo je razloga za progla\u0161enje vanrednog stanja na sjeveru zemlje","og_description":"Ju\u017eni Sand\u017eak &#8211; Izlaganje poslanika Sulja Mustafi\u0107a povodom obra\u0107anja Ivan Brajovi\u0107, ministar unutra\u0161njih poslova u Vladi Crne Gore, koji je informisao poslanike na dana\u0161njem zasijedanju o aktuelnoj situaciji u dr\u017eavi, zbog vremenskih nepogoda izazvanih snijegom i niskim temperaturama. Op\u0161irnije u videu: Izvor: BSCG.me","og_url":"https:\/\/sandzakpress.net\/arhiva\/suljo-mustafic-bilo-je-razloga-za-proglasenje-vanrednog-stanja-na-sjeveru-zemlje\/","og_site_name":"Sand\u017eak PRESS","article_published_time":"2012-02-08T13:06:07+00:00","og_image":[{"width":570,"height":409,"url":"https:\/\/sandzakpress.net\/arhiva\/wp-content\/uploads\/2012\/02\/suljo-mustafic.jpg","type":"image\/jpeg"}],"twitter_card":"summary_large_image","twitter_misc":{"Written by":""},"schema":{"@context":"https:\/\/schema.org","@graph":[{"@type":"Article","@id":"https:\/\/sandzakpress.net\/arhiva\/suljo-mustafic-bilo-je-razloga-za-proglasenje-vanrednog-stanja-na-sjeveru-zemlje\/#article","isPartOf":{"@id":"https:\/\/sandzakpress.net\/arhiva\/suljo-mustafic-bilo-je-razloga-za-proglasenje-vanrednog-stanja-na-sjeveru-zemlje\/"},"author":{"name":"","@id":""},"headline":"Suljo Mustafi\u0107: Bilo je razloga za progla\u0161enje vanrednog stanja na sjeveru zemlje","datePublished":"2012-02-08T13:06:07+00:00","mainEntityOfPage":{"@id":"https:\/\/sandzakpress.net\/arhiva\/suljo-mustafic-bilo-je-razloga-za-proglasenje-vanrednog-stanja-na-sjeveru-zemlje\/"},"wordCount":65,"commentCount":0,"publisher":{"@id":"https:\/\/sandzakpress.net\/arhiva\/#\/schema\/person\/6e72b67d6e51910a1117b3b483ba20bd"},"image":{"@id":"https:\/\/sandzakpress.net\/arhiva\/suljo-mustafic-bilo-je-razloga-za-proglasenje-vanrednog-stanja-na-sjeveru-zemlje\/#primaryimage"},"thumbnailUrl":"https:\/\/sandzakpress.net\/arhiva\/wp-content\/uploads\/2012\/02\/suljo-mustafic.jpg","articleSection":["Ro\u017eaje","Politika","Berane","Bijelo Polje","Pljevlja","Plav"],"inLanguage":"bs-BA","potentialAction":[{"@type":"CommentAction","name":"Comment","target":["https:\/\/sandzakpress.net\/arhiva\/suljo-mustafic-bilo-je-razloga-za-proglasenje-vanrednog-stanja-na-sjeveru-zemlje\/#respond"]}]},{"@type":"WebPage","@id":"https:\/\/sandzakpress.net\/arhiva\/suljo-mustafic-bilo-je-razloga-za-proglasenje-vanrednog-stanja-na-sjeveru-zemlje\/","url":"https:\/\/sandzakpress.net\/arhiva\/suljo-mustafic-bilo-je-razloga-za-proglasenje-vanrednog-stanja-na-sjeveru-zemlje\/","name":"Suljo Mustafi\u0107: Bilo je razloga za progla\u0161enje vanrednog stanja na sjeveru zemlje","isPartOf":{"@id":"https:\/\/sandzakpress.net\/arhiva\/#website"},"primaryImageOfPage":{"@id":"https:\/\/sandzakpress.net\/arhiva\/suljo-mustafic-bilo-je-razloga-za-proglasenje-vanrednog-stanja-na-sjeveru-zemlje\/#primaryimage"},"image":{"@id":"https:\/\/sandzakpress.net\/arhiva\/suljo-mustafic-bilo-je-razloga-za-proglasenje-vanrednog-stanja-na-sjeveru-zemlje\/#primaryimage"},"thumbnailUrl":"https:\/\/sandzakpress.net\/arhiva\/wp-content\/uploads\/2012\/02\/suljo-mustafic.jpg","datePublished":"2012-02-08T13:06:07+00:00","breadcrumb":{"@id":"https:\/\/sandzakpress.net\/arhiva\/suljo-mustafic-bilo-je-razloga-za-proglasenje-vanrednog-stanja-na-sjeveru-zemlje\/#breadcrumb"},"inLanguage":"bs-BA","potentialAction":[{"@type":"ReadAction","target":["https:\/\/sandzakpress.net\/arhiva\/suljo-mustafic-bilo-je-razloga-za-proglasenje-vanrednog-stanja-na-sjeveru-zemlje\/"]}]},{"@type":"ImageObject","inLanguage":"bs-BA","@id":"https:\/\/sandzakpress.net\/arhiva\/suljo-mustafic-bilo-je-razloga-za-proglasenje-vanrednog-stanja-na-sjeveru-zemlje\/#primaryimage","url":"https:\/\/sandzakpress.net\/arhiva\/wp-content\/uploads\/2012\/02\/suljo-mustafic.jpg","contentUrl":"https:\/\/sandzakpress.net\/arhiva\/wp-content\/uploads\/2012\/02\/suljo-mustafic.jpg","width":570,"height":409},{"@type":"BreadcrumbList","@id":"https:\/\/sandzakpress.net\/arhiva\/suljo-mustafic-bilo-je-razloga-za-proglasenje-vanrednog-stanja-na-sjeveru-zemlje\/#breadcrumb","itemListElement":[{"@type":"ListItem","position":1,"name":"Home","item":"https:\/\/sandzakpress.net\/arhiva\/"},{"@type":"ListItem","position":2,"name":"Suljo Mustafi\u0107: Bilo je razloga za progla\u0161enje vanrednog stanja na sjeveru zemlje"}]},{"@type":"WebSite","@id":"https:\/\/sandzakpress.net\/arhiva\/#website","url":"https:\/\/sandzakpress.net\/arhiva\/","name":"Sand\u017eak PRESS","description":"Prve elektronske novine u Sand\u017eaku","publisher":{"@id":"https:\/\/sandzakpress.net\/arhiva\/#\/schema\/person\/6e72b67d6e51910a1117b3b483ba20bd"},"potentialAction":[{"@type":"SearchAction","target":{"@type":"EntryPoint","urlTemplate":"https:\/\/sandzakpress.net\/arhiva\/?s={search_term_string}"},"query-input":{"@type":"PropertyValueSpecification","valueRequired":true,"valueName":"search_term_string"}}],"inLanguage":"bs-BA"},{"@type":["Person","Organization"],"@id":"https:\/\/sandzakpress.net\/arhiva\/#\/schema\/person\/6e72b67d6e51910a1117b3b483ba20bd","name":"Kul","image":{"@type":"ImageObject","inLanguage":"bs-BA","@id":"https:\/\/sandzakpress.net\/arhiva\/#\/schema\/person\/image\/","url":"https:\/\/secure.gravatar.com\/avatar\/42263f39aa27ac04c43cab85c280eb2e?s=96&d=mm&r=pg","contentUrl":"https:\/\/secure.gravatar.com\/avatar\/42263f39aa27ac04c43cab85c280eb2e?s=96&d=mm&r=pg","caption":"Kul"},"logo":{"@id":"https:\/\/sandzakpress.net\/arhiva\/#\/schema\/person\/image\/"}},{"@type":"Person","@id":"","url":"https:\/\/sandzakpress.net\/arhiva\/author\/"}]}},"_links":{"self":[{"href":"https:\/\/sandzakpress.net\/arhiva\/wp-json\/wp\/v2\/posts\/31044"}],"collection":[{"href":"https:\/\/sandzakpress.net\/arhiva\/wp-json\/wp\/v2\/posts"}],"about":[{"href":"https:\/\/sandzakpress.net\/arhiva\/wp-json\/wp\/v2\/types\/post"}],"author":[{"embeddable":true,"href":"https:\/\/sandzakpress.net\/arhiva\/wp-json\/wp\/v2\/users\/14"}],"replies":[{"embeddable":true,"href":"https:\/\/sandzakpress.net\/arhiva\/wp-json\/wp\/v2\/comments?post=31044"}],"version-history":[{"count":0,"href":"https:\/\/sandzakpress.net\/arhiva\/wp-json\/wp\/v2\/posts\/31044\/revisions"}],"wp:featuredmedia":[{"embeddable":true,"href":"https:\/\/sandzakpress.net\/arhiva\/wp-json\/wp\/v2\/media\/31045"}],"wp:attachment":[{"href":"https:\/\/sandzakpress.net\/arhiva\/wp-json\/wp\/v2\/media?parent=31044"}],"wp:term":[{"taxonomy":"category","embeddable":true,"href":"https:\/\/sandzakpress.net\/arhiva\/wp-json\/wp\/v2\/categories?post=31044"},{"taxonomy":"post_tag","embeddable":true,"href":"https:\/\/sandzakpress.net\/arhiva\/wp-json\/wp\/v2\/tags?post=31044"}],"curies":[{"name":"wp","href":"https:\/\/api.w.org\/{rel}","templated":true}]}}