{"id":30856,"date":"2012-02-06T22:08:11","date_gmt":"2012-02-06T21:08:11","guid":{"rendered":"https:\/\/sandzakpress.net\/arhiva\/?p=30856"},"modified":"2012-02-06T23:31:37","modified_gmt":"2012-02-06T22:31:37","slug":"fonet-06-03-2009-novi-pazar-ide-na-sud-zbog-pojedenih-cevapa-za-vrijeme-ugljanina","status":"publish","type":"post","link":"https:\/\/sandzakpress.net\/arhiva\/fonet-06-03-2009-novi-pazar-ide-na-sud-zbog-pojedenih-cevapa-za-vrijeme-ugljanina\/","title":{"rendered":"FoNet &#8211; 06. 03. 2009 &#8211; Novi Pazar ide na sud zbog pojedenih \u0107evapa"},"content":{"rendered":"<p><a href=\"https:\/\/sandzakpress.net\/arhiva\/wp-content\/uploads\/2012\/02\/10491091.jpg\"><img loading=\"lazy\" decoding=\"async\" class=\"aligncenter size-full wp-image-30857\" title=\"10491091\" src=\"https:\/\/sandzakpress.net\/arhiva\/wp-content\/uploads\/2012\/02\/10491091.jpg\" alt=\"\" width=\"616\" height=\"461\" \/><\/a><\/p>\n<p><strong>FoNet &#8211; Gradska uprava u Novom Pazaru, na osnovu predloga za izvr\u0161enje Op\u0161tinskog suda, du\u017ena je da plati \u0107evapd\u017einici &#8220;\u0160adrvan&#8221; skoro \u0161est miliona dinara za \u0107evap\u010di\u0107e, koje su op\u0161tinski funkcioneri jeli od 2004. do 2008.godine.<\/strong><\/p>\n<p>Gradska uprava u Novom Pazaru, na osnovu predloga za izvr\u0161enje Op\u0161tinskog suda, du\u017ena je da plati \u0107evapd\u017einici &#8220;\u0160adrvan&#8221; skoro \u0161est miliona dinara za \u0107evap\u010di\u0107e, koje su op\u0161tinski funkcioneri jeli od 2004. do 2008.godine.<br \/>\n&#8220;Gradaska uprava \u0107e zbog ovoga i\u0107i na parnicu. Na sudu treba da se utvrdi ko je potpisivao ra\u010dune za \u0107evap\u010di\u0107e i ko je pojeo tolike \u0107evap\u010di\u0107e&#8221;, rekao je gradski javni pravobranilac Hedija \u0160krijelj.<br \/>\nU gradskoj upravi se \u010dude za\u0161to \u0107evapd\u017einica &#8220;\u0160adrvan&#8221; nije tra\u017eila naplatu \u0107evapa za vreme prethodne vlasti koju je \u010dinila Bo\u0161nja\u010dka lista Sulejmana Ugljanina.<\/p>\n<p>Ugljaninova koalicija izrazila je u saop\u0161tenju za javnost zabrinutost za budu\u0107nost Novog Pazara &#8220;zbog \u010dinjenice da se lokalna vlast nakon basnoslovnih predizbornih obe\u0107anja sada bavi zbrajanjem \u0107evapa&#8221;.<\/p>\n<p><strong>Iz arhive <\/strong><\/p>\n","protected":false},"excerpt":{"rendered":"<p>FoNet &#8211; Gradska uprava u Novom Pazaru, na osnovu predloga za izvr\u0161enje Op\u0161tinskog suda, du\u017ena je da plati \u0107evapd\u017einici &#8220;\u0160adrvan&#8221; skoro \u0161est miliona dinara za \u0107evap\u010di\u0107e, koje su op\u0161tinski funkcioneri jeli od 2004. do 2008.godine. Gradska uprava u Novom Pazaru, na osnovu predloga za izvr\u0161enje Op\u0161tinskog suda, du\u017ena je da plati \u0107evapd\u017einici &#8220;\u0160adrvan&#8221; skoro \u0161est [&hellip;]<\/p>\n","protected":false},"author":83,"featured_media":30857,"comment_status":"open","ping_status":"open","sticky":false,"template":"","format":"standard","meta":{"footnotes":""},"categories":[14,72],"tags":[],"class_list":{"0":"post-30856","1":"post","2":"type-post","3":"status-publish","4":"format-standard","5":"has-post-thumbnail","7":"category-sandzak-historija","8":"category-novi-pazar"},"yoast_head":"<!-- This site is optimized with the Yoast SEO Premium plugin v23.1 (Yoast SEO v24.9) - https:\/\/yoast.com\/wordpress\/plugins\/seo\/ -->\n<title>FoNet - 06. 03. 2009 - Novi Pazar ide na sud zbog pojedenih \u0107evapa<\/title>\n<meta name=\"robots\" content=\"index, follow, max-snippet:-1, max-image-preview:large, max-video-preview:-1\" \/>\n<link rel=\"canonical\" href=\"https:\/\/sandzakpress.net\/arhiva\/fonet-06-03-2009-novi-pazar-ide-na-sud-zbog-pojedenih-cevapa-za-vrijeme-ugljanina\/\" \/>\n<meta property=\"og:locale\" content=\"bs_BA\" \/>\n<meta property=\"og:type\" content=\"article\" \/>\n<meta property=\"og:title\" content=\"FoNet - 06. 03. 2009 - Novi Pazar ide na sud zbog pojedenih \u0107evapa\" \/>\n<meta property=\"og:description\" content=\"FoNet &#8211; Gradska uprava u Novom Pazaru, na osnovu predloga za izvr\u0161enje Op\u0161tinskog suda, du\u017ena je da plati \u0107evapd\u017einici &#8220;\u0160adrvan&#8221; skoro \u0161est miliona dinara za \u0107evap\u010di\u0107e, koje su op\u0161tinski funkcioneri jeli od 2004. do 2008.godine. Gradska uprava u Novom Pazaru, na osnovu predloga za izvr\u0161enje Op\u0161tinskog suda, du\u017ena je da plati \u0107evapd\u017einici &#8220;\u0160adrvan&#8221; skoro \u0161est [&hellip;]\" \/>\n<meta property=\"og:url\" content=\"https:\/\/sandzakpress.net\/arhiva\/fonet-06-03-2009-novi-pazar-ide-na-sud-zbog-pojedenih-cevapa-za-vrijeme-ugljanina\/\" \/>\n<meta property=\"og:site_name\" content=\"Sand\u017eak PRESS\" \/>\n<meta property=\"article:published_time\" content=\"2012-02-06T21:08:11+00:00\" \/>\n<meta property=\"article:modified_time\" content=\"2012-02-06T22:31:37+00:00\" \/>\n<meta property=\"og:image\" content=\"https:\/\/sandzakpress.net\/arhiva\/wp-content\/uploads\/2012\/02\/10491091.jpg\" \/>\n\t<meta property=\"og:image:width\" content=\"616\" \/>\n\t<meta property=\"og:image:height\" content=\"461\" \/>\n\t<meta property=\"og:image:type\" content=\"image\/jpeg\" \/>\n<meta name=\"author\" content=\"bosniak\" \/>\n<meta name=\"twitter:card\" content=\"summary_large_image\" \/>\n<meta name=\"twitter:label1\" content=\"Written by\" \/>\n\t<meta name=\"twitter:data1\" content=\"bosniak\" \/>\n\t<meta name=\"twitter:label2\" content=\"Est. reading time\" \/>\n\t<meta name=\"twitter:data2\" content=\"1 minuta\" \/>\n<script type=\"application\/ld+json\" class=\"yoast-schema-graph\">{\"@context\":\"https:\/\/schema.org\",\"@graph\":[{\"@type\":\"Article\",\"@id\":\"https:\/\/sandzakpress.net\/arhiva\/fonet-06-03-2009-novi-pazar-ide-na-sud-zbog-pojedenih-cevapa-za-vrijeme-ugljanina\/#article\",\"isPartOf\":{\"@id\":\"https:\/\/sandzakpress.net\/arhiva\/fonet-06-03-2009-novi-pazar-ide-na-sud-zbog-pojedenih-cevapa-za-vrijeme-ugljanina\/\"},\"author\":{\"name\":\"bosniak\",\"@id\":\"https:\/\/sandzakpress.net\/arhiva\/#\/schema\/person\/c8baee722073534b583ea7bdb2e36c02\"},\"headline\":\"FoNet &#8211; 06. 03. 2009 &#8211; Novi Pazar ide na sud zbog pojedenih \u0107evapa\",\"datePublished\":\"2012-02-06T21:08:11+00:00\",\"dateModified\":\"2012-02-06T22:31:37+00:00\",\"mainEntityOfPage\":{\"@id\":\"https:\/\/sandzakpress.net\/arhiva\/fonet-06-03-2009-novi-pazar-ide-na-sud-zbog-pojedenih-cevapa-za-vrijeme-ugljanina\/\"},\"wordCount\":190,\"commentCount\":7,\"publisher\":{\"@id\":\"https:\/\/sandzakpress.net\/arhiva\/#\/schema\/person\/6e72b67d6e51910a1117b3b483ba20bd\"},\"image\":{\"@id\":\"https:\/\/sandzakpress.net\/arhiva\/fonet-06-03-2009-novi-pazar-ide-na-sud-zbog-pojedenih-cevapa-za-vrijeme-ugljanina\/#primaryimage\"},\"thumbnailUrl\":\"https:\/\/sandzakpress.net\/arhiva\/wp-content\/uploads\/2012\/02\/10491091.jpg\",\"articleSection\":[\"Sand\u017eak HISTORIJA\",\"Novi Pazar\"],\"inLanguage\":\"bs-BA\",\"potentialAction\":[{\"@type\":\"CommentAction\",\"name\":\"Comment\",\"target\":[\"https:\/\/sandzakpress.net\/arhiva\/fonet-06-03-2009-novi-pazar-ide-na-sud-zbog-pojedenih-cevapa-za-vrijeme-ugljanina\/#respond\"]}]},{\"@type\":\"WebPage\",\"@id\":\"https:\/\/sandzakpress.net\/arhiva\/fonet-06-03-2009-novi-pazar-ide-na-sud-zbog-pojedenih-cevapa-za-vrijeme-ugljanina\/\",\"url\":\"https:\/\/sandzakpress.net\/arhiva\/fonet-06-03-2009-novi-pazar-ide-na-sud-zbog-pojedenih-cevapa-za-vrijeme-ugljanina\/\",\"name\":\"FoNet - 06. 03. 2009 - Novi Pazar ide na sud zbog pojedenih \u0107evapa\",\"isPartOf\":{\"@id\":\"https:\/\/sandzakpress.net\/arhiva\/#website\"},\"primaryImageOfPage\":{\"@id\":\"https:\/\/sandzakpress.net\/arhiva\/fonet-06-03-2009-novi-pazar-ide-na-sud-zbog-pojedenih-cevapa-za-vrijeme-ugljanina\/#primaryimage\"},\"image\":{\"@id\":\"https:\/\/sandzakpress.net\/arhiva\/fonet-06-03-2009-novi-pazar-ide-na-sud-zbog-pojedenih-cevapa-za-vrijeme-ugljanina\/#primaryimage\"},\"thumbnailUrl\":\"https:\/\/sandzakpress.net\/arhiva\/wp-content\/uploads\/2012\/02\/10491091.jpg\",\"datePublished\":\"2012-02-06T21:08:11+00:00\",\"dateModified\":\"2012-02-06T22:31:37+00:00\",\"breadcrumb\":{\"@id\":\"https:\/\/sandzakpress.net\/arhiva\/fonet-06-03-2009-novi-pazar-ide-na-sud-zbog-pojedenih-cevapa-za-vrijeme-ugljanina\/#breadcrumb\"},\"inLanguage\":\"bs-BA\",\"potentialAction\":[{\"@type\":\"ReadAction\",\"target\":[\"https:\/\/sandzakpress.net\/arhiva\/fonet-06-03-2009-novi-pazar-ide-na-sud-zbog-pojedenih-cevapa-za-vrijeme-ugljanina\/\"]}]},{\"@type\":\"ImageObject\",\"inLanguage\":\"bs-BA\",\"@id\":\"https:\/\/sandzakpress.net\/arhiva\/fonet-06-03-2009-novi-pazar-ide-na-sud-zbog-pojedenih-cevapa-za-vrijeme-ugljanina\/#primaryimage\",\"url\":\"https:\/\/sandzakpress.net\/arhiva\/wp-content\/uploads\/2012\/02\/10491091.jpg\",\"contentUrl\":\"https:\/\/sandzakpress.net\/arhiva\/wp-content\/uploads\/2012\/02\/10491091.jpg\",\"width\":616,\"height\":461},{\"@type\":\"BreadcrumbList\",\"@id\":\"https:\/\/sandzakpress.net\/arhiva\/fonet-06-03-2009-novi-pazar-ide-na-sud-zbog-pojedenih-cevapa-za-vrijeme-ugljanina\/#breadcrumb\",\"itemListElement\":[{\"@type\":\"ListItem\",\"position\":1,\"name\":\"Home\",\"item\":\"https:\/\/sandzakpress.net\/arhiva\/\"},{\"@type\":\"ListItem\",\"position\":2,\"name\":\"FoNet &#8211; 06. 03. 2009 &#8211; Novi Pazar ide na sud zbog pojedenih \u0107evapa\"}]},{\"@type\":\"WebSite\",\"@id\":\"https:\/\/sandzakpress.net\/arhiva\/#website\",\"url\":\"https:\/\/sandzakpress.net\/arhiva\/\",\"name\":\"Sand\u017eak PRESS\",\"description\":\"Prve elektronske novine u Sand\u017eaku\",\"publisher\":{\"@id\":\"https:\/\/sandzakpress.net\/arhiva\/#\/schema\/person\/6e72b67d6e51910a1117b3b483ba20bd\"},\"potentialAction\":[{\"@type\":\"SearchAction\",\"target\":{\"@type\":\"EntryPoint\",\"urlTemplate\":\"https:\/\/sandzakpress.net\/arhiva\/?s={search_term_string}\"},\"query-input\":{\"@type\":\"PropertyValueSpecification\",\"valueRequired\":true,\"valueName\":\"search_term_string\"}}],\"inLanguage\":\"bs-BA\"},{\"@type\":[\"Person\",\"Organization\"],\"@id\":\"https:\/\/sandzakpress.net\/arhiva\/#\/schema\/person\/6e72b67d6e51910a1117b3b483ba20bd\",\"name\":\"Kul\",\"image\":{\"@type\":\"ImageObject\",\"inLanguage\":\"bs-BA\",\"@id\":\"https:\/\/sandzakpress.net\/arhiva\/#\/schema\/person\/image\/\",\"url\":\"https:\/\/secure.gravatar.com\/avatar\/42263f39aa27ac04c43cab85c280eb2e?s=96&d=mm&r=pg\",\"contentUrl\":\"https:\/\/secure.gravatar.com\/avatar\/42263f39aa27ac04c43cab85c280eb2e?s=96&d=mm&r=pg\",\"caption\":\"Kul\"},\"logo\":{\"@id\":\"https:\/\/sandzakpress.net\/arhiva\/#\/schema\/person\/image\/\"}},{\"@type\":\"Person\",\"@id\":\"https:\/\/sandzakpress.net\/arhiva\/#\/schema\/person\/c8baee722073534b583ea7bdb2e36c02\",\"name\":\"bosniak\",\"image\":{\"@type\":\"ImageObject\",\"inLanguage\":\"bs-BA\",\"@id\":\"https:\/\/sandzakpress.net\/arhiva\/#\/schema\/person\/image\/\",\"url\":\"https:\/\/secure.gravatar.com\/avatar\/a04fd330bfe3a36a72a0ad4a6d89fca7?s=96&d=mm&r=pg\",\"contentUrl\":\"https:\/\/secure.gravatar.com\/avatar\/a04fd330bfe3a36a72a0ad4a6d89fca7?s=96&d=mm&r=pg\",\"caption\":\"bosniak\"},\"url\":\"https:\/\/sandzakpress.net\/arhiva\/author\/bosniak\/\"}]}<\/script>\n<!-- \/ Yoast SEO Premium plugin. -->","yoast_head_json":{"title":"FoNet - 06. 03. 2009 - Novi Pazar ide na sud zbog pojedenih \u0107evapa","robots":{"index":"index","follow":"follow","max-snippet":"max-snippet:-1","max-image-preview":"max-image-preview:large","max-video-preview":"max-video-preview:-1"},"canonical":"https:\/\/sandzakpress.net\/arhiva\/fonet-06-03-2009-novi-pazar-ide-na-sud-zbog-pojedenih-cevapa-za-vrijeme-ugljanina\/","og_locale":"bs_BA","og_type":"article","og_title":"FoNet - 06. 03. 2009 - Novi Pazar ide na sud zbog pojedenih \u0107evapa","og_description":"FoNet &#8211; Gradska uprava u Novom Pazaru, na osnovu predloga za izvr\u0161enje Op\u0161tinskog suda, du\u017ena je da plati \u0107evapd\u017einici &#8220;\u0160adrvan&#8221; skoro \u0161est miliona dinara za \u0107evap\u010di\u0107e, koje su op\u0161tinski funkcioneri jeli od 2004. do 2008.godine. Gradska uprava u Novom Pazaru, na osnovu predloga za izvr\u0161enje Op\u0161tinskog suda, du\u017ena je da plati \u0107evapd\u017einici &#8220;\u0160adrvan&#8221; skoro \u0161est [&hellip;]","og_url":"https:\/\/sandzakpress.net\/arhiva\/fonet-06-03-2009-novi-pazar-ide-na-sud-zbog-pojedenih-cevapa-za-vrijeme-ugljanina\/","og_site_name":"Sand\u017eak PRESS","article_published_time":"2012-02-06T21:08:11+00:00","article_modified_time":"2012-02-06T22:31:37+00:00","og_image":[{"width":616,"height":461,"url":"https:\/\/sandzakpress.net\/arhiva\/wp-content\/uploads\/2012\/02\/10491091.jpg","type":"image\/jpeg"}],"author":"bosniak","twitter_card":"summary_large_image","twitter_misc":{"Written by":"bosniak","Est. reading time":"1 minuta"},"schema":{"@context":"https:\/\/schema.org","@graph":[{"@type":"Article","@id":"https:\/\/sandzakpress.net\/arhiva\/fonet-06-03-2009-novi-pazar-ide-na-sud-zbog-pojedenih-cevapa-za-vrijeme-ugljanina\/#article","isPartOf":{"@id":"https:\/\/sandzakpress.net\/arhiva\/fonet-06-03-2009-novi-pazar-ide-na-sud-zbog-pojedenih-cevapa-za-vrijeme-ugljanina\/"},"author":{"name":"bosniak","@id":"https:\/\/sandzakpress.net\/arhiva\/#\/schema\/person\/c8baee722073534b583ea7bdb2e36c02"},"headline":"FoNet &#8211; 06. 03. 2009 &#8211; Novi Pazar ide na sud zbog pojedenih \u0107evapa","datePublished":"2012-02-06T21:08:11+00:00","dateModified":"2012-02-06T22:31:37+00:00","mainEntityOfPage":{"@id":"https:\/\/sandzakpress.net\/arhiva\/fonet-06-03-2009-novi-pazar-ide-na-sud-zbog-pojedenih-cevapa-za-vrijeme-ugljanina\/"},"wordCount":190,"commentCount":7,"publisher":{"@id":"https:\/\/sandzakpress.net\/arhiva\/#\/schema\/person\/6e72b67d6e51910a1117b3b483ba20bd"},"image":{"@id":"https:\/\/sandzakpress.net\/arhiva\/fonet-06-03-2009-novi-pazar-ide-na-sud-zbog-pojedenih-cevapa-za-vrijeme-ugljanina\/#primaryimage"},"thumbnailUrl":"https:\/\/sandzakpress.net\/arhiva\/wp-content\/uploads\/2012\/02\/10491091.jpg","articleSection":["Sand\u017eak HISTORIJA","Novi Pazar"],"inLanguage":"bs-BA","potentialAction":[{"@type":"CommentAction","name":"Comment","target":["https:\/\/sandzakpress.net\/arhiva\/fonet-06-03-2009-novi-pazar-ide-na-sud-zbog-pojedenih-cevapa-za-vrijeme-ugljanina\/#respond"]}]},{"@type":"WebPage","@id":"https:\/\/sandzakpress.net\/arhiva\/fonet-06-03-2009-novi-pazar-ide-na-sud-zbog-pojedenih-cevapa-za-vrijeme-ugljanina\/","url":"https:\/\/sandzakpress.net\/arhiva\/fonet-06-03-2009-novi-pazar-ide-na-sud-zbog-pojedenih-cevapa-za-vrijeme-ugljanina\/","name":"FoNet - 06. 03. 2009 - Novi Pazar ide na sud zbog pojedenih \u0107evapa","isPartOf":{"@id":"https:\/\/sandzakpress.net\/arhiva\/#website"},"primaryImageOfPage":{"@id":"https:\/\/sandzakpress.net\/arhiva\/fonet-06-03-2009-novi-pazar-ide-na-sud-zbog-pojedenih-cevapa-za-vrijeme-ugljanina\/#primaryimage"},"image":{"@id":"https:\/\/sandzakpress.net\/arhiva\/fonet-06-03-2009-novi-pazar-ide-na-sud-zbog-pojedenih-cevapa-za-vrijeme-ugljanina\/#primaryimage"},"thumbnailUrl":"https:\/\/sandzakpress.net\/arhiva\/wp-content\/uploads\/2012\/02\/10491091.jpg","datePublished":"2012-02-06T21:08:11+00:00","dateModified":"2012-02-06T22:31:37+00:00","breadcrumb":{"@id":"https:\/\/sandzakpress.net\/arhiva\/fonet-06-03-2009-novi-pazar-ide-na-sud-zbog-pojedenih-cevapa-za-vrijeme-ugljanina\/#breadcrumb"},"inLanguage":"bs-BA","potentialAction":[{"@type":"ReadAction","target":["https:\/\/sandzakpress.net\/arhiva\/fonet-06-03-2009-novi-pazar-ide-na-sud-zbog-pojedenih-cevapa-za-vrijeme-ugljanina\/"]}]},{"@type":"ImageObject","inLanguage":"bs-BA","@id":"https:\/\/sandzakpress.net\/arhiva\/fonet-06-03-2009-novi-pazar-ide-na-sud-zbog-pojedenih-cevapa-za-vrijeme-ugljanina\/#primaryimage","url":"https:\/\/sandzakpress.net\/arhiva\/wp-content\/uploads\/2012\/02\/10491091.jpg","contentUrl":"https:\/\/sandzakpress.net\/arhiva\/wp-content\/uploads\/2012\/02\/10491091.jpg","width":616,"height":461},{"@type":"BreadcrumbList","@id":"https:\/\/sandzakpress.net\/arhiva\/fonet-06-03-2009-novi-pazar-ide-na-sud-zbog-pojedenih-cevapa-za-vrijeme-ugljanina\/#breadcrumb","itemListElement":[{"@type":"ListItem","position":1,"name":"Home","item":"https:\/\/sandzakpress.net\/arhiva\/"},{"@type":"ListItem","position":2,"name":"FoNet &#8211; 06. 03. 2009 &#8211; Novi Pazar ide na sud zbog pojedenih \u0107evapa"}]},{"@type":"WebSite","@id":"https:\/\/sandzakpress.net\/arhiva\/#website","url":"https:\/\/sandzakpress.net\/arhiva\/","name":"Sand\u017eak PRESS","description":"Prve elektronske novine u Sand\u017eaku","publisher":{"@id":"https:\/\/sandzakpress.net\/arhiva\/#\/schema\/person\/6e72b67d6e51910a1117b3b483ba20bd"},"potentialAction":[{"@type":"SearchAction","target":{"@type":"EntryPoint","urlTemplate":"https:\/\/sandzakpress.net\/arhiva\/?s={search_term_string}"},"query-input":{"@type":"PropertyValueSpecification","valueRequired":true,"valueName":"search_term_string"}}],"inLanguage":"bs-BA"},{"@type":["Person","Organization"],"@id":"https:\/\/sandzakpress.net\/arhiva\/#\/schema\/person\/6e72b67d6e51910a1117b3b483ba20bd","name":"Kul","image":{"@type":"ImageObject","inLanguage":"bs-BA","@id":"https:\/\/sandzakpress.net\/arhiva\/#\/schema\/person\/image\/","url":"https:\/\/secure.gravatar.com\/avatar\/42263f39aa27ac04c43cab85c280eb2e?s=96&d=mm&r=pg","contentUrl":"https:\/\/secure.gravatar.com\/avatar\/42263f39aa27ac04c43cab85c280eb2e?s=96&d=mm&r=pg","caption":"Kul"},"logo":{"@id":"https:\/\/sandzakpress.net\/arhiva\/#\/schema\/person\/image\/"}},{"@type":"Person","@id":"https:\/\/sandzakpress.net\/arhiva\/#\/schema\/person\/c8baee722073534b583ea7bdb2e36c02","name":"bosniak","image":{"@type":"ImageObject","inLanguage":"bs-BA","@id":"https:\/\/sandzakpress.net\/arhiva\/#\/schema\/person\/image\/","url":"https:\/\/secure.gravatar.com\/avatar\/a04fd330bfe3a36a72a0ad4a6d89fca7?s=96&d=mm&r=pg","contentUrl":"https:\/\/secure.gravatar.com\/avatar\/a04fd330bfe3a36a72a0ad4a6d89fca7?s=96&d=mm&r=pg","caption":"bosniak"},"url":"https:\/\/sandzakpress.net\/arhiva\/author\/bosniak\/"}]}},"_links":{"self":[{"href":"https:\/\/sandzakpress.net\/arhiva\/wp-json\/wp\/v2\/posts\/30856"}],"collection":[{"href":"https:\/\/sandzakpress.net\/arhiva\/wp-json\/wp\/v2\/posts"}],"about":[{"href":"https:\/\/sandzakpress.net\/arhiva\/wp-json\/wp\/v2\/types\/post"}],"author":[{"embeddable":true,"href":"https:\/\/sandzakpress.net\/arhiva\/wp-json\/wp\/v2\/users\/83"}],"replies":[{"embeddable":true,"href":"https:\/\/sandzakpress.net\/arhiva\/wp-json\/wp\/v2\/comments?post=30856"}],"version-history":[{"count":0,"href":"https:\/\/sandzakpress.net\/arhiva\/wp-json\/wp\/v2\/posts\/30856\/revisions"}],"wp:featuredmedia":[{"embeddable":true,"href":"https:\/\/sandzakpress.net\/arhiva\/wp-json\/wp\/v2\/media\/30857"}],"wp:attachment":[{"href":"https:\/\/sandzakpress.net\/arhiva\/wp-json\/wp\/v2\/media?parent=30856"}],"wp:term":[{"taxonomy":"category","embeddable":true,"href":"https:\/\/sandzakpress.net\/arhiva\/wp-json\/wp\/v2\/categories?post=30856"},{"taxonomy":"post_tag","embeddable":true,"href":"https:\/\/sandzakpress.net\/arhiva\/wp-json\/wp\/v2\/tags?post=30856"}],"curies":[{"name":"wp","href":"https:\/\/api.w.org\/{rel}","templated":true}]}}