{"id":30785,"date":"2012-02-06T16:30:50","date_gmt":"2012-02-06T15:30:50","guid":{"rendered":"https:\/\/sandzakpress.net\/arhiva\/?p=30785"},"modified":"2012-02-06T16:30:50","modified_gmt":"2012-02-06T15:30:50","slug":"obustavljena-nastava-na-citavom-kosovu","status":"publish","type":"post","link":"https:\/\/sandzakpress.net\/arhiva\/obustavljena-nastava-na-citavom-kosovu\/","title":{"rendered":"Obustavljena nastava na \u010ditavom Kosovu"},"content":{"rendered":"<div><strong><a href=\"https:\/\/sandzakpress.net\/arhiva\/wp-content\/uploads\/2012\/02\/skolapocelabosnjaks.jpg\"><img loading=\"lazy\" decoding=\"async\" class=\"alignleft size-medium wp-image-30786\" title=\"skolapocelabosnjaks\" src=\"https:\/\/sandzakpress.net\/arhiva\/wp-content\/uploads\/2012\/02\/skolapocelabosnjaks-300x200.jpg\" alt=\"\" width=\"300\" height=\"200\" \/><\/a>Kosovo\u00a0 &#8211; Ministar  obrazovanja, nauke i tehnologije, Rame Buja, donio je odluku da idu\u0107e  sedmice ne bude nastave u svim osnovnim i srednjim \u0161kolama, na \u010ditavoj  teritoriji Kosova.<\/strong><\/div>\n<div><strong><br \/>\n<\/strong><\/div>\n<div>Ovu  odluku ministar Buja je donio zbog nevremena i najave da \u0107e i u toku  sljede\u0107e sedmice vrijeme \u00a0preovladati veoma hladno vrijeme i sa  padavinama.<\/div>\n<div>Na  osnovu \u00a0 informacija \u00a0MONT-a sa terena, koje govore o veoma te\u0161koj  situaciji, donijeli smo odluku o prekidu nastave od 6. februara  (ponedjeljak) do 10. februara (petak) u svim osnovnim i srednjim \u0161kolama  na Kosovu.<\/div>\n<p>Nastava ponovo \u0107e po\u010deti u ponedjeljak 13 februara 2012 godine. Izgubljeni \u010dasovi bi\u0107e nadokna\u0111eni na kraju \u0161kolske godine.<\/p>\n<p>Izvor: <strong>Bosnjak-Ks.info<\/strong><\/p>\n","protected":false},"excerpt":{"rendered":"<p>Kosovo\u00a0 &#8211; Ministar obrazovanja, nauke i tehnologije, Rame Buja, donio je odluku da idu\u0107e sedmice ne bude nastave u svim osnovnim i srednjim \u0161kolama, na \u010ditavoj teritoriji Kosova. Ovu odluku ministar Buja je donio zbog nevremena i najave da \u0107e i u toku sljede\u0107e sedmice vrijeme \u00a0preovladati veoma hladno vrijeme i sa padavinama. Na osnovu [&hellip;]<\/p>\n","protected":false},"author":13,"featured_media":30786,"comment_status":"open","ping_status":"open","sticky":false,"template":"","format":"standard","meta":{"footnotes":""},"categories":[2690,4],"tags":[],"class_list":{"0":"post-30785","1":"post","2":"type-post","3":"status-publish","4":"format-standard","5":"has-post-thumbnail","7":"category-kosovo-gradovi","8":"category-obrazovanje"},"yoast_head":"<!-- This site is optimized with the Yoast SEO Premium plugin v23.1 (Yoast SEO v24.9) - https:\/\/yoast.com\/wordpress\/plugins\/seo\/ -->\n<title>Obustavljena nastava na \u010ditavom Kosovu<\/title>\n<meta name=\"robots\" content=\"index, follow, max-snippet:-1, max-image-preview:large, max-video-preview:-1\" \/>\n<link rel=\"canonical\" href=\"https:\/\/sandzakpress.net\/arhiva\/obustavljena-nastava-na-citavom-kosovu\/\" \/>\n<meta property=\"og:locale\" content=\"bs_BA\" \/>\n<meta property=\"og:type\" content=\"article\" \/>\n<meta property=\"og:title\" content=\"Obustavljena nastava na \u010ditavom Kosovu\" \/>\n<meta property=\"og:description\" content=\"Kosovo\u00a0 &#8211; Ministar obrazovanja, nauke i tehnologije, Rame Buja, donio je odluku da idu\u0107e sedmice ne bude nastave u svim osnovnim i srednjim \u0161kolama, na \u010ditavoj teritoriji Kosova. Ovu odluku ministar Buja je donio zbog nevremena i najave da \u0107e i u toku sljede\u0107e sedmice vrijeme \u00a0preovladati veoma hladno vrijeme i sa padavinama. Na osnovu [&hellip;]\" \/>\n<meta property=\"og:url\" content=\"https:\/\/sandzakpress.net\/arhiva\/obustavljena-nastava-na-citavom-kosovu\/\" \/>\n<meta property=\"og:site_name\" content=\"Sand\u017eak PRESS\" \/>\n<meta property=\"article:published_time\" content=\"2012-02-06T15:30:50+00:00\" \/>\n<meta property=\"og:image\" content=\"https:\/\/sandzakpress.net\/arhiva\/wp-content\/uploads\/2012\/02\/skolapocelabosnjaks.jpg\" \/>\n\t<meta property=\"og:image:width\" content=\"600\" \/>\n\t<meta property=\"og:image:height\" content=\"400\" \/>\n\t<meta property=\"og:image:type\" content=\"image\/jpeg\" \/>\n<meta name=\"twitter:card\" content=\"summary_large_image\" \/>\n<meta name=\"twitter:label1\" content=\"Written by\" \/>\n\t<meta name=\"twitter:data1\" content=\"\" \/>\n\t<meta name=\"twitter:label2\" content=\"Est. reading time\" \/>\n\t<meta name=\"twitter:data2\" content=\"1 minuta\" \/>\n<script type=\"application\/ld+json\" class=\"yoast-schema-graph\">{\"@context\":\"https:\/\/schema.org\",\"@graph\":[{\"@type\":\"Article\",\"@id\":\"https:\/\/sandzakpress.net\/arhiva\/obustavljena-nastava-na-citavom-kosovu\/#article\",\"isPartOf\":{\"@id\":\"https:\/\/sandzakpress.net\/arhiva\/obustavljena-nastava-na-citavom-kosovu\/\"},\"author\":{\"name\":\"\",\"@id\":\"\"},\"headline\":\"Obustavljena nastava na \u010ditavom Kosovu\",\"datePublished\":\"2012-02-06T15:30:50+00:00\",\"mainEntityOfPage\":{\"@id\":\"https:\/\/sandzakpress.net\/arhiva\/obustavljena-nastava-na-citavom-kosovu\/\"},\"wordCount\":115,\"commentCount\":0,\"publisher\":{\"@id\":\"https:\/\/sandzakpress.net\/arhiva\/#\/schema\/person\/6e72b67d6e51910a1117b3b483ba20bd\"},\"image\":{\"@id\":\"https:\/\/sandzakpress.net\/arhiva\/obustavljena-nastava-na-citavom-kosovu\/#primaryimage\"},\"thumbnailUrl\":\"https:\/\/sandzakpress.net\/arhiva\/wp-content\/uploads\/2012\/02\/skolapocelabosnjaks.jpg\",\"articleSection\":[\"Kosovo\",\"Obrazovanje\"],\"inLanguage\":\"bs-BA\",\"potentialAction\":[{\"@type\":\"CommentAction\",\"name\":\"Comment\",\"target\":[\"https:\/\/sandzakpress.net\/arhiva\/obustavljena-nastava-na-citavom-kosovu\/#respond\"]}]},{\"@type\":\"WebPage\",\"@id\":\"https:\/\/sandzakpress.net\/arhiva\/obustavljena-nastava-na-citavom-kosovu\/\",\"url\":\"https:\/\/sandzakpress.net\/arhiva\/obustavljena-nastava-na-citavom-kosovu\/\",\"name\":\"Obustavljena nastava na \u010ditavom Kosovu\",\"isPartOf\":{\"@id\":\"https:\/\/sandzakpress.net\/arhiva\/#website\"},\"primaryImageOfPage\":{\"@id\":\"https:\/\/sandzakpress.net\/arhiva\/obustavljena-nastava-na-citavom-kosovu\/#primaryimage\"},\"image\":{\"@id\":\"https:\/\/sandzakpress.net\/arhiva\/obustavljena-nastava-na-citavom-kosovu\/#primaryimage\"},\"thumbnailUrl\":\"https:\/\/sandzakpress.net\/arhiva\/wp-content\/uploads\/2012\/02\/skolapocelabosnjaks.jpg\",\"datePublished\":\"2012-02-06T15:30:50+00:00\",\"breadcrumb\":{\"@id\":\"https:\/\/sandzakpress.net\/arhiva\/obustavljena-nastava-na-citavom-kosovu\/#breadcrumb\"},\"inLanguage\":\"bs-BA\",\"potentialAction\":[{\"@type\":\"ReadAction\",\"target\":[\"https:\/\/sandzakpress.net\/arhiva\/obustavljena-nastava-na-citavom-kosovu\/\"]}]},{\"@type\":\"ImageObject\",\"inLanguage\":\"bs-BA\",\"@id\":\"https:\/\/sandzakpress.net\/arhiva\/obustavljena-nastava-na-citavom-kosovu\/#primaryimage\",\"url\":\"https:\/\/sandzakpress.net\/arhiva\/wp-content\/uploads\/2012\/02\/skolapocelabosnjaks.jpg\",\"contentUrl\":\"https:\/\/sandzakpress.net\/arhiva\/wp-content\/uploads\/2012\/02\/skolapocelabosnjaks.jpg\",\"width\":600,\"height\":400},{\"@type\":\"BreadcrumbList\",\"@id\":\"https:\/\/sandzakpress.net\/arhiva\/obustavljena-nastava-na-citavom-kosovu\/#breadcrumb\",\"itemListElement\":[{\"@type\":\"ListItem\",\"position\":1,\"name\":\"Home\",\"item\":\"https:\/\/sandzakpress.net\/arhiva\/\"},{\"@type\":\"ListItem\",\"position\":2,\"name\":\"Obustavljena nastava na \u010ditavom Kosovu\"}]},{\"@type\":\"WebSite\",\"@id\":\"https:\/\/sandzakpress.net\/arhiva\/#website\",\"url\":\"https:\/\/sandzakpress.net\/arhiva\/\",\"name\":\"Sand\u017eak PRESS\",\"description\":\"Prve elektronske novine u Sand\u017eaku\",\"publisher\":{\"@id\":\"https:\/\/sandzakpress.net\/arhiva\/#\/schema\/person\/6e72b67d6e51910a1117b3b483ba20bd\"},\"potentialAction\":[{\"@type\":\"SearchAction\",\"target\":{\"@type\":\"EntryPoint\",\"urlTemplate\":\"https:\/\/sandzakpress.net\/arhiva\/?s={search_term_string}\"},\"query-input\":{\"@type\":\"PropertyValueSpecification\",\"valueRequired\":true,\"valueName\":\"search_term_string\"}}],\"inLanguage\":\"bs-BA\"},{\"@type\":[\"Person\",\"Organization\"],\"@id\":\"https:\/\/sandzakpress.net\/arhiva\/#\/schema\/person\/6e72b67d6e51910a1117b3b483ba20bd\",\"name\":\"Kul\",\"image\":{\"@type\":\"ImageObject\",\"inLanguage\":\"bs-BA\",\"@id\":\"https:\/\/sandzakpress.net\/arhiva\/#\/schema\/person\/image\/\",\"url\":\"https:\/\/secure.gravatar.com\/avatar\/42263f39aa27ac04c43cab85c280eb2e?s=96&d=mm&r=pg\",\"contentUrl\":\"https:\/\/secure.gravatar.com\/avatar\/42263f39aa27ac04c43cab85c280eb2e?s=96&d=mm&r=pg\",\"caption\":\"Kul\"},\"logo\":{\"@id\":\"https:\/\/sandzakpress.net\/arhiva\/#\/schema\/person\/image\/\"}},{\"@type\":\"Person\",\"@id\":\"\",\"url\":\"https:\/\/sandzakpress.net\/arhiva\/author\/\"}]}<\/script>\n<!-- \/ Yoast SEO Premium plugin. -->","yoast_head_json":{"title":"Obustavljena nastava na \u010ditavom Kosovu","robots":{"index":"index","follow":"follow","max-snippet":"max-snippet:-1","max-image-preview":"max-image-preview:large","max-video-preview":"max-video-preview:-1"},"canonical":"https:\/\/sandzakpress.net\/arhiva\/obustavljena-nastava-na-citavom-kosovu\/","og_locale":"bs_BA","og_type":"article","og_title":"Obustavljena nastava na \u010ditavom Kosovu","og_description":"Kosovo\u00a0 &#8211; Ministar obrazovanja, nauke i tehnologije, Rame Buja, donio je odluku da idu\u0107e sedmice ne bude nastave u svim osnovnim i srednjim \u0161kolama, na \u010ditavoj teritoriji Kosova. Ovu odluku ministar Buja je donio zbog nevremena i najave da \u0107e i u toku sljede\u0107e sedmice vrijeme \u00a0preovladati veoma hladno vrijeme i sa padavinama. Na osnovu [&hellip;]","og_url":"https:\/\/sandzakpress.net\/arhiva\/obustavljena-nastava-na-citavom-kosovu\/","og_site_name":"Sand\u017eak PRESS","article_published_time":"2012-02-06T15:30:50+00:00","og_image":[{"width":600,"height":400,"url":"https:\/\/sandzakpress.net\/arhiva\/wp-content\/uploads\/2012\/02\/skolapocelabosnjaks.jpg","type":"image\/jpeg"}],"twitter_card":"summary_large_image","twitter_misc":{"Written by":"","Est. reading time":"1 minuta"},"schema":{"@context":"https:\/\/schema.org","@graph":[{"@type":"Article","@id":"https:\/\/sandzakpress.net\/arhiva\/obustavljena-nastava-na-citavom-kosovu\/#article","isPartOf":{"@id":"https:\/\/sandzakpress.net\/arhiva\/obustavljena-nastava-na-citavom-kosovu\/"},"author":{"name":"","@id":""},"headline":"Obustavljena nastava na \u010ditavom Kosovu","datePublished":"2012-02-06T15:30:50+00:00","mainEntityOfPage":{"@id":"https:\/\/sandzakpress.net\/arhiva\/obustavljena-nastava-na-citavom-kosovu\/"},"wordCount":115,"commentCount":0,"publisher":{"@id":"https:\/\/sandzakpress.net\/arhiva\/#\/schema\/person\/6e72b67d6e51910a1117b3b483ba20bd"},"image":{"@id":"https:\/\/sandzakpress.net\/arhiva\/obustavljena-nastava-na-citavom-kosovu\/#primaryimage"},"thumbnailUrl":"https:\/\/sandzakpress.net\/arhiva\/wp-content\/uploads\/2012\/02\/skolapocelabosnjaks.jpg","articleSection":["Kosovo","Obrazovanje"],"inLanguage":"bs-BA","potentialAction":[{"@type":"CommentAction","name":"Comment","target":["https:\/\/sandzakpress.net\/arhiva\/obustavljena-nastava-na-citavom-kosovu\/#respond"]}]},{"@type":"WebPage","@id":"https:\/\/sandzakpress.net\/arhiva\/obustavljena-nastava-na-citavom-kosovu\/","url":"https:\/\/sandzakpress.net\/arhiva\/obustavljena-nastava-na-citavom-kosovu\/","name":"Obustavljena nastava na \u010ditavom Kosovu","isPartOf":{"@id":"https:\/\/sandzakpress.net\/arhiva\/#website"},"primaryImageOfPage":{"@id":"https:\/\/sandzakpress.net\/arhiva\/obustavljena-nastava-na-citavom-kosovu\/#primaryimage"},"image":{"@id":"https:\/\/sandzakpress.net\/arhiva\/obustavljena-nastava-na-citavom-kosovu\/#primaryimage"},"thumbnailUrl":"https:\/\/sandzakpress.net\/arhiva\/wp-content\/uploads\/2012\/02\/skolapocelabosnjaks.jpg","datePublished":"2012-02-06T15:30:50+00:00","breadcrumb":{"@id":"https:\/\/sandzakpress.net\/arhiva\/obustavljena-nastava-na-citavom-kosovu\/#breadcrumb"},"inLanguage":"bs-BA","potentialAction":[{"@type":"ReadAction","target":["https:\/\/sandzakpress.net\/arhiva\/obustavljena-nastava-na-citavom-kosovu\/"]}]},{"@type":"ImageObject","inLanguage":"bs-BA","@id":"https:\/\/sandzakpress.net\/arhiva\/obustavljena-nastava-na-citavom-kosovu\/#primaryimage","url":"https:\/\/sandzakpress.net\/arhiva\/wp-content\/uploads\/2012\/02\/skolapocelabosnjaks.jpg","contentUrl":"https:\/\/sandzakpress.net\/arhiva\/wp-content\/uploads\/2012\/02\/skolapocelabosnjaks.jpg","width":600,"height":400},{"@type":"BreadcrumbList","@id":"https:\/\/sandzakpress.net\/arhiva\/obustavljena-nastava-na-citavom-kosovu\/#breadcrumb","itemListElement":[{"@type":"ListItem","position":1,"name":"Home","item":"https:\/\/sandzakpress.net\/arhiva\/"},{"@type":"ListItem","position":2,"name":"Obustavljena nastava na \u010ditavom Kosovu"}]},{"@type":"WebSite","@id":"https:\/\/sandzakpress.net\/arhiva\/#website","url":"https:\/\/sandzakpress.net\/arhiva\/","name":"Sand\u017eak PRESS","description":"Prve elektronske novine u Sand\u017eaku","publisher":{"@id":"https:\/\/sandzakpress.net\/arhiva\/#\/schema\/person\/6e72b67d6e51910a1117b3b483ba20bd"},"potentialAction":[{"@type":"SearchAction","target":{"@type":"EntryPoint","urlTemplate":"https:\/\/sandzakpress.net\/arhiva\/?s={search_term_string}"},"query-input":{"@type":"PropertyValueSpecification","valueRequired":true,"valueName":"search_term_string"}}],"inLanguage":"bs-BA"},{"@type":["Person","Organization"],"@id":"https:\/\/sandzakpress.net\/arhiva\/#\/schema\/person\/6e72b67d6e51910a1117b3b483ba20bd","name":"Kul","image":{"@type":"ImageObject","inLanguage":"bs-BA","@id":"https:\/\/sandzakpress.net\/arhiva\/#\/schema\/person\/image\/","url":"https:\/\/secure.gravatar.com\/avatar\/42263f39aa27ac04c43cab85c280eb2e?s=96&d=mm&r=pg","contentUrl":"https:\/\/secure.gravatar.com\/avatar\/42263f39aa27ac04c43cab85c280eb2e?s=96&d=mm&r=pg","caption":"Kul"},"logo":{"@id":"https:\/\/sandzakpress.net\/arhiva\/#\/schema\/person\/image\/"}},{"@type":"Person","@id":"","url":"https:\/\/sandzakpress.net\/arhiva\/author\/"}]}},"_links":{"self":[{"href":"https:\/\/sandzakpress.net\/arhiva\/wp-json\/wp\/v2\/posts\/30785"}],"collection":[{"href":"https:\/\/sandzakpress.net\/arhiva\/wp-json\/wp\/v2\/posts"}],"about":[{"href":"https:\/\/sandzakpress.net\/arhiva\/wp-json\/wp\/v2\/types\/post"}],"author":[{"embeddable":true,"href":"https:\/\/sandzakpress.net\/arhiva\/wp-json\/wp\/v2\/users\/13"}],"replies":[{"embeddable":true,"href":"https:\/\/sandzakpress.net\/arhiva\/wp-json\/wp\/v2\/comments?post=30785"}],"version-history":[{"count":0,"href":"https:\/\/sandzakpress.net\/arhiva\/wp-json\/wp\/v2\/posts\/30785\/revisions"}],"wp:featuredmedia":[{"embeddable":true,"href":"https:\/\/sandzakpress.net\/arhiva\/wp-json\/wp\/v2\/media\/30786"}],"wp:attachment":[{"href":"https:\/\/sandzakpress.net\/arhiva\/wp-json\/wp\/v2\/media?parent=30785"}],"wp:term":[{"taxonomy":"category","embeddable":true,"href":"https:\/\/sandzakpress.net\/arhiva\/wp-json\/wp\/v2\/categories?post=30785"},{"taxonomy":"post_tag","embeddable":true,"href":"https:\/\/sandzakpress.net\/arhiva\/wp-json\/wp\/v2\/tags?post=30785"}],"curies":[{"name":"wp","href":"https:\/\/api.w.org\/{rel}","templated":true}]}}