{"id":30744,"date":"2012-02-06T13:58:55","date_gmt":"2012-02-06T12:58:55","guid":{"rendered":"https:\/\/sandzakpress.net\/arhiva\/?p=30744"},"modified":"2012-02-06T13:58:55","modified_gmt":"2012-02-06T12:58:55","slug":"u-bijelom-polju-odrzana-svecanost-pod-nazivom-%e2%80%9cmuhammed-je-kruna-neba%e2%80%9d","status":"publish","type":"post","link":"https:\/\/sandzakpress.net\/arhiva\/u-bijelom-polju-odrzana-svecanost-pod-nazivom-%e2%80%9cmuhammed-je-kruna-neba%e2%80%9d\/","title":{"rendered":"U Bijelom Polju odr\u017eana sve\u010danost pod nazivom \u201cMuhammed je kruna neba\u201d"},"content":{"rendered":"<p><strong><a href=\"https:\/\/sandzakpress.net\/arhiva\/wp-content\/uploads\/2012\/02\/DSCN0044.jpg\"><img loading=\"lazy\" decoding=\"async\" class=\"alignleft size-medium wp-image-30747\" title=\"DSCN0044\" src=\"https:\/\/sandzakpress.net\/arhiva\/wp-content\/uploads\/2012\/02\/DSCN0044-300x200.jpg\" alt=\"\" width=\"300\" height=\"200\" \/><\/a>Bijelo Polje \u2013 U Velikoj sali Centra za kulturu u Bijelom polju, ve\u010deras, 04.02.2012 godine, povodom dana ro\u0111enja poslanika Muhammeda, s.a.v.s., uprili\u010dena je svje\u010danost pod nazivom<em>\u201cMuhammed je kruna neba\u201c.<\/em><\/strong><\/p>\n<p>I pored vremenskih nepogoda, sala je bila ispunjena do poslednjeg mjesta, a svje\u010danost je otvorena briljantnim izvo\u0111enjem ilahija hora<em>\u201c<\/em>Firdevs\u201c.\u00a0 Prisutnima se nakon toga obratio glavni imam \u00a0Odbora IZ-e Bijelo Polje\u00a0Enis ef. Burd\u017eovi\u0107, koji je izrazio utisak da su ashabi Muhammeda, s.a.v.s., gazili vreli pijesak da bi do\u0161li i \u010duli od Resulullaha.\u00a0<em>\u201c<\/em>Oni su gazili vreli pijesak, vi ste gazili ve\u010deras ledeni snijeg, da bi slu\u0161ali o njemu. Molimo Uzvi\u0161enog Allaha da svakom pahuljom koja se ovih dana spustila na Dunjaluk, salavatom i selamom obraduje du\u0161u na\u0161eg Resulullaha, koji se rodio na dana\u0161nji dan\u201c, rekao je ef. Burd\u017eovi\u0107.<\/p>\n<p>Ef. Burd\u017eovi\u0107\u00a0je prisutnima prenio selame i izvinjenje reisa Rifata ef. Fejzi\u0107a, koji zbog\u00a0 puta prekinutog nevremenom nije mogao prisustvovati ovoj svje\u010danosti.\u00a0Na kraju izlaganja, ef. Burd\u017eovi\u0107 se prisutnima zahvalio na dolasku, i najvio distribuciju primjeraka bro\u0161ure\u00a0<em>\u201c<\/em>Malehna rije\u010d o velikom \u010dovjeku\u201c, koja je zbirka autorskih radova profesora medrese\u00a0<em>\u201c<\/em>Mehmed Fatih\u201c u Podgorici.<\/p>\n<p>Hor\u00a0<em>\u201c<\/em>Firdevs\u201c, je nastavio sa milozvu\u010dnim ilahijama posvje\u0107enim Allahovom Poslaniku, s.a.v.s., da grije osje\u0107anja zadovoljstva i ljubavi prema Allahovom Poslaniku, s.a.v.s.<\/p>\n<p><a href=\"https:\/\/sandzakpress.net\/arhiva\/wp-content\/uploads\/2012\/02\/IMG-20120204-00662.jpg\"><img loading=\"lazy\" decoding=\"async\" class=\"aligncenter size-full wp-image-30745\" title=\"IMG-20120204-00662\" src=\"https:\/\/sandzakpress.net\/arhiva\/wp-content\/uploads\/2012\/02\/IMG-20120204-00662.jpg\" alt=\"\" width=\"640\" height=\"402\" \/><\/a><\/p>\n<p>Na kraju svje\u010danosti, prisutne je u svojstvu doma\u0107ina poselamio predsjednik Odbora IZ-e Bijelo Polje,\u00a0Amer ef. \u0160ukurica.<\/p>\n<p><a href=\"https:\/\/sandzakpress.net\/arhiva\/wp-content\/uploads\/2012\/02\/DSCN0046.jpg\"><img loading=\"lazy\" decoding=\"async\" class=\"aligncenter size-full wp-image-30746\" title=\"DSCN0046\" src=\"https:\/\/sandzakpress.net\/arhiva\/wp-content\/uploads\/2012\/02\/DSCN0046.jpg\" alt=\"\" width=\"640\" height=\"480\" \/><\/a><\/p>\n<p>On je u svom obra\u0107anju izrazio zahvalnost prisutnima na dolasku, te iskazao po\u0161tovanje horu\u00a0<em>\u201c<\/em>Firdevs\u201c, koji iz nastupa u nastup nastavlja da svojim kvalitetom i poletno\u0161\u0107u opravdava svoje postojanje.<\/p>\n<p>Izvor: <strong>Monteislam.com<\/strong><\/p>\n","protected":false},"excerpt":{"rendered":"<p>Bijelo Polje \u2013 U Velikoj sali Centra za kulturu u Bijelom polju, ve\u010deras, 04.02.2012 godine, povodom dana ro\u0111enja poslanika Muhammeda, s.a.v.s., uprili\u010dena je svje\u010danost pod nazivom\u201cMuhammed je kruna neba\u201c. I pored vremenskih nepogoda, sala je bila ispunjena do poslednjeg mjesta, a svje\u010danost je otvorena briljantnim izvo\u0111enjem ilahija hora\u201cFirdevs\u201c.\u00a0 Prisutnima se nakon toga obratio glavni imam [&hellip;]<\/p>\n","protected":false},"author":14,"featured_media":30747,"comment_status":"open","ping_status":"open","sticky":false,"template":"","format":"standard","meta":{"footnotes":""},"categories":[396,802],"tags":[],"class_list":{"0":"post-30744","1":"post","2":"type-post","3":"status-publish","4":"format-standard","5":"has-post-thumbnail","7":"category-bijelo_polje","8":"category-islamska_zajednica"},"yoast_head":"<!-- This site is optimized with the Yoast SEO Premium plugin v23.1 (Yoast SEO v24.9) - https:\/\/yoast.com\/wordpress\/plugins\/seo\/ -->\n<title>U Bijelom Polju odr\u017eana sve\u010danost pod nazivom \u201cMuhammed je kruna neba\u201d<\/title>\n<meta name=\"robots\" content=\"index, follow, max-snippet:-1, max-image-preview:large, max-video-preview:-1\" \/>\n<link rel=\"canonical\" href=\"https:\/\/sandzakpress.net\/arhiva\/u-bijelom-polju-odrzana-svecanost-pod-nazivom-\u201cmuhammed-je-kruna-neba\u201d\/\" \/>\n<meta property=\"og:locale\" content=\"bs_BA\" \/>\n<meta property=\"og:type\" content=\"article\" \/>\n<meta property=\"og:title\" content=\"U Bijelom Polju odr\u017eana sve\u010danost pod nazivom \u201cMuhammed je kruna neba\u201d\" \/>\n<meta property=\"og:description\" content=\"Bijelo Polje \u2013 U Velikoj sali Centra za kulturu u Bijelom polju, ve\u010deras, 04.02.2012 godine, povodom dana ro\u0111enja poslanika Muhammeda, s.a.v.s., uprili\u010dena je svje\u010danost pod nazivom\u201cMuhammed je kruna neba\u201c. I pored vremenskih nepogoda, sala je bila ispunjena do poslednjeg mjesta, a svje\u010danost je otvorena briljantnim izvo\u0111enjem ilahija hora\u201cFirdevs\u201c.\u00a0 Prisutnima se nakon toga obratio glavni imam [&hellip;]\" \/>\n<meta property=\"og:url\" content=\"https:\/\/sandzakpress.net\/arhiva\/u-bijelom-polju-odrzana-svecanost-pod-nazivom-\u201cmuhammed-je-kruna-neba\u201d\/\" \/>\n<meta property=\"og:site_name\" content=\"Sand\u017eak PRESS\" \/>\n<meta property=\"article:published_time\" content=\"2012-02-06T12:58:55+00:00\" \/>\n<meta property=\"og:image\" content=\"https:\/\/sandzakpress.net\/arhiva\/wp-content\/uploads\/2012\/02\/DSCN0044.jpg\" \/>\n\t<meta property=\"og:image:width\" content=\"616\" \/>\n\t<meta property=\"og:image:height\" content=\"412\" \/>\n\t<meta property=\"og:image:type\" content=\"image\/jpeg\" \/>\n<meta name=\"twitter:card\" content=\"summary_large_image\" \/>\n<meta name=\"twitter:label1\" content=\"Written by\" \/>\n\t<meta name=\"twitter:data1\" content=\"\" \/>\n\t<meta name=\"twitter:label2\" content=\"Est. reading time\" \/>\n\t<meta name=\"twitter:data2\" content=\"1 minuta\" \/>\n<script type=\"application\/ld+json\" class=\"yoast-schema-graph\">{\"@context\":\"https:\/\/schema.org\",\"@graph\":[{\"@type\":\"Article\",\"@id\":\"https:\/\/sandzakpress.net\/arhiva\/u-bijelom-polju-odrzana-svecanost-pod-nazivom-%e2%80%9cmuhammed-je-kruna-neba%e2%80%9d\/#article\",\"isPartOf\":{\"@id\":\"https:\/\/sandzakpress.net\/arhiva\/u-bijelom-polju-odrzana-svecanost-pod-nazivom-%e2%80%9cmuhammed-je-kruna-neba%e2%80%9d\/\"},\"author\":{\"name\":\"\",\"@id\":\"\"},\"headline\":\"U Bijelom Polju odr\u017eana sve\u010danost pod nazivom \u201cMuhammed je kruna neba\u201d\",\"datePublished\":\"2012-02-06T12:58:55+00:00\",\"mainEntityOfPage\":{\"@id\":\"https:\/\/sandzakpress.net\/arhiva\/u-bijelom-polju-odrzana-svecanost-pod-nazivom-%e2%80%9cmuhammed-je-kruna-neba%e2%80%9d\/\"},\"wordCount\":303,\"commentCount\":0,\"publisher\":{\"@id\":\"https:\/\/sandzakpress.net\/arhiva\/#\/schema\/person\/6e72b67d6e51910a1117b3b483ba20bd\"},\"image\":{\"@id\":\"https:\/\/sandzakpress.net\/arhiva\/u-bijelom-polju-odrzana-svecanost-pod-nazivom-%e2%80%9cmuhammed-je-kruna-neba%e2%80%9d\/#primaryimage\"},\"thumbnailUrl\":\"https:\/\/sandzakpress.net\/arhiva\/wp-content\/uploads\/2012\/02\/DSCN0044.jpg\",\"articleSection\":[\"Bijelo Polje\",\"Islamska zajednica\"],\"inLanguage\":\"bs-BA\",\"potentialAction\":[{\"@type\":\"CommentAction\",\"name\":\"Comment\",\"target\":[\"https:\/\/sandzakpress.net\/arhiva\/u-bijelom-polju-odrzana-svecanost-pod-nazivom-%e2%80%9cmuhammed-je-kruna-neba%e2%80%9d\/#respond\"]}]},{\"@type\":\"WebPage\",\"@id\":\"https:\/\/sandzakpress.net\/arhiva\/u-bijelom-polju-odrzana-svecanost-pod-nazivom-%e2%80%9cmuhammed-je-kruna-neba%e2%80%9d\/\",\"url\":\"https:\/\/sandzakpress.net\/arhiva\/u-bijelom-polju-odrzana-svecanost-pod-nazivom-%e2%80%9cmuhammed-je-kruna-neba%e2%80%9d\/\",\"name\":\"U Bijelom Polju odr\u017eana sve\u010danost pod nazivom \u201cMuhammed je kruna neba\u201d\",\"isPartOf\":{\"@id\":\"https:\/\/sandzakpress.net\/arhiva\/#website\"},\"primaryImageOfPage\":{\"@id\":\"https:\/\/sandzakpress.net\/arhiva\/u-bijelom-polju-odrzana-svecanost-pod-nazivom-%e2%80%9cmuhammed-je-kruna-neba%e2%80%9d\/#primaryimage\"},\"image\":{\"@id\":\"https:\/\/sandzakpress.net\/arhiva\/u-bijelom-polju-odrzana-svecanost-pod-nazivom-%e2%80%9cmuhammed-je-kruna-neba%e2%80%9d\/#primaryimage\"},\"thumbnailUrl\":\"https:\/\/sandzakpress.net\/arhiva\/wp-content\/uploads\/2012\/02\/DSCN0044.jpg\",\"datePublished\":\"2012-02-06T12:58:55+00:00\",\"breadcrumb\":{\"@id\":\"https:\/\/sandzakpress.net\/arhiva\/u-bijelom-polju-odrzana-svecanost-pod-nazivom-%e2%80%9cmuhammed-je-kruna-neba%e2%80%9d\/#breadcrumb\"},\"inLanguage\":\"bs-BA\",\"potentialAction\":[{\"@type\":\"ReadAction\",\"target\":[\"https:\/\/sandzakpress.net\/arhiva\/u-bijelom-polju-odrzana-svecanost-pod-nazivom-%e2%80%9cmuhammed-je-kruna-neba%e2%80%9d\/\"]}]},{\"@type\":\"ImageObject\",\"inLanguage\":\"bs-BA\",\"@id\":\"https:\/\/sandzakpress.net\/arhiva\/u-bijelom-polju-odrzana-svecanost-pod-nazivom-%e2%80%9cmuhammed-je-kruna-neba%e2%80%9d\/#primaryimage\",\"url\":\"https:\/\/sandzakpress.net\/arhiva\/wp-content\/uploads\/2012\/02\/DSCN0044.jpg\",\"contentUrl\":\"https:\/\/sandzakpress.net\/arhiva\/wp-content\/uploads\/2012\/02\/DSCN0044.jpg\",\"width\":616,\"height\":412},{\"@type\":\"BreadcrumbList\",\"@id\":\"https:\/\/sandzakpress.net\/arhiva\/u-bijelom-polju-odrzana-svecanost-pod-nazivom-%e2%80%9cmuhammed-je-kruna-neba%e2%80%9d\/#breadcrumb\",\"itemListElement\":[{\"@type\":\"ListItem\",\"position\":1,\"name\":\"Home\",\"item\":\"https:\/\/sandzakpress.net\/arhiva\/\"},{\"@type\":\"ListItem\",\"position\":2,\"name\":\"U Bijelom Polju odr\u017eana sve\u010danost pod nazivom \u201cMuhammed je kruna neba\u201d\"}]},{\"@type\":\"WebSite\",\"@id\":\"https:\/\/sandzakpress.net\/arhiva\/#website\",\"url\":\"https:\/\/sandzakpress.net\/arhiva\/\",\"name\":\"Sand\u017eak PRESS\",\"description\":\"Prve elektronske novine u Sand\u017eaku\",\"publisher\":{\"@id\":\"https:\/\/sandzakpress.net\/arhiva\/#\/schema\/person\/6e72b67d6e51910a1117b3b483ba20bd\"},\"potentialAction\":[{\"@type\":\"SearchAction\",\"target\":{\"@type\":\"EntryPoint\",\"urlTemplate\":\"https:\/\/sandzakpress.net\/arhiva\/?s={search_term_string}\"},\"query-input\":{\"@type\":\"PropertyValueSpecification\",\"valueRequired\":true,\"valueName\":\"search_term_string\"}}],\"inLanguage\":\"bs-BA\"},{\"@type\":[\"Person\",\"Organization\"],\"@id\":\"https:\/\/sandzakpress.net\/arhiva\/#\/schema\/person\/6e72b67d6e51910a1117b3b483ba20bd\",\"name\":\"Kul\",\"image\":{\"@type\":\"ImageObject\",\"inLanguage\":\"bs-BA\",\"@id\":\"https:\/\/sandzakpress.net\/arhiva\/#\/schema\/person\/image\/\",\"url\":\"https:\/\/secure.gravatar.com\/avatar\/42263f39aa27ac04c43cab85c280eb2e?s=96&d=mm&r=pg\",\"contentUrl\":\"https:\/\/secure.gravatar.com\/avatar\/42263f39aa27ac04c43cab85c280eb2e?s=96&d=mm&r=pg\",\"caption\":\"Kul\"},\"logo\":{\"@id\":\"https:\/\/sandzakpress.net\/arhiva\/#\/schema\/person\/image\/\"}},{\"@type\":\"Person\",\"@id\":\"\",\"url\":\"https:\/\/sandzakpress.net\/arhiva\/author\/\"}]}<\/script>\n<!-- \/ Yoast SEO Premium plugin. -->","yoast_head_json":{"title":"U Bijelom Polju odr\u017eana sve\u010danost pod nazivom \u201cMuhammed je kruna neba\u201d","robots":{"index":"index","follow":"follow","max-snippet":"max-snippet:-1","max-image-preview":"max-image-preview:large","max-video-preview":"max-video-preview:-1"},"canonical":"https:\/\/sandzakpress.net\/arhiva\/u-bijelom-polju-odrzana-svecanost-pod-nazivom-\u201cmuhammed-je-kruna-neba\u201d\/","og_locale":"bs_BA","og_type":"article","og_title":"U Bijelom Polju odr\u017eana sve\u010danost pod nazivom \u201cMuhammed je kruna neba\u201d","og_description":"Bijelo Polje \u2013 U Velikoj sali Centra za kulturu u Bijelom polju, ve\u010deras, 04.02.2012 godine, povodom dana ro\u0111enja poslanika Muhammeda, s.a.v.s., uprili\u010dena je svje\u010danost pod nazivom\u201cMuhammed je kruna neba\u201c. I pored vremenskih nepogoda, sala je bila ispunjena do poslednjeg mjesta, a svje\u010danost je otvorena briljantnim izvo\u0111enjem ilahija hora\u201cFirdevs\u201c.\u00a0 Prisutnima se nakon toga obratio glavni imam [&hellip;]","og_url":"https:\/\/sandzakpress.net\/arhiva\/u-bijelom-polju-odrzana-svecanost-pod-nazivom-\u201cmuhammed-je-kruna-neba\u201d\/","og_site_name":"Sand\u017eak PRESS","article_published_time":"2012-02-06T12:58:55+00:00","og_image":[{"width":616,"height":412,"url":"https:\/\/sandzakpress.net\/arhiva\/wp-content\/uploads\/2012\/02\/DSCN0044.jpg","type":"image\/jpeg"}],"twitter_card":"summary_large_image","twitter_misc":{"Written by":"","Est. reading time":"1 minuta"},"schema":{"@context":"https:\/\/schema.org","@graph":[{"@type":"Article","@id":"https:\/\/sandzakpress.net\/arhiva\/u-bijelom-polju-odrzana-svecanost-pod-nazivom-%e2%80%9cmuhammed-je-kruna-neba%e2%80%9d\/#article","isPartOf":{"@id":"https:\/\/sandzakpress.net\/arhiva\/u-bijelom-polju-odrzana-svecanost-pod-nazivom-%e2%80%9cmuhammed-je-kruna-neba%e2%80%9d\/"},"author":{"name":"","@id":""},"headline":"U Bijelom Polju odr\u017eana sve\u010danost pod nazivom \u201cMuhammed je kruna neba\u201d","datePublished":"2012-02-06T12:58:55+00:00","mainEntityOfPage":{"@id":"https:\/\/sandzakpress.net\/arhiva\/u-bijelom-polju-odrzana-svecanost-pod-nazivom-%e2%80%9cmuhammed-je-kruna-neba%e2%80%9d\/"},"wordCount":303,"commentCount":0,"publisher":{"@id":"https:\/\/sandzakpress.net\/arhiva\/#\/schema\/person\/6e72b67d6e51910a1117b3b483ba20bd"},"image":{"@id":"https:\/\/sandzakpress.net\/arhiva\/u-bijelom-polju-odrzana-svecanost-pod-nazivom-%e2%80%9cmuhammed-je-kruna-neba%e2%80%9d\/#primaryimage"},"thumbnailUrl":"https:\/\/sandzakpress.net\/arhiva\/wp-content\/uploads\/2012\/02\/DSCN0044.jpg","articleSection":["Bijelo Polje","Islamska zajednica"],"inLanguage":"bs-BA","potentialAction":[{"@type":"CommentAction","name":"Comment","target":["https:\/\/sandzakpress.net\/arhiva\/u-bijelom-polju-odrzana-svecanost-pod-nazivom-%e2%80%9cmuhammed-je-kruna-neba%e2%80%9d\/#respond"]}]},{"@type":"WebPage","@id":"https:\/\/sandzakpress.net\/arhiva\/u-bijelom-polju-odrzana-svecanost-pod-nazivom-%e2%80%9cmuhammed-je-kruna-neba%e2%80%9d\/","url":"https:\/\/sandzakpress.net\/arhiva\/u-bijelom-polju-odrzana-svecanost-pod-nazivom-%e2%80%9cmuhammed-je-kruna-neba%e2%80%9d\/","name":"U Bijelom Polju odr\u017eana sve\u010danost pod nazivom \u201cMuhammed je kruna neba\u201d","isPartOf":{"@id":"https:\/\/sandzakpress.net\/arhiva\/#website"},"primaryImageOfPage":{"@id":"https:\/\/sandzakpress.net\/arhiva\/u-bijelom-polju-odrzana-svecanost-pod-nazivom-%e2%80%9cmuhammed-je-kruna-neba%e2%80%9d\/#primaryimage"},"image":{"@id":"https:\/\/sandzakpress.net\/arhiva\/u-bijelom-polju-odrzana-svecanost-pod-nazivom-%e2%80%9cmuhammed-je-kruna-neba%e2%80%9d\/#primaryimage"},"thumbnailUrl":"https:\/\/sandzakpress.net\/arhiva\/wp-content\/uploads\/2012\/02\/DSCN0044.jpg","datePublished":"2012-02-06T12:58:55+00:00","breadcrumb":{"@id":"https:\/\/sandzakpress.net\/arhiva\/u-bijelom-polju-odrzana-svecanost-pod-nazivom-%e2%80%9cmuhammed-je-kruna-neba%e2%80%9d\/#breadcrumb"},"inLanguage":"bs-BA","potentialAction":[{"@type":"ReadAction","target":["https:\/\/sandzakpress.net\/arhiva\/u-bijelom-polju-odrzana-svecanost-pod-nazivom-%e2%80%9cmuhammed-je-kruna-neba%e2%80%9d\/"]}]},{"@type":"ImageObject","inLanguage":"bs-BA","@id":"https:\/\/sandzakpress.net\/arhiva\/u-bijelom-polju-odrzana-svecanost-pod-nazivom-%e2%80%9cmuhammed-je-kruna-neba%e2%80%9d\/#primaryimage","url":"https:\/\/sandzakpress.net\/arhiva\/wp-content\/uploads\/2012\/02\/DSCN0044.jpg","contentUrl":"https:\/\/sandzakpress.net\/arhiva\/wp-content\/uploads\/2012\/02\/DSCN0044.jpg","width":616,"height":412},{"@type":"BreadcrumbList","@id":"https:\/\/sandzakpress.net\/arhiva\/u-bijelom-polju-odrzana-svecanost-pod-nazivom-%e2%80%9cmuhammed-je-kruna-neba%e2%80%9d\/#breadcrumb","itemListElement":[{"@type":"ListItem","position":1,"name":"Home","item":"https:\/\/sandzakpress.net\/arhiva\/"},{"@type":"ListItem","position":2,"name":"U Bijelom Polju odr\u017eana sve\u010danost pod nazivom \u201cMuhammed je kruna neba\u201d"}]},{"@type":"WebSite","@id":"https:\/\/sandzakpress.net\/arhiva\/#website","url":"https:\/\/sandzakpress.net\/arhiva\/","name":"Sand\u017eak PRESS","description":"Prve elektronske novine u Sand\u017eaku","publisher":{"@id":"https:\/\/sandzakpress.net\/arhiva\/#\/schema\/person\/6e72b67d6e51910a1117b3b483ba20bd"},"potentialAction":[{"@type":"SearchAction","target":{"@type":"EntryPoint","urlTemplate":"https:\/\/sandzakpress.net\/arhiva\/?s={search_term_string}"},"query-input":{"@type":"PropertyValueSpecification","valueRequired":true,"valueName":"search_term_string"}}],"inLanguage":"bs-BA"},{"@type":["Person","Organization"],"@id":"https:\/\/sandzakpress.net\/arhiva\/#\/schema\/person\/6e72b67d6e51910a1117b3b483ba20bd","name":"Kul","image":{"@type":"ImageObject","inLanguage":"bs-BA","@id":"https:\/\/sandzakpress.net\/arhiva\/#\/schema\/person\/image\/","url":"https:\/\/secure.gravatar.com\/avatar\/42263f39aa27ac04c43cab85c280eb2e?s=96&d=mm&r=pg","contentUrl":"https:\/\/secure.gravatar.com\/avatar\/42263f39aa27ac04c43cab85c280eb2e?s=96&d=mm&r=pg","caption":"Kul"},"logo":{"@id":"https:\/\/sandzakpress.net\/arhiva\/#\/schema\/person\/image\/"}},{"@type":"Person","@id":"","url":"https:\/\/sandzakpress.net\/arhiva\/author\/"}]}},"_links":{"self":[{"href":"https:\/\/sandzakpress.net\/arhiva\/wp-json\/wp\/v2\/posts\/30744"}],"collection":[{"href":"https:\/\/sandzakpress.net\/arhiva\/wp-json\/wp\/v2\/posts"}],"about":[{"href":"https:\/\/sandzakpress.net\/arhiva\/wp-json\/wp\/v2\/types\/post"}],"author":[{"embeddable":true,"href":"https:\/\/sandzakpress.net\/arhiva\/wp-json\/wp\/v2\/users\/14"}],"replies":[{"embeddable":true,"href":"https:\/\/sandzakpress.net\/arhiva\/wp-json\/wp\/v2\/comments?post=30744"}],"version-history":[{"count":0,"href":"https:\/\/sandzakpress.net\/arhiva\/wp-json\/wp\/v2\/posts\/30744\/revisions"}],"wp:featuredmedia":[{"embeddable":true,"href":"https:\/\/sandzakpress.net\/arhiva\/wp-json\/wp\/v2\/media\/30747"}],"wp:attachment":[{"href":"https:\/\/sandzakpress.net\/arhiva\/wp-json\/wp\/v2\/media?parent=30744"}],"wp:term":[{"taxonomy":"category","embeddable":true,"href":"https:\/\/sandzakpress.net\/arhiva\/wp-json\/wp\/v2\/categories?post=30744"},{"taxonomy":"post_tag","embeddable":true,"href":"https:\/\/sandzakpress.net\/arhiva\/wp-json\/wp\/v2\/tags?post=30744"}],"curies":[{"name":"wp","href":"https:\/\/api.w.org\/{rel}","templated":true}]}}