{"id":30356,"date":"2012-02-02T14:29:35","date_gmt":"2012-02-02T13:29:35","guid":{"rendered":"https:\/\/sandzakpress.net\/arhiva\/?p=30356"},"modified":"2012-02-02T16:26:08","modified_gmt":"2012-02-02T15:26:08","slug":"u-opcini-plav-duzni-jos-pet-plata","status":"publish","type":"post","link":"https:\/\/sandzakpress.net\/arhiva\/u-opcini-plav-duzni-jos-pet-plata\/","title":{"rendered":"U op\u0107ini Plav du\u017eni jo\u0161 pet plata"},"content":{"rendered":"<p><strong><a href=\"https:\/\/sandzakpress.net\/arhiva\/wp-content\/uploads\/2012\/02\/images10.jpg\"><img loading=\"lazy\" decoding=\"async\" class=\"alignleft size-full wp-image-30357\" title=\"images\" src=\"https:\/\/sandzakpress.net\/arhiva\/wp-content\/uploads\/2012\/02\/images10.jpg\" alt=\"\" width=\"259\" height=\"194\" \/><\/a>Plav &#8211; Zaposleni u lokalnoj upravi Plava  posljednje dvije zarade primili su krajem decembra pro\u0161le godine, tako  da im je ispla\u0107eno deset zarada tokom 2011, ali im Op\u0107ina Plav duguje  jo\u0161 pet zarada.<\/strong><\/p>\n<p>Sekretar za finansije i privredu Salih \u0160abovi\u0107  obja\u0161njava da je Op\u0107ina u prethodnoj godini izmirila dio plata iz 2010.  godine i time podmirila dug za tu godinu.<\/p>\n<p>\u201eU toku pro\u0161le godine upo\u0161ljenim je ispla\u0107eno deset  zarada, od \u010dega tri iz 2010. i sedam iz 2011. U ovom trenutku duguje im  se jo\u0161 pet plata iz 2011. godine\u201c, kazao je \u0160abovi\u0107. On dodaje, da su u  toku aktivnosti na podizanju kredita koji je nedavno odobrio lokalni  parlament. \u201eRadi se o kreditu od 1.250.000 eura i nadamo se da \u0107emo  tokom sljede\u0107eg mjeseca imati na raspolaganju taj novac\u201c, kazao je  \u0160abovi\u0107, dodaju\u0107i da je kredit namijenjen isplati dugova prema  radnicima, dobavlja\u010dima i izvo\u0111a\u010dima.<\/p>\n<p>\u201eJedan dio opredijeli\u0107emo za isplatu otpremnina za  zaposlene koji su raskinuli radni odnos dobrovoljno, drugi dio na  isplatu zarada zaposlenima, a od kredita je planirana i isplata \u010detiri  neto zaostale zarade. Ostali dio kredita bi\u0107e upotrijebljen za isplatu  dobavlja\u010da i izvo\u0111a\u010da, eksproprijaciju i drugo\u201c, kazao je \u0160abovi\u0107.<\/p>\n<p>Op\u0107ina svojim radnicima u lokalnoj samuopravi ve\u0107  26 mjeseci nije upla\u0107ivala doprinose na zarade. U boljoj situaciji  nijesu ni radnici JU Centar za kulturu kojima doprinosi na zarade nijesu  upla\u0107ivani 28 mjeseci, dok se u najgoroj situaciji nalaze ljudi  upo\u0161ljeni u JKP Plav kojima doprinosi nijesu upla\u0107ivani punih \u0161est  godina.<\/p>\n<p>Izvor: <strong>Sandzak.tv<\/strong><\/p>\n","protected":false},"excerpt":{"rendered":"<p>Plav &#8211; Zaposleni u lokalnoj upravi Plava posljednje dvije zarade primili su krajem decembra pro\u0161le godine, tako da im je ispla\u0107eno deset zarada tokom 2011, ali im Op\u0107ina Plav duguje jo\u0161 pet zarada. Sekretar za finansije i privredu Salih \u0160abovi\u0107 obja\u0161njava da je Op\u0107ina u prethodnoj godini izmirila dio plata iz 2010. godine i time [&hellip;]<\/p>\n","protected":false},"author":13,"featured_media":30357,"comment_status":"open","ping_status":"open","sticky":false,"template":"","format":"standard","meta":{"footnotes":""},"categories":[3,399],"tags":[],"class_list":{"0":"post-30356","1":"post","2":"type-post","3":"status-publish","4":"format-standard","5":"has-post-thumbnail","7":"category-privreda","8":"category-plav_"},"yoast_head":"<!-- This site is optimized with the Yoast SEO Premium plugin v23.1 (Yoast SEO v24.9) - https:\/\/yoast.com\/wordpress\/plugins\/seo\/ -->\n<title>U op\u0107ini Plav du\u017eni jo\u0161 pet plata<\/title>\n<meta name=\"robots\" content=\"index, follow, max-snippet:-1, max-image-preview:large, max-video-preview:-1\" \/>\n<link rel=\"canonical\" href=\"https:\/\/sandzakpress.net\/arhiva\/u-opcini-plav-duzni-jos-pet-plata\/\" \/>\n<meta property=\"og:locale\" content=\"bs_BA\" \/>\n<meta property=\"og:type\" content=\"article\" \/>\n<meta property=\"og:title\" content=\"U op\u0107ini Plav du\u017eni jo\u0161 pet plata\" \/>\n<meta property=\"og:description\" content=\"Plav &#8211; Zaposleni u lokalnoj upravi Plava posljednje dvije zarade primili su krajem decembra pro\u0161le godine, tako da im je ispla\u0107eno deset zarada tokom 2011, ali im Op\u0107ina Plav duguje jo\u0161 pet zarada. Sekretar za finansije i privredu Salih \u0160abovi\u0107 obja\u0161njava da je Op\u0107ina u prethodnoj godini izmirila dio plata iz 2010. godine i time [&hellip;]\" \/>\n<meta property=\"og:url\" content=\"https:\/\/sandzakpress.net\/arhiva\/u-opcini-plav-duzni-jos-pet-plata\/\" \/>\n<meta property=\"og:site_name\" content=\"Sand\u017eak PRESS\" \/>\n<meta property=\"article:published_time\" content=\"2012-02-02T13:29:35+00:00\" \/>\n<meta property=\"article:modified_time\" content=\"2012-02-02T15:26:08+00:00\" \/>\n<meta property=\"og:image\" content=\"https:\/\/sandzakpress.net\/arhiva\/wp-content\/uploads\/2012\/02\/images10.jpg\" \/>\n\t<meta property=\"og:image:width\" content=\"259\" \/>\n\t<meta property=\"og:image:height\" content=\"194\" \/>\n\t<meta property=\"og:image:type\" content=\"image\/jpeg\" \/>\n<meta name=\"twitter:card\" content=\"summary_large_image\" \/>\n<meta name=\"twitter:label1\" content=\"Written by\" \/>\n\t<meta name=\"twitter:data1\" content=\"\" \/>\n\t<meta name=\"twitter:label2\" content=\"Est. reading time\" \/>\n\t<meta name=\"twitter:data2\" content=\"1 minuta\" \/>\n<script type=\"application\/ld+json\" class=\"yoast-schema-graph\">{\"@context\":\"https:\/\/schema.org\",\"@graph\":[{\"@type\":\"Article\",\"@id\":\"https:\/\/sandzakpress.net\/arhiva\/u-opcini-plav-duzni-jos-pet-plata\/#article\",\"isPartOf\":{\"@id\":\"https:\/\/sandzakpress.net\/arhiva\/u-opcini-plav-duzni-jos-pet-plata\/\"},\"author\":{\"name\":\"\",\"@id\":\"\"},\"headline\":\"U op\u0107ini Plav du\u017eni jo\u0161 pet plata\",\"datePublished\":\"2012-02-02T13:29:35+00:00\",\"dateModified\":\"2012-02-02T15:26:08+00:00\",\"mainEntityOfPage\":{\"@id\":\"https:\/\/sandzakpress.net\/arhiva\/u-opcini-plav-duzni-jos-pet-plata\/\"},\"wordCount\":268,\"commentCount\":0,\"publisher\":{\"@id\":\"https:\/\/sandzakpress.net\/arhiva\/#\/schema\/person\/6e72b67d6e51910a1117b3b483ba20bd\"},\"image\":{\"@id\":\"https:\/\/sandzakpress.net\/arhiva\/u-opcini-plav-duzni-jos-pet-plata\/#primaryimage\"},\"thumbnailUrl\":\"https:\/\/sandzakpress.net\/arhiva\/wp-content\/uploads\/2012\/02\/images10.jpg\",\"articleSection\":[\"Privreda\",\"Plav\"],\"inLanguage\":\"bs-BA\",\"potentialAction\":[{\"@type\":\"CommentAction\",\"name\":\"Comment\",\"target\":[\"https:\/\/sandzakpress.net\/arhiva\/u-opcini-plav-duzni-jos-pet-plata\/#respond\"]}]},{\"@type\":\"WebPage\",\"@id\":\"https:\/\/sandzakpress.net\/arhiva\/u-opcini-plav-duzni-jos-pet-plata\/\",\"url\":\"https:\/\/sandzakpress.net\/arhiva\/u-opcini-plav-duzni-jos-pet-plata\/\",\"name\":\"U op\u0107ini Plav du\u017eni jo\u0161 pet plata\",\"isPartOf\":{\"@id\":\"https:\/\/sandzakpress.net\/arhiva\/#website\"},\"primaryImageOfPage\":{\"@id\":\"https:\/\/sandzakpress.net\/arhiva\/u-opcini-plav-duzni-jos-pet-plata\/#primaryimage\"},\"image\":{\"@id\":\"https:\/\/sandzakpress.net\/arhiva\/u-opcini-plav-duzni-jos-pet-plata\/#primaryimage\"},\"thumbnailUrl\":\"https:\/\/sandzakpress.net\/arhiva\/wp-content\/uploads\/2012\/02\/images10.jpg\",\"datePublished\":\"2012-02-02T13:29:35+00:00\",\"dateModified\":\"2012-02-02T15:26:08+00:00\",\"breadcrumb\":{\"@id\":\"https:\/\/sandzakpress.net\/arhiva\/u-opcini-plav-duzni-jos-pet-plata\/#breadcrumb\"},\"inLanguage\":\"bs-BA\",\"potentialAction\":[{\"@type\":\"ReadAction\",\"target\":[\"https:\/\/sandzakpress.net\/arhiva\/u-opcini-plav-duzni-jos-pet-plata\/\"]}]},{\"@type\":\"ImageObject\",\"inLanguage\":\"bs-BA\",\"@id\":\"https:\/\/sandzakpress.net\/arhiva\/u-opcini-plav-duzni-jos-pet-plata\/#primaryimage\",\"url\":\"https:\/\/sandzakpress.net\/arhiva\/wp-content\/uploads\/2012\/02\/images10.jpg\",\"contentUrl\":\"https:\/\/sandzakpress.net\/arhiva\/wp-content\/uploads\/2012\/02\/images10.jpg\",\"width\":259,\"height\":194},{\"@type\":\"BreadcrumbList\",\"@id\":\"https:\/\/sandzakpress.net\/arhiva\/u-opcini-plav-duzni-jos-pet-plata\/#breadcrumb\",\"itemListElement\":[{\"@type\":\"ListItem\",\"position\":1,\"name\":\"Home\",\"item\":\"https:\/\/sandzakpress.net\/arhiva\/\"},{\"@type\":\"ListItem\",\"position\":2,\"name\":\"U op\u0107ini Plav du\u017eni jo\u0161 pet plata\"}]},{\"@type\":\"WebSite\",\"@id\":\"https:\/\/sandzakpress.net\/arhiva\/#website\",\"url\":\"https:\/\/sandzakpress.net\/arhiva\/\",\"name\":\"Sand\u017eak PRESS\",\"description\":\"Prve elektronske novine u Sand\u017eaku\",\"publisher\":{\"@id\":\"https:\/\/sandzakpress.net\/arhiva\/#\/schema\/person\/6e72b67d6e51910a1117b3b483ba20bd\"},\"potentialAction\":[{\"@type\":\"SearchAction\",\"target\":{\"@type\":\"EntryPoint\",\"urlTemplate\":\"https:\/\/sandzakpress.net\/arhiva\/?s={search_term_string}\"},\"query-input\":{\"@type\":\"PropertyValueSpecification\",\"valueRequired\":true,\"valueName\":\"search_term_string\"}}],\"inLanguage\":\"bs-BA\"},{\"@type\":[\"Person\",\"Organization\"],\"@id\":\"https:\/\/sandzakpress.net\/arhiva\/#\/schema\/person\/6e72b67d6e51910a1117b3b483ba20bd\",\"name\":\"Kul\",\"image\":{\"@type\":\"ImageObject\",\"inLanguage\":\"bs-BA\",\"@id\":\"https:\/\/sandzakpress.net\/arhiva\/#\/schema\/person\/image\/\",\"url\":\"https:\/\/secure.gravatar.com\/avatar\/42263f39aa27ac04c43cab85c280eb2e?s=96&d=mm&r=pg\",\"contentUrl\":\"https:\/\/secure.gravatar.com\/avatar\/42263f39aa27ac04c43cab85c280eb2e?s=96&d=mm&r=pg\",\"caption\":\"Kul\"},\"logo\":{\"@id\":\"https:\/\/sandzakpress.net\/arhiva\/#\/schema\/person\/image\/\"}},{\"@type\":\"Person\",\"@id\":\"\",\"url\":\"https:\/\/sandzakpress.net\/arhiva\/author\/\"}]}<\/script>\n<!-- \/ Yoast SEO Premium plugin. -->","yoast_head_json":{"title":"U op\u0107ini Plav du\u017eni jo\u0161 pet plata","robots":{"index":"index","follow":"follow","max-snippet":"max-snippet:-1","max-image-preview":"max-image-preview:large","max-video-preview":"max-video-preview:-1"},"canonical":"https:\/\/sandzakpress.net\/arhiva\/u-opcini-plav-duzni-jos-pet-plata\/","og_locale":"bs_BA","og_type":"article","og_title":"U op\u0107ini Plav du\u017eni jo\u0161 pet plata","og_description":"Plav &#8211; Zaposleni u lokalnoj upravi Plava posljednje dvije zarade primili su krajem decembra pro\u0161le godine, tako da im je ispla\u0107eno deset zarada tokom 2011, ali im Op\u0107ina Plav duguje jo\u0161 pet zarada. Sekretar za finansije i privredu Salih \u0160abovi\u0107 obja\u0161njava da je Op\u0107ina u prethodnoj godini izmirila dio plata iz 2010. godine i time [&hellip;]","og_url":"https:\/\/sandzakpress.net\/arhiva\/u-opcini-plav-duzni-jos-pet-plata\/","og_site_name":"Sand\u017eak PRESS","article_published_time":"2012-02-02T13:29:35+00:00","article_modified_time":"2012-02-02T15:26:08+00:00","og_image":[{"width":259,"height":194,"url":"https:\/\/sandzakpress.net\/arhiva\/wp-content\/uploads\/2012\/02\/images10.jpg","type":"image\/jpeg"}],"twitter_card":"summary_large_image","twitter_misc":{"Written by":"","Est. reading time":"1 minuta"},"schema":{"@context":"https:\/\/schema.org","@graph":[{"@type":"Article","@id":"https:\/\/sandzakpress.net\/arhiva\/u-opcini-plav-duzni-jos-pet-plata\/#article","isPartOf":{"@id":"https:\/\/sandzakpress.net\/arhiva\/u-opcini-plav-duzni-jos-pet-plata\/"},"author":{"name":"","@id":""},"headline":"U op\u0107ini Plav du\u017eni jo\u0161 pet plata","datePublished":"2012-02-02T13:29:35+00:00","dateModified":"2012-02-02T15:26:08+00:00","mainEntityOfPage":{"@id":"https:\/\/sandzakpress.net\/arhiva\/u-opcini-plav-duzni-jos-pet-plata\/"},"wordCount":268,"commentCount":0,"publisher":{"@id":"https:\/\/sandzakpress.net\/arhiva\/#\/schema\/person\/6e72b67d6e51910a1117b3b483ba20bd"},"image":{"@id":"https:\/\/sandzakpress.net\/arhiva\/u-opcini-plav-duzni-jos-pet-plata\/#primaryimage"},"thumbnailUrl":"https:\/\/sandzakpress.net\/arhiva\/wp-content\/uploads\/2012\/02\/images10.jpg","articleSection":["Privreda","Plav"],"inLanguage":"bs-BA","potentialAction":[{"@type":"CommentAction","name":"Comment","target":["https:\/\/sandzakpress.net\/arhiva\/u-opcini-plav-duzni-jos-pet-plata\/#respond"]}]},{"@type":"WebPage","@id":"https:\/\/sandzakpress.net\/arhiva\/u-opcini-plav-duzni-jos-pet-plata\/","url":"https:\/\/sandzakpress.net\/arhiva\/u-opcini-plav-duzni-jos-pet-plata\/","name":"U op\u0107ini Plav du\u017eni jo\u0161 pet plata","isPartOf":{"@id":"https:\/\/sandzakpress.net\/arhiva\/#website"},"primaryImageOfPage":{"@id":"https:\/\/sandzakpress.net\/arhiva\/u-opcini-plav-duzni-jos-pet-plata\/#primaryimage"},"image":{"@id":"https:\/\/sandzakpress.net\/arhiva\/u-opcini-plav-duzni-jos-pet-plata\/#primaryimage"},"thumbnailUrl":"https:\/\/sandzakpress.net\/arhiva\/wp-content\/uploads\/2012\/02\/images10.jpg","datePublished":"2012-02-02T13:29:35+00:00","dateModified":"2012-02-02T15:26:08+00:00","breadcrumb":{"@id":"https:\/\/sandzakpress.net\/arhiva\/u-opcini-plav-duzni-jos-pet-plata\/#breadcrumb"},"inLanguage":"bs-BA","potentialAction":[{"@type":"ReadAction","target":["https:\/\/sandzakpress.net\/arhiva\/u-opcini-plav-duzni-jos-pet-plata\/"]}]},{"@type":"ImageObject","inLanguage":"bs-BA","@id":"https:\/\/sandzakpress.net\/arhiva\/u-opcini-plav-duzni-jos-pet-plata\/#primaryimage","url":"https:\/\/sandzakpress.net\/arhiva\/wp-content\/uploads\/2012\/02\/images10.jpg","contentUrl":"https:\/\/sandzakpress.net\/arhiva\/wp-content\/uploads\/2012\/02\/images10.jpg","width":259,"height":194},{"@type":"BreadcrumbList","@id":"https:\/\/sandzakpress.net\/arhiva\/u-opcini-plav-duzni-jos-pet-plata\/#breadcrumb","itemListElement":[{"@type":"ListItem","position":1,"name":"Home","item":"https:\/\/sandzakpress.net\/arhiva\/"},{"@type":"ListItem","position":2,"name":"U op\u0107ini Plav du\u017eni jo\u0161 pet plata"}]},{"@type":"WebSite","@id":"https:\/\/sandzakpress.net\/arhiva\/#website","url":"https:\/\/sandzakpress.net\/arhiva\/","name":"Sand\u017eak PRESS","description":"Prve elektronske novine u Sand\u017eaku","publisher":{"@id":"https:\/\/sandzakpress.net\/arhiva\/#\/schema\/person\/6e72b67d6e51910a1117b3b483ba20bd"},"potentialAction":[{"@type":"SearchAction","target":{"@type":"EntryPoint","urlTemplate":"https:\/\/sandzakpress.net\/arhiva\/?s={search_term_string}"},"query-input":{"@type":"PropertyValueSpecification","valueRequired":true,"valueName":"search_term_string"}}],"inLanguage":"bs-BA"},{"@type":["Person","Organization"],"@id":"https:\/\/sandzakpress.net\/arhiva\/#\/schema\/person\/6e72b67d6e51910a1117b3b483ba20bd","name":"Kul","image":{"@type":"ImageObject","inLanguage":"bs-BA","@id":"https:\/\/sandzakpress.net\/arhiva\/#\/schema\/person\/image\/","url":"https:\/\/secure.gravatar.com\/avatar\/42263f39aa27ac04c43cab85c280eb2e?s=96&d=mm&r=pg","contentUrl":"https:\/\/secure.gravatar.com\/avatar\/42263f39aa27ac04c43cab85c280eb2e?s=96&d=mm&r=pg","caption":"Kul"},"logo":{"@id":"https:\/\/sandzakpress.net\/arhiva\/#\/schema\/person\/image\/"}},{"@type":"Person","@id":"","url":"https:\/\/sandzakpress.net\/arhiva\/author\/"}]}},"_links":{"self":[{"href":"https:\/\/sandzakpress.net\/arhiva\/wp-json\/wp\/v2\/posts\/30356"}],"collection":[{"href":"https:\/\/sandzakpress.net\/arhiva\/wp-json\/wp\/v2\/posts"}],"about":[{"href":"https:\/\/sandzakpress.net\/arhiva\/wp-json\/wp\/v2\/types\/post"}],"author":[{"embeddable":true,"href":"https:\/\/sandzakpress.net\/arhiva\/wp-json\/wp\/v2\/users\/13"}],"replies":[{"embeddable":true,"href":"https:\/\/sandzakpress.net\/arhiva\/wp-json\/wp\/v2\/comments?post=30356"}],"version-history":[{"count":0,"href":"https:\/\/sandzakpress.net\/arhiva\/wp-json\/wp\/v2\/posts\/30356\/revisions"}],"wp:featuredmedia":[{"embeddable":true,"href":"https:\/\/sandzakpress.net\/arhiva\/wp-json\/wp\/v2\/media\/30357"}],"wp:attachment":[{"href":"https:\/\/sandzakpress.net\/arhiva\/wp-json\/wp\/v2\/media?parent=30356"}],"wp:term":[{"taxonomy":"category","embeddable":true,"href":"https:\/\/sandzakpress.net\/arhiva\/wp-json\/wp\/v2\/categories?post=30356"},{"taxonomy":"post_tag","embeddable":true,"href":"https:\/\/sandzakpress.net\/arhiva\/wp-json\/wp\/v2\/tags?post=30356"}],"curies":[{"name":"wp","href":"https:\/\/api.w.org\/{rel}","templated":true}]}}