{"id":30338,"date":"2012-02-02T14:15:56","date_gmt":"2012-02-02T13:15:56","guid":{"rendered":"https:\/\/sandzakpress.net\/arhiva\/?p=30338"},"modified":"2012-02-02T14:15:56","modified_gmt":"2012-02-02T13:15:56","slug":"srednje-obrazovanje-ne-postaje-obavezno","status":"publish","type":"post","link":"https:\/\/sandzakpress.net\/arhiva\/srednje-obrazovanje-ne-postaje-obavezno\/","title":{"rendered":"Srednje obrazovanje ne postaje obavezno"},"content":{"rendered":"<p><strong><a href=\"https:\/\/sandzakpress.net\/arhiva\/wp-content\/uploads\/2012\/02\/images9.jpg\"><img loading=\"lazy\" decoding=\"async\" class=\"alignleft size-full wp-image-30347\" title=\"images\" src=\"https:\/\/sandzakpress.net\/arhiva\/wp-content\/uploads\/2012\/02\/images9.jpg\" alt=\"\" width=\"259\" height=\"194\" \/><\/a>Sjeverni Sand\u017eak &#8211; Za u\u010denika koji bude polagao popravni ispit, \u0161kola \u0107e biti obavezna da  organizuje pripremni rad i to najmanje 10 odsto \u010dasova, od ukupnog  godi\u0161njeg fonda \u010dasova iz tog predmeta, predvi\u0111eno je novim Vladinim  predlogom zakona o srednjem obrazovanju.<\/strong><\/p>\n<p>Iako su pojedini mediji  pisali da \u0107e novim propisima srednje obrazovanje postati obavezno,  pomo\u0107nik ministra prosvjete Zoran Kosti\u0107, kazao je agenciji Beta da to u  ovom trenutku nije mogu\u0107e, po\u0161to Ustav Srbije to ne predvi\u0111a.<\/p>\n<p>Novim  zakonskim prijedlogom uvodi se i priprema za maturske ispite. \u0160kola je  treba da organizuje pripremu u obimu najmanje pet odsto od ukupnog broja  \u010dasova iz predmeta iz koga se polaze op\u0161ta, stru\u010dna i umjetni\u010dka matura,  odnosno zavr\u0161ni ispit.<\/p>\n<p>Programi maturskih ispita treba da budu doneti do kraja \u0161kolske 2013\/2014. godine.<\/p>\n<p>Kosti\u0107  je naveo da \u0107e u novom zakonu o srednjoj \u0161koli biti zadr\u017eana sva  re\u0161enja iz va\u017ee\u0107eg zakona koja su se u praksi pokazala kao dobra.<\/p>\n<p>&#8220;Zadr\u017eana  su rje\u0161enja koja defini\u0161u broj i du\u017einu trajanja \u010dasa &#8211; u gimnaziji do  31 \u010das nastave sedmi\u010dno, u stru\u010dnoj i umjetni\u010dkoj \u0161koli do 33, osim u  \u0161koli koja ostvaruje programe baletskog obrazovanja, gdje u\u010denik mo\u017ee da  ima do 41 \u010das. I dalje \u0107e \u010das<br \/>\nteorijske nastave i ve\u017ebi trajati 45 minuta, a prakti\u010dne nastave 60 minuta&#8221;, objasnio je Kosti\u0107.<\/p>\n<p>Zadr\u017eano  je i rje\u0161enje da u odeljenju mo\u017ee biti do 30 u\u010denika, \u0161to je u skladu sa  programom racionalizacije, ali i predstoje\u0107im prelaskom na sistem  finansiranja ustanova po glavi u\u010denika, koji prema odredbama Zakona o  osnovama sistema obrazovanja i vaspitanja<br \/>\npo\u010dinje od \u0161kolske 2014\/2015. godine.<\/p>\n<p>Pomo\u0107nik ministra naveo je da \u0107e pomenuti broj \u0111aka biti smanjen, ukoliko se u odeljenju nalaze u\u010denici sa smetnjama u razvoju.<\/p>\n<p>U  Nacrtu zakona o srednjoj \u0161koli nisu menjana ni postje\u0107a rje\u0161enja kada je  rije\u010d o upisu u\u010denika u prvi razred srednje \u0161kole. Novina je da \u0107e  srednje \u0161kole, preko \u0161kolskih uprava, do 31. decembra predlagati  Ministarstvu broj u\u010denika za upis.<\/p>\n<p>Ministarstvo treba da donese  odluku o broju u\u010denika za upis u srednje \u0161kole do 31. marta, a da do 1.  maja raspi\u0161e zajedni\u010dki konkurs za sve \u0161kole \u010diji je osniva\u010d Republika,  Autonomna pokrajina Vojvodina i jedinica lokalne samouprave.<\/p>\n<p>Kosti\u0107  isti\u010de da je u saradnji sa Poverenikom za informacije od javnog zna\u010daja  i za\u0161titu podataka o li\u010dnosti ure\u0111ena evidencija u skladu sa Zakonom o  za\u0161titi podataka o li\u010dnosti.<\/p>\n<p>&#8220;Propisano je da \u0161kola vodi  evidenciju o u\u010denicima, uspjehu u\u010denika, ispitima, obrazovno-vaspitnom i  vaspitnom radu i zaposlenima. Evidencije u \u0161koli se vode elektronski, u  okviru jedinstvenog informacionog sistema prosvjete i na obrascima&#8221;,  kazao je Kosti\u0107.<\/p>\n<p>Prijedlog zakona stigao je skup\u0161tinku proceduru i trebalo bi da bude usvojen po hitnom postupku.<\/p>\n<p>Izvor:<strong> RadioStoPlus.com<\/strong><\/p>\n","protected":false},"excerpt":{"rendered":"<p>Sjeverni Sand\u017eak &#8211; Za u\u010denika koji bude polagao popravni ispit, \u0161kola \u0107e biti obavezna da organizuje pripremni rad i to najmanje 10 odsto \u010dasova, od ukupnog godi\u0161njeg fonda \u010dasova iz tog predmeta, predvi\u0111eno je novim Vladinim predlogom zakona o srednjem obrazovanju. Iako su pojedini mediji pisali da \u0107e novim propisima srednje obrazovanje postati obavezno, pomo\u0107nik [&hellip;]<\/p>\n","protected":false},"author":13,"featured_media":30347,"comment_status":"open","ping_status":"open","sticky":false,"template":"","format":"standard","meta":{"footnotes":""},"categories":[72,52,327,392,393,4,394],"tags":[],"class_list":{"0":"post-30338","1":"post","2":"type-post","3":"status-publish","4":"format-standard","5":"has-post-thumbnail","7":"category-novi-pazar","8":"category-sjenica","9":"category-tutin","10":"category-prijepolje_","11":"category-priboj","12":"category-obrazovanje","13":"category-nova-varos"},"yoast_head":"<!-- This site is optimized with the Yoast SEO Premium plugin v23.1 (Yoast SEO v24.9) - https:\/\/yoast.com\/wordpress\/plugins\/seo\/ -->\n<title>Srednje obrazovanje ne postaje obavezno<\/title>\n<meta name=\"robots\" content=\"index, follow, max-snippet:-1, max-image-preview:large, max-video-preview:-1\" \/>\n<link rel=\"canonical\" href=\"https:\/\/sandzakpress.net\/arhiva\/srednje-obrazovanje-ne-postaje-obavezno\/\" \/>\n<meta property=\"og:locale\" content=\"bs_BA\" \/>\n<meta property=\"og:type\" content=\"article\" \/>\n<meta property=\"og:title\" content=\"Srednje obrazovanje ne postaje obavezno\" \/>\n<meta property=\"og:description\" content=\"Sjeverni Sand\u017eak &#8211; Za u\u010denika koji bude polagao popravni ispit, \u0161kola \u0107e biti obavezna da organizuje pripremni rad i to najmanje 10 odsto \u010dasova, od ukupnog godi\u0161njeg fonda \u010dasova iz tog predmeta, predvi\u0111eno je novim Vladinim predlogom zakona o srednjem obrazovanju. Iako su pojedini mediji pisali da \u0107e novim propisima srednje obrazovanje postati obavezno, pomo\u0107nik [&hellip;]\" \/>\n<meta property=\"og:url\" content=\"https:\/\/sandzakpress.net\/arhiva\/srednje-obrazovanje-ne-postaje-obavezno\/\" \/>\n<meta property=\"og:site_name\" content=\"Sand\u017eak PRESS\" \/>\n<meta property=\"article:published_time\" content=\"2012-02-02T13:15:56+00:00\" \/>\n<meta property=\"og:image\" content=\"https:\/\/sandzakpress.net\/arhiva\/wp-content\/uploads\/2012\/02\/images9.jpg\" \/>\n\t<meta property=\"og:image:width\" content=\"259\" \/>\n\t<meta property=\"og:image:height\" content=\"194\" \/>\n\t<meta property=\"og:image:type\" content=\"image\/jpeg\" \/>\n<meta name=\"twitter:card\" content=\"summary_large_image\" \/>\n<meta name=\"twitter:label1\" content=\"Written by\" \/>\n\t<meta name=\"twitter:data1\" content=\"\" \/>\n\t<meta name=\"twitter:label2\" content=\"Est. reading time\" \/>\n\t<meta name=\"twitter:data2\" content=\"2 minute\" \/>\n<script type=\"application\/ld+json\" class=\"yoast-schema-graph\">{\"@context\":\"https:\/\/schema.org\",\"@graph\":[{\"@type\":\"Article\",\"@id\":\"https:\/\/sandzakpress.net\/arhiva\/srednje-obrazovanje-ne-postaje-obavezno\/#article\",\"isPartOf\":{\"@id\":\"https:\/\/sandzakpress.net\/arhiva\/srednje-obrazovanje-ne-postaje-obavezno\/\"},\"author\":{\"name\":\"\",\"@id\":\"\"},\"headline\":\"Srednje obrazovanje ne postaje obavezno\",\"datePublished\":\"2012-02-02T13:15:56+00:00\",\"mainEntityOfPage\":{\"@id\":\"https:\/\/sandzakpress.net\/arhiva\/srednje-obrazovanje-ne-postaje-obavezno\/\"},\"wordCount\":485,\"commentCount\":0,\"publisher\":{\"@id\":\"https:\/\/sandzakpress.net\/arhiva\/#\/schema\/person\/6e72b67d6e51910a1117b3b483ba20bd\"},\"image\":{\"@id\":\"https:\/\/sandzakpress.net\/arhiva\/srednje-obrazovanje-ne-postaje-obavezno\/#primaryimage\"},\"thumbnailUrl\":\"https:\/\/sandzakpress.net\/arhiva\/wp-content\/uploads\/2012\/02\/images9.jpg\",\"articleSection\":[\"Novi Pazar\",\"Sjenica\",\"Tutin\",\"Prijepolje\",\"Priboj\",\"Obrazovanje\",\"Nova Varo\u0161\"],\"inLanguage\":\"bs-BA\",\"potentialAction\":[{\"@type\":\"CommentAction\",\"name\":\"Comment\",\"target\":[\"https:\/\/sandzakpress.net\/arhiva\/srednje-obrazovanje-ne-postaje-obavezno\/#respond\"]}]},{\"@type\":\"WebPage\",\"@id\":\"https:\/\/sandzakpress.net\/arhiva\/srednje-obrazovanje-ne-postaje-obavezno\/\",\"url\":\"https:\/\/sandzakpress.net\/arhiva\/srednje-obrazovanje-ne-postaje-obavezno\/\",\"name\":\"Srednje obrazovanje ne postaje obavezno\",\"isPartOf\":{\"@id\":\"https:\/\/sandzakpress.net\/arhiva\/#website\"},\"primaryImageOfPage\":{\"@id\":\"https:\/\/sandzakpress.net\/arhiva\/srednje-obrazovanje-ne-postaje-obavezno\/#primaryimage\"},\"image\":{\"@id\":\"https:\/\/sandzakpress.net\/arhiva\/srednje-obrazovanje-ne-postaje-obavezno\/#primaryimage\"},\"thumbnailUrl\":\"https:\/\/sandzakpress.net\/arhiva\/wp-content\/uploads\/2012\/02\/images9.jpg\",\"datePublished\":\"2012-02-02T13:15:56+00:00\",\"breadcrumb\":{\"@id\":\"https:\/\/sandzakpress.net\/arhiva\/srednje-obrazovanje-ne-postaje-obavezno\/#breadcrumb\"},\"inLanguage\":\"bs-BA\",\"potentialAction\":[{\"@type\":\"ReadAction\",\"target\":[\"https:\/\/sandzakpress.net\/arhiva\/srednje-obrazovanje-ne-postaje-obavezno\/\"]}]},{\"@type\":\"ImageObject\",\"inLanguage\":\"bs-BA\",\"@id\":\"https:\/\/sandzakpress.net\/arhiva\/srednje-obrazovanje-ne-postaje-obavezno\/#primaryimage\",\"url\":\"https:\/\/sandzakpress.net\/arhiva\/wp-content\/uploads\/2012\/02\/images9.jpg\",\"contentUrl\":\"https:\/\/sandzakpress.net\/arhiva\/wp-content\/uploads\/2012\/02\/images9.jpg\",\"width\":259,\"height\":194},{\"@type\":\"BreadcrumbList\",\"@id\":\"https:\/\/sandzakpress.net\/arhiva\/srednje-obrazovanje-ne-postaje-obavezno\/#breadcrumb\",\"itemListElement\":[{\"@type\":\"ListItem\",\"position\":1,\"name\":\"Home\",\"item\":\"https:\/\/sandzakpress.net\/arhiva\/\"},{\"@type\":\"ListItem\",\"position\":2,\"name\":\"Srednje obrazovanje ne postaje obavezno\"}]},{\"@type\":\"WebSite\",\"@id\":\"https:\/\/sandzakpress.net\/arhiva\/#website\",\"url\":\"https:\/\/sandzakpress.net\/arhiva\/\",\"name\":\"Sand\u017eak PRESS\",\"description\":\"Prve elektronske novine u Sand\u017eaku\",\"publisher\":{\"@id\":\"https:\/\/sandzakpress.net\/arhiva\/#\/schema\/person\/6e72b67d6e51910a1117b3b483ba20bd\"},\"potentialAction\":[{\"@type\":\"SearchAction\",\"target\":{\"@type\":\"EntryPoint\",\"urlTemplate\":\"https:\/\/sandzakpress.net\/arhiva\/?s={search_term_string}\"},\"query-input\":{\"@type\":\"PropertyValueSpecification\",\"valueRequired\":true,\"valueName\":\"search_term_string\"}}],\"inLanguage\":\"bs-BA\"},{\"@type\":[\"Person\",\"Organization\"],\"@id\":\"https:\/\/sandzakpress.net\/arhiva\/#\/schema\/person\/6e72b67d6e51910a1117b3b483ba20bd\",\"name\":\"Kul\",\"image\":{\"@type\":\"ImageObject\",\"inLanguage\":\"bs-BA\",\"@id\":\"https:\/\/sandzakpress.net\/arhiva\/#\/schema\/person\/image\/\",\"url\":\"https:\/\/secure.gravatar.com\/avatar\/42263f39aa27ac04c43cab85c280eb2e?s=96&d=mm&r=pg\",\"contentUrl\":\"https:\/\/secure.gravatar.com\/avatar\/42263f39aa27ac04c43cab85c280eb2e?s=96&d=mm&r=pg\",\"caption\":\"Kul\"},\"logo\":{\"@id\":\"https:\/\/sandzakpress.net\/arhiva\/#\/schema\/person\/image\/\"}},{\"@type\":\"Person\",\"@id\":\"\",\"url\":\"https:\/\/sandzakpress.net\/arhiva\/author\/\"}]}<\/script>\n<!-- \/ Yoast SEO Premium plugin. -->","yoast_head_json":{"title":"Srednje obrazovanje ne postaje obavezno","robots":{"index":"index","follow":"follow","max-snippet":"max-snippet:-1","max-image-preview":"max-image-preview:large","max-video-preview":"max-video-preview:-1"},"canonical":"https:\/\/sandzakpress.net\/arhiva\/srednje-obrazovanje-ne-postaje-obavezno\/","og_locale":"bs_BA","og_type":"article","og_title":"Srednje obrazovanje ne postaje obavezno","og_description":"Sjeverni Sand\u017eak &#8211; Za u\u010denika koji bude polagao popravni ispit, \u0161kola \u0107e biti obavezna da organizuje pripremni rad i to najmanje 10 odsto \u010dasova, od ukupnog godi\u0161njeg fonda \u010dasova iz tog predmeta, predvi\u0111eno je novim Vladinim predlogom zakona o srednjem obrazovanju. Iako su pojedini mediji pisali da \u0107e novim propisima srednje obrazovanje postati obavezno, pomo\u0107nik [&hellip;]","og_url":"https:\/\/sandzakpress.net\/arhiva\/srednje-obrazovanje-ne-postaje-obavezno\/","og_site_name":"Sand\u017eak PRESS","article_published_time":"2012-02-02T13:15:56+00:00","og_image":[{"width":259,"height":194,"url":"https:\/\/sandzakpress.net\/arhiva\/wp-content\/uploads\/2012\/02\/images9.jpg","type":"image\/jpeg"}],"twitter_card":"summary_large_image","twitter_misc":{"Written by":"","Est. reading time":"2 minute"},"schema":{"@context":"https:\/\/schema.org","@graph":[{"@type":"Article","@id":"https:\/\/sandzakpress.net\/arhiva\/srednje-obrazovanje-ne-postaje-obavezno\/#article","isPartOf":{"@id":"https:\/\/sandzakpress.net\/arhiva\/srednje-obrazovanje-ne-postaje-obavezno\/"},"author":{"name":"","@id":""},"headline":"Srednje obrazovanje ne postaje obavezno","datePublished":"2012-02-02T13:15:56+00:00","mainEntityOfPage":{"@id":"https:\/\/sandzakpress.net\/arhiva\/srednje-obrazovanje-ne-postaje-obavezno\/"},"wordCount":485,"commentCount":0,"publisher":{"@id":"https:\/\/sandzakpress.net\/arhiva\/#\/schema\/person\/6e72b67d6e51910a1117b3b483ba20bd"},"image":{"@id":"https:\/\/sandzakpress.net\/arhiva\/srednje-obrazovanje-ne-postaje-obavezno\/#primaryimage"},"thumbnailUrl":"https:\/\/sandzakpress.net\/arhiva\/wp-content\/uploads\/2012\/02\/images9.jpg","articleSection":["Novi Pazar","Sjenica","Tutin","Prijepolje","Priboj","Obrazovanje","Nova Varo\u0161"],"inLanguage":"bs-BA","potentialAction":[{"@type":"CommentAction","name":"Comment","target":["https:\/\/sandzakpress.net\/arhiva\/srednje-obrazovanje-ne-postaje-obavezno\/#respond"]}]},{"@type":"WebPage","@id":"https:\/\/sandzakpress.net\/arhiva\/srednje-obrazovanje-ne-postaje-obavezno\/","url":"https:\/\/sandzakpress.net\/arhiva\/srednje-obrazovanje-ne-postaje-obavezno\/","name":"Srednje obrazovanje ne postaje obavezno","isPartOf":{"@id":"https:\/\/sandzakpress.net\/arhiva\/#website"},"primaryImageOfPage":{"@id":"https:\/\/sandzakpress.net\/arhiva\/srednje-obrazovanje-ne-postaje-obavezno\/#primaryimage"},"image":{"@id":"https:\/\/sandzakpress.net\/arhiva\/srednje-obrazovanje-ne-postaje-obavezno\/#primaryimage"},"thumbnailUrl":"https:\/\/sandzakpress.net\/arhiva\/wp-content\/uploads\/2012\/02\/images9.jpg","datePublished":"2012-02-02T13:15:56+00:00","breadcrumb":{"@id":"https:\/\/sandzakpress.net\/arhiva\/srednje-obrazovanje-ne-postaje-obavezno\/#breadcrumb"},"inLanguage":"bs-BA","potentialAction":[{"@type":"ReadAction","target":["https:\/\/sandzakpress.net\/arhiva\/srednje-obrazovanje-ne-postaje-obavezno\/"]}]},{"@type":"ImageObject","inLanguage":"bs-BA","@id":"https:\/\/sandzakpress.net\/arhiva\/srednje-obrazovanje-ne-postaje-obavezno\/#primaryimage","url":"https:\/\/sandzakpress.net\/arhiva\/wp-content\/uploads\/2012\/02\/images9.jpg","contentUrl":"https:\/\/sandzakpress.net\/arhiva\/wp-content\/uploads\/2012\/02\/images9.jpg","width":259,"height":194},{"@type":"BreadcrumbList","@id":"https:\/\/sandzakpress.net\/arhiva\/srednje-obrazovanje-ne-postaje-obavezno\/#breadcrumb","itemListElement":[{"@type":"ListItem","position":1,"name":"Home","item":"https:\/\/sandzakpress.net\/arhiva\/"},{"@type":"ListItem","position":2,"name":"Srednje obrazovanje ne postaje obavezno"}]},{"@type":"WebSite","@id":"https:\/\/sandzakpress.net\/arhiva\/#website","url":"https:\/\/sandzakpress.net\/arhiva\/","name":"Sand\u017eak PRESS","description":"Prve elektronske novine u Sand\u017eaku","publisher":{"@id":"https:\/\/sandzakpress.net\/arhiva\/#\/schema\/person\/6e72b67d6e51910a1117b3b483ba20bd"},"potentialAction":[{"@type":"SearchAction","target":{"@type":"EntryPoint","urlTemplate":"https:\/\/sandzakpress.net\/arhiva\/?s={search_term_string}"},"query-input":{"@type":"PropertyValueSpecification","valueRequired":true,"valueName":"search_term_string"}}],"inLanguage":"bs-BA"},{"@type":["Person","Organization"],"@id":"https:\/\/sandzakpress.net\/arhiva\/#\/schema\/person\/6e72b67d6e51910a1117b3b483ba20bd","name":"Kul","image":{"@type":"ImageObject","inLanguage":"bs-BA","@id":"https:\/\/sandzakpress.net\/arhiva\/#\/schema\/person\/image\/","url":"https:\/\/secure.gravatar.com\/avatar\/42263f39aa27ac04c43cab85c280eb2e?s=96&d=mm&r=pg","contentUrl":"https:\/\/secure.gravatar.com\/avatar\/42263f39aa27ac04c43cab85c280eb2e?s=96&d=mm&r=pg","caption":"Kul"},"logo":{"@id":"https:\/\/sandzakpress.net\/arhiva\/#\/schema\/person\/image\/"}},{"@type":"Person","@id":"","url":"https:\/\/sandzakpress.net\/arhiva\/author\/"}]}},"_links":{"self":[{"href":"https:\/\/sandzakpress.net\/arhiva\/wp-json\/wp\/v2\/posts\/30338"}],"collection":[{"href":"https:\/\/sandzakpress.net\/arhiva\/wp-json\/wp\/v2\/posts"}],"about":[{"href":"https:\/\/sandzakpress.net\/arhiva\/wp-json\/wp\/v2\/types\/post"}],"author":[{"embeddable":true,"href":"https:\/\/sandzakpress.net\/arhiva\/wp-json\/wp\/v2\/users\/13"}],"replies":[{"embeddable":true,"href":"https:\/\/sandzakpress.net\/arhiva\/wp-json\/wp\/v2\/comments?post=30338"}],"version-history":[{"count":0,"href":"https:\/\/sandzakpress.net\/arhiva\/wp-json\/wp\/v2\/posts\/30338\/revisions"}],"wp:featuredmedia":[{"embeddable":true,"href":"https:\/\/sandzakpress.net\/arhiva\/wp-json\/wp\/v2\/media\/30347"}],"wp:attachment":[{"href":"https:\/\/sandzakpress.net\/arhiva\/wp-json\/wp\/v2\/media?parent=30338"}],"wp:term":[{"taxonomy":"category","embeddable":true,"href":"https:\/\/sandzakpress.net\/arhiva\/wp-json\/wp\/v2\/categories?post=30338"},{"taxonomy":"post_tag","embeddable":true,"href":"https:\/\/sandzakpress.net\/arhiva\/wp-json\/wp\/v2\/tags?post=30338"}],"curies":[{"name":"wp","href":"https:\/\/api.w.org\/{rel}","templated":true}]}}