{"id":30112,"date":"2012-01-31T15:42:25","date_gmt":"2012-01-31T14:42:25","guid":{"rendered":"https:\/\/sandzakpress.net\/arhiva\/?p=30112"},"modified":"2012-01-31T21:59:03","modified_gmt":"2012-01-31T20:59:03","slug":"islamska-zajednica-u-crnoj-gori-i-vlada-crne-gore-potpisale-ugovor-o-uredenju-medusobnih-odnosa","status":"publish","type":"post","link":"https:\/\/sandzakpress.net\/arhiva\/islamska-zajednica-u-crnoj-gori-i-vlada-crne-gore-potpisale-ugovor-o-uredenju-medusobnih-odnosa\/","title":{"rendered":"Fejzi\u0107 ovjerio dr\u017eavnu kontrolu nad Islamskom zajednicom Crne Gore"},"content":{"rendered":"<p><a href=\"https:\/\/sandzakpress.net\/arhiva\/wp-content\/uploads\/2012\/01\/reis1211.jpg\"><img loading=\"lazy\" decoding=\"async\" class=\"aligncenter size-full wp-image-30148\" title=\"reis121\" src=\"https:\/\/sandzakpress.net\/arhiva\/wp-content\/uploads\/2012\/01\/reis1211.jpg\" alt=\"\" width=\"616\" height=\"379\" \/><\/a><\/p>\n<p><strong>Ju\u017eni Sand\u017eak &#8211; Nakon intenzivne aktivnosti na polju definisanja me\u0111usobnih odnosa izme\u0111u Islamske zajednice u Crnoj Gori i Vlade Crne Gore, danas 30.01.2012. godine, u Vili Gorica reis Rifat ef. Fejzi\u0107 i\u00a0premijer Igor Luk\u0161i\u0107pristupili su potpisivanju\u00a0Ugovora koji defini\u0161e ure\u0111enje odnosa od zajedni\u010dkog interesa izme\u0111u Vlade Crne Gore i Islamske zajednice u Crnoj Gori.<\/strong><\/p>\n<p>Potpisivanju je prethodilo usvajanje teksta Ugovora, na sjednici Me\u0161ihata Islamske zajednice, odr\u017eanoj 26.01.2012. godine, a istog dana je pomenuti tekst usvojila i Vlada Crne Gore na svojoj sjednici.<\/p>\n<p>Ocjenjuju\u0107i dana\u0161nji dan istorijskim, reis Fejzi\u0107 je nakon potpisivanja Ugovora naglasio da se ovim potvr\u0111uje vi\u0161evjekovni kontinuitet postojanja Islamske zajednice u Crnoj Gori.<\/p>\n<p>On je rekao da je stepen ostvarenog kroz ovaj Ugovor, u relativno kratkom periodu zadovoljavaju\u0107i, te da se njime i formalno priznaje islam kao vjera. Reis Fejzi\u0107 je na kraju svog obra\u0107anja\u00a0 u svoje li\u010dno ime, u ime svojih saradnika, Islamske zajednice i svih muslimana u Crnoj Gori\u00a0 izrazio zahvalnost premijeru Luk\u0161i\u0107u na razumijevanju potreba muslimana ove dr\u017eave i njihovih specifi\u010dnih posebnosti.<\/p>\n<p><a href=\"https:\/\/sandzakpress.net\/arhiva\/wp-content\/uploads\/2012\/01\/potpis-fejzic-luksic1.jpg\"><img loading=\"lazy\" decoding=\"async\" class=\"aligncenter size-full wp-image-30117\" title=\"potpis-fejzic-luksic1\" src=\"https:\/\/sandzakpress.net\/arhiva\/wp-content\/uploads\/2012\/01\/potpis-fejzic-luksic1.jpg\" alt=\"\" width=\"640\" height=\"450\" \/><\/a><\/p>\n<p>Premijer Luk\u0161i\u0107 je nakon potpisivanja Ugovora izme\u0111u ostalog rekao:<\/p>\n<p>\u201cCrna Gora ovim sporazum dokazuje da ima \u0161ta da ponudi u svojim evropskim integracijama, dr\u017eava koja promovi\u0161e toleranciju i razli\u010dite vrijednosti kao svoje bogatstvo koje joj pove\u0107avaju vrijednost u savremenom dru\u0161tvu.\u201d<\/p>\n<p><a href=\"https:\/\/sandzakpress.net\/arhiva\/wp-content\/uploads\/2012\/01\/ugovor-12.jpg\"><img loading=\"lazy\" decoding=\"async\" class=\"aligncenter size-full wp-image-30118\" title=\"ugovor-12\" src=\"https:\/\/sandzakpress.net\/arhiva\/wp-content\/uploads\/2012\/01\/ugovor-12.jpg\" alt=\"\" width=\"640\" height=\"426\" \/><\/a><\/p>\n<h3><a href=\"https:\/\/sandzakpress.net\/arhiva\/ugovor-o-uredenju-odnosa-izmedu-islamske-zajednice-u-crnoj-gori-i-vlade-crne-gore\">Pro\u010ditajte ugovor u cjelosti<\/a><\/h3>\n<p>Izvor: <strong>Monteislam.com<\/strong><\/p>\n","protected":false},"excerpt":{"rendered":"<p>Ju\u017eni Sand\u017eak &#8211; Nakon intenzivne aktivnosti na polju definisanja me\u0111usobnih odnosa izme\u0111u Islamske zajednice u Crnoj Gori i Vlade Crne Gore, danas 30.01.2012. godine, u Vili Gorica reis Rifat ef. Fejzi\u0107 i\u00a0premijer Igor Luk\u0161i\u0107pristupili su potpisivanju\u00a0Ugovora koji defini\u0161e ure\u0111enje odnosa od zajedni\u010dkog interesa izme\u0111u Vlade Crne Gore i Islamske zajednice u Crnoj Gori. Potpisivanju je [&hellip;]<\/p>\n","protected":false},"author":14,"featured_media":30148,"comment_status":"open","ping_status":"open","sticky":false,"template":"","format":"standard","meta":{"footnotes":""},"categories":[398,397,396,395,802,399],"tags":[],"class_list":{"0":"post-30112","1":"post","2":"type-post","3":"status-publish","4":"format-standard","5":"has-post-thumbnail","7":"category-rozaje","8":"category-berane","9":"category-bijelo_polje","10":"category-pljevlja_","11":"category-islamska_zajednica","12":"category-plav_"},"yoast_head":"<!-- This site is optimized with the Yoast SEO Premium plugin v23.1 (Yoast SEO v24.9) - https:\/\/yoast.com\/wordpress\/plugins\/seo\/ -->\n<title>Fejzi\u0107 ovjerio dr\u017eavnu kontrolu nad Islamskom zajednicom Crne Gore<\/title>\n<meta name=\"robots\" content=\"index, follow, max-snippet:-1, max-image-preview:large, max-video-preview:-1\" \/>\n<link rel=\"canonical\" href=\"https:\/\/sandzakpress.net\/arhiva\/islamska-zajednica-u-crnoj-gori-i-vlada-crne-gore-potpisale-ugovor-o-uredenju-medusobnih-odnosa\/\" \/>\n<meta property=\"og:locale\" content=\"bs_BA\" \/>\n<meta property=\"og:type\" content=\"article\" \/>\n<meta property=\"og:title\" content=\"Fejzi\u0107 ovjerio dr\u017eavnu kontrolu nad Islamskom zajednicom Crne Gore\" \/>\n<meta property=\"og:description\" content=\"Ju\u017eni Sand\u017eak &#8211; Nakon intenzivne aktivnosti na polju definisanja me\u0111usobnih odnosa izme\u0111u Islamske zajednice u Crnoj Gori i Vlade Crne Gore, danas 30.01.2012. godine, u Vili Gorica reis Rifat ef. Fejzi\u0107 i\u00a0premijer Igor Luk\u0161i\u0107pristupili su potpisivanju\u00a0Ugovora koji defini\u0161e ure\u0111enje odnosa od zajedni\u010dkog interesa izme\u0111u Vlade Crne Gore i Islamske zajednice u Crnoj Gori. Potpisivanju je [&hellip;]\" \/>\n<meta property=\"og:url\" content=\"https:\/\/sandzakpress.net\/arhiva\/islamska-zajednica-u-crnoj-gori-i-vlada-crne-gore-potpisale-ugovor-o-uredenju-medusobnih-odnosa\/\" \/>\n<meta property=\"og:site_name\" content=\"Sand\u017eak PRESS\" \/>\n<meta property=\"article:published_time\" content=\"2012-01-31T14:42:25+00:00\" \/>\n<meta property=\"article:modified_time\" content=\"2012-01-31T20:59:03+00:00\" \/>\n<meta property=\"og:image\" content=\"https:\/\/sandzakpress.net\/arhiva\/wp-content\/uploads\/2012\/01\/reis1211.jpg\" \/>\n\t<meta property=\"og:image:width\" content=\"616\" \/>\n\t<meta property=\"og:image:height\" content=\"379\" \/>\n\t<meta property=\"og:image:type\" content=\"image\/jpeg\" \/>\n<meta name=\"twitter:card\" content=\"summary_large_image\" \/>\n<meta name=\"twitter:label1\" content=\"Written by\" \/>\n\t<meta name=\"twitter:data1\" content=\"\" \/>\n\t<meta name=\"twitter:label2\" content=\"Est. reading time\" \/>\n\t<meta name=\"twitter:data2\" content=\"1 minuta\" \/>\n<script type=\"application\/ld+json\" class=\"yoast-schema-graph\">{\"@context\":\"https:\/\/schema.org\",\"@graph\":[{\"@type\":\"Article\",\"@id\":\"https:\/\/sandzakpress.net\/arhiva\/islamska-zajednica-u-crnoj-gori-i-vlada-crne-gore-potpisale-ugovor-o-uredenju-medusobnih-odnosa\/#article\",\"isPartOf\":{\"@id\":\"https:\/\/sandzakpress.net\/arhiva\/islamska-zajednica-u-crnoj-gori-i-vlada-crne-gore-potpisale-ugovor-o-uredenju-medusobnih-odnosa\/\"},\"author\":{\"name\":\"\",\"@id\":\"\"},\"headline\":\"Fejzi\u0107 ovjerio dr\u017eavnu kontrolu nad Islamskom zajednicom Crne Gore\",\"datePublished\":\"2012-01-31T14:42:25+00:00\",\"dateModified\":\"2012-01-31T20:59:03+00:00\",\"mainEntityOfPage\":{\"@id\":\"https:\/\/sandzakpress.net\/arhiva\/islamska-zajednica-u-crnoj-gori-i-vlada-crne-gore-potpisale-ugovor-o-uredenju-medusobnih-odnosa\/\"},\"wordCount\":254,\"commentCount\":20,\"publisher\":{\"@id\":\"https:\/\/sandzakpress.net\/arhiva\/#\/schema\/person\/6e72b67d6e51910a1117b3b483ba20bd\"},\"image\":{\"@id\":\"https:\/\/sandzakpress.net\/arhiva\/islamska-zajednica-u-crnoj-gori-i-vlada-crne-gore-potpisale-ugovor-o-uredenju-medusobnih-odnosa\/#primaryimage\"},\"thumbnailUrl\":\"https:\/\/sandzakpress.net\/arhiva\/wp-content\/uploads\/2012\/01\/reis1211.jpg\",\"articleSection\":[\"Ro\u017eaje\",\"Berane\",\"Bijelo Polje\",\"Pljevlja\",\"Islamska zajednica\",\"Plav\"],\"inLanguage\":\"bs-BA\",\"potentialAction\":[{\"@type\":\"CommentAction\",\"name\":\"Comment\",\"target\":[\"https:\/\/sandzakpress.net\/arhiva\/islamska-zajednica-u-crnoj-gori-i-vlada-crne-gore-potpisale-ugovor-o-uredenju-medusobnih-odnosa\/#respond\"]}]},{\"@type\":\"WebPage\",\"@id\":\"https:\/\/sandzakpress.net\/arhiva\/islamska-zajednica-u-crnoj-gori-i-vlada-crne-gore-potpisale-ugovor-o-uredenju-medusobnih-odnosa\/\",\"url\":\"https:\/\/sandzakpress.net\/arhiva\/islamska-zajednica-u-crnoj-gori-i-vlada-crne-gore-potpisale-ugovor-o-uredenju-medusobnih-odnosa\/\",\"name\":\"Fejzi\u0107 ovjerio dr\u017eavnu kontrolu nad Islamskom zajednicom Crne Gore\",\"isPartOf\":{\"@id\":\"https:\/\/sandzakpress.net\/arhiva\/#website\"},\"primaryImageOfPage\":{\"@id\":\"https:\/\/sandzakpress.net\/arhiva\/islamska-zajednica-u-crnoj-gori-i-vlada-crne-gore-potpisale-ugovor-o-uredenju-medusobnih-odnosa\/#primaryimage\"},\"image\":{\"@id\":\"https:\/\/sandzakpress.net\/arhiva\/islamska-zajednica-u-crnoj-gori-i-vlada-crne-gore-potpisale-ugovor-o-uredenju-medusobnih-odnosa\/#primaryimage\"},\"thumbnailUrl\":\"https:\/\/sandzakpress.net\/arhiva\/wp-content\/uploads\/2012\/01\/reis1211.jpg\",\"datePublished\":\"2012-01-31T14:42:25+00:00\",\"dateModified\":\"2012-01-31T20:59:03+00:00\",\"breadcrumb\":{\"@id\":\"https:\/\/sandzakpress.net\/arhiva\/islamska-zajednica-u-crnoj-gori-i-vlada-crne-gore-potpisale-ugovor-o-uredenju-medusobnih-odnosa\/#breadcrumb\"},\"inLanguage\":\"bs-BA\",\"potentialAction\":[{\"@type\":\"ReadAction\",\"target\":[\"https:\/\/sandzakpress.net\/arhiva\/islamska-zajednica-u-crnoj-gori-i-vlada-crne-gore-potpisale-ugovor-o-uredenju-medusobnih-odnosa\/\"]}]},{\"@type\":\"ImageObject\",\"inLanguage\":\"bs-BA\",\"@id\":\"https:\/\/sandzakpress.net\/arhiva\/islamska-zajednica-u-crnoj-gori-i-vlada-crne-gore-potpisale-ugovor-o-uredenju-medusobnih-odnosa\/#primaryimage\",\"url\":\"https:\/\/sandzakpress.net\/arhiva\/wp-content\/uploads\/2012\/01\/reis1211.jpg\",\"contentUrl\":\"https:\/\/sandzakpress.net\/arhiva\/wp-content\/uploads\/2012\/01\/reis1211.jpg\",\"width\":616,\"height\":379},{\"@type\":\"BreadcrumbList\",\"@id\":\"https:\/\/sandzakpress.net\/arhiva\/islamska-zajednica-u-crnoj-gori-i-vlada-crne-gore-potpisale-ugovor-o-uredenju-medusobnih-odnosa\/#breadcrumb\",\"itemListElement\":[{\"@type\":\"ListItem\",\"position\":1,\"name\":\"Home\",\"item\":\"https:\/\/sandzakpress.net\/arhiva\/\"},{\"@type\":\"ListItem\",\"position\":2,\"name\":\"Fejzi\u0107 ovjerio dr\u017eavnu kontrolu nad Islamskom zajednicom Crne Gore\"}]},{\"@type\":\"WebSite\",\"@id\":\"https:\/\/sandzakpress.net\/arhiva\/#website\",\"url\":\"https:\/\/sandzakpress.net\/arhiva\/\",\"name\":\"Sand\u017eak PRESS\",\"description\":\"Prve elektronske novine u Sand\u017eaku\",\"publisher\":{\"@id\":\"https:\/\/sandzakpress.net\/arhiva\/#\/schema\/person\/6e72b67d6e51910a1117b3b483ba20bd\"},\"potentialAction\":[{\"@type\":\"SearchAction\",\"target\":{\"@type\":\"EntryPoint\",\"urlTemplate\":\"https:\/\/sandzakpress.net\/arhiva\/?s={search_term_string}\"},\"query-input\":{\"@type\":\"PropertyValueSpecification\",\"valueRequired\":true,\"valueName\":\"search_term_string\"}}],\"inLanguage\":\"bs-BA\"},{\"@type\":[\"Person\",\"Organization\"],\"@id\":\"https:\/\/sandzakpress.net\/arhiva\/#\/schema\/person\/6e72b67d6e51910a1117b3b483ba20bd\",\"name\":\"Kul\",\"image\":{\"@type\":\"ImageObject\",\"inLanguage\":\"bs-BA\",\"@id\":\"https:\/\/sandzakpress.net\/arhiva\/#\/schema\/person\/image\/\",\"url\":\"https:\/\/secure.gravatar.com\/avatar\/42263f39aa27ac04c43cab85c280eb2e?s=96&d=mm&r=pg\",\"contentUrl\":\"https:\/\/secure.gravatar.com\/avatar\/42263f39aa27ac04c43cab85c280eb2e?s=96&d=mm&r=pg\",\"caption\":\"Kul\"},\"logo\":{\"@id\":\"https:\/\/sandzakpress.net\/arhiva\/#\/schema\/person\/image\/\"}},{\"@type\":\"Person\",\"@id\":\"\",\"url\":\"https:\/\/sandzakpress.net\/arhiva\/author\/\"}]}<\/script>\n<!-- \/ Yoast SEO Premium plugin. -->","yoast_head_json":{"title":"Fejzi\u0107 ovjerio dr\u017eavnu kontrolu nad Islamskom zajednicom Crne Gore","robots":{"index":"index","follow":"follow","max-snippet":"max-snippet:-1","max-image-preview":"max-image-preview:large","max-video-preview":"max-video-preview:-1"},"canonical":"https:\/\/sandzakpress.net\/arhiva\/islamska-zajednica-u-crnoj-gori-i-vlada-crne-gore-potpisale-ugovor-o-uredenju-medusobnih-odnosa\/","og_locale":"bs_BA","og_type":"article","og_title":"Fejzi\u0107 ovjerio dr\u017eavnu kontrolu nad Islamskom zajednicom Crne Gore","og_description":"Ju\u017eni Sand\u017eak &#8211; Nakon intenzivne aktivnosti na polju definisanja me\u0111usobnih odnosa izme\u0111u Islamske zajednice u Crnoj Gori i Vlade Crne Gore, danas 30.01.2012. godine, u Vili Gorica reis Rifat ef. Fejzi\u0107 i\u00a0premijer Igor Luk\u0161i\u0107pristupili su potpisivanju\u00a0Ugovora koji defini\u0161e ure\u0111enje odnosa od zajedni\u010dkog interesa izme\u0111u Vlade Crne Gore i Islamske zajednice u Crnoj Gori. Potpisivanju je [&hellip;]","og_url":"https:\/\/sandzakpress.net\/arhiva\/islamska-zajednica-u-crnoj-gori-i-vlada-crne-gore-potpisale-ugovor-o-uredenju-medusobnih-odnosa\/","og_site_name":"Sand\u017eak PRESS","article_published_time":"2012-01-31T14:42:25+00:00","article_modified_time":"2012-01-31T20:59:03+00:00","og_image":[{"width":616,"height":379,"url":"https:\/\/sandzakpress.net\/arhiva\/wp-content\/uploads\/2012\/01\/reis1211.jpg","type":"image\/jpeg"}],"twitter_card":"summary_large_image","twitter_misc":{"Written by":"","Est. reading time":"1 minuta"},"schema":{"@context":"https:\/\/schema.org","@graph":[{"@type":"Article","@id":"https:\/\/sandzakpress.net\/arhiva\/islamska-zajednica-u-crnoj-gori-i-vlada-crne-gore-potpisale-ugovor-o-uredenju-medusobnih-odnosa\/#article","isPartOf":{"@id":"https:\/\/sandzakpress.net\/arhiva\/islamska-zajednica-u-crnoj-gori-i-vlada-crne-gore-potpisale-ugovor-o-uredenju-medusobnih-odnosa\/"},"author":{"name":"","@id":""},"headline":"Fejzi\u0107 ovjerio dr\u017eavnu kontrolu nad Islamskom zajednicom Crne Gore","datePublished":"2012-01-31T14:42:25+00:00","dateModified":"2012-01-31T20:59:03+00:00","mainEntityOfPage":{"@id":"https:\/\/sandzakpress.net\/arhiva\/islamska-zajednica-u-crnoj-gori-i-vlada-crne-gore-potpisale-ugovor-o-uredenju-medusobnih-odnosa\/"},"wordCount":254,"commentCount":20,"publisher":{"@id":"https:\/\/sandzakpress.net\/arhiva\/#\/schema\/person\/6e72b67d6e51910a1117b3b483ba20bd"},"image":{"@id":"https:\/\/sandzakpress.net\/arhiva\/islamska-zajednica-u-crnoj-gori-i-vlada-crne-gore-potpisale-ugovor-o-uredenju-medusobnih-odnosa\/#primaryimage"},"thumbnailUrl":"https:\/\/sandzakpress.net\/arhiva\/wp-content\/uploads\/2012\/01\/reis1211.jpg","articleSection":["Ro\u017eaje","Berane","Bijelo Polje","Pljevlja","Islamska zajednica","Plav"],"inLanguage":"bs-BA","potentialAction":[{"@type":"CommentAction","name":"Comment","target":["https:\/\/sandzakpress.net\/arhiva\/islamska-zajednica-u-crnoj-gori-i-vlada-crne-gore-potpisale-ugovor-o-uredenju-medusobnih-odnosa\/#respond"]}]},{"@type":"WebPage","@id":"https:\/\/sandzakpress.net\/arhiva\/islamska-zajednica-u-crnoj-gori-i-vlada-crne-gore-potpisale-ugovor-o-uredenju-medusobnih-odnosa\/","url":"https:\/\/sandzakpress.net\/arhiva\/islamska-zajednica-u-crnoj-gori-i-vlada-crne-gore-potpisale-ugovor-o-uredenju-medusobnih-odnosa\/","name":"Fejzi\u0107 ovjerio dr\u017eavnu kontrolu nad Islamskom zajednicom Crne Gore","isPartOf":{"@id":"https:\/\/sandzakpress.net\/arhiva\/#website"},"primaryImageOfPage":{"@id":"https:\/\/sandzakpress.net\/arhiva\/islamska-zajednica-u-crnoj-gori-i-vlada-crne-gore-potpisale-ugovor-o-uredenju-medusobnih-odnosa\/#primaryimage"},"image":{"@id":"https:\/\/sandzakpress.net\/arhiva\/islamska-zajednica-u-crnoj-gori-i-vlada-crne-gore-potpisale-ugovor-o-uredenju-medusobnih-odnosa\/#primaryimage"},"thumbnailUrl":"https:\/\/sandzakpress.net\/arhiva\/wp-content\/uploads\/2012\/01\/reis1211.jpg","datePublished":"2012-01-31T14:42:25+00:00","dateModified":"2012-01-31T20:59:03+00:00","breadcrumb":{"@id":"https:\/\/sandzakpress.net\/arhiva\/islamska-zajednica-u-crnoj-gori-i-vlada-crne-gore-potpisale-ugovor-o-uredenju-medusobnih-odnosa\/#breadcrumb"},"inLanguage":"bs-BA","potentialAction":[{"@type":"ReadAction","target":["https:\/\/sandzakpress.net\/arhiva\/islamska-zajednica-u-crnoj-gori-i-vlada-crne-gore-potpisale-ugovor-o-uredenju-medusobnih-odnosa\/"]}]},{"@type":"ImageObject","inLanguage":"bs-BA","@id":"https:\/\/sandzakpress.net\/arhiva\/islamska-zajednica-u-crnoj-gori-i-vlada-crne-gore-potpisale-ugovor-o-uredenju-medusobnih-odnosa\/#primaryimage","url":"https:\/\/sandzakpress.net\/arhiva\/wp-content\/uploads\/2012\/01\/reis1211.jpg","contentUrl":"https:\/\/sandzakpress.net\/arhiva\/wp-content\/uploads\/2012\/01\/reis1211.jpg","width":616,"height":379},{"@type":"BreadcrumbList","@id":"https:\/\/sandzakpress.net\/arhiva\/islamska-zajednica-u-crnoj-gori-i-vlada-crne-gore-potpisale-ugovor-o-uredenju-medusobnih-odnosa\/#breadcrumb","itemListElement":[{"@type":"ListItem","position":1,"name":"Home","item":"https:\/\/sandzakpress.net\/arhiva\/"},{"@type":"ListItem","position":2,"name":"Fejzi\u0107 ovjerio dr\u017eavnu kontrolu nad Islamskom zajednicom Crne Gore"}]},{"@type":"WebSite","@id":"https:\/\/sandzakpress.net\/arhiva\/#website","url":"https:\/\/sandzakpress.net\/arhiva\/","name":"Sand\u017eak PRESS","description":"Prve elektronske novine u Sand\u017eaku","publisher":{"@id":"https:\/\/sandzakpress.net\/arhiva\/#\/schema\/person\/6e72b67d6e51910a1117b3b483ba20bd"},"potentialAction":[{"@type":"SearchAction","target":{"@type":"EntryPoint","urlTemplate":"https:\/\/sandzakpress.net\/arhiva\/?s={search_term_string}"},"query-input":{"@type":"PropertyValueSpecification","valueRequired":true,"valueName":"search_term_string"}}],"inLanguage":"bs-BA"},{"@type":["Person","Organization"],"@id":"https:\/\/sandzakpress.net\/arhiva\/#\/schema\/person\/6e72b67d6e51910a1117b3b483ba20bd","name":"Kul","image":{"@type":"ImageObject","inLanguage":"bs-BA","@id":"https:\/\/sandzakpress.net\/arhiva\/#\/schema\/person\/image\/","url":"https:\/\/secure.gravatar.com\/avatar\/42263f39aa27ac04c43cab85c280eb2e?s=96&d=mm&r=pg","contentUrl":"https:\/\/secure.gravatar.com\/avatar\/42263f39aa27ac04c43cab85c280eb2e?s=96&d=mm&r=pg","caption":"Kul"},"logo":{"@id":"https:\/\/sandzakpress.net\/arhiva\/#\/schema\/person\/image\/"}},{"@type":"Person","@id":"","url":"https:\/\/sandzakpress.net\/arhiva\/author\/"}]}},"_links":{"self":[{"href":"https:\/\/sandzakpress.net\/arhiva\/wp-json\/wp\/v2\/posts\/30112"}],"collection":[{"href":"https:\/\/sandzakpress.net\/arhiva\/wp-json\/wp\/v2\/posts"}],"about":[{"href":"https:\/\/sandzakpress.net\/arhiva\/wp-json\/wp\/v2\/types\/post"}],"author":[{"embeddable":true,"href":"https:\/\/sandzakpress.net\/arhiva\/wp-json\/wp\/v2\/users\/14"}],"replies":[{"embeddable":true,"href":"https:\/\/sandzakpress.net\/arhiva\/wp-json\/wp\/v2\/comments?post=30112"}],"version-history":[{"count":0,"href":"https:\/\/sandzakpress.net\/arhiva\/wp-json\/wp\/v2\/posts\/30112\/revisions"}],"wp:featuredmedia":[{"embeddable":true,"href":"https:\/\/sandzakpress.net\/arhiva\/wp-json\/wp\/v2\/media\/30148"}],"wp:attachment":[{"href":"https:\/\/sandzakpress.net\/arhiva\/wp-json\/wp\/v2\/media?parent=30112"}],"wp:term":[{"taxonomy":"category","embeddable":true,"href":"https:\/\/sandzakpress.net\/arhiva\/wp-json\/wp\/v2\/categories?post=30112"},{"taxonomy":"post_tag","embeddable":true,"href":"https:\/\/sandzakpress.net\/arhiva\/wp-json\/wp\/v2\/tags?post=30112"}],"curies":[{"name":"wp","href":"https:\/\/api.w.org\/{rel}","templated":true}]}}