{"id":30079,"date":"2012-01-31T15:16:16","date_gmt":"2012-01-31T14:16:16","guid":{"rendered":"https:\/\/sandzakpress.net\/arhiva\/?p=30079"},"modified":"2012-01-31T15:16:16","modified_gmt":"2012-01-31T14:16:16","slug":"prijepolje-spasena-zena-sa-slomljenim-kukom","status":"publish","type":"post","link":"https:\/\/sandzakpress.net\/arhiva\/prijepolje-spasena-zena-sa-slomljenim-kukom\/","title":{"rendered":"Prijepolje: Spasena \u017eena sa slomljenim kukom"},"content":{"rendered":"<div>\n<p><strong><a href=\"https:\/\/sandzakpress.net\/arhiva\/wp-content\/uploads\/2012\/01\/35e72a9127a29a3cae94aca2e76b27e5_M.jpg\"><img loading=\"lazy\" decoding=\"async\" class=\"alignleft size-medium wp-image-30082\" title=\"35e72a9127a29a3cae94aca2e76b27e5_M\" src=\"https:\/\/sandzakpress.net\/arhiva\/wp-content\/uploads\/2012\/01\/35e72a9127a29a3cae94aca2e76b27e5_M-300x172.jpg\" alt=\"\" width=\"300\" height=\"172\" \/><\/a>Prijepolje &#8211; \u010cetiri vatrogasca iz Prijepolja spasili su  72-godi\u0161nju Ivku Radomirovi\u0107 iz planinskog sela Zabrdnji Toci, koja je  slomila kuk u svojoj ku\u0107i, a medicinska ekipa nije mogla do\u0107i do nje  zbog zavejanih puteva.<\/strong><\/p>\n<p>Pripadnici Vatrogasnog voda iz Prijepolja ju\u010der su spasili tu \u017eenu, nose\u0107i je oko 1,5 kilometar na nosilima kroz snjeg do pojasa.<\/p>\n<p>&#8220;U  Hitnoj slu\u017ebi Doma zdravlja su nam dali longete i nosila kako bi na  licu mjesta zbrinuli te\u0161ko povre\u0111enu staricu&#8221;, ispri\u010dao je jutros  agenciji Beta komandir Vatrogasnog voda iz Prijepolja Vujadin Kova\u010devi\u0107.<\/p>\n<p>Vatrogasci Radoje Mosurovi\u0107, Boban Ani\u010di\u0107, Nenad Novakovi\u0107 i komandir nosili su staricu kroz sneg visok 130 centimetara.<\/p>\n<p>Ivka Radomirovi\u0107 je nakon lekarskog tretmana iz Prijepolja upu\u0107ena u Zdravstveni centar u U\u017eice na dalje lije\u010denje.<\/p>\n<p>M.Mutabd\u017eija<\/p>\n<p>Izmjenama Zakona o autorskom i srodnim pravima koje je Skup\u0161tina  Srbije usvojila, umno\u017eavanje dijela bez dozvole autora i za\u0161tita autorskih  prava ne odnosi se samo na \u0161tampu, televiziju i radio, kao do sada, ve\u0107  i na druge medije, prije svega internet.<\/p>\n<p>Izvor: <strong>RadioStoPlus.com<\/strong><\/p>\n<\/div>\n","protected":false},"excerpt":{"rendered":"<p>Prijepolje &#8211; \u010cetiri vatrogasca iz Prijepolja spasili su 72-godi\u0161nju Ivku Radomirovi\u0107 iz planinskog sela Zabrdnji Toci, koja je slomila kuk u svojoj ku\u0107i, a medicinska ekipa nije mogla do\u0107i do nje zbog zavejanih puteva. Pripadnici Vatrogasnog voda iz Prijepolja ju\u010der su spasili tu \u017eenu, nose\u0107i je oko 1,5 kilometar na nosilima kroz snjeg do pojasa. [&hellip;]<\/p>\n","protected":false},"author":13,"featured_media":30082,"comment_status":"open","ping_status":"open","sticky":false,"template":"","format":"standard","meta":{"footnotes":""},"categories":[392,801],"tags":[],"class_list":{"0":"post-30079","1":"post","2":"type-post","3":"status-publish","4":"format-standard","5":"has-post-thumbnail","7":"category-prijepolje_","8":"category-crna_hronika"},"yoast_head":"<!-- This site is optimized with the Yoast SEO Premium plugin v23.1 (Yoast SEO v24.9) - https:\/\/yoast.com\/wordpress\/plugins\/seo\/ -->\n<title>Prijepolje: Spasena \u017eena sa slomljenim kukom<\/title>\n<meta name=\"robots\" content=\"index, follow, max-snippet:-1, max-image-preview:large, max-video-preview:-1\" \/>\n<link rel=\"canonical\" href=\"https:\/\/sandzakpress.net\/arhiva\/prijepolje-spasena-zena-sa-slomljenim-kukom\/\" \/>\n<meta property=\"og:locale\" content=\"bs_BA\" \/>\n<meta property=\"og:type\" content=\"article\" \/>\n<meta property=\"og:title\" content=\"Prijepolje: Spasena \u017eena sa slomljenim kukom\" \/>\n<meta property=\"og:description\" content=\"Prijepolje &#8211; \u010cetiri vatrogasca iz Prijepolja spasili su 72-godi\u0161nju Ivku Radomirovi\u0107 iz planinskog sela Zabrdnji Toci, koja je slomila kuk u svojoj ku\u0107i, a medicinska ekipa nije mogla do\u0107i do nje zbog zavejanih puteva. Pripadnici Vatrogasnog voda iz Prijepolja ju\u010der su spasili tu \u017eenu, nose\u0107i je oko 1,5 kilometar na nosilima kroz snjeg do pojasa. [&hellip;]\" \/>\n<meta property=\"og:url\" content=\"https:\/\/sandzakpress.net\/arhiva\/prijepolje-spasena-zena-sa-slomljenim-kukom\/\" \/>\n<meta property=\"og:site_name\" content=\"Sand\u017eak PRESS\" \/>\n<meta property=\"article:published_time\" content=\"2012-01-31T14:16:16+00:00\" \/>\n<meta property=\"og:image\" content=\"https:\/\/sandzakpress.net\/arhiva\/wp-content\/uploads\/2012\/01\/35e72a9127a29a3cae94aca2e76b27e5_M.jpg\" \/>\n\t<meta property=\"og:image:width\" content=\"310\" \/>\n\t<meta property=\"og:image:height\" content=\"178\" \/>\n\t<meta property=\"og:image:type\" content=\"image\/jpeg\" \/>\n<meta name=\"twitter:card\" content=\"summary_large_image\" \/>\n<meta name=\"twitter:label1\" content=\"Written by\" \/>\n\t<meta name=\"twitter:data1\" content=\"\" \/>\n\t<meta name=\"twitter:label2\" content=\"Est. reading time\" \/>\n\t<meta name=\"twitter:data2\" content=\"1 minuta\" \/>\n<script type=\"application\/ld+json\" class=\"yoast-schema-graph\">{\"@context\":\"https:\/\/schema.org\",\"@graph\":[{\"@type\":\"Article\",\"@id\":\"https:\/\/sandzakpress.net\/arhiva\/prijepolje-spasena-zena-sa-slomljenim-kukom\/#article\",\"isPartOf\":{\"@id\":\"https:\/\/sandzakpress.net\/arhiva\/prijepolje-spasena-zena-sa-slomljenim-kukom\/\"},\"author\":{\"name\":\"\",\"@id\":\"\"},\"headline\":\"Prijepolje: Spasena \u017eena sa slomljenim kukom\",\"datePublished\":\"2012-01-31T14:16:16+00:00\",\"mainEntityOfPage\":{\"@id\":\"https:\/\/sandzakpress.net\/arhiva\/prijepolje-spasena-zena-sa-slomljenim-kukom\/\"},\"wordCount\":189,\"commentCount\":0,\"publisher\":{\"@id\":\"https:\/\/sandzakpress.net\/arhiva\/#\/schema\/person\/6e72b67d6e51910a1117b3b483ba20bd\"},\"image\":{\"@id\":\"https:\/\/sandzakpress.net\/arhiva\/prijepolje-spasena-zena-sa-slomljenim-kukom\/#primaryimage\"},\"thumbnailUrl\":\"https:\/\/sandzakpress.net\/arhiva\/wp-content\/uploads\/2012\/01\/35e72a9127a29a3cae94aca2e76b27e5_M.jpg\",\"articleSection\":[\"Prijepolje\",\"Hronika\"],\"inLanguage\":\"bs-BA\",\"potentialAction\":[{\"@type\":\"CommentAction\",\"name\":\"Comment\",\"target\":[\"https:\/\/sandzakpress.net\/arhiva\/prijepolje-spasena-zena-sa-slomljenim-kukom\/#respond\"]}]},{\"@type\":\"WebPage\",\"@id\":\"https:\/\/sandzakpress.net\/arhiva\/prijepolje-spasena-zena-sa-slomljenim-kukom\/\",\"url\":\"https:\/\/sandzakpress.net\/arhiva\/prijepolje-spasena-zena-sa-slomljenim-kukom\/\",\"name\":\"Prijepolje: Spasena \u017eena sa slomljenim kukom\",\"isPartOf\":{\"@id\":\"https:\/\/sandzakpress.net\/arhiva\/#website\"},\"primaryImageOfPage\":{\"@id\":\"https:\/\/sandzakpress.net\/arhiva\/prijepolje-spasena-zena-sa-slomljenim-kukom\/#primaryimage\"},\"image\":{\"@id\":\"https:\/\/sandzakpress.net\/arhiva\/prijepolje-spasena-zena-sa-slomljenim-kukom\/#primaryimage\"},\"thumbnailUrl\":\"https:\/\/sandzakpress.net\/arhiva\/wp-content\/uploads\/2012\/01\/35e72a9127a29a3cae94aca2e76b27e5_M.jpg\",\"datePublished\":\"2012-01-31T14:16:16+00:00\",\"breadcrumb\":{\"@id\":\"https:\/\/sandzakpress.net\/arhiva\/prijepolje-spasena-zena-sa-slomljenim-kukom\/#breadcrumb\"},\"inLanguage\":\"bs-BA\",\"potentialAction\":[{\"@type\":\"ReadAction\",\"target\":[\"https:\/\/sandzakpress.net\/arhiva\/prijepolje-spasena-zena-sa-slomljenim-kukom\/\"]}]},{\"@type\":\"ImageObject\",\"inLanguage\":\"bs-BA\",\"@id\":\"https:\/\/sandzakpress.net\/arhiva\/prijepolje-spasena-zena-sa-slomljenim-kukom\/#primaryimage\",\"url\":\"https:\/\/sandzakpress.net\/arhiva\/wp-content\/uploads\/2012\/01\/35e72a9127a29a3cae94aca2e76b27e5_M.jpg\",\"contentUrl\":\"https:\/\/sandzakpress.net\/arhiva\/wp-content\/uploads\/2012\/01\/35e72a9127a29a3cae94aca2e76b27e5_M.jpg\",\"width\":310,\"height\":178},{\"@type\":\"BreadcrumbList\",\"@id\":\"https:\/\/sandzakpress.net\/arhiva\/prijepolje-spasena-zena-sa-slomljenim-kukom\/#breadcrumb\",\"itemListElement\":[{\"@type\":\"ListItem\",\"position\":1,\"name\":\"Home\",\"item\":\"https:\/\/sandzakpress.net\/arhiva\/\"},{\"@type\":\"ListItem\",\"position\":2,\"name\":\"Prijepolje: Spasena \u017eena sa slomljenim kukom\"}]},{\"@type\":\"WebSite\",\"@id\":\"https:\/\/sandzakpress.net\/arhiva\/#website\",\"url\":\"https:\/\/sandzakpress.net\/arhiva\/\",\"name\":\"Sand\u017eak PRESS\",\"description\":\"Prve elektronske novine u Sand\u017eaku\",\"publisher\":{\"@id\":\"https:\/\/sandzakpress.net\/arhiva\/#\/schema\/person\/6e72b67d6e51910a1117b3b483ba20bd\"},\"potentialAction\":[{\"@type\":\"SearchAction\",\"target\":{\"@type\":\"EntryPoint\",\"urlTemplate\":\"https:\/\/sandzakpress.net\/arhiva\/?s={search_term_string}\"},\"query-input\":{\"@type\":\"PropertyValueSpecification\",\"valueRequired\":true,\"valueName\":\"search_term_string\"}}],\"inLanguage\":\"bs-BA\"},{\"@type\":[\"Person\",\"Organization\"],\"@id\":\"https:\/\/sandzakpress.net\/arhiva\/#\/schema\/person\/6e72b67d6e51910a1117b3b483ba20bd\",\"name\":\"Kul\",\"image\":{\"@type\":\"ImageObject\",\"inLanguage\":\"bs-BA\",\"@id\":\"https:\/\/sandzakpress.net\/arhiva\/#\/schema\/person\/image\/\",\"url\":\"https:\/\/secure.gravatar.com\/avatar\/42263f39aa27ac04c43cab85c280eb2e?s=96&d=mm&r=pg\",\"contentUrl\":\"https:\/\/secure.gravatar.com\/avatar\/42263f39aa27ac04c43cab85c280eb2e?s=96&d=mm&r=pg\",\"caption\":\"Kul\"},\"logo\":{\"@id\":\"https:\/\/sandzakpress.net\/arhiva\/#\/schema\/person\/image\/\"}},{\"@type\":\"Person\",\"@id\":\"\",\"url\":\"https:\/\/sandzakpress.net\/arhiva\/author\/\"}]}<\/script>\n<!-- \/ Yoast SEO Premium plugin. -->","yoast_head_json":{"title":"Prijepolje: Spasena \u017eena sa slomljenim kukom","robots":{"index":"index","follow":"follow","max-snippet":"max-snippet:-1","max-image-preview":"max-image-preview:large","max-video-preview":"max-video-preview:-1"},"canonical":"https:\/\/sandzakpress.net\/arhiva\/prijepolje-spasena-zena-sa-slomljenim-kukom\/","og_locale":"bs_BA","og_type":"article","og_title":"Prijepolje: Spasena \u017eena sa slomljenim kukom","og_description":"Prijepolje &#8211; \u010cetiri vatrogasca iz Prijepolja spasili su 72-godi\u0161nju Ivku Radomirovi\u0107 iz planinskog sela Zabrdnji Toci, koja je slomila kuk u svojoj ku\u0107i, a medicinska ekipa nije mogla do\u0107i do nje zbog zavejanih puteva. Pripadnici Vatrogasnog voda iz Prijepolja ju\u010der su spasili tu \u017eenu, nose\u0107i je oko 1,5 kilometar na nosilima kroz snjeg do pojasa. [&hellip;]","og_url":"https:\/\/sandzakpress.net\/arhiva\/prijepolje-spasena-zena-sa-slomljenim-kukom\/","og_site_name":"Sand\u017eak PRESS","article_published_time":"2012-01-31T14:16:16+00:00","og_image":[{"width":310,"height":178,"url":"https:\/\/sandzakpress.net\/arhiva\/wp-content\/uploads\/2012\/01\/35e72a9127a29a3cae94aca2e76b27e5_M.jpg","type":"image\/jpeg"}],"twitter_card":"summary_large_image","twitter_misc":{"Written by":"","Est. reading time":"1 minuta"},"schema":{"@context":"https:\/\/schema.org","@graph":[{"@type":"Article","@id":"https:\/\/sandzakpress.net\/arhiva\/prijepolje-spasena-zena-sa-slomljenim-kukom\/#article","isPartOf":{"@id":"https:\/\/sandzakpress.net\/arhiva\/prijepolje-spasena-zena-sa-slomljenim-kukom\/"},"author":{"name":"","@id":""},"headline":"Prijepolje: Spasena \u017eena sa slomljenim kukom","datePublished":"2012-01-31T14:16:16+00:00","mainEntityOfPage":{"@id":"https:\/\/sandzakpress.net\/arhiva\/prijepolje-spasena-zena-sa-slomljenim-kukom\/"},"wordCount":189,"commentCount":0,"publisher":{"@id":"https:\/\/sandzakpress.net\/arhiva\/#\/schema\/person\/6e72b67d6e51910a1117b3b483ba20bd"},"image":{"@id":"https:\/\/sandzakpress.net\/arhiva\/prijepolje-spasena-zena-sa-slomljenim-kukom\/#primaryimage"},"thumbnailUrl":"https:\/\/sandzakpress.net\/arhiva\/wp-content\/uploads\/2012\/01\/35e72a9127a29a3cae94aca2e76b27e5_M.jpg","articleSection":["Prijepolje","Hronika"],"inLanguage":"bs-BA","potentialAction":[{"@type":"CommentAction","name":"Comment","target":["https:\/\/sandzakpress.net\/arhiva\/prijepolje-spasena-zena-sa-slomljenim-kukom\/#respond"]}]},{"@type":"WebPage","@id":"https:\/\/sandzakpress.net\/arhiva\/prijepolje-spasena-zena-sa-slomljenim-kukom\/","url":"https:\/\/sandzakpress.net\/arhiva\/prijepolje-spasena-zena-sa-slomljenim-kukom\/","name":"Prijepolje: Spasena \u017eena sa slomljenim kukom","isPartOf":{"@id":"https:\/\/sandzakpress.net\/arhiva\/#website"},"primaryImageOfPage":{"@id":"https:\/\/sandzakpress.net\/arhiva\/prijepolje-spasena-zena-sa-slomljenim-kukom\/#primaryimage"},"image":{"@id":"https:\/\/sandzakpress.net\/arhiva\/prijepolje-spasena-zena-sa-slomljenim-kukom\/#primaryimage"},"thumbnailUrl":"https:\/\/sandzakpress.net\/arhiva\/wp-content\/uploads\/2012\/01\/35e72a9127a29a3cae94aca2e76b27e5_M.jpg","datePublished":"2012-01-31T14:16:16+00:00","breadcrumb":{"@id":"https:\/\/sandzakpress.net\/arhiva\/prijepolje-spasena-zena-sa-slomljenim-kukom\/#breadcrumb"},"inLanguage":"bs-BA","potentialAction":[{"@type":"ReadAction","target":["https:\/\/sandzakpress.net\/arhiva\/prijepolje-spasena-zena-sa-slomljenim-kukom\/"]}]},{"@type":"ImageObject","inLanguage":"bs-BA","@id":"https:\/\/sandzakpress.net\/arhiva\/prijepolje-spasena-zena-sa-slomljenim-kukom\/#primaryimage","url":"https:\/\/sandzakpress.net\/arhiva\/wp-content\/uploads\/2012\/01\/35e72a9127a29a3cae94aca2e76b27e5_M.jpg","contentUrl":"https:\/\/sandzakpress.net\/arhiva\/wp-content\/uploads\/2012\/01\/35e72a9127a29a3cae94aca2e76b27e5_M.jpg","width":310,"height":178},{"@type":"BreadcrumbList","@id":"https:\/\/sandzakpress.net\/arhiva\/prijepolje-spasena-zena-sa-slomljenim-kukom\/#breadcrumb","itemListElement":[{"@type":"ListItem","position":1,"name":"Home","item":"https:\/\/sandzakpress.net\/arhiva\/"},{"@type":"ListItem","position":2,"name":"Prijepolje: Spasena \u017eena sa slomljenim kukom"}]},{"@type":"WebSite","@id":"https:\/\/sandzakpress.net\/arhiva\/#website","url":"https:\/\/sandzakpress.net\/arhiva\/","name":"Sand\u017eak PRESS","description":"Prve elektronske novine u Sand\u017eaku","publisher":{"@id":"https:\/\/sandzakpress.net\/arhiva\/#\/schema\/person\/6e72b67d6e51910a1117b3b483ba20bd"},"potentialAction":[{"@type":"SearchAction","target":{"@type":"EntryPoint","urlTemplate":"https:\/\/sandzakpress.net\/arhiva\/?s={search_term_string}"},"query-input":{"@type":"PropertyValueSpecification","valueRequired":true,"valueName":"search_term_string"}}],"inLanguage":"bs-BA"},{"@type":["Person","Organization"],"@id":"https:\/\/sandzakpress.net\/arhiva\/#\/schema\/person\/6e72b67d6e51910a1117b3b483ba20bd","name":"Kul","image":{"@type":"ImageObject","inLanguage":"bs-BA","@id":"https:\/\/sandzakpress.net\/arhiva\/#\/schema\/person\/image\/","url":"https:\/\/secure.gravatar.com\/avatar\/42263f39aa27ac04c43cab85c280eb2e?s=96&d=mm&r=pg","contentUrl":"https:\/\/secure.gravatar.com\/avatar\/42263f39aa27ac04c43cab85c280eb2e?s=96&d=mm&r=pg","caption":"Kul"},"logo":{"@id":"https:\/\/sandzakpress.net\/arhiva\/#\/schema\/person\/image\/"}},{"@type":"Person","@id":"","url":"https:\/\/sandzakpress.net\/arhiva\/author\/"}]}},"_links":{"self":[{"href":"https:\/\/sandzakpress.net\/arhiva\/wp-json\/wp\/v2\/posts\/30079"}],"collection":[{"href":"https:\/\/sandzakpress.net\/arhiva\/wp-json\/wp\/v2\/posts"}],"about":[{"href":"https:\/\/sandzakpress.net\/arhiva\/wp-json\/wp\/v2\/types\/post"}],"author":[{"embeddable":true,"href":"https:\/\/sandzakpress.net\/arhiva\/wp-json\/wp\/v2\/users\/13"}],"replies":[{"embeddable":true,"href":"https:\/\/sandzakpress.net\/arhiva\/wp-json\/wp\/v2\/comments?post=30079"}],"version-history":[{"count":0,"href":"https:\/\/sandzakpress.net\/arhiva\/wp-json\/wp\/v2\/posts\/30079\/revisions"}],"wp:featuredmedia":[{"embeddable":true,"href":"https:\/\/sandzakpress.net\/arhiva\/wp-json\/wp\/v2\/media\/30082"}],"wp:attachment":[{"href":"https:\/\/sandzakpress.net\/arhiva\/wp-json\/wp\/v2\/media?parent=30079"}],"wp:term":[{"taxonomy":"category","embeddable":true,"href":"https:\/\/sandzakpress.net\/arhiva\/wp-json\/wp\/v2\/categories?post=30079"},{"taxonomy":"post_tag","embeddable":true,"href":"https:\/\/sandzakpress.net\/arhiva\/wp-json\/wp\/v2\/tags?post=30079"}],"curies":[{"name":"wp","href":"https:\/\/api.w.org\/{rel}","templated":true}]}}