{"id":30064,"date":"2012-01-31T14:55:11","date_gmt":"2012-01-31T13:55:11","guid":{"rendered":"https:\/\/sandzakpress.net\/arhiva\/?p=30064"},"modified":"2012-01-31T14:55:11","modified_gmt":"2012-01-31T13:55:11","slug":"zbog-mraza-skracena-nastava-u-sjenickim-skolama","status":"publish","type":"post","link":"https:\/\/sandzakpress.net\/arhiva\/zbog-mraza-skracena-nastava-u-sjenickim-skolama\/","title":{"rendered":"Zbog mraza skra\u0107ena nastava u sjeni\u010dkim \u0161kolama"},"content":{"rendered":"<p><strong><a href=\"https:\/\/sandzakpress.net\/arhiva\/wp-content\/uploads\/2012\/01\/ed9e7a65f1cc63b9e2c990eaeefde804_M.jpg\"><img loading=\"lazy\" decoding=\"async\" class=\"alignleft size-medium wp-image-30065\" title=\"ed9e7a65f1cc63b9e2c990eaeefde804_M\" src=\"https:\/\/sandzakpress.net\/arhiva\/wp-content\/uploads\/2012\/01\/ed9e7a65f1cc63b9e2c990eaeefde804_M-300x224.jpg\" alt=\"\" width=\"300\" height=\"224\" \/><\/a>Sjenica &#8211; Zbog izuzetno niskih temperatura, u sjeni\u010dkim osnovnim i srednjim  \u0161kolama nastava je, po preporuci Op\u0107inskog kriznog \u0161taba, od jutros  skra\u0107ena na 30 minuta. <\/strong><\/p>\n<p>Direktor Gimnazije u ovom gradu Murat Ba\u017edar je ocijenio da \u0107e nastava biti skra\u0107ena par dana, dok ne pro\u0111e ledeni talas.<\/p>\n<p>Sjenica  je jutros bila najhladniji grad u zemlji sa temperaturom od 29 stepeni  ispod nule, dok nezvani\u010dni mjerni instumenti pokazuju da je u samom  gradu pored rijeke bilo hladnije za jo\u0161 nekoliko stepeni.<\/p>\n<p>Ovako niska temperatura nije izmjerena od 2006. godine, kada se u januaru \u017eiva spustila na minus 31 stepen.<\/p>\n<p>Prethodni temperaturni rekord i jo\u0161 o\u0161trija zima bila je 2000. godine, kada je u Sjenici zabilje\u017eeno 36 stepeni ispod nule.<\/p>\n<p>Izvor: <strong>RadioStoPlus.com<\/strong><\/p>\n","protected":false},"excerpt":{"rendered":"<p>Sjenica &#8211; Zbog izuzetno niskih temperatura, u sjeni\u010dkim osnovnim i srednjim \u0161kolama nastava je, po preporuci Op\u0107inskog kriznog \u0161taba, od jutros skra\u0107ena na 30 minuta. Direktor Gimnazije u ovom gradu Murat Ba\u017edar je ocijenio da \u0107e nastava biti skra\u0107ena par dana, dok ne pro\u0111e ledeni talas. Sjenica je jutros bila najhladniji grad u zemlji sa [&hellip;]<\/p>\n","protected":false},"author":13,"featured_media":30065,"comment_status":"open","ping_status":"open","sticky":false,"template":"","format":"standard","meta":{"footnotes":""},"categories":[52,4],"tags":[],"class_list":{"0":"post-30064","1":"post","2":"type-post","3":"status-publish","4":"format-standard","5":"has-post-thumbnail","7":"category-sjenica","8":"category-obrazovanje"},"yoast_head":"<!-- This site is optimized with the Yoast SEO Premium plugin v23.1 (Yoast SEO v24.9) - https:\/\/yoast.com\/wordpress\/plugins\/seo\/ -->\n<title>Zbog mraza skra\u0107ena nastava u sjeni\u010dkim \u0161kolama<\/title>\n<meta name=\"robots\" content=\"index, follow, max-snippet:-1, max-image-preview:large, max-video-preview:-1\" \/>\n<link rel=\"canonical\" href=\"https:\/\/sandzakpress.net\/arhiva\/zbog-mraza-skracena-nastava-u-sjenickim-skolama\/\" \/>\n<meta property=\"og:locale\" content=\"bs_BA\" \/>\n<meta property=\"og:type\" content=\"article\" \/>\n<meta property=\"og:title\" content=\"Zbog mraza skra\u0107ena nastava u sjeni\u010dkim \u0161kolama\" \/>\n<meta property=\"og:description\" content=\"Sjenica &#8211; Zbog izuzetno niskih temperatura, u sjeni\u010dkim osnovnim i srednjim \u0161kolama nastava je, po preporuci Op\u0107inskog kriznog \u0161taba, od jutros skra\u0107ena na 30 minuta. Direktor Gimnazije u ovom gradu Murat Ba\u017edar je ocijenio da \u0107e nastava biti skra\u0107ena par dana, dok ne pro\u0111e ledeni talas. Sjenica je jutros bila najhladniji grad u zemlji sa [&hellip;]\" \/>\n<meta property=\"og:url\" content=\"https:\/\/sandzakpress.net\/arhiva\/zbog-mraza-skracena-nastava-u-sjenickim-skolama\/\" \/>\n<meta property=\"og:site_name\" content=\"Sand\u017eak PRESS\" \/>\n<meta property=\"article:published_time\" content=\"2012-01-31T13:55:11+00:00\" \/>\n<meta property=\"og:image\" content=\"https:\/\/sandzakpress.net\/arhiva\/wp-content\/uploads\/2012\/01\/ed9e7a65f1cc63b9e2c990eaeefde804_M.jpg\" \/>\n\t<meta property=\"og:image:width\" content=\"310\" \/>\n\t<meta property=\"og:image:height\" content=\"232\" \/>\n\t<meta property=\"og:image:type\" content=\"image\/jpeg\" \/>\n<meta name=\"twitter:card\" content=\"summary_large_image\" \/>\n<meta name=\"twitter:label1\" content=\"Written by\" \/>\n\t<meta name=\"twitter:data1\" content=\"\" \/>\n\t<meta name=\"twitter:label2\" content=\"Est. reading time\" \/>\n\t<meta name=\"twitter:data2\" content=\"1 minuta\" \/>\n<script type=\"application\/ld+json\" class=\"yoast-schema-graph\">{\"@context\":\"https:\/\/schema.org\",\"@graph\":[{\"@type\":\"Article\",\"@id\":\"https:\/\/sandzakpress.net\/arhiva\/zbog-mraza-skracena-nastava-u-sjenickim-skolama\/#article\",\"isPartOf\":{\"@id\":\"https:\/\/sandzakpress.net\/arhiva\/zbog-mraza-skracena-nastava-u-sjenickim-skolama\/\"},\"author\":{\"name\":\"\",\"@id\":\"\"},\"headline\":\"Zbog mraza skra\u0107ena nastava u sjeni\u010dkim \u0161kolama\",\"datePublished\":\"2012-01-31T13:55:11+00:00\",\"mainEntityOfPage\":{\"@id\":\"https:\/\/sandzakpress.net\/arhiva\/zbog-mraza-skracena-nastava-u-sjenickim-skolama\/\"},\"wordCount\":132,\"commentCount\":0,\"publisher\":{\"@id\":\"https:\/\/sandzakpress.net\/arhiva\/#\/schema\/person\/6e72b67d6e51910a1117b3b483ba20bd\"},\"image\":{\"@id\":\"https:\/\/sandzakpress.net\/arhiva\/zbog-mraza-skracena-nastava-u-sjenickim-skolama\/#primaryimage\"},\"thumbnailUrl\":\"https:\/\/sandzakpress.net\/arhiva\/wp-content\/uploads\/2012\/01\/ed9e7a65f1cc63b9e2c990eaeefde804_M.jpg\",\"articleSection\":[\"Sjenica\",\"Obrazovanje\"],\"inLanguage\":\"bs-BA\",\"potentialAction\":[{\"@type\":\"CommentAction\",\"name\":\"Comment\",\"target\":[\"https:\/\/sandzakpress.net\/arhiva\/zbog-mraza-skracena-nastava-u-sjenickim-skolama\/#respond\"]}]},{\"@type\":\"WebPage\",\"@id\":\"https:\/\/sandzakpress.net\/arhiva\/zbog-mraza-skracena-nastava-u-sjenickim-skolama\/\",\"url\":\"https:\/\/sandzakpress.net\/arhiva\/zbog-mraza-skracena-nastava-u-sjenickim-skolama\/\",\"name\":\"Zbog mraza skra\u0107ena nastava u sjeni\u010dkim \u0161kolama\",\"isPartOf\":{\"@id\":\"https:\/\/sandzakpress.net\/arhiva\/#website\"},\"primaryImageOfPage\":{\"@id\":\"https:\/\/sandzakpress.net\/arhiva\/zbog-mraza-skracena-nastava-u-sjenickim-skolama\/#primaryimage\"},\"image\":{\"@id\":\"https:\/\/sandzakpress.net\/arhiva\/zbog-mraza-skracena-nastava-u-sjenickim-skolama\/#primaryimage\"},\"thumbnailUrl\":\"https:\/\/sandzakpress.net\/arhiva\/wp-content\/uploads\/2012\/01\/ed9e7a65f1cc63b9e2c990eaeefde804_M.jpg\",\"datePublished\":\"2012-01-31T13:55:11+00:00\",\"breadcrumb\":{\"@id\":\"https:\/\/sandzakpress.net\/arhiva\/zbog-mraza-skracena-nastava-u-sjenickim-skolama\/#breadcrumb\"},\"inLanguage\":\"bs-BA\",\"potentialAction\":[{\"@type\":\"ReadAction\",\"target\":[\"https:\/\/sandzakpress.net\/arhiva\/zbog-mraza-skracena-nastava-u-sjenickim-skolama\/\"]}]},{\"@type\":\"ImageObject\",\"inLanguage\":\"bs-BA\",\"@id\":\"https:\/\/sandzakpress.net\/arhiva\/zbog-mraza-skracena-nastava-u-sjenickim-skolama\/#primaryimage\",\"url\":\"https:\/\/sandzakpress.net\/arhiva\/wp-content\/uploads\/2012\/01\/ed9e7a65f1cc63b9e2c990eaeefde804_M.jpg\",\"contentUrl\":\"https:\/\/sandzakpress.net\/arhiva\/wp-content\/uploads\/2012\/01\/ed9e7a65f1cc63b9e2c990eaeefde804_M.jpg\",\"width\":310,\"height\":232},{\"@type\":\"BreadcrumbList\",\"@id\":\"https:\/\/sandzakpress.net\/arhiva\/zbog-mraza-skracena-nastava-u-sjenickim-skolama\/#breadcrumb\",\"itemListElement\":[{\"@type\":\"ListItem\",\"position\":1,\"name\":\"Home\",\"item\":\"https:\/\/sandzakpress.net\/arhiva\/\"},{\"@type\":\"ListItem\",\"position\":2,\"name\":\"Zbog mraza skra\u0107ena nastava u sjeni\u010dkim \u0161kolama\"}]},{\"@type\":\"WebSite\",\"@id\":\"https:\/\/sandzakpress.net\/arhiva\/#website\",\"url\":\"https:\/\/sandzakpress.net\/arhiva\/\",\"name\":\"Sand\u017eak PRESS\",\"description\":\"Prve elektronske novine u Sand\u017eaku\",\"publisher\":{\"@id\":\"https:\/\/sandzakpress.net\/arhiva\/#\/schema\/person\/6e72b67d6e51910a1117b3b483ba20bd\"},\"potentialAction\":[{\"@type\":\"SearchAction\",\"target\":{\"@type\":\"EntryPoint\",\"urlTemplate\":\"https:\/\/sandzakpress.net\/arhiva\/?s={search_term_string}\"},\"query-input\":{\"@type\":\"PropertyValueSpecification\",\"valueRequired\":true,\"valueName\":\"search_term_string\"}}],\"inLanguage\":\"bs-BA\"},{\"@type\":[\"Person\",\"Organization\"],\"@id\":\"https:\/\/sandzakpress.net\/arhiva\/#\/schema\/person\/6e72b67d6e51910a1117b3b483ba20bd\",\"name\":\"Kul\",\"image\":{\"@type\":\"ImageObject\",\"inLanguage\":\"bs-BA\",\"@id\":\"https:\/\/sandzakpress.net\/arhiva\/#\/schema\/person\/image\/\",\"url\":\"https:\/\/secure.gravatar.com\/avatar\/42263f39aa27ac04c43cab85c280eb2e?s=96&d=mm&r=pg\",\"contentUrl\":\"https:\/\/secure.gravatar.com\/avatar\/42263f39aa27ac04c43cab85c280eb2e?s=96&d=mm&r=pg\",\"caption\":\"Kul\"},\"logo\":{\"@id\":\"https:\/\/sandzakpress.net\/arhiva\/#\/schema\/person\/image\/\"}},{\"@type\":\"Person\",\"@id\":\"\",\"url\":\"https:\/\/sandzakpress.net\/arhiva\/author\/\"}]}<\/script>\n<!-- \/ Yoast SEO Premium plugin. -->","yoast_head_json":{"title":"Zbog mraza skra\u0107ena nastava u sjeni\u010dkim \u0161kolama","robots":{"index":"index","follow":"follow","max-snippet":"max-snippet:-1","max-image-preview":"max-image-preview:large","max-video-preview":"max-video-preview:-1"},"canonical":"https:\/\/sandzakpress.net\/arhiva\/zbog-mraza-skracena-nastava-u-sjenickim-skolama\/","og_locale":"bs_BA","og_type":"article","og_title":"Zbog mraza skra\u0107ena nastava u sjeni\u010dkim \u0161kolama","og_description":"Sjenica &#8211; Zbog izuzetno niskih temperatura, u sjeni\u010dkim osnovnim i srednjim \u0161kolama nastava je, po preporuci Op\u0107inskog kriznog \u0161taba, od jutros skra\u0107ena na 30 minuta. Direktor Gimnazije u ovom gradu Murat Ba\u017edar je ocijenio da \u0107e nastava biti skra\u0107ena par dana, dok ne pro\u0111e ledeni talas. Sjenica je jutros bila najhladniji grad u zemlji sa [&hellip;]","og_url":"https:\/\/sandzakpress.net\/arhiva\/zbog-mraza-skracena-nastava-u-sjenickim-skolama\/","og_site_name":"Sand\u017eak PRESS","article_published_time":"2012-01-31T13:55:11+00:00","og_image":[{"width":310,"height":232,"url":"https:\/\/sandzakpress.net\/arhiva\/wp-content\/uploads\/2012\/01\/ed9e7a65f1cc63b9e2c990eaeefde804_M.jpg","type":"image\/jpeg"}],"twitter_card":"summary_large_image","twitter_misc":{"Written by":"","Est. reading time":"1 minuta"},"schema":{"@context":"https:\/\/schema.org","@graph":[{"@type":"Article","@id":"https:\/\/sandzakpress.net\/arhiva\/zbog-mraza-skracena-nastava-u-sjenickim-skolama\/#article","isPartOf":{"@id":"https:\/\/sandzakpress.net\/arhiva\/zbog-mraza-skracena-nastava-u-sjenickim-skolama\/"},"author":{"name":"","@id":""},"headline":"Zbog mraza skra\u0107ena nastava u sjeni\u010dkim \u0161kolama","datePublished":"2012-01-31T13:55:11+00:00","mainEntityOfPage":{"@id":"https:\/\/sandzakpress.net\/arhiva\/zbog-mraza-skracena-nastava-u-sjenickim-skolama\/"},"wordCount":132,"commentCount":0,"publisher":{"@id":"https:\/\/sandzakpress.net\/arhiva\/#\/schema\/person\/6e72b67d6e51910a1117b3b483ba20bd"},"image":{"@id":"https:\/\/sandzakpress.net\/arhiva\/zbog-mraza-skracena-nastava-u-sjenickim-skolama\/#primaryimage"},"thumbnailUrl":"https:\/\/sandzakpress.net\/arhiva\/wp-content\/uploads\/2012\/01\/ed9e7a65f1cc63b9e2c990eaeefde804_M.jpg","articleSection":["Sjenica","Obrazovanje"],"inLanguage":"bs-BA","potentialAction":[{"@type":"CommentAction","name":"Comment","target":["https:\/\/sandzakpress.net\/arhiva\/zbog-mraza-skracena-nastava-u-sjenickim-skolama\/#respond"]}]},{"@type":"WebPage","@id":"https:\/\/sandzakpress.net\/arhiva\/zbog-mraza-skracena-nastava-u-sjenickim-skolama\/","url":"https:\/\/sandzakpress.net\/arhiva\/zbog-mraza-skracena-nastava-u-sjenickim-skolama\/","name":"Zbog mraza skra\u0107ena nastava u sjeni\u010dkim \u0161kolama","isPartOf":{"@id":"https:\/\/sandzakpress.net\/arhiva\/#website"},"primaryImageOfPage":{"@id":"https:\/\/sandzakpress.net\/arhiva\/zbog-mraza-skracena-nastava-u-sjenickim-skolama\/#primaryimage"},"image":{"@id":"https:\/\/sandzakpress.net\/arhiva\/zbog-mraza-skracena-nastava-u-sjenickim-skolama\/#primaryimage"},"thumbnailUrl":"https:\/\/sandzakpress.net\/arhiva\/wp-content\/uploads\/2012\/01\/ed9e7a65f1cc63b9e2c990eaeefde804_M.jpg","datePublished":"2012-01-31T13:55:11+00:00","breadcrumb":{"@id":"https:\/\/sandzakpress.net\/arhiva\/zbog-mraza-skracena-nastava-u-sjenickim-skolama\/#breadcrumb"},"inLanguage":"bs-BA","potentialAction":[{"@type":"ReadAction","target":["https:\/\/sandzakpress.net\/arhiva\/zbog-mraza-skracena-nastava-u-sjenickim-skolama\/"]}]},{"@type":"ImageObject","inLanguage":"bs-BA","@id":"https:\/\/sandzakpress.net\/arhiva\/zbog-mraza-skracena-nastava-u-sjenickim-skolama\/#primaryimage","url":"https:\/\/sandzakpress.net\/arhiva\/wp-content\/uploads\/2012\/01\/ed9e7a65f1cc63b9e2c990eaeefde804_M.jpg","contentUrl":"https:\/\/sandzakpress.net\/arhiva\/wp-content\/uploads\/2012\/01\/ed9e7a65f1cc63b9e2c990eaeefde804_M.jpg","width":310,"height":232},{"@type":"BreadcrumbList","@id":"https:\/\/sandzakpress.net\/arhiva\/zbog-mraza-skracena-nastava-u-sjenickim-skolama\/#breadcrumb","itemListElement":[{"@type":"ListItem","position":1,"name":"Home","item":"https:\/\/sandzakpress.net\/arhiva\/"},{"@type":"ListItem","position":2,"name":"Zbog mraza skra\u0107ena nastava u sjeni\u010dkim \u0161kolama"}]},{"@type":"WebSite","@id":"https:\/\/sandzakpress.net\/arhiva\/#website","url":"https:\/\/sandzakpress.net\/arhiva\/","name":"Sand\u017eak PRESS","description":"Prve elektronske novine u Sand\u017eaku","publisher":{"@id":"https:\/\/sandzakpress.net\/arhiva\/#\/schema\/person\/6e72b67d6e51910a1117b3b483ba20bd"},"potentialAction":[{"@type":"SearchAction","target":{"@type":"EntryPoint","urlTemplate":"https:\/\/sandzakpress.net\/arhiva\/?s={search_term_string}"},"query-input":{"@type":"PropertyValueSpecification","valueRequired":true,"valueName":"search_term_string"}}],"inLanguage":"bs-BA"},{"@type":["Person","Organization"],"@id":"https:\/\/sandzakpress.net\/arhiva\/#\/schema\/person\/6e72b67d6e51910a1117b3b483ba20bd","name":"Kul","image":{"@type":"ImageObject","inLanguage":"bs-BA","@id":"https:\/\/sandzakpress.net\/arhiva\/#\/schema\/person\/image\/","url":"https:\/\/secure.gravatar.com\/avatar\/42263f39aa27ac04c43cab85c280eb2e?s=96&d=mm&r=pg","contentUrl":"https:\/\/secure.gravatar.com\/avatar\/42263f39aa27ac04c43cab85c280eb2e?s=96&d=mm&r=pg","caption":"Kul"},"logo":{"@id":"https:\/\/sandzakpress.net\/arhiva\/#\/schema\/person\/image\/"}},{"@type":"Person","@id":"","url":"https:\/\/sandzakpress.net\/arhiva\/author\/"}]}},"_links":{"self":[{"href":"https:\/\/sandzakpress.net\/arhiva\/wp-json\/wp\/v2\/posts\/30064"}],"collection":[{"href":"https:\/\/sandzakpress.net\/arhiva\/wp-json\/wp\/v2\/posts"}],"about":[{"href":"https:\/\/sandzakpress.net\/arhiva\/wp-json\/wp\/v2\/types\/post"}],"author":[{"embeddable":true,"href":"https:\/\/sandzakpress.net\/arhiva\/wp-json\/wp\/v2\/users\/13"}],"replies":[{"embeddable":true,"href":"https:\/\/sandzakpress.net\/arhiva\/wp-json\/wp\/v2\/comments?post=30064"}],"version-history":[{"count":0,"href":"https:\/\/sandzakpress.net\/arhiva\/wp-json\/wp\/v2\/posts\/30064\/revisions"}],"wp:featuredmedia":[{"embeddable":true,"href":"https:\/\/sandzakpress.net\/arhiva\/wp-json\/wp\/v2\/media\/30065"}],"wp:attachment":[{"href":"https:\/\/sandzakpress.net\/arhiva\/wp-json\/wp\/v2\/media?parent=30064"}],"wp:term":[{"taxonomy":"category","embeddable":true,"href":"https:\/\/sandzakpress.net\/arhiva\/wp-json\/wp\/v2\/categories?post=30064"},{"taxonomy":"post_tag","embeddable":true,"href":"https:\/\/sandzakpress.net\/arhiva\/wp-json\/wp\/v2\/tags?post=30064"}],"curies":[{"name":"wp","href":"https:\/\/api.w.org\/{rel}","templated":true}]}}