{"id":29751,"date":"2012-01-27T15:30:56","date_gmt":"2012-01-27T14:30:56","guid":{"rendered":"https:\/\/sandzakpress.net\/arhiva\/?p=29751"},"modified":"2012-01-27T19:29:31","modified_gmt":"2012-01-27T18:29:31","slug":"ljajic-u-turskoj-razgovarao-i-o-iz","status":"publish","type":"post","link":"https:\/\/sandzakpress.net\/arhiva\/ljajic-u-turskoj-razgovarao-i-o-iz\/","title":{"rendered":"Ljaji\u0107 u Turskoj razgovarao i o IZ"},"content":{"rendered":"<p><strong><a href=\"https:\/\/sandzakpress.net\/arhiva\/wp-content\/uploads\/2012\/01\/Ljajic-foto-TANJUG6.mart_.jpg\"><img loading=\"lazy\" decoding=\"async\" class=\"alignleft size-medium wp-image-29753\" title=\"Ljajic-foto-TANJUG6.mart\" src=\"https:\/\/sandzakpress.net\/arhiva\/wp-content\/uploads\/2012\/01\/Ljajic-foto-TANJUG6.mart_-300x214.jpg\" alt=\"\" width=\"300\" height=\"214\" \/><\/a>Sjeverni Sand\u017eak &#8211; Ministar rada i socijalne politike Srbije Rasim Ljaji\u0107 ocijenio da bi za postizanje sporazuma obije struje u islamskoj zajednici morale da budu kooperativnije.<\/strong><\/p>\n<p>Ljaji\u0107 ka\u017ee da je tokom njegovog nedavnog boravka u Ankari bilo malo re\u010di o turskoj inicijativi za objedinjavanje islamske zajednice u Srbiji.<\/p>\n<p>&#8220;Bilo je malo re\u010di o re\u0161avanju problema unutar islamske zajednice. Taj razgovor \u0107e se i dalje nastaviti i vide\u0107emo kakav \u0107e ishod biti&#8221;, rekao je Ljaji\u0107.<br \/>\nLjaji\u0107 se ju\u010de, tokom posjete Turskoj sastao sa ministrima spoljnih poslova Ahmetom Davutogluom i rada Farukom \u010celikom, a kako je rekao, uglavnom se razgovaralo o privrednoj saradnji.<\/p>\n<p>Ministar Ljaji\u0107 smatra da bi najbolje bilo da obije strane &#8211; islamska zajednica Srbije na \u010delu sa reis-ul-ulemom Ademom Zilki\u0107em i islamska zajednica u Srbiji koju predvodi Muamer Zukorli\u0107, kooperativnije pristupe tom procesu. Ljaji\u0107 je uveren da je to jedini na\u010din za skoriju realizaciju tog sporazuma.<\/p>\n<p>Turska je prije nekoliko mjeseci pokrenula inicijativu za objedinjavanje islamske zajednice u Srbiji, a dijalog na tu temu vodi se na relaciji Ankara-Sarajevo-Beograd. Po\u010detni Nacrt sporazuma o objedinjavanju Islamske zajednice predvi\u0111ao je ukidanje rijaseta islamske zajednice u Srbiji sa sedi\u0161tem u Beogradu.<\/p>\n<p>Izvor: <strong>Beta<\/strong><\/p>\n","protected":false},"excerpt":{"rendered":"<p>Sjeverni Sand\u017eak &#8211; Ministar rada i socijalne politike Srbije Rasim Ljaji\u0107 ocijenio da bi za postizanje sporazuma obije struje u islamskoj zajednici morale da budu kooperativnije. Ljaji\u0107 ka\u017ee da je tokom njegovog nedavnog boravka u Ankari bilo malo re\u010di o turskoj inicijativi za objedinjavanje islamske zajednice u Srbiji. &#8220;Bilo je malo re\u010di o re\u0161avanju problema [&hellip;]<\/p>\n","protected":false},"author":14,"featured_media":29753,"comment_status":"open","ping_status":"open","sticky":false,"template":"","format":"standard","meta":{"footnotes":""},"categories":[72,1,52,327,392,2692],"tags":[],"class_list":{"0":"post-29751","1":"post","2":"type-post","3":"status-publish","4":"format-standard","5":"has-post-thumbnail","7":"category-novi-pazar","8":"category-politika","9":"category-sjenica","10":"category-tutin","11":"category-prijepolje_","12":"category-turska-gradovi"},"yoast_head":"<!-- This site is optimized with the Yoast SEO Premium plugin v23.1 (Yoast SEO v24.9) - https:\/\/yoast.com\/wordpress\/plugins\/seo\/ -->\n<title>Ljaji\u0107 u Turskoj razgovarao i o IZ<\/title>\n<meta name=\"robots\" content=\"index, follow, max-snippet:-1, max-image-preview:large, max-video-preview:-1\" \/>\n<link rel=\"canonical\" href=\"https:\/\/sandzakpress.net\/arhiva\/ljajic-u-turskoj-razgovarao-i-o-iz\/\" \/>\n<meta property=\"og:locale\" content=\"bs_BA\" \/>\n<meta property=\"og:type\" content=\"article\" \/>\n<meta property=\"og:title\" content=\"Ljaji\u0107 u Turskoj razgovarao i o IZ\" \/>\n<meta property=\"og:description\" content=\"Sjeverni Sand\u017eak &#8211; Ministar rada i socijalne politike Srbije Rasim Ljaji\u0107 ocijenio da bi za postizanje sporazuma obije struje u islamskoj zajednici morale da budu kooperativnije. Ljaji\u0107 ka\u017ee da je tokom njegovog nedavnog boravka u Ankari bilo malo re\u010di o turskoj inicijativi za objedinjavanje islamske zajednice u Srbiji. &#8220;Bilo je malo re\u010di o re\u0161avanju problema [&hellip;]\" \/>\n<meta property=\"og:url\" content=\"https:\/\/sandzakpress.net\/arhiva\/ljajic-u-turskoj-razgovarao-i-o-iz\/\" \/>\n<meta property=\"og:site_name\" content=\"Sand\u017eak PRESS\" \/>\n<meta property=\"article:published_time\" content=\"2012-01-27T14:30:56+00:00\" \/>\n<meta property=\"article:modified_time\" content=\"2012-01-27T18:29:31+00:00\" \/>\n<meta property=\"og:image\" content=\"https:\/\/sandzakpress.net\/arhiva\/wp-content\/uploads\/2012\/01\/Ljajic-foto-TANJUG6.mart_.jpg\" \/>\n\t<meta property=\"og:image:width\" content=\"478\" \/>\n\t<meta property=\"og:image:height\" content=\"341\" \/>\n\t<meta property=\"og:image:type\" content=\"image\/jpeg\" \/>\n<meta name=\"twitter:card\" content=\"summary_large_image\" \/>\n<meta name=\"twitter:label1\" content=\"Written by\" \/>\n\t<meta name=\"twitter:data1\" content=\"\" \/>\n\t<meta name=\"twitter:label2\" content=\"Est. reading time\" \/>\n\t<meta name=\"twitter:data2\" content=\"1 minuta\" \/>\n<script type=\"application\/ld+json\" class=\"yoast-schema-graph\">{\"@context\":\"https:\/\/schema.org\",\"@graph\":[{\"@type\":\"Article\",\"@id\":\"https:\/\/sandzakpress.net\/arhiva\/ljajic-u-turskoj-razgovarao-i-o-iz\/#article\",\"isPartOf\":{\"@id\":\"https:\/\/sandzakpress.net\/arhiva\/ljajic-u-turskoj-razgovarao-i-o-iz\/\"},\"author\":{\"name\":\"\",\"@id\":\"\"},\"headline\":\"Ljaji\u0107 u Turskoj razgovarao i o IZ\",\"datePublished\":\"2012-01-27T14:30:56+00:00\",\"dateModified\":\"2012-01-27T18:29:31+00:00\",\"mainEntityOfPage\":{\"@id\":\"https:\/\/sandzakpress.net\/arhiva\/ljajic-u-turskoj-razgovarao-i-o-iz\/\"},\"wordCount\":210,\"commentCount\":3,\"publisher\":{\"@id\":\"https:\/\/sandzakpress.net\/arhiva\/#\/schema\/person\/6e72b67d6e51910a1117b3b483ba20bd\"},\"image\":{\"@id\":\"https:\/\/sandzakpress.net\/arhiva\/ljajic-u-turskoj-razgovarao-i-o-iz\/#primaryimage\"},\"thumbnailUrl\":\"https:\/\/sandzakpress.net\/arhiva\/wp-content\/uploads\/2012\/01\/Ljajic-foto-TANJUG6.mart_.jpg\",\"articleSection\":[\"Novi Pazar\",\"Politika\",\"Sjenica\",\"Tutin\",\"Prijepolje\",\"Turska\"],\"inLanguage\":\"bs-BA\",\"potentialAction\":[{\"@type\":\"CommentAction\",\"name\":\"Comment\",\"target\":[\"https:\/\/sandzakpress.net\/arhiva\/ljajic-u-turskoj-razgovarao-i-o-iz\/#respond\"]}]},{\"@type\":\"WebPage\",\"@id\":\"https:\/\/sandzakpress.net\/arhiva\/ljajic-u-turskoj-razgovarao-i-o-iz\/\",\"url\":\"https:\/\/sandzakpress.net\/arhiva\/ljajic-u-turskoj-razgovarao-i-o-iz\/\",\"name\":\"Ljaji\u0107 u Turskoj razgovarao i o IZ\",\"isPartOf\":{\"@id\":\"https:\/\/sandzakpress.net\/arhiva\/#website\"},\"primaryImageOfPage\":{\"@id\":\"https:\/\/sandzakpress.net\/arhiva\/ljajic-u-turskoj-razgovarao-i-o-iz\/#primaryimage\"},\"image\":{\"@id\":\"https:\/\/sandzakpress.net\/arhiva\/ljajic-u-turskoj-razgovarao-i-o-iz\/#primaryimage\"},\"thumbnailUrl\":\"https:\/\/sandzakpress.net\/arhiva\/wp-content\/uploads\/2012\/01\/Ljajic-foto-TANJUG6.mart_.jpg\",\"datePublished\":\"2012-01-27T14:30:56+00:00\",\"dateModified\":\"2012-01-27T18:29:31+00:00\",\"breadcrumb\":{\"@id\":\"https:\/\/sandzakpress.net\/arhiva\/ljajic-u-turskoj-razgovarao-i-o-iz\/#breadcrumb\"},\"inLanguage\":\"bs-BA\",\"potentialAction\":[{\"@type\":\"ReadAction\",\"target\":[\"https:\/\/sandzakpress.net\/arhiva\/ljajic-u-turskoj-razgovarao-i-o-iz\/\"]}]},{\"@type\":\"ImageObject\",\"inLanguage\":\"bs-BA\",\"@id\":\"https:\/\/sandzakpress.net\/arhiva\/ljajic-u-turskoj-razgovarao-i-o-iz\/#primaryimage\",\"url\":\"https:\/\/sandzakpress.net\/arhiva\/wp-content\/uploads\/2012\/01\/Ljajic-foto-TANJUG6.mart_.jpg\",\"contentUrl\":\"https:\/\/sandzakpress.net\/arhiva\/wp-content\/uploads\/2012\/01\/Ljajic-foto-TANJUG6.mart_.jpg\",\"width\":478,\"height\":341},{\"@type\":\"BreadcrumbList\",\"@id\":\"https:\/\/sandzakpress.net\/arhiva\/ljajic-u-turskoj-razgovarao-i-o-iz\/#breadcrumb\",\"itemListElement\":[{\"@type\":\"ListItem\",\"position\":1,\"name\":\"Home\",\"item\":\"https:\/\/sandzakpress.net\/arhiva\/\"},{\"@type\":\"ListItem\",\"position\":2,\"name\":\"Ljaji\u0107 u Turskoj razgovarao i o IZ\"}]},{\"@type\":\"WebSite\",\"@id\":\"https:\/\/sandzakpress.net\/arhiva\/#website\",\"url\":\"https:\/\/sandzakpress.net\/arhiva\/\",\"name\":\"Sand\u017eak PRESS\",\"description\":\"Prve elektronske novine u Sand\u017eaku\",\"publisher\":{\"@id\":\"https:\/\/sandzakpress.net\/arhiva\/#\/schema\/person\/6e72b67d6e51910a1117b3b483ba20bd\"},\"potentialAction\":[{\"@type\":\"SearchAction\",\"target\":{\"@type\":\"EntryPoint\",\"urlTemplate\":\"https:\/\/sandzakpress.net\/arhiva\/?s={search_term_string}\"},\"query-input\":{\"@type\":\"PropertyValueSpecification\",\"valueRequired\":true,\"valueName\":\"search_term_string\"}}],\"inLanguage\":\"bs-BA\"},{\"@type\":[\"Person\",\"Organization\"],\"@id\":\"https:\/\/sandzakpress.net\/arhiva\/#\/schema\/person\/6e72b67d6e51910a1117b3b483ba20bd\",\"name\":\"Kul\",\"image\":{\"@type\":\"ImageObject\",\"inLanguage\":\"bs-BA\",\"@id\":\"https:\/\/sandzakpress.net\/arhiva\/#\/schema\/person\/image\/\",\"url\":\"https:\/\/secure.gravatar.com\/avatar\/42263f39aa27ac04c43cab85c280eb2e?s=96&d=mm&r=pg\",\"contentUrl\":\"https:\/\/secure.gravatar.com\/avatar\/42263f39aa27ac04c43cab85c280eb2e?s=96&d=mm&r=pg\",\"caption\":\"Kul\"},\"logo\":{\"@id\":\"https:\/\/sandzakpress.net\/arhiva\/#\/schema\/person\/image\/\"}},{\"@type\":\"Person\",\"@id\":\"\",\"url\":\"https:\/\/sandzakpress.net\/arhiva\/author\/\"}]}<\/script>\n<!-- \/ Yoast SEO Premium plugin. -->","yoast_head_json":{"title":"Ljaji\u0107 u Turskoj razgovarao i o IZ","robots":{"index":"index","follow":"follow","max-snippet":"max-snippet:-1","max-image-preview":"max-image-preview:large","max-video-preview":"max-video-preview:-1"},"canonical":"https:\/\/sandzakpress.net\/arhiva\/ljajic-u-turskoj-razgovarao-i-o-iz\/","og_locale":"bs_BA","og_type":"article","og_title":"Ljaji\u0107 u Turskoj razgovarao i o IZ","og_description":"Sjeverni Sand\u017eak &#8211; Ministar rada i socijalne politike Srbije Rasim Ljaji\u0107 ocijenio da bi za postizanje sporazuma obije struje u islamskoj zajednici morale da budu kooperativnije. Ljaji\u0107 ka\u017ee da je tokom njegovog nedavnog boravka u Ankari bilo malo re\u010di o turskoj inicijativi za objedinjavanje islamske zajednice u Srbiji. &#8220;Bilo je malo re\u010di o re\u0161avanju problema [&hellip;]","og_url":"https:\/\/sandzakpress.net\/arhiva\/ljajic-u-turskoj-razgovarao-i-o-iz\/","og_site_name":"Sand\u017eak PRESS","article_published_time":"2012-01-27T14:30:56+00:00","article_modified_time":"2012-01-27T18:29:31+00:00","og_image":[{"width":478,"height":341,"url":"https:\/\/sandzakpress.net\/arhiva\/wp-content\/uploads\/2012\/01\/Ljajic-foto-TANJUG6.mart_.jpg","type":"image\/jpeg"}],"twitter_card":"summary_large_image","twitter_misc":{"Written by":"","Est. reading time":"1 minuta"},"schema":{"@context":"https:\/\/schema.org","@graph":[{"@type":"Article","@id":"https:\/\/sandzakpress.net\/arhiva\/ljajic-u-turskoj-razgovarao-i-o-iz\/#article","isPartOf":{"@id":"https:\/\/sandzakpress.net\/arhiva\/ljajic-u-turskoj-razgovarao-i-o-iz\/"},"author":{"name":"","@id":""},"headline":"Ljaji\u0107 u Turskoj razgovarao i o IZ","datePublished":"2012-01-27T14:30:56+00:00","dateModified":"2012-01-27T18:29:31+00:00","mainEntityOfPage":{"@id":"https:\/\/sandzakpress.net\/arhiva\/ljajic-u-turskoj-razgovarao-i-o-iz\/"},"wordCount":210,"commentCount":3,"publisher":{"@id":"https:\/\/sandzakpress.net\/arhiva\/#\/schema\/person\/6e72b67d6e51910a1117b3b483ba20bd"},"image":{"@id":"https:\/\/sandzakpress.net\/arhiva\/ljajic-u-turskoj-razgovarao-i-o-iz\/#primaryimage"},"thumbnailUrl":"https:\/\/sandzakpress.net\/arhiva\/wp-content\/uploads\/2012\/01\/Ljajic-foto-TANJUG6.mart_.jpg","articleSection":["Novi Pazar","Politika","Sjenica","Tutin","Prijepolje","Turska"],"inLanguage":"bs-BA","potentialAction":[{"@type":"CommentAction","name":"Comment","target":["https:\/\/sandzakpress.net\/arhiva\/ljajic-u-turskoj-razgovarao-i-o-iz\/#respond"]}]},{"@type":"WebPage","@id":"https:\/\/sandzakpress.net\/arhiva\/ljajic-u-turskoj-razgovarao-i-o-iz\/","url":"https:\/\/sandzakpress.net\/arhiva\/ljajic-u-turskoj-razgovarao-i-o-iz\/","name":"Ljaji\u0107 u Turskoj razgovarao i o IZ","isPartOf":{"@id":"https:\/\/sandzakpress.net\/arhiva\/#website"},"primaryImageOfPage":{"@id":"https:\/\/sandzakpress.net\/arhiva\/ljajic-u-turskoj-razgovarao-i-o-iz\/#primaryimage"},"image":{"@id":"https:\/\/sandzakpress.net\/arhiva\/ljajic-u-turskoj-razgovarao-i-o-iz\/#primaryimage"},"thumbnailUrl":"https:\/\/sandzakpress.net\/arhiva\/wp-content\/uploads\/2012\/01\/Ljajic-foto-TANJUG6.mart_.jpg","datePublished":"2012-01-27T14:30:56+00:00","dateModified":"2012-01-27T18:29:31+00:00","breadcrumb":{"@id":"https:\/\/sandzakpress.net\/arhiva\/ljajic-u-turskoj-razgovarao-i-o-iz\/#breadcrumb"},"inLanguage":"bs-BA","potentialAction":[{"@type":"ReadAction","target":["https:\/\/sandzakpress.net\/arhiva\/ljajic-u-turskoj-razgovarao-i-o-iz\/"]}]},{"@type":"ImageObject","inLanguage":"bs-BA","@id":"https:\/\/sandzakpress.net\/arhiva\/ljajic-u-turskoj-razgovarao-i-o-iz\/#primaryimage","url":"https:\/\/sandzakpress.net\/arhiva\/wp-content\/uploads\/2012\/01\/Ljajic-foto-TANJUG6.mart_.jpg","contentUrl":"https:\/\/sandzakpress.net\/arhiva\/wp-content\/uploads\/2012\/01\/Ljajic-foto-TANJUG6.mart_.jpg","width":478,"height":341},{"@type":"BreadcrumbList","@id":"https:\/\/sandzakpress.net\/arhiva\/ljajic-u-turskoj-razgovarao-i-o-iz\/#breadcrumb","itemListElement":[{"@type":"ListItem","position":1,"name":"Home","item":"https:\/\/sandzakpress.net\/arhiva\/"},{"@type":"ListItem","position":2,"name":"Ljaji\u0107 u Turskoj razgovarao i o IZ"}]},{"@type":"WebSite","@id":"https:\/\/sandzakpress.net\/arhiva\/#website","url":"https:\/\/sandzakpress.net\/arhiva\/","name":"Sand\u017eak PRESS","description":"Prve elektronske novine u Sand\u017eaku","publisher":{"@id":"https:\/\/sandzakpress.net\/arhiva\/#\/schema\/person\/6e72b67d6e51910a1117b3b483ba20bd"},"potentialAction":[{"@type":"SearchAction","target":{"@type":"EntryPoint","urlTemplate":"https:\/\/sandzakpress.net\/arhiva\/?s={search_term_string}"},"query-input":{"@type":"PropertyValueSpecification","valueRequired":true,"valueName":"search_term_string"}}],"inLanguage":"bs-BA"},{"@type":["Person","Organization"],"@id":"https:\/\/sandzakpress.net\/arhiva\/#\/schema\/person\/6e72b67d6e51910a1117b3b483ba20bd","name":"Kul","image":{"@type":"ImageObject","inLanguage":"bs-BA","@id":"https:\/\/sandzakpress.net\/arhiva\/#\/schema\/person\/image\/","url":"https:\/\/secure.gravatar.com\/avatar\/42263f39aa27ac04c43cab85c280eb2e?s=96&d=mm&r=pg","contentUrl":"https:\/\/secure.gravatar.com\/avatar\/42263f39aa27ac04c43cab85c280eb2e?s=96&d=mm&r=pg","caption":"Kul"},"logo":{"@id":"https:\/\/sandzakpress.net\/arhiva\/#\/schema\/person\/image\/"}},{"@type":"Person","@id":"","url":"https:\/\/sandzakpress.net\/arhiva\/author\/"}]}},"_links":{"self":[{"href":"https:\/\/sandzakpress.net\/arhiva\/wp-json\/wp\/v2\/posts\/29751"}],"collection":[{"href":"https:\/\/sandzakpress.net\/arhiva\/wp-json\/wp\/v2\/posts"}],"about":[{"href":"https:\/\/sandzakpress.net\/arhiva\/wp-json\/wp\/v2\/types\/post"}],"author":[{"embeddable":true,"href":"https:\/\/sandzakpress.net\/arhiva\/wp-json\/wp\/v2\/users\/14"}],"replies":[{"embeddable":true,"href":"https:\/\/sandzakpress.net\/arhiva\/wp-json\/wp\/v2\/comments?post=29751"}],"version-history":[{"count":0,"href":"https:\/\/sandzakpress.net\/arhiva\/wp-json\/wp\/v2\/posts\/29751\/revisions"}],"wp:featuredmedia":[{"embeddable":true,"href":"https:\/\/sandzakpress.net\/arhiva\/wp-json\/wp\/v2\/media\/29753"}],"wp:attachment":[{"href":"https:\/\/sandzakpress.net\/arhiva\/wp-json\/wp\/v2\/media?parent=29751"}],"wp:term":[{"taxonomy":"category","embeddable":true,"href":"https:\/\/sandzakpress.net\/arhiva\/wp-json\/wp\/v2\/categories?post=29751"},{"taxonomy":"post_tag","embeddable":true,"href":"https:\/\/sandzakpress.net\/arhiva\/wp-json\/wp\/v2\/tags?post=29751"}],"curies":[{"name":"wp","href":"https:\/\/api.w.org\/{rel}","templated":true}]}}