{"id":29723,"date":"2012-01-27T14:45:06","date_gmt":"2012-01-27T13:45:06","guid":{"rendered":"https:\/\/sandzakpress.net\/arhiva\/?p=29723"},"modified":"2012-01-27T14:45:06","modified_gmt":"2012-01-27T13:45:06","slug":"sigurna-zenska-kuca-uskoro-u-pljevljima","status":"publish","type":"post","link":"https:\/\/sandzakpress.net\/arhiva\/sigurna-zenska-kuca-uskoro-u-pljevljima\/","title":{"rendered":"Sigurna \u017eenska ku\u0107a uskoro u Pljevljima"},"content":{"rendered":"<p><strong><a href=\"https:\/\/sandzakpress.net\/arhiva\/wp-content\/uploads\/2012\/01\/sigurna_kuca.jpg\"><img loading=\"lazy\" decoding=\"async\" class=\"alignleft size-medium wp-image-29724\" title=\"sigurna_kuca\" src=\"https:\/\/sandzakpress.net\/arhiva\/wp-content\/uploads\/2012\/01\/sigurna_kuca-300x225.jpg\" alt=\"\" width=\"300\" height=\"225\" \/><\/a>Pljevlja &#8211; Na pitanje da li je u ovom trenutku u Pljevljima potreban ovakav vid  prihvatili\u0161ta, ili se problemi ove vrste u porodici mogu rje\u0161avati i na  drugi na\u010din, Sabina Talovi\u0107, izvr\u0161na direktorka Otvorenog centra \u201eBona  Fide\u201c potvrdno odgovara. \u201eZaista je na\u0161a stvarna potreba raditi na  otvaranju lokalnog servisa podr\u0161ke \u017ertvama nasilja u porodici i mi smo  prakti\u010dno sami krenuli u tu pri\u010du i nadamo se da \u0107e nam se priklju\u010diti i  lokalna zajednica. Ono \u0161to je va\u017eno u ovom trenutku jeste da imamo  ogromnu podr\u0161ku nekoliko privrednika iz na\u0161e lokalne zajednice, koji su  prosto prepoznali na\u0161u misiju, razumiju potrebu i koji su nam zdu\u0161no  pomogli na po\u010detku na\u0161e aktivnosti. Mi smo trenutno u fazi adaptacije  prostora i privo\u0111enja namjeni objekta. Ima puno posla i jako puno  potreba, a kad bude zavr\u0161en, to \u0107e biti kompleks koji \u0107e mo\u0107i da  zadovolji potrebe zna\u010dajnog broja \u017ertava nasilja. Okvirno, najdalje \u0107emo  startovati za dva mjeseca, kada \u0107e objekat imati kapacitet da primi  prve \u017ertve\u201c, izjavila je Sabina Talovi\u0107 za Sand\u017eak Danas.<\/strong><\/p>\n<p>Ona  dodaje da \u0107e, pored zbrinjavanja ugro\u017eenih osoba Sigurna \u017eenska ku\u0107a  organizovati \u010dasove edukacije na temu: kako prepoznati nasilnika.\u201c  Izgled mo\u017ee da vara. Osobe koje nisu nasilne u radnoj okolini ili na  ulici, u krugu porodice mogu biti vrlo nasilne, zato \u0161to su stvorile  sistem u kojem mogu dominirati. Pri\u010de na tu temu nikad nije dovoljno,  jer je nasilje na\u017ealost sve \u010de\u0161\u0107a pojava u na\u0161em dru\u0161tvu, zato nemojmo  \u0161utjeti, ozbiljno shvatimo i onaj prvi bezazleni \u0161amar\u201c, nagla\u0161ava  Talovi\u0107. Akcija Sigurne \u017eenske ku\u0107e je da \u017eenama i djeci ugro\u017eenim  nasiljem obezbijedi fizi\u010dku i egzistencijalnu sigurnost, psihosocijalnu  podr\u0161ku, pravnu pomo\u0107 i tako omogu\u0107i prekidanje kruga porodi\u010dnog nasilja  i pru\u017ei uslove da \u017eena oja\u010dana izgradi sopstvenu strategiju  organizovanja \u017eivota bez nasilja.<\/p>\n<p>Izvor: <strong>Danas.rs<\/strong><\/p>\n","protected":false},"excerpt":{"rendered":"<p>Pljevlja &#8211; Na pitanje da li je u ovom trenutku u Pljevljima potreban ovakav vid prihvatili\u0161ta, ili se problemi ove vrste u porodici mogu rje\u0161avati i na drugi na\u010din, Sabina Talovi\u0107, izvr\u0161na direktorka Otvorenog centra \u201eBona Fide\u201c potvrdno odgovara. \u201eZaista je na\u0161a stvarna potreba raditi na otvaranju lokalnog servisa podr\u0161ke \u017ertvama nasilja u porodici i [&hellip;]<\/p>\n","protected":false},"author":13,"featured_media":29724,"comment_status":"open","ping_status":"open","sticky":false,"template":"","format":"standard","meta":{"footnotes":""},"categories":[395,5],"tags":[],"class_list":{"0":"post-29723","1":"post","2":"type-post","3":"status-publish","4":"format-standard","5":"has-post-thumbnail","7":"category-pljevlja_","8":"category-drustvo"},"yoast_head":"<!-- This site is optimized with the Yoast SEO Premium plugin v23.1 (Yoast SEO v24.9) - https:\/\/yoast.com\/wordpress\/plugins\/seo\/ -->\n<title>Sigurna \u017eenska ku\u0107a uskoro u Pljevljima<\/title>\n<meta name=\"robots\" content=\"index, follow, max-snippet:-1, max-image-preview:large, max-video-preview:-1\" \/>\n<link rel=\"canonical\" href=\"https:\/\/sandzakpress.net\/arhiva\/sigurna-zenska-kuca-uskoro-u-pljevljima\/\" \/>\n<meta property=\"og:locale\" content=\"bs_BA\" \/>\n<meta property=\"og:type\" content=\"article\" \/>\n<meta property=\"og:title\" content=\"Sigurna \u017eenska ku\u0107a uskoro u Pljevljima\" \/>\n<meta property=\"og:description\" content=\"Pljevlja &#8211; Na pitanje da li je u ovom trenutku u Pljevljima potreban ovakav vid prihvatili\u0161ta, ili se problemi ove vrste u porodici mogu rje\u0161avati i na drugi na\u010din, Sabina Talovi\u0107, izvr\u0161na direktorka Otvorenog centra \u201eBona Fide\u201c potvrdno odgovara. \u201eZaista je na\u0161a stvarna potreba raditi na otvaranju lokalnog servisa podr\u0161ke \u017ertvama nasilja u porodici i [&hellip;]\" \/>\n<meta property=\"og:url\" content=\"https:\/\/sandzakpress.net\/arhiva\/sigurna-zenska-kuca-uskoro-u-pljevljima\/\" \/>\n<meta property=\"og:site_name\" content=\"Sand\u017eak PRESS\" \/>\n<meta property=\"article:published_time\" content=\"2012-01-27T13:45:06+00:00\" \/>\n<meta property=\"og:image\" content=\"https:\/\/sandzakpress.net\/arhiva\/wp-content\/uploads\/2012\/01\/sigurna_kuca.jpg\" \/>\n\t<meta property=\"og:image:width\" content=\"400\" \/>\n\t<meta property=\"og:image:height\" content=\"300\" \/>\n\t<meta property=\"og:image:type\" content=\"image\/jpeg\" \/>\n<meta name=\"twitter:card\" content=\"summary_large_image\" \/>\n<meta name=\"twitter:label1\" content=\"Written by\" \/>\n\t<meta name=\"twitter:data1\" content=\"\" \/>\n\t<meta name=\"twitter:label2\" content=\"Est. reading time\" \/>\n\t<meta name=\"twitter:data2\" content=\"2 minute\" \/>\n<script type=\"application\/ld+json\" class=\"yoast-schema-graph\">{\"@context\":\"https:\/\/schema.org\",\"@graph\":[{\"@type\":\"Article\",\"@id\":\"https:\/\/sandzakpress.net\/arhiva\/sigurna-zenska-kuca-uskoro-u-pljevljima\/#article\",\"isPartOf\":{\"@id\":\"https:\/\/sandzakpress.net\/arhiva\/sigurna-zenska-kuca-uskoro-u-pljevljima\/\"},\"author\":{\"name\":\"\",\"@id\":\"\"},\"headline\":\"Sigurna \u017eenska ku\u0107a uskoro u Pljevljima\",\"datePublished\":\"2012-01-27T13:45:06+00:00\",\"mainEntityOfPage\":{\"@id\":\"https:\/\/sandzakpress.net\/arhiva\/sigurna-zenska-kuca-uskoro-u-pljevljima\/\"},\"wordCount\":335,\"commentCount\":0,\"publisher\":{\"@id\":\"https:\/\/sandzakpress.net\/arhiva\/#\/schema\/person\/6e72b67d6e51910a1117b3b483ba20bd\"},\"image\":{\"@id\":\"https:\/\/sandzakpress.net\/arhiva\/sigurna-zenska-kuca-uskoro-u-pljevljima\/#primaryimage\"},\"thumbnailUrl\":\"https:\/\/sandzakpress.net\/arhiva\/wp-content\/uploads\/2012\/01\/sigurna_kuca.jpg\",\"articleSection\":[\"Pljevlja\",\"Dru\u0161tvo\"],\"inLanguage\":\"bs-BA\",\"potentialAction\":[{\"@type\":\"CommentAction\",\"name\":\"Comment\",\"target\":[\"https:\/\/sandzakpress.net\/arhiva\/sigurna-zenska-kuca-uskoro-u-pljevljima\/#respond\"]}]},{\"@type\":\"WebPage\",\"@id\":\"https:\/\/sandzakpress.net\/arhiva\/sigurna-zenska-kuca-uskoro-u-pljevljima\/\",\"url\":\"https:\/\/sandzakpress.net\/arhiva\/sigurna-zenska-kuca-uskoro-u-pljevljima\/\",\"name\":\"Sigurna \u017eenska ku\u0107a uskoro u Pljevljima\",\"isPartOf\":{\"@id\":\"https:\/\/sandzakpress.net\/arhiva\/#website\"},\"primaryImageOfPage\":{\"@id\":\"https:\/\/sandzakpress.net\/arhiva\/sigurna-zenska-kuca-uskoro-u-pljevljima\/#primaryimage\"},\"image\":{\"@id\":\"https:\/\/sandzakpress.net\/arhiva\/sigurna-zenska-kuca-uskoro-u-pljevljima\/#primaryimage\"},\"thumbnailUrl\":\"https:\/\/sandzakpress.net\/arhiva\/wp-content\/uploads\/2012\/01\/sigurna_kuca.jpg\",\"datePublished\":\"2012-01-27T13:45:06+00:00\",\"breadcrumb\":{\"@id\":\"https:\/\/sandzakpress.net\/arhiva\/sigurna-zenska-kuca-uskoro-u-pljevljima\/#breadcrumb\"},\"inLanguage\":\"bs-BA\",\"potentialAction\":[{\"@type\":\"ReadAction\",\"target\":[\"https:\/\/sandzakpress.net\/arhiva\/sigurna-zenska-kuca-uskoro-u-pljevljima\/\"]}]},{\"@type\":\"ImageObject\",\"inLanguage\":\"bs-BA\",\"@id\":\"https:\/\/sandzakpress.net\/arhiva\/sigurna-zenska-kuca-uskoro-u-pljevljima\/#primaryimage\",\"url\":\"https:\/\/sandzakpress.net\/arhiva\/wp-content\/uploads\/2012\/01\/sigurna_kuca.jpg\",\"contentUrl\":\"https:\/\/sandzakpress.net\/arhiva\/wp-content\/uploads\/2012\/01\/sigurna_kuca.jpg\",\"width\":400,\"height\":300},{\"@type\":\"BreadcrumbList\",\"@id\":\"https:\/\/sandzakpress.net\/arhiva\/sigurna-zenska-kuca-uskoro-u-pljevljima\/#breadcrumb\",\"itemListElement\":[{\"@type\":\"ListItem\",\"position\":1,\"name\":\"Home\",\"item\":\"https:\/\/sandzakpress.net\/arhiva\/\"},{\"@type\":\"ListItem\",\"position\":2,\"name\":\"Sigurna \u017eenska ku\u0107a uskoro u Pljevljima\"}]},{\"@type\":\"WebSite\",\"@id\":\"https:\/\/sandzakpress.net\/arhiva\/#website\",\"url\":\"https:\/\/sandzakpress.net\/arhiva\/\",\"name\":\"Sand\u017eak PRESS\",\"description\":\"Prve elektronske novine u Sand\u017eaku\",\"publisher\":{\"@id\":\"https:\/\/sandzakpress.net\/arhiva\/#\/schema\/person\/6e72b67d6e51910a1117b3b483ba20bd\"},\"potentialAction\":[{\"@type\":\"SearchAction\",\"target\":{\"@type\":\"EntryPoint\",\"urlTemplate\":\"https:\/\/sandzakpress.net\/arhiva\/?s={search_term_string}\"},\"query-input\":{\"@type\":\"PropertyValueSpecification\",\"valueRequired\":true,\"valueName\":\"search_term_string\"}}],\"inLanguage\":\"bs-BA\"},{\"@type\":[\"Person\",\"Organization\"],\"@id\":\"https:\/\/sandzakpress.net\/arhiva\/#\/schema\/person\/6e72b67d6e51910a1117b3b483ba20bd\",\"name\":\"Kul\",\"image\":{\"@type\":\"ImageObject\",\"inLanguage\":\"bs-BA\",\"@id\":\"https:\/\/sandzakpress.net\/arhiva\/#\/schema\/person\/image\/\",\"url\":\"https:\/\/secure.gravatar.com\/avatar\/42263f39aa27ac04c43cab85c280eb2e?s=96&d=mm&r=pg\",\"contentUrl\":\"https:\/\/secure.gravatar.com\/avatar\/42263f39aa27ac04c43cab85c280eb2e?s=96&d=mm&r=pg\",\"caption\":\"Kul\"},\"logo\":{\"@id\":\"https:\/\/sandzakpress.net\/arhiva\/#\/schema\/person\/image\/\"}},{\"@type\":\"Person\",\"@id\":\"\",\"url\":\"https:\/\/sandzakpress.net\/arhiva\/author\/\"}]}<\/script>\n<!-- \/ Yoast SEO Premium plugin. -->","yoast_head_json":{"title":"Sigurna \u017eenska ku\u0107a uskoro u Pljevljima","robots":{"index":"index","follow":"follow","max-snippet":"max-snippet:-1","max-image-preview":"max-image-preview:large","max-video-preview":"max-video-preview:-1"},"canonical":"https:\/\/sandzakpress.net\/arhiva\/sigurna-zenska-kuca-uskoro-u-pljevljima\/","og_locale":"bs_BA","og_type":"article","og_title":"Sigurna \u017eenska ku\u0107a uskoro u Pljevljima","og_description":"Pljevlja &#8211; Na pitanje da li je u ovom trenutku u Pljevljima potreban ovakav vid prihvatili\u0161ta, ili se problemi ove vrste u porodici mogu rje\u0161avati i na drugi na\u010din, Sabina Talovi\u0107, izvr\u0161na direktorka Otvorenog centra \u201eBona Fide\u201c potvrdno odgovara. \u201eZaista je na\u0161a stvarna potreba raditi na otvaranju lokalnog servisa podr\u0161ke \u017ertvama nasilja u porodici i [&hellip;]","og_url":"https:\/\/sandzakpress.net\/arhiva\/sigurna-zenska-kuca-uskoro-u-pljevljima\/","og_site_name":"Sand\u017eak PRESS","article_published_time":"2012-01-27T13:45:06+00:00","og_image":[{"width":400,"height":300,"url":"https:\/\/sandzakpress.net\/arhiva\/wp-content\/uploads\/2012\/01\/sigurna_kuca.jpg","type":"image\/jpeg"}],"twitter_card":"summary_large_image","twitter_misc":{"Written by":"","Est. reading time":"2 minute"},"schema":{"@context":"https:\/\/schema.org","@graph":[{"@type":"Article","@id":"https:\/\/sandzakpress.net\/arhiva\/sigurna-zenska-kuca-uskoro-u-pljevljima\/#article","isPartOf":{"@id":"https:\/\/sandzakpress.net\/arhiva\/sigurna-zenska-kuca-uskoro-u-pljevljima\/"},"author":{"name":"","@id":""},"headline":"Sigurna \u017eenska ku\u0107a uskoro u Pljevljima","datePublished":"2012-01-27T13:45:06+00:00","mainEntityOfPage":{"@id":"https:\/\/sandzakpress.net\/arhiva\/sigurna-zenska-kuca-uskoro-u-pljevljima\/"},"wordCount":335,"commentCount":0,"publisher":{"@id":"https:\/\/sandzakpress.net\/arhiva\/#\/schema\/person\/6e72b67d6e51910a1117b3b483ba20bd"},"image":{"@id":"https:\/\/sandzakpress.net\/arhiva\/sigurna-zenska-kuca-uskoro-u-pljevljima\/#primaryimage"},"thumbnailUrl":"https:\/\/sandzakpress.net\/arhiva\/wp-content\/uploads\/2012\/01\/sigurna_kuca.jpg","articleSection":["Pljevlja","Dru\u0161tvo"],"inLanguage":"bs-BA","potentialAction":[{"@type":"CommentAction","name":"Comment","target":["https:\/\/sandzakpress.net\/arhiva\/sigurna-zenska-kuca-uskoro-u-pljevljima\/#respond"]}]},{"@type":"WebPage","@id":"https:\/\/sandzakpress.net\/arhiva\/sigurna-zenska-kuca-uskoro-u-pljevljima\/","url":"https:\/\/sandzakpress.net\/arhiva\/sigurna-zenska-kuca-uskoro-u-pljevljima\/","name":"Sigurna \u017eenska ku\u0107a uskoro u Pljevljima","isPartOf":{"@id":"https:\/\/sandzakpress.net\/arhiva\/#website"},"primaryImageOfPage":{"@id":"https:\/\/sandzakpress.net\/arhiva\/sigurna-zenska-kuca-uskoro-u-pljevljima\/#primaryimage"},"image":{"@id":"https:\/\/sandzakpress.net\/arhiva\/sigurna-zenska-kuca-uskoro-u-pljevljima\/#primaryimage"},"thumbnailUrl":"https:\/\/sandzakpress.net\/arhiva\/wp-content\/uploads\/2012\/01\/sigurna_kuca.jpg","datePublished":"2012-01-27T13:45:06+00:00","breadcrumb":{"@id":"https:\/\/sandzakpress.net\/arhiva\/sigurna-zenska-kuca-uskoro-u-pljevljima\/#breadcrumb"},"inLanguage":"bs-BA","potentialAction":[{"@type":"ReadAction","target":["https:\/\/sandzakpress.net\/arhiva\/sigurna-zenska-kuca-uskoro-u-pljevljima\/"]}]},{"@type":"ImageObject","inLanguage":"bs-BA","@id":"https:\/\/sandzakpress.net\/arhiva\/sigurna-zenska-kuca-uskoro-u-pljevljima\/#primaryimage","url":"https:\/\/sandzakpress.net\/arhiva\/wp-content\/uploads\/2012\/01\/sigurna_kuca.jpg","contentUrl":"https:\/\/sandzakpress.net\/arhiva\/wp-content\/uploads\/2012\/01\/sigurna_kuca.jpg","width":400,"height":300},{"@type":"BreadcrumbList","@id":"https:\/\/sandzakpress.net\/arhiva\/sigurna-zenska-kuca-uskoro-u-pljevljima\/#breadcrumb","itemListElement":[{"@type":"ListItem","position":1,"name":"Home","item":"https:\/\/sandzakpress.net\/arhiva\/"},{"@type":"ListItem","position":2,"name":"Sigurna \u017eenska ku\u0107a uskoro u Pljevljima"}]},{"@type":"WebSite","@id":"https:\/\/sandzakpress.net\/arhiva\/#website","url":"https:\/\/sandzakpress.net\/arhiva\/","name":"Sand\u017eak PRESS","description":"Prve elektronske novine u Sand\u017eaku","publisher":{"@id":"https:\/\/sandzakpress.net\/arhiva\/#\/schema\/person\/6e72b67d6e51910a1117b3b483ba20bd"},"potentialAction":[{"@type":"SearchAction","target":{"@type":"EntryPoint","urlTemplate":"https:\/\/sandzakpress.net\/arhiva\/?s={search_term_string}"},"query-input":{"@type":"PropertyValueSpecification","valueRequired":true,"valueName":"search_term_string"}}],"inLanguage":"bs-BA"},{"@type":["Person","Organization"],"@id":"https:\/\/sandzakpress.net\/arhiva\/#\/schema\/person\/6e72b67d6e51910a1117b3b483ba20bd","name":"Kul","image":{"@type":"ImageObject","inLanguage":"bs-BA","@id":"https:\/\/sandzakpress.net\/arhiva\/#\/schema\/person\/image\/","url":"https:\/\/secure.gravatar.com\/avatar\/42263f39aa27ac04c43cab85c280eb2e?s=96&d=mm&r=pg","contentUrl":"https:\/\/secure.gravatar.com\/avatar\/42263f39aa27ac04c43cab85c280eb2e?s=96&d=mm&r=pg","caption":"Kul"},"logo":{"@id":"https:\/\/sandzakpress.net\/arhiva\/#\/schema\/person\/image\/"}},{"@type":"Person","@id":"","url":"https:\/\/sandzakpress.net\/arhiva\/author\/"}]}},"_links":{"self":[{"href":"https:\/\/sandzakpress.net\/arhiva\/wp-json\/wp\/v2\/posts\/29723"}],"collection":[{"href":"https:\/\/sandzakpress.net\/arhiva\/wp-json\/wp\/v2\/posts"}],"about":[{"href":"https:\/\/sandzakpress.net\/arhiva\/wp-json\/wp\/v2\/types\/post"}],"author":[{"embeddable":true,"href":"https:\/\/sandzakpress.net\/arhiva\/wp-json\/wp\/v2\/users\/13"}],"replies":[{"embeddable":true,"href":"https:\/\/sandzakpress.net\/arhiva\/wp-json\/wp\/v2\/comments?post=29723"}],"version-history":[{"count":0,"href":"https:\/\/sandzakpress.net\/arhiva\/wp-json\/wp\/v2\/posts\/29723\/revisions"}],"wp:featuredmedia":[{"embeddable":true,"href":"https:\/\/sandzakpress.net\/arhiva\/wp-json\/wp\/v2\/media\/29724"}],"wp:attachment":[{"href":"https:\/\/sandzakpress.net\/arhiva\/wp-json\/wp\/v2\/media?parent=29723"}],"wp:term":[{"taxonomy":"category","embeddable":true,"href":"https:\/\/sandzakpress.net\/arhiva\/wp-json\/wp\/v2\/categories?post=29723"},{"taxonomy":"post_tag","embeddable":true,"href":"https:\/\/sandzakpress.net\/arhiva\/wp-json\/wp\/v2\/tags?post=29723"}],"curies":[{"name":"wp","href":"https:\/\/api.w.org\/{rel}","templated":true}]}}